{"id":85624,"date":"2020-07-07T09:52:15","date_gmt":"2020-07-07T14:52:15","guid":{"rendered":"https:\/\/www.uv.mx\/prensa\/?p=85624"},"modified":"2020-07-08T11:23:27","modified_gmt":"2020-07-08T16:23:27","slug":"investigador-uv-colaboro-en-articulo-sobre-polinizacion-de-bromelias","status":"publish","type":"post","link":"https:\/\/www.uv.mx\/prensa\/ciencia\/investigador-uv-colaboro-en-articulo-sobre-polinizacion-de-bromelias\/","title":{"rendered":"Investigador UV colabor\u00f3 en art\u00edculo sobre polinizaci\u00f3n de bromelias"},"content":{"rendered":"<style type=\"text\/css\">\n  blockquote p { color: #28519b; font-family: helvetica; font-size: 1.4em; }<br \/><\/style>\n<ul>\n<li data-leveltext=\"\uf0b7\" data-font=\"Symbol\" data-listid=\"1\" data-aria-posinset=\"1\" data-aria-level=\"1\"><i><span data-contrast=\"auto\">El estudio<\/span><\/i><i><span data-contrast=\"auto\"> fue publicado en<\/span><\/i><i><span data-contrast=\"auto\"> el <\/span><\/i><span data-contrast=\"auto\">Botanical<\/span> <span data-contrast=\"auto\">Journal<\/span><span data-contrast=\"auto\"> of <\/span><span data-contrast=\"auto\">the<\/span> <span data-contrast=\"auto\">Linnean<\/span> <span data-contrast=\"auto\">Society<\/span><span data-ccp-props=\"{&quot;134233279&quot;:true,&quot;201341983&quot;:0,&quot;335559739&quot;:160,&quot;335559740&quot;:240}\">\u00a0<\/span><\/li>\n<\/ul>\n<div id=\"attachment_85625\" style=\"width: 732px\" class=\"wp-caption aligncenter\"><a href=\"https:\/\/www.uv.mx\/prensa\/files\/2020\/07\/010720-PAOLA-Polinizacion-2A-100k.jpg\"><img loading=\"lazy\" decoding=\"async\" aria-describedby=\"caption-attachment-85625\" class=\"size-full wp-image-85625\" src=\"https:\/\/www.uv.mx\/prensa\/files\/2020\/07\/010720-PAOLA-Polinizacion-2A-100k.jpg\" alt=\"Tillandsia leiboldiana con ornitofilia \" width=\"722\" height=\"481\" srcset=\"https:\/\/www.uv.mx\/prensa\/files\/2020\/07\/010720-PAOLA-Polinizacion-2A-100k.jpg 722w, https:\/\/www.uv.mx\/prensa\/files\/2020\/07\/010720-PAOLA-Polinizacion-2A-100k-300x200.jpg 300w\" sizes=\"auto, (max-width: 722px) 100vw, 722px\" \/><\/a><p id=\"caption-attachment-85625\" class=\"wp-caption-text\"><em>Tillandsia leiboldiana con ornitofilia<\/em><\/p><\/div>\n<p><b><i><span data-contrast=\"auto\">Paola Cort\u00e9s P\u00e9rez<\/span><\/i><\/b><span data-ccp-props=\"{&quot;201341983&quot;:0,&quot;335559739&quot;:160,&quot;335559740&quot;:240}\">\u00a0<\/span><\/p>\n<p><b><i><span data-contrast=\"auto\">0<\/span><\/i><\/b><b><i><span data-contrast=\"auto\">7<\/span><\/i><\/b><b><i><span data-contrast=\"auto\">\/07\/2<\/span><\/i><\/b><b><i><span data-contrast=\"auto\">020, Xalapa, <\/span><\/i><\/b><b><i><span data-contrast=\"auto\">Ver.-<\/span><\/i><\/b><span data-contrast=\"auto\"> Investigadores del<a href=\"https:\/\/www.uv.mx\/citro\/\" target=\"_blank\" rel=\"noopener noreferrer\"> Centro de Investigaciones Tropicales<\/a> (<\/span><i><span data-contrast=\"auto\">Citro<\/span><\/i><span data-contrast=\"auto\">) de la Universidad Veracruzana <\/span><span data-contrast=\"auto\">(UV) <\/span><span data-contrast=\"auto\">y de la Universidad de Bonn, en Alemania, <\/span><span data-contrast=\"auto\">as\u00ed como<\/span><span data-contrast=\"auto\"> el curador cient\u00edfico del Jard\u00edn Bot\u00e1nico de la Universidad de Z\u00farich, Suiza, publicaron un art\u00edculo sobre <\/span><span data-contrast=\"auto\">la polinizaci\u00f3n de <\/span><span data-contrast=\"auto\">bromelias<\/span><span data-contrast=\"auto\"> por colibr\u00edes<\/span><span data-contrast=\"auto\"> en la <\/span><span data-contrast=\"auto\">revista internacional indexada <\/span><i><span data-contrast=\"auto\">Botanical<\/span><\/i> <i><span data-contrast=\"auto\">Journal<\/span><\/i> <i><span data-contrast=\"auto\">of<\/span><\/i> <i><span data-contrast=\"auto\">the<\/span><\/i> <i><span data-contrast=\"auto\">Linnean<\/span><\/i> <i><span data-contrast=\"auto\">Society<\/span><\/i><span data-contrast=\"auto\">.<\/span><span data-ccp-props=\"{&quot;201341983&quot;:0,&quot;335559739&quot;:160,&quot;335559740&quot;:240}\">\u00a0<\/span><\/p>\n<p><span data-contrast=\"auto\">Thorsten<\/span> <span data-contrast=\"auto\">Kr\u00f6mer<\/span><span data-contrast=\"auto\">, del <\/span><i><span data-contrast=\"auto\">Citro<\/span><\/i><span data-contrast=\"auto\">-UV; Stefan <\/span><span data-contrast=\"auto\">Abrahamczyk<\/span><span data-contrast=\"auto\">, de la Universidad de Bonn, y Michael <\/span><span data-contrast=\"auto\">Kessler<\/span><span data-contrast=\"auto\">, del Jard\u00edn Bot\u00e1nic<\/span><span data-contrast=\"auto\">o de la Universidad Z\u00farich,<\/span><span data-contrast=\"auto\"> son egresados de la Universidad de <\/span><span data-contrast=\"auto\">G\u00f6ttingen<\/span><span data-contrast=\"auto\">, en Alemania, se conocen desde hace m\u00e1s de 15 a\u00f1os y comparten el inter\u00e9s en el estudio de la biolog\u00eda floral de plantas tropicales, sobre todo de las <\/span><span data-contrast=\"auto\">bromelias<\/span><span data-contrast=\"auto\">, <\/span><span data-contrast=\"auto\">adem\u00e1s <\/span><span data-contrast=\"auto\">han publicado varios art\u00edculos cient\u00edficos<\/span><span data-contrast=\"auto\"> en esta tem\u00e1tica<\/span><span data-contrast=\"auto\">, pero nunca los tres en conjunto.<\/span><span data-ccp-props=\"{&quot;201341983&quot;:0,&quot;335559731&quot;:708,&quot;335559739&quot;:160,&quot;335559740&quot;:240}\">\u00a0<\/span><\/p>\n<p><span data-contrast=\"auto\">Thorsten<\/span> <span data-contrast=\"auto\">Kr\u00f6mer<\/span><span data-contrast=\"auto\"> mencion\u00f3 que el art\u00edculo \u201c<\/span><span data-contrast=\"auto\">The<\/span><span data-contrast=\"auto\"> role <\/span><span data-contrast=\"auto\">of<\/span> <span data-contrast=\"auto\">hummingbirds<\/span> <span data-contrast=\"auto\">in <\/span><span data-contrast=\"auto\">the<\/span> <span data-contrast=\"auto\">evolution<\/span><span data-contrast=\"auto\"> and <\/span><span data-contrast=\"auto\">diversification<\/span> <span data-contrast=\"auto\">of<\/span> <i><span data-contrast=\"auto\">Bromeliaceae<\/span><\/i><span data-contrast=\"auto\">: <\/span><span data-contrast=\"auto\">unsupported<\/span> <span data-contrast=\"auto\">claims<\/span><span data-contrast=\"auto\"> and <\/span><span data-contrast=\"auto\">untested<\/span> <span data-contrast=\"auto\">hypotheses<\/span><span data-contrast=\"auto\">\u201d<\/span> <span data-contrast=\"auto\">sali\u00f3<\/span><span data-contrast=\"auto\"> en abril pasado como <\/span><i><span data-contrast=\"auto\">invited<\/span><\/i> <i><span data-contrast=\"auto\">review<\/span><\/i><span data-contrast=\"auto\"> en el n\u00famero especial \u201c<\/span><span data-contrast=\"auto\">Bromeliacea<\/span><span data-contrast=\"auto\">e<\/span><span data-contrast=\"auto\"> as a <\/span><span data-contrast=\"auto\">model<\/span> <span data-contrast=\"auto\">group<\/span><span data-contrast=\"auto\"> in <\/span><span data-contrast=\"auto\">understanding<\/span> <span data-contrast=\"auto\">the<\/span> <span data-contrast=\"auto\">evolution<\/span> <span data-contrast=\"auto\">of<\/span> <span data-contrast=\"auto\">Neotropical<\/span><span data-contrast=\"auto\"> biota\u201d de la revista.<\/span><span data-ccp-props=\"{&quot;201341983&quot;:0,&quot;335559731&quot;:708,&quot;335559739&quot;:160,&quot;335559740&quot;:240}\">\u00a0<\/span><\/p>\n<p><span data-contrast=\"auto\">E<\/span><span data-contrast=\"auto\">l <\/span><span data-contrast=\"auto\">n\u00famero especial inclu<\/span><span data-contrast=\"auto\">y\u00f3 <\/span><span data-contrast=\"auto\">m\u00e1s de 20 art\u00edculos relacionados con diferentes aspectos biol\u00f3gicos de la familia <\/span><i><span data-contrast=\"auto\">Bromeliaceae<\/span><\/i> <span data-contrast=\"auto\">(<\/span><span data-contrast=\"auto\">de acceso libre en <\/span><a href=\"https:\/\/academic.oup.com\/botlinnean\/issue\/192\/4\"><span data-contrast=\"none\">https:\/\/academic.oup.com\/botlinnean\/issue<\/span><span data-contrast=\"none\">\/<\/span><span data-contrast=\"none\">192\/4<\/span><\/a><span data-contrast=\"auto\">),<\/span><span data-contrast=\"auto\"> cuyos resultados fueron presentados<\/span><span data-contrast=\"auto\"> parcialmente<\/span><span data-contrast=\"auto\"> en 2018 durante el 2nd <\/span><span data-contrast=\"auto\">World<\/span> <span data-contrast=\"auto\">Congress<\/span><span data-contrast=\"auto\"> of <\/span><span data-contrast=\"auto\">Bromeliaceae<\/span> <span data-contrast=\"auto\">Evolution<\/span><span data-contrast=\"auto\">&#8211;<\/span><span data-contrast=\"auto\">BromEvo<\/span><span data-contrast=\"auto\"> II<\/span><span data-contrast=\"auto\">, en <\/span><span data-contrast=\"auto\">Natal, Bra<\/span><span data-contrast=\"auto\">s<\/span><span data-contrast=\"auto\">il<\/span><span data-contrast=\"auto\">.<\/span><\/p>\n<div id=\"attachment_85632\" style=\"width: 546px\" class=\"wp-caption aligncenter\"><a href=\"https:\/\/www.uv.mx\/prensa\/files\/2020\/07\/010720-PAOLA-Polinizacion-2B-1.jpg\"><img loading=\"lazy\" decoding=\"async\" aria-describedby=\"caption-attachment-85632\" class=\"size-full wp-image-85632\" src=\"https:\/\/www.uv.mx\/prensa\/files\/2020\/07\/010720-PAOLA-Polinizacion-2B-1.jpg\" alt=\"\" width=\"536\" height=\"722\" srcset=\"https:\/\/www.uv.mx\/prensa\/files\/2020\/07\/010720-PAOLA-Polinizacion-2B-1.jpg 536w, https:\/\/www.uv.mx\/prensa\/files\/2020\/07\/010720-PAOLA-Polinizacion-2B-1-223x300.jpg 223w\" sizes=\"auto, (max-width: 536px) 100vw, 536px\" \/><\/a><p id=\"caption-attachment-85632\" class=\"wp-caption-text\"><em>Tillandsia viridiflora con quiropterofilia<\/em><\/p><\/div>\n<p><span data-contrast=\"auto\">El investigador del <\/span><i><span data-contrast=\"auto\">Citro<\/span><\/i><span data-contrast=\"auto\"> destac\u00f3 que M\u00e9xico alberga 422 especies de <\/span><span data-contrast=\"auto\">bromelias<\/span><span data-contrast=\"auto\">, de las cuales el 75 por ciento son end\u00e9micas del pa\u00eds, es decir, que tienen un \u00e1rea de distribuci\u00f3n limitada.<\/span> <span data-contrast=\"auto\">Muchas de estas especies habitan en los bosques <\/span><span data-contrast=\"auto\">mes\u00f3filos<\/span><span data-contrast=\"auto\"> de monta\u00f1a y <\/span><span data-contrast=\"auto\">selvas tropicales, <\/span><span data-contrast=\"auto\">que son amenazado<\/span><span data-contrast=\"auto\">s por la fragmentaci\u00f3n y el cambio del uso de suelo.<\/span><span data-ccp-props=\"{&quot;201341983&quot;:0,&quot;335559731&quot;:708,&quot;335559739&quot;:160,&quot;335559740&quot;:240}\">\u00a0<\/span><\/p>\n<p><span data-contrast=\"auto\">A nivel mundial l<\/span><span data-contrast=\"auto\">a familia de plantas herb\u00e1ceas <\/span><i><span data-contrast=\"auto\">Bromeliaceae<\/span><\/i><span data-contrast=\"auto\"> cuenta con cerca de tres mil 600 especies, de las cuales m\u00e1s de<\/span><span data-contrast=\"auto\"> la mitad son de h\u00e1bito ep\u00edfito;<\/span><span data-contrast=\"auto\"> es decir, crecen sobre otras plantas, principalmente en el dosel de los \u00e1rboles.<\/span><span data-ccp-props=\"{&quot;201341983&quot;:0,&quot;335559731&quot;:708,&quot;335559739&quot;:160,&quot;335559740&quot;:240}\">\u00a0<\/span><\/p>\n<p><span data-contrast=\"auto\">Explic\u00f3 <\/span><span data-contrast=\"auto\">tambi\u00e9n <\/span><span data-contrast=\"auto\">que las <\/span><span data-contrast=\"auto\">bromelias<\/span><span data-contrast=\"auto\"> suele<\/span><span data-contrast=\"auto\">n<\/span><span data-contrast=\"auto\"> ser principalmente polinizadas por vertebrados m\u00e1s que por insectos<\/span> <span data-contrast=\"auto\">y al menos la mitad de todas las especies <\/span><span data-contrast=\"auto\">son visitadas por<\/span><span data-contrast=\"auto\"> colibr\u00edes (familia <\/span><i><span data-contrast=\"auto\">Trochilidae<\/span><\/i><span data-contrast=\"auto\"> con m\u00e1s de 300 especies).<\/span><\/p>\n<div id=\"attachment_85627\" style=\"width: 732px\" class=\"wp-caption aligncenter\"><a href=\"https:\/\/www.uv.mx\/prensa\/files\/2020\/07\/010720-PAOLA-Polinizacion-3-100k.jpg\"><img loading=\"lazy\" decoding=\"async\" aria-describedby=\"caption-attachment-85627\" class=\"size-full wp-image-85627\" src=\"https:\/\/www.uv.mx\/prensa\/files\/2020\/07\/010720-PAOLA-Polinizacion-3-100k.jpg\" alt=\"Thorsten Kr\u00f6mer, del Centro de Investigaciones Tropicales de la UV \" width=\"722\" height=\"481\" srcset=\"https:\/\/www.uv.mx\/prensa\/files\/2020\/07\/010720-PAOLA-Polinizacion-3-100k.jpg 722w, https:\/\/www.uv.mx\/prensa\/files\/2020\/07\/010720-PAOLA-Polinizacion-3-100k-300x200.jpg 300w\" sizes=\"auto, (max-width: 722px) 100vw, 722px\" \/><\/a><p id=\"caption-attachment-85627\" class=\"wp-caption-text\">Thorsten Kr\u00f6mer, del Centro de Investigaciones Tropicales de la UV<\/p><\/div>\n<p><span data-contrast=\"auto\">Enfatiz\u00f3 que las <\/span><span data-contrast=\"auto\">bromelias<\/span><span data-contrast=\"auto\"> y los colibr\u00edes se distribuyen exclusivamente en el <\/span><span data-contrast=\"auto\">Neotr\u00f3pico<\/span><span data-contrast=\"auto\">, esto <\/span><span data-contrast=\"auto\">promovi\u00f3<\/span><span data-contrast=\"auto\"> una <\/span><span data-contrast=\"auto\">coadaptaci\u00f3n<\/span><span data-contrast=\"auto\"> entre especies <\/span><span data-contrast=\"auto\">de ambas familias<\/span><span data-contrast=\"auto\"> y su interacci\u00f3n es importante para la reproducci\u00f3n y la variabilidad gen\u00e9tica de dichas plantas.<\/span><span data-ccp-props=\"{&quot;201341983&quot;:0,&quot;335559731&quot;:708,&quot;335559739&quot;:160,&quot;335559740&quot;:240}\">\u00a0<\/span><\/p>\n<p><span data-contrast=\"auto\">\u201cPara comprender esta relaci\u00f3n es <\/span><span data-contrast=\"auto\">necesario<\/span><span data-contrast=\"auto\"> estudiar la fenolog\u00eda de las <\/span><span data-contrast=\"auto\">bromelias<\/span><span data-contrast=\"auto\">, sus caracter\u00edsticas y visitantes florales<\/span><span data-contrast=\"auto\">.<\/span> <span data-contrast=\"auto\">D<\/span><span data-contrast=\"auto\">ado que para la gran mayor\u00eda de especies no existe<\/span><span data-contrast=\"auto\">n<\/span><span data-contrast=\"auto\"> estudios de los polinizadores, <\/span><span data-contrast=\"auto\">\u00e9<\/span><span data-contrast=\"auto\">stos <\/span><span data-contrast=\"auto\">se pueden inferir en relaci\u00f3n con los s\u00edndromes de polinizaci\u00f3n<\/span><span data-contrast=\"auto\">;<\/span><span data-contrast=\"auto\"> es decir, las caracter\u00edsticas <\/span><span data-contrast=\"auto\">florales que se asocian al animal polinizador.\u201d<\/span><span data-ccp-props=\"{&quot;201341983&quot;:0,&quot;335559731&quot;:708,&quot;335559739&quot;:160,&quot;335559740&quot;:240}\">\u00a0<\/span><\/p>\n<p><span data-contrast=\"auto\">Por ejemplo, indic\u00f3, <\/span><span data-contrast=\"auto\">las flores polinizadas por aves (ornitofilia) suelen tener una forma tubular, de color <\/span><span data-contrast=\"auto\">rojo, <\/span><span data-contrast=\"auto\">naranja o lila, n\u00e9ctar abundante <\/span><span data-contrast=\"auto\">y floraci\u00f3n diurn<\/span><span data-contrast=\"auto\">a<\/span><span data-contrast=\"auto\">; mientras que flores polinizadas por murci\u00e9lagos (<\/span><span data-contrast=\"auto\">quiropterofilia<\/span><span data-contrast=\"auto\">)<\/span><span data-contrast=\"auto\"> son nocturnas y suelen tener corolas robustas en forma d<\/span><span data-contrast=\"auto\">e<\/span><span data-contrast=\"auto\"> cepillo o copa, de color blanco o crema, con abundante<\/span><span data-contrast=\"auto\">s<\/span><span data-contrast=\"auto\"> recompensas energ\u00e9ticas, ya sea n\u00e9ctar o polen.<\/span><span data-ccp-props=\"{&quot;201341983&quot;:0,&quot;335559731&quot;:708,&quot;335559739&quot;:160,&quot;335559740&quot;:240}\">\u00a0<\/span><\/p>\n<p><span data-contrast=\"auto\">No cabe duda de que<\/span> <span data-contrast=\"auto\">la polinizaci\u00f3n por colibr\u00edes ha jugado <\/span><span data-contrast=\"auto\">un papel <\/span><span data-contrast=\"auto\">importante en el aumento de las tasas de diversificaci\u00f3n de <\/span><span data-contrast=\"auto\">bromelias<\/span><span data-contrast=\"auto\">; sin embargo, <\/span><span data-contrast=\"auto\">a\u00fan no es claro c\u00f3mo se da este mecanismo y cu\u00e1les son los diferentes factores que trabajan en el proceso <\/span><span data-contrast=\"auto\">de diversificaci\u00f3n<\/span><span data-contrast=\"auto\">,<\/span> <span data-contrast=\"auto\">de ah\u00ed la importancia del estudio y su publicaci\u00f3n<\/span><span data-contrast=\"auto\">.<\/span><span data-ccp-props=\"{&quot;201341983&quot;:0,&quot;335559731&quot;:708,&quot;335559739&quot;:160,&quot;335559740&quot;:240}\">\u00a0<\/span><\/p>\n<blockquote><p><span data-contrast=\"auto\">\u201cEl presente estudio, con base a una exhaustiva revisi\u00f3n de literatura y datos propios de los autores, propone que existen cuatro razones principales <\/span><span data-contrast=\"auto\">que pueden aumentar las tasas de diversificaci\u00f3n de las <\/span><span data-contrast=\"auto\">bromelias<\/span><span data-contrast=\"auto\"> polinizadas por colibr\u00edes.\u201d<\/span><span data-ccp-props=\"{&quot;201341983&quot;:0,&quot;335559731&quot;:708,&quot;335559739&quot;:160,&quot;335559740&quot;:240}\">\u00a0<\/span><\/p><\/blockquote>\n<p><span data-contrast=\"auto\">Estas cuatro razones<\/span><span data-contrast=\"auto\"> son: <\/span><span data-contrast=\"auto\">l<\/span><span data-contrast=\"auto\">as <\/span><span data-contrast=\"auto\">bromelias<\/span><span data-contrast=\"auto\"> cambian con el tiempo para adaptarse <\/span><span data-contrast=\"auto\">mejor a los diferentes colibr\u00edes <\/span><span data-contrast=\"auto\">que las est\u00e1n polinizando<\/span><span data-contrast=\"auto\"> (<\/span><i><span data-contrast=\"auto\">Pollinator<\/span><\/i> <i><span data-contrast=\"auto\">specialization<\/span><\/i><span data-contrast=\"auto\">)<\/span><span data-contrast=\"auto\">,<\/span><span data-contrast=\"auto\"> lo que lleva a la formaci\u00f3n de nuevas especies<\/span><span data-contrast=\"auto\">.<\/span><span data-ccp-props=\"{&quot;201341983&quot;:0,&quot;335559731&quot;:708,&quot;335559739&quot;:160,&quot;335559740&quot;:240}\">\u00a0<\/span><\/p>\n<p><span data-contrast=\"auto\">S<\/span><span data-contrast=\"auto\">i la poblaci\u00f3n de una especie de <\/span><span data-contrast=\"auto\">bromelias<\/span><span data-contrast=\"auto\"> polinizadas por colibr\u00edes se divide <\/span><span data-contrast=\"auto\">geogr\u00e1ficamente<\/span> <span data-contrast=\"auto\">y se a\u00edsla, estos dos grupos divergir\u00e1n m\u00e1s r\u00e1pidamente <\/span><span data-contrast=\"auto\">en especies diferentes, debido a la menor eficiencia de la transferencia de polen a mayor distancia (<\/span><i><span data-contrast=\"auto\">Pollen<\/span><\/i> <i><span data-contrast=\"auto\">transport<\/span><\/i> <i><span data-contrast=\"auto\">distance<\/span><\/i><span data-contrast=\"auto\">).<\/span><span data-ccp-props=\"{&quot;201341983&quot;:0,&quot;335559731&quot;:708,&quot;335559739&quot;:160,&quot;335559740&quot;:240}\">\u00a0<\/span><\/p>\n<p><span data-contrast=\"auto\">La diferencia en la tasa de formaci\u00f3n de nuevas especies dentro <\/span><span data-contrast=\"auto\">de los grupos de <\/span><span data-contrast=\"auto\">bromelias<\/span><span data-contrast=\"auto\"> polinizadas <\/span><span data-contrast=\"auto\">por colibr\u00edes va a depender de su ciclo de floraci\u00f3n (fenolog\u00eda) y el comportamiento del colibr\u00ed (<\/span><i><span data-contrast=\"auto\">Hummingbird<\/span><\/i> <i><span data-contrast=\"auto\">behavior<\/span><\/i><span data-contrast=\"auto\">).<\/span><span data-ccp-props=\"{&quot;201341983&quot;:0,&quot;335559731&quot;:708,&quot;335559739&quot;:160,&quot;335559740&quot;:240}\">\u00a0<\/span><\/p>\n<p><span data-contrast=\"auto\">Y la alta tasa de nuevas especies que se forman en entornos monta\u00f1osos (donde predomina la polinizaci\u00f3n por colibr\u00edes)<\/span><span data-contrast=\"auto\"> se debe a que las poblaciones de <\/span><span data-contrast=\"auto\">bromelias<\/span><span data-contrast=\"auto\"> est\u00e1n aisladas como resultado de la fragmentaci\u00f3n topogr\u00e1fica del paisaje (<\/span><i><span data-contrast=\"auto\">Topography<\/span><\/i><span data-contrast=\"auto\">).<\/span><span data-ccp-props=\"{&quot;201341983&quot;:0,&quot;335559731&quot;:708,&quot;335559739&quot;:160,&quot;335559740&quot;:240}\">\u00a0<\/span><\/p>\n<p><span data-contrast=\"auto\">Debido a la naturaleza s\u00e9sil de las plantas, la polinizaci\u00f3n y la dispersi\u00f3n de semillas son los procesos m\u00e1s importantes para garantizar el flujo de genes entre las comunidades de plantas.<\/span><span data-ccp-props=\"{&quot;201341983&quot;:0,&quot;335559731&quot;:708,&quot;335559739&quot;:160,&quot;335559740&quot;:240}\">\u00a0<\/span><\/p>\n<p><span data-contrast=\"auto\">Por lo tanto, apunt\u00f3 que la identificaci\u00f3n de polinizadores es esencial para conservar las comunidades y los ecosistemas, especialmente para aquellas familias con muchas especies end\u00e9micas, como las <\/span><span data-contrast=\"auto\">bromelias<\/span><span data-contrast=\"auto\">.<\/span><span data-ccp-props=\"{&quot;201341983&quot;:0,&quot;335559731&quot;:708,&quot;335559739&quot;:160,&quot;335559740&quot;:240}\">\u00a0<\/span><\/p>\n<p><span data-contrast=\"auto\">El investigador del <\/span><i><span data-contrast=\"auto\">C<\/span><\/i><i><span data-contrast=\"auto\">itro<\/span><\/i><span data-contrast=\"auto\"> dijo que llegaron a la conclusi\u00f3n <\/span><span data-contrast=\"auto\">de <\/span><span data-contrast=\"auto\">que se necesita una investigaci\u00f3n adicional sobre las funciones del comportamiento de los colibr\u00edes y el flujo de genes entre las especies de <\/span><span data-contrast=\"auto\">bromelias<\/span><span data-contrast=\"auto\">,<\/span><span data-contrast=\"auto\"> para dilucidar su contribuci\u00f3n a la evoluci\u00f3n de la diversidad en las <\/span><span data-contrast=\"auto\">bromelias<\/span><span data-contrast=\"auto\"> y otras familias de plantas.<\/span><span data-ccp-props=\"{&quot;201341983&quot;:0,&quot;335559731&quot;:708,&quot;335559739&quot;:160,&quot;335559740&quot;:240}\">\u00a0<\/span><\/p>\n<blockquote><p><span data-contrast=\"auto\">\u201cS\u00f3lo en muy pocas especies fueron realizados estudios de la ecolog\u00eda floral y se conoce<\/span><span data-contrast=\"auto\">n<\/span><span data-contrast=\"auto\"> los polinizadores; por lo tanto, es importante llevar a cabo m\u00e1s investigaciones para determinar el sistema de reproducci\u00f3n de las <\/span><span data-contrast=\"auto\">bromelias<\/span><span data-contrast=\"auto\">, lo que implica la observaci\u00f3n de colibr\u00edes, murci\u00e9lagos o insectos durante el trabajo de campo.<\/span><span data-ccp-props=\"{&quot;201341983&quot;:0,&quot;335559731&quot;:708,&quot;335559739&quot;:160,&quot;335559740&quot;:240}\">\u00a0<\/span><\/p><\/blockquote>\n<p><span data-contrast=\"auto\">\u201d<\/span><span data-contrast=\"auto\">Ellos esperan que la <\/span><span data-contrast=\"auto\">presente revisi\u00f3n aumente la conciencia de los diferentes mecanismos en el proceso de diversificaci\u00f3n para fomentar la investigaci\u00f3n destinada a probarlos espec\u00edficamente.\u201d<\/span><span data-ccp-props=\"{&quot;201341983&quot;:0,&quot;335559731&quot;:708,&quot;335559739&quot;:160,&quot;335559740&quot;:240}\">\u00a0<\/span><\/p>\n<p><span data-contrast=\"auto\">Por \u00faltimo, invit\u00f3 a los alumnos interesados en est<\/span><span data-contrast=\"auto\">e<\/span><span data-contrast=\"auto\"> tem<\/span><span data-contrast=\"auto\">a<\/span><span data-contrast=\"auto\"> para realizar un estudio en el marco de la Maestr\u00eda en Ecolog\u00eda Tropical que imparte el <\/span><i><span data-contrast=\"auto\">Citro<\/span><\/i> <span data-contrast=\"auto\">y\/o <\/span><span data-contrast=\"auto\">la Maestr\u00eda en Ciencias Biol\u00f3gicas<\/span><span data-contrast=\"auto\">, y reiter\u00f3 que el art\u00edculo es de acceso libre para su consulta <\/span><span data-contrast=\"auto\">en <\/span><a href=\"https:\/\/doi.org\/10.1093\/botlinnean\/boz100\"><span data-contrast=\"none\">https:\/\/doi.org\/10.109<\/span><span data-contrast=\"none\">3<\/span><span data-contrast=\"none\">\/botlinnean\/boz100<\/span><\/a><span data-contrast=\"auto\">.<\/span><span data-ccp-props=\"{&quot;201341983&quot;:0,&quot;335559731&quot;:708,&quot;335559739&quot;:160,&quot;335559740&quot;:240}\">\u00a0<\/span><\/p>\n","protected":false},"excerpt":{"rendered":"<p>Thorsten Kr\u00f6mer, del <em>Citro<\/em>, particip\u00f3 en estudio publicado en el <em>Botanical Journal of the Linnean Society<\/em> <\/p>\n","protected":false},"author":1775,"featured_media":85628,"comment_status":"closed","ping_status":"closed","sticky":false,"template":"","format":"standard","meta":{"footnotes":""},"categories":[45,61],"tags":[],"class_list":["post-85624","post","type-post","status-publish","format-standard","has-post-thumbnail","hentry","category-ciencia","category-banner"],"_links":{"self":[{"href":"https:\/\/www.uv.mx\/prensa\/wp-json\/wp\/v2\/posts\/85624","targetHints":{"allow":["GET"]}}],"collection":[{"href":"https:\/\/www.uv.mx\/prensa\/wp-json\/wp\/v2\/posts"}],"about":[{"href":"https:\/\/www.uv.mx\/prensa\/wp-json\/wp\/v2\/types\/post"}],"author":[{"embeddable":true,"href":"https:\/\/www.uv.mx\/prensa\/wp-json\/wp\/v2\/users\/1775"}],"replies":[{"embeddable":true,"href":"https:\/\/www.uv.mx\/prensa\/wp-json\/wp\/v2\/comments?post=85624"}],"version-history":[{"count":0,"href":"https:\/\/www.uv.mx\/prensa\/wp-json\/wp\/v2\/posts\/85624\/revisions"}],"wp:featuredmedia":[{"embeddable":true,"href":"https:\/\/www.uv.mx\/prensa\/wp-json\/wp\/v2\/media\/85628"}],"wp:attachment":[{"href":"https:\/\/www.uv.mx\/prensa\/wp-json\/wp\/v2\/media?parent=85624"}],"wp:term":[{"taxonomy":"category","embeddable":true,"href":"https:\/\/www.uv.mx\/prensa\/wp-json\/wp\/v2\/categories?post=85624"},{"taxonomy":"post_tag","embeddable":true,"href":"https:\/\/www.uv.mx\/prensa\/wp-json\/wp\/v2\/tags?post=85624"}],"curies":[{"name":"wp","href":"https:\/\/api.w.org\/{rel}","templated":true}]}}