{"id":85612,"date":"2020-07-07T09:27:54","date_gmt":"2020-07-07T14:27:54","guid":{"rendered":"https:\/\/www.uv.mx\/prensa\/?p=85612"},"modified":"2020-07-08T11:26:30","modified_gmt":"2020-07-08T16:26:30","slug":"iij-uv-analizo-las-afectaciones-de-pandemias-en-mexico","status":"publish","type":"post","link":"https:\/\/www.uv.mx\/prensa\/general\/iij-uv-analizo-las-afectaciones-de-pandemias-en-mexico\/","title":{"rendered":"IIJ-UV analiz\u00f3 las afectaciones de pandemias en M\u00e9xico"},"content":{"rendered":"<ul>\n<li data-leveltext=\"\uf0b7\" data-font=\"Symbol\" data-listid=\"3\" data-aria-posinset=\"1\" data-aria-level=\"1\"><i><span data-contrast=\"auto\">\u201cEl Estado mexicano est\u00e1 obligado a crear condiciones<\/span><\/i> <i><span data-contrast=\"auto\">salubres indispensables para el desarrollo\u201d<\/span><\/i><span data-ccp-props=\"{&quot;201341983&quot;:0,&quot;335559739&quot;:0,&quot;335559740&quot;:240}\">\u00a0<\/span><\/li>\n<\/ul>\n<div id=\"attachment_85613\" style=\"width: 732px\" class=\"wp-caption aligncenter\"><a href=\"https:\/\/www.uv.mx\/prensa\/files\/2020\/07\/060720-Analisis-del-derecho-a-la-salud-1-100k.jpg\"><img loading=\"lazy\" decoding=\"async\" aria-describedby=\"caption-attachment-85613\" class=\"size-full wp-image-85613\" src=\"https:\/\/www.uv.mx\/prensa\/files\/2020\/07\/060720-Analisis-del-derecho-a-la-salud-1-100k.jpg\" alt=\"Giovanni de Jes\u00fas Dur\u00e1n dijo que el Covid-19 representa problemas para la econom\u00eda mundial \" width=\"722\" height=\"403\" srcset=\"https:\/\/www.uv.mx\/prensa\/files\/2020\/07\/060720-Analisis-del-derecho-a-la-salud-1-100k.jpg 722w, https:\/\/www.uv.mx\/prensa\/files\/2020\/07\/060720-Analisis-del-derecho-a-la-salud-1-100k-300x167.jpg 300w\" sizes=\"auto, (max-width: 722px) 100vw, 722px\" \/><\/a><p id=\"caption-attachment-85613\" class=\"wp-caption-text\">Giovanni de Jes\u00fas Dur\u00e1n dijo que el Covid-19 representa problemas para la econom\u00eda mundial<\/p><\/div>\n<p><b><i><span data-contrast=\"auto\">Jos\u00e9 Luis <\/span><\/i><\/b><b><i><span data-contrast=\"auto\">Couttolenc<\/span><\/i><\/b><b><i><span data-contrast=\"auto\"> Soto<\/span><\/i><\/b><span data-ccp-props=\"{&quot;201341983&quot;:0,&quot;335559739&quot;:0,&quot;335559740&quot;:240}\">\u00a0<\/span><\/p>\n<p><b><i><span data-contrast=\"auto\">0<\/span><\/i><\/b><b><i><span data-contrast=\"auto\">7<\/span><\/i><\/b><b><i><span data-contrast=\"auto\">\/07\/2020, Xalapa, Ver.-<\/span><\/i><\/b> <span data-contrast=\"auto\">Para analizar el derecho<\/span><span data-contrast=\"auto\"> a la salud<\/span><span data-contrast=\"auto\"> y los impactos que han tenido las pandemias en M\u00e9xico, <\/span><span data-contrast=\"auto\">el <a href=\"https:\/\/www.uv.mx\/iij\/\" target=\"_blank\" rel=\"noopener noreferrer\">Instituto de Investigaciones Jur\u00eddicas<\/a> (IIJ) de <\/span><span data-contrast=\"auto\">la Universidad Veracruzana (UV)<\/span><span data-contrast=\"auto\"> realiz\u00f3 el viernes <\/span><span data-contrast=\"auto\">3<\/span><span data-contrast=\"auto\"> de julio la mesa cinco de su <\/span><span data-contrast=\"auto\">Webinar<\/span><span data-contrast=\"auto\"> \u201cMesas jur\u00eddicas de an\u00e1lisis en el marco de la emergencia sanitaria por Covid-19\u201d<\/span><span data-contrast=\"auto\">,<\/span><span data-contrast=\"auto\"> en la<\/span><span data-contrast=\"auto\"> que participaron cinco estudiantes del Doctorado<\/span><span data-contrast=\"auto\"> en Derecho<\/span><span data-contrast=\"auto\">,<\/span><span data-contrast=\"auto\"> bajo la conducci\u00f3n de Jos\u00e9 Luis Casti<\/span><span data-contrast=\"auto\">llo Hern\u00e1ndez, acad\u00e9mico de la F<\/span><span data-contrast=\"auto\">acultad de Nutrici\u00f3n.<\/span><span data-ccp-props=\"{&quot;201341983&quot;:0,&quot;335559739&quot;:0,&quot;335559740&quot;:240}\">\u00a0<\/span><\/p>\n<p><span data-contrast=\"auto\">Giovanni de Jes\u00fas Dur\u00e1n Mu\u00f1oz <\/span><span data-contrast=\"auto\">se<\/span><span data-contrast=\"auto\"> ref<\/span><span data-contrast=\"auto\">i<\/span><span data-contrast=\"auto\">ri<\/span><span data-contrast=\"auto\">\u00f3 <\/span><span data-contrast=\"auto\">al derecho a la salud y su vin<\/span><span data-contrast=\"auto\">culaci\u00f3n con la pol\u00edtica fiscal;<\/span><span data-contrast=\"auto\"> dijo que el Covid-19 representa diversos retos, tareas y problemas para la econom\u00eda mundial, cuyas recesiones han sido<\/span><span data-contrast=\"auto\"> eje de problemas evidentes que repercuten en los derechos humanos en general, pero de manera particular en los sociales que enmarcan el derecho a la salud.<\/span><span data-ccp-props=\"{&quot;201341983&quot;:0,&quot;335559739&quot;:0,&quot;335559740&quot;:240}\">\u00a0<\/span><\/p>\n<p><span data-contrast=\"auto\">En esa medida, dijo, el Estado mexicano est\u00e1 obligado a crear condiciones materiales y salubres indispensables para un desar<\/span><span data-contrast=\"auto\">rollo completo de bienestar, y co<\/span><span data-contrast=\"auto\">n base <\/span><span data-contrast=\"auto\">en <\/span><span data-contrast=\"auto\">ello estar en aptitud de contribuir a un plan de vida aut\u00f3nomo, lejos del temor y la miseria.<\/span><\/p>\n<div id=\"attachment_85614\" style=\"width: 732px\" class=\"wp-caption aligncenter\"><a href=\"https:\/\/www.uv.mx\/prensa\/files\/2020\/07\/060720-Analisis-del-derecho-a-la-salud-2-100k.jpg\"><img loading=\"lazy\" decoding=\"async\" aria-describedby=\"caption-attachment-85614\" class=\"size-full wp-image-85614\" src=\"https:\/\/www.uv.mx\/prensa\/files\/2020\/07\/060720-Analisis-del-derecho-a-la-salud-2-100k.jpg\" alt=\"Para Emilio Fern\u00e1ndez, M\u00e9xico posee un sistema de salud precario e incipiente \" width=\"722\" height=\"401\" srcset=\"https:\/\/www.uv.mx\/prensa\/files\/2020\/07\/060720-Analisis-del-derecho-a-la-salud-2-100k.jpg 722w, https:\/\/www.uv.mx\/prensa\/files\/2020\/07\/060720-Analisis-del-derecho-a-la-salud-2-100k-300x167.jpg 300w\" sizes=\"auto, (max-width: 722px) 100vw, 722px\" \/><\/a><p id=\"caption-attachment-85614\" class=\"wp-caption-text\">Para Emilio Fern\u00e1ndez, M\u00e9xico posee un sistema de salud precario e incipiente<\/p><\/div>\n<p><span data-contrast=\"auto\">Mencion\u00f3 que desde el punto de vista la pol\u00edtica fiscal, la protecci\u00f3n de los <\/span><span data-contrast=\"auto\">derechos humanos <\/span><span data-contrast=\"auto\">debe entenderse como un primer eslab\u00f3n en la cadena de protecci\u00f3n desde los recursos ordinarios, en donde el tributo representa el instrumento a trav\u00e9s del cual el Estado puede captar medios pecuniarios para desarrollar sus atribuciones.<\/span><span data-ccp-props=\"{&quot;201341983&quot;:0,&quot;335559739&quot;:0,&quot;335559740&quot;:240}\">\u00a0<\/span><\/p>\n<p><span data-contrast=\"auto\">Sobre el VIH\/<\/span><span data-contrast=\"auto\">SIDA<\/span><span data-contrast=\"auto\">, expres\u00f3 que no siempre se ha focalizado la atenci\u00f3n prioritaria<\/span><span data-contrast=\"auto\">, pero representa un derecho a la salud que debe garantizarse con respeto irrestricto a la dignidad humana, observando los principios fundamentales. Propuso una restructuraci\u00f3n de la pol\u00edtica fiscal del pa\u00eds con una esencia asistencialista, a fin de que las <\/span><span data-contrast=\"auto\">econom\u00edas particulares no se vean restringidas para el pago de impuestos por carecer de recursos espec\u00edficos.<\/span><\/p>\n<p><b><span data-contrast=\"auto\">M\u00e9xico con un sistema de salud precario e incipiente<\/span><\/b><span data-ccp-props=\"{&quot;201341983&quot;:0,&quot;335559739&quot;:0,&quot;335559740&quot;:240}\"><br \/>\n<\/span><span data-contrast=\"auto\">Emilio Fern\u00e1ndez P\u00e9rez habl\u00f3 de la seguridad humana como una nueva pol\u00edtica en el derecho a la salud, considerando que \u201cestamos en un mundo de preguntas fuertes y respuestas d\u00e9biles, en M\u00e9xico nos e<\/span><span data-contrast=\"auto\">nfrentamos a un sistema de salu<\/span><span data-contrast=\"auto\">d precario e incipiente<\/span><span data-contrast=\"auto\">, cuando la pandemia <\/span><span data-contrast=\"auto\">A H1N1<\/span> <span data-contrast=\"auto\">(2009)<\/span> <span data-contrast=\"auto\">mostr\u00f3 que a nuestro sistema de salud le faltaban muchos aspectos para poder hacer<\/span><span data-contrast=\"auto\">le<\/span><span data-contrast=\"auto\"> frente\u201d.<\/span><\/p>\n<div id=\"attachment_85615\" style=\"width: 732px\" class=\"wp-caption aligncenter\"><a href=\"https:\/\/www.uv.mx\/prensa\/files\/2020\/07\/060720-Analisis-del-derecho-a-la-salud-3-100k.jpg\"><img loading=\"lazy\" decoding=\"async\" aria-describedby=\"caption-attachment-85615\" class=\"size-full wp-image-85615\" src=\"https:\/\/www.uv.mx\/prensa\/files\/2020\/07\/060720-Analisis-del-derecho-a-la-salud-3-100k.jpg\" alt=\"Daniel de Jes\u00fas Morales destac\u00f3 el gasto que hacen los mexicanos para atender su salud \" width=\"722\" height=\"401\" srcset=\"https:\/\/www.uv.mx\/prensa\/files\/2020\/07\/060720-Analisis-del-derecho-a-la-salud-3-100k.jpg 722w, https:\/\/www.uv.mx\/prensa\/files\/2020\/07\/060720-Analisis-del-derecho-a-la-salud-3-100k-300x167.jpg 300w\" sizes=\"auto, (max-width: 722px) 100vw, 722px\" \/><\/a><p id=\"caption-attachment-85615\" class=\"wp-caption-text\">Daniel de Jes\u00fas Morales destac\u00f3 el gasto que hacen los mexicanos para atender su salud<\/p><\/div>\n<p><span data-contrast=\"auto\">Refiri\u00f3 que en los derechos <\/span><span data-contrast=\"auto\">econ\u00f3micos, sociales, culturales y ambientales <\/span><span data-contrast=\"auto\">(<\/span><span data-contrast=\"auto\">DESCA<\/span><span data-contrast=\"auto\">), la Organizaci\u00f3n de las Naciones Unidas (ONU) marca que el derecho a la salud no es \u00fanicamente el acceso a atenci\u00f3n m\u00e9dica y medicamentos, sino que su alcance incluye<\/span> <span data-contrast=\"auto\">aspectos econ\u00f3micos, de vivienda, agua potable y alcantarillado, servicios que se tienen focalizados en un pa\u00eds perif\u00e9rico como M\u00e9xico, en donde son una prioridad.<\/span><span data-ccp-props=\"{&quot;201341983&quot;:0,&quot;335559739&quot;:0,&quot;335559740&quot;:240}\">\u00a0<\/span><\/p>\n<p><span data-contrast=\"auto\">Record\u00f3 que dos pandemias han marcado a la humanidad, la actual de Covid-19 y la de VIH\/<\/span><span data-contrast=\"auto\">SIDA<\/span><span data-contrast=\"auto\">, que en los a\u00f1os <\/span><span data-contrast=\"auto\">ochenta<\/span><span data-contrast=\"auto\"> trajo consigo la estigmatizaci\u00f3n a determinado grupo social d\u00e1ndole algunos calificativos como \u201cpeste rosa\u201d, \u201cpatolog\u00eda del esp\u00edritu\u201d y \u201cla ira de <\/span><span data-contrast=\"auto\">D<\/span><span data-contrast=\"auto\">ios\u201d, y ante ella se form\u00f3 una parte moral sancionadora por la sociedad, debido a que <\/span><span data-contrast=\"auto\">en ese entonces <\/span><span data-contrast=\"auto\">no exist\u00eda vacuna ni tratamiento para contrarrestarla, \u00fanicamente se contaba con el preservativo como medida de prevenci\u00f3n<\/span><span data-contrast=\"auto\">,<\/span><span data-contrast=\"auto\"> pero desat\u00f3 una<\/span><span data-contrast=\"auto\"> lucha con el sistema religioso<\/span><span data-contrast=\"auto\"> y caus\u00f3 el irrespeto a la dignidad sexual del ser humano pasando de ser un problema exclusivo de salud a uno de car\u00e1cter moral y social, que a la fecha <\/span><span data-contrast=\"auto\">a\u00fan existe.<\/span><\/p>\n<p><b><span data-contrast=\"auto\">M\u00e9xico no est\u00e1 listo para atender emergencias sanitarias<\/span><\/b><span data-ccp-props=\"{&quot;201341983&quot;:0,&quot;335559739&quot;:0,&quot;335559740&quot;:240}\"><br \/>\n<\/span><span data-contrast=\"auto\">Daniel de Jes\u00fas Morales Morales<\/span><span data-contrast=\"auto\"> sostuvo que con el avance de la pandemia por Covid-19 M\u00e9xico mostr\u00f3 que no est\u00e1 listo para atender este tipo de emergencias sanitarias<\/span> <span data-contrast=\"auto\">y qued\u00f3 de manifiesto tambi\u00e9n el fuerte gasto que hacen los mexicanos para atender su salud, el cual asciende al cinco por ciento del Producto Interno Bruto (PIB), que refleja que no obstante cuenten con servicios m\u00e9dicos <\/span><span data-contrast=\"auto\">como<\/span><span data-contrast=\"auto\"> IMSS, ISSSTE o Seguro Popular \u2013hoy <\/span><i><span data-contrast=\"auto\">Insabi<\/span><\/i><span data-contrast=\"auto\">\u2013<\/span><span data-contrast=\"auto\">, <\/span><span data-contrast=\"auto\">destinan una parte significativa de sus ingresos para la realizaci\u00f3n de estudios<\/span><span data-contrast=\"auto\"> y\/o atenci\u00f3n de alguna enfermedad, que <\/span><span data-contrast=\"auto\">refleja<\/span><span data-contrast=\"auto\"> las restricciones en la cober<\/span><span data-contrast=\"auto\">tura m\u00e9dica, falta de personal <\/span><span data-contrast=\"auto\">y de insumos para tratamientos.<\/span><\/p>\n<div id=\"attachment_85616\" style=\"width: 732px\" class=\"wp-caption aligncenter\"><a href=\"https:\/\/www.uv.mx\/prensa\/files\/2020\/07\/060720-Analisis-del-derecho-a-la-salud-4-100k.jpg\"><img loading=\"lazy\" decoding=\"async\" aria-describedby=\"caption-attachment-85616\" class=\"size-full wp-image-85616\" src=\"https:\/\/www.uv.mx\/prensa\/files\/2020\/07\/060720-Analisis-del-derecho-a-la-salud-4-100k.jpg\" alt=\"Romel Alexandro Reyes habl\u00f3 de la discriminaci\u00f3n por condici\u00f3n de salud en M\u00e9xico \" width=\"722\" height=\"402\" srcset=\"https:\/\/www.uv.mx\/prensa\/files\/2020\/07\/060720-Analisis-del-derecho-a-la-salud-4-100k.jpg 722w, https:\/\/www.uv.mx\/prensa\/files\/2020\/07\/060720-Analisis-del-derecho-a-la-salud-4-100k-300x167.jpg 300w\" sizes=\"auto, (max-width: 722px) 100vw, 722px\" \/><\/a><p id=\"caption-attachment-85616\" class=\"wp-caption-text\">Romel Alexandro Reyes habl\u00f3 de la discriminaci\u00f3n por condici\u00f3n de salud en M\u00e9xico<\/p><\/div>\n<p><span data-contrast=\"auto\">De acuerdo a su investigaci\u00f3n<\/span> <span data-contrast=\"auto\">dio a conocer que por cada mil habitantes nuestro pa\u00eds cuenta con una cama, mientras que<\/span><span data-contrast=\"auto\"> el promedio en Am\u00e9rica Latina es de 3.6 camas,<\/span><span data-contrast=\"auto\"> en Argentina es de tres camas y en Cuba <\/span><span data-contrast=\"auto\">es <\/span><span data-contrast=\"auto\">de hasta cinco camas.<\/span><\/p>\n<p><b><span data-contrast=\"auto\">El miedo mata m\u00e1s que la enfermedad<\/span><\/b><span data-ccp-props=\"{&quot;201341983&quot;:0,&quot;335559739&quot;:0,&quot;335559740&quot;:240}\"><br \/>\n<\/span><span data-contrast=\"auto\">Romel Alexandro Reyes Violante abord\u00f3 el tema de la discriminaci\u00f3n por condici\u00f3n de salud en M\u00e9xico, esp<\/span><span data-contrast=\"auto\">ec\u00edficamente por VIH\/<\/span><span data-contrast=\"auto\">SIDA <\/span><span data-contrast=\"auto\">y <\/span><span data-contrast=\"auto\">Covid-19<\/span><span data-contrast=\"auto\">;<\/span> <span data-contrast=\"auto\">en el primer<\/span> <span data-contrast=\"auto\">caso<\/span><span data-contrast=\"auto\"> \u201cmata m\u00e1s el miedo a la discriminaci\u00f3n que la propia enfermedad\u201d.<\/span><span data-ccp-props=\"{&quot;201341983&quot;:0,&quot;335559739&quot;:0,&quot;335559740&quot;:240}\">\u00a0<\/span><\/p>\n<p><span data-contrast=\"auto\">Dijo que el virus de inmunodeficiencia adquirida (VIH), tiene una connotaci\u00f3n negativa en la sociedad desde los a\u00f1os <\/span><span data-contrast=\"auto\">ochenta<\/span><span data-contrast=\"auto\">, cuando se consideraba que s\u00f3lo los homosexuales pod\u00edan contraer la enfermedad, pero con el paso del tiempo tanto el VIH como el coronavirus se convirtieron en una pandemia mundial, aunque la primera de ellas es m\u00e1s controla<\/span><span data-contrast=\"auto\">ble por la forma de transmisi\u00f3n,<\/span><span data-contrast=\"auto\"> no obstante<\/span> <span data-contrast=\"auto\">conlleva una carga negativa de la sociedad<\/span><span data-contrast=\"auto\"> y reiter\u00f3 <\/span><span data-contrast=\"auto\">\u201c<\/span><span data-contrast=\"auto\">el sector salud tiene la obligaci\u00f3n de brindar los antiretrovirales a quien los solicite\u201d<\/span><span data-contrast=\"auto\">.<\/span><\/p>\n<div id=\"attachment_85617\" style=\"width: 732px\" class=\"wp-caption aligncenter\"><a href=\"https:\/\/www.uv.mx\/prensa\/files\/2020\/07\/060720-Analisis-del-derecho-a-la-salud-5-100k.jpg\"><img loading=\"lazy\" decoding=\"async\" aria-describedby=\"caption-attachment-85617\" class=\"size-full wp-image-85617\" src=\"https:\/\/www.uv.mx\/prensa\/files\/2020\/07\/060720-Analisis-del-derecho-a-la-salud-5-100k.jpg\" alt=\"Hugo M\u00e9ndez se refiri\u00f3 a las obligaciones y deberes del Estado mexicano ante la crisis de salud por Covid-19 \" width=\"722\" height=\"403\" srcset=\"https:\/\/www.uv.mx\/prensa\/files\/2020\/07\/060720-Analisis-del-derecho-a-la-salud-5-100k.jpg 722w, https:\/\/www.uv.mx\/prensa\/files\/2020\/07\/060720-Analisis-del-derecho-a-la-salud-5-100k-300x167.jpg 300w\" sizes=\"auto, (max-width: 722px) 100vw, 722px\" \/><\/a><p id=\"caption-attachment-85617\" class=\"wp-caption-text\">Hugo M\u00e9ndez se refiri\u00f3 a las obligaciones y deberes del Estado mexicano ante la crisis de salud por Covid-19<\/p><\/div>\n<p><span data-contrast=\"auto\">Respecto al<\/span><span data-contrast=\"auto\"> Covid-19<\/span><span data-contrast=\"auto\">,<\/span><span data-contrast=\"auto\"> dijo que ha cambiado las expectativas y la forma de vida de las personas en el mundo, generando tambi\u00e9n miedo a ser discriminado por lo que se dice alrededor de la enfermedad<\/span><span data-contrast=\"auto\">; <\/span><span data-contrast=\"auto\">en este caso se puede denunciar ante los \u00f3rganos correspondientes<\/span> <span data-contrast=\"auto\">como puede ser la fiscal\u00eda especializada.<\/span><span data-ccp-props=\"{&quot;201341983&quot;:0,&quot;335559731&quot;:708,&quot;335559739&quot;:0,&quot;335559740&quot;:240}\">\u00a0<\/span><\/p>\n<p><span data-contrast=\"auto\">Por \u00faltimo, <\/span><span data-contrast=\"auto\">Hugo M\u00e9ndez Rivera desarroll\u00f3 el tema relativo a las obligaciones y<\/span><span data-contrast=\"auto\"> deberes que de conformidad al A<\/span><span data-contrast=\"auto\">rt\u00edculo <\/span><span data-contrast=\"auto\">1 <\/span><span data-contrast=\"auto\">de la Constituci\u00f3n tiene el Estado <\/span><span data-contrast=\"auto\">m<\/span><span data-contrast=\"auto\">exicano<\/span><span data-contrast=\"auto\"> frente a la crisis de salud por Covid-19, bajo un cumplimiento estricto de las obligaciones de promoci\u00f3n, protecci\u00f3n, respeto y garant\u00eda de los derechos humanos, especialmente el relativo al derecho a la salud.<\/span><span data-ccp-props=\"{&quot;201341983&quot;:0,&quot;335559731&quot;:708,&quot;335559739&quot;:0,&quot;335559740&quot;:240}\">\u00a0<\/span><\/p>\n<p><span data-contrast=\"auto\">El Webinar es coordinador por los acad\u00e9micos del IIJ, Antonio Carlos V\u00e1zquez Azuara y Sa\u00fal Cort\u00e9s Viveros.<\/span><\/p>\n","protected":false},"excerpt":{"rendered":"<p>Emilio Fern\u00e1ndez P\u00e9rez habl\u00f3 de la seguridad humana como una nueva pol\u00edtica en el derecho a la salud, considerando que \u201cestamos en un mundo de preguntas fuertes y respuestas d\u00e9biles&#8230;\u201d <\/p>\n","protected":false},"author":1775,"featured_media":85613,"comment_status":"closed","ping_status":"closed","sticky":false,"template":"","format":"standard","meta":{"footnotes":""},"categories":[1],"tags":[],"class_list":["post-85612","post","type-post","status-publish","format-standard","has-post-thumbnail","hentry","category-general"],"_links":{"self":[{"href":"https:\/\/www.uv.mx\/prensa\/wp-json\/wp\/v2\/posts\/85612","targetHints":{"allow":["GET"]}}],"collection":[{"href":"https:\/\/www.uv.mx\/prensa\/wp-json\/wp\/v2\/posts"}],"about":[{"href":"https:\/\/www.uv.mx\/prensa\/wp-json\/wp\/v2\/types\/post"}],"author":[{"embeddable":true,"href":"https:\/\/www.uv.mx\/prensa\/wp-json\/wp\/v2\/users\/1775"}],"replies":[{"embeddable":true,"href":"https:\/\/www.uv.mx\/prensa\/wp-json\/wp\/v2\/comments?post=85612"}],"version-history":[{"count":0,"href":"https:\/\/www.uv.mx\/prensa\/wp-json\/wp\/v2\/posts\/85612\/revisions"}],"wp:featuredmedia":[{"embeddable":true,"href":"https:\/\/www.uv.mx\/prensa\/wp-json\/wp\/v2\/media\/85613"}],"wp:attachment":[{"href":"https:\/\/www.uv.mx\/prensa\/wp-json\/wp\/v2\/media?parent=85612"}],"wp:term":[{"taxonomy":"category","embeddable":true,"href":"https:\/\/www.uv.mx\/prensa\/wp-json\/wp\/v2\/categories?post=85612"},{"taxonomy":"post_tag","embeddable":true,"href":"https:\/\/www.uv.mx\/prensa\/wp-json\/wp\/v2\/tags?post=85612"}],"curies":[{"name":"wp","href":"https:\/\/api.w.org\/{rel}","templated":true}]}}