{"id":85560,"date":"2020-07-04T13:17:57","date_gmt":"2020-07-04T18:17:57","guid":{"rendered":"https:\/\/www.uv.mx\/prensa\/?p=85560"},"modified":"2020-07-04T13:17:57","modified_gmt":"2020-07-04T18:17:57","slug":"aprueba-cur-en-sesion-virtual-techo-financiero-para-2021","status":"publish","type":"post","link":"https:\/\/www.uv.mx\/prensa\/regiones\/aprueba-cur-en-sesion-virtual-techo-financiero-para-2021\/","title":{"rendered":"Aprueba CUR en sesi\u00f3n virtual techo financiero para 2021"},"content":{"rendered":"<div id=\"attachment_85561\" style=\"width: 732px\" class=\"wp-caption aligncenter\"><a href=\"https:\/\/www.uv.mx\/prensa\/files\/2020\/07\/Captura-de-Pantalla-2020-07-03-a-las-9.08.47-100k.jpg\"><img aria-describedby=\"caption-attachment-85561\" decoding=\"async\" loading=\"lazy\" class=\"size-full wp-image-85561\" src=\"https:\/\/www.uv.mx\/prensa\/files\/2020\/07\/Captura-de-Pantalla-2020-07-03-a-las-9.08.47-100k.jpg\" alt=\"Autoridades universitarias regionales encabezando la sesi\u00f3n del CUR\" width=\"722\" height=\"423\" srcset=\"https:\/\/www.uv.mx\/prensa\/files\/2020\/07\/Captura-de-Pantalla-2020-07-03-a-las-9.08.47-100k.jpg 722w, https:\/\/www.uv.mx\/prensa\/files\/2020\/07\/Captura-de-Pantalla-2020-07-03-a-las-9.08.47-100k-300x176.jpg 300w\" sizes=\"(max-width: 722px) 100vw, 722px\" \/><\/a><p id=\"caption-attachment-85561\" class=\"wp-caption-text\">Autoridades universitarias regionales encabezando la sesi\u00f3n del CUR<\/p><\/div>\n<p><strong>Eduardo Ca\u00f1edo Lom\u00e1n<\/strong><\/p>\n<p><strong>04\/07\/2020. Orizaba, Ver.-<\/strong> A trav\u00e9s de la plataforma Zoom, el pasado lunes 29 de junio, se llev\u00f3 a cabo por primera vez en modalidad virtual una Sesi\u00f3n Extraordinaria de Consejo Universitario Regional (CUR), misma que cont\u00f3 con la participaci\u00f3n de 34 de 36 Consejeros Universitarios, lo que represent\u00f3 un 94 por ciento del total.<\/p>\n<p>Como parte del orden del d\u00eda, uno de los puntos abordados fue la presentaci\u00f3n para su votaci\u00f3n por el pleno del CUR de la propuesta del Pre-Techo Financiero 2021 para las Entidades Acad\u00e9micas (EA) y Dependencias Universitarias de la regi\u00f3n. Jos\u00e9 Eduardo Mart\u00ednez Canales, Vicerrector y Presidente del CUR, dio a conocer un resumen con los antecedentes de revisi\u00f3n y an\u00e1lisis de presupuestos realizados para los a\u00f1os 2017, 2018, 2019 y 2020.<\/p>\n<p>En relaci\u00f3n con lo anterior y tomando en cuenta las distribuciones de recursos financieros propuestas y aprobadas por el pleno del CUR en sesiones de los a\u00f1os 2018 y 2019, se present\u00f3 y aprob\u00f3 por unanimidad la distribuci\u00f3n y acuerdos de este 2020 para aplicar el pr\u00f3ximo a\u00f1o, en donde con base en un incremento del 4.38 por ciento con respecto al a\u00f1o anterior, que representa un monto de 546 mil 300 pesos m\u00e1s para la regi\u00f3n, se vieron beneficiadas las Facultades de Medicina, Ciencias Biol\u00f3gicas y Agropecuarias, Odontolog\u00eda, as\u00ed como el Centro Universitario para las Artes, la Ciencia y la Cultura (CUACC) y Coordinaciones Regionales que operan en beneficio de todas las Entidades de Orizaba-C\u00f3rdoba.<\/p>\n<div id='gallery-1' class='gallery galleryid-85560 gallery-columns-2 gallery-size-thumbnail'><dl class='gallery-item'>\n\t\t\t<dt class='gallery-icon landscape'>\n\t\t\t\t<a href='https:\/\/www.uv.mx\/prensa\/regiones\/aprueba-cur-en-sesion-virtual-techo-financiero-para-2021\/attachment\/captura-de-pantalla-2020-07-03-a-las-9-14-33-100k\/'><img width=\"150\" height=\"150\" src=\"https:\/\/www.uv.mx\/prensa\/files\/2020\/07\/Captura-de-Pantalla-2020-07-03-a-las-9.14.33-100k-150x150.jpg\" class=\"attachment-thumbnail size-thumbnail\" alt=\"Miembros del CUR\" decoding=\"async\" loading=\"lazy\" aria-describedby=\"gallery-1-85562\" srcset=\"https:\/\/www.uv.mx\/prensa\/files\/2020\/07\/Captura-de-Pantalla-2020-07-03-a-las-9.14.33-100k-150x150.jpg 150w, https:\/\/www.uv.mx\/prensa\/files\/2020\/07\/Captura-de-Pantalla-2020-07-03-a-las-9.14.33-100k-120x120.jpg 120w, https:\/\/www.uv.mx\/prensa\/files\/2020\/07\/Captura-de-Pantalla-2020-07-03-a-las-9.14.33-100k-360x360.jpg 360w\" sizes=\"(max-width: 150px) 100vw, 150px\" \/><\/a>\n\t\t\t<\/dt>\n\t\t\t\t<dd class='wp-caption-text gallery-caption' id='gallery-1-85562'>\n\t\t\t\tMiembros del CUR\n\t\t\t\t<\/dd><\/dl><dl class='gallery-item'>\n\t\t\t<dt class='gallery-icon landscape'>\n\t\t\t\t<a href='https:\/\/www.uv.mx\/prensa\/regiones\/aprueba-cur-en-sesion-virtual-techo-financiero-para-2021\/attachment\/captura-de-pantalla-2020-07-03-a-las-9-14-49-100k\/'><img width=\"150\" height=\"150\" src=\"https:\/\/www.uv.mx\/prensa\/files\/2020\/07\/Captura-de-Pantalla-2020-07-03-a-las-9.14.49-100k-150x150.jpg\" class=\"attachment-thumbnail size-thumbnail\" alt=\"Miembros del CUR\" decoding=\"async\" loading=\"lazy\" aria-describedby=\"gallery-1-85563\" srcset=\"https:\/\/www.uv.mx\/prensa\/files\/2020\/07\/Captura-de-Pantalla-2020-07-03-a-las-9.14.49-100k-150x150.jpg 150w, https:\/\/www.uv.mx\/prensa\/files\/2020\/07\/Captura-de-Pantalla-2020-07-03-a-las-9.14.49-100k-120x120.jpg 120w, https:\/\/www.uv.mx\/prensa\/files\/2020\/07\/Captura-de-Pantalla-2020-07-03-a-las-9.14.49-100k-360x360.jpg 360w\" sizes=\"(max-width: 150px) 100vw, 150px\" \/><\/a>\n\t\t\t<\/dt>\n\t\t\t\t<dd class='wp-caption-text gallery-caption' id='gallery-1-85563'>\n\t\t\t\tMiembros del CUR\n\t\t\t\t<\/dd><\/dl><br style=\"clear: both\" \/>\n\t\t<\/div>\n\n<p>Entre los aspectos a destacar durante la presentaci\u00f3n, se mencionaron los resultados de la estrategia de optimizaci\u00f3n de remanentes durante el a\u00f1o 2019. Tambi\u00e9n sobresale que con los aumentos que a partir de 2021 se har\u00e1n efectivos, la gesti\u00f3n regional 2017-2021 habr\u00e1 incrementado el Subsidio Estatal Ordinario del 100 por ciento de las Entidades Acad\u00e9micas de la regi\u00f3n.<\/p>\n<p>Durante la Sesi\u00f3n Extraordinaria del CUR estuvieron Emma Virginia Herrera Huerta, Secretaria Acad\u00e9mica Regional y Secretaria del CUR, as\u00ed como Lizbeth Margarita Viveros Cancino, Secretaria de Administraci\u00f3n y Finanzas Regional.<\/p>\n","protected":false},"excerpt":{"rendered":"<p>La gesti\u00f3n regional 2017-2021 habr\u00e1 incrementado el Subsidio Estatal Ordinario del 100 por ciento de las Entidades Acad\u00e9micas de la regi\u00f3n: Vicerrector.<\/p>\n","protected":false},"author":1775,"featured_media":85561,"comment_status":"closed","ping_status":"closed","sticky":false,"template":"","format":"standard","meta":[],"categories":[53,32],"tags":[],"_links":{"self":[{"href":"https:\/\/www.uv.mx\/prensa\/wp-json\/wp\/v2\/posts\/85560"}],"collection":[{"href":"https:\/\/www.uv.mx\/prensa\/wp-json\/wp\/v2\/posts"}],"about":[{"href":"https:\/\/www.uv.mx\/prensa\/wp-json\/wp\/v2\/types\/post"}],"author":[{"embeddable":true,"href":"https:\/\/www.uv.mx\/prensa\/wp-json\/wp\/v2\/users\/1775"}],"replies":[{"embeddable":true,"href":"https:\/\/www.uv.mx\/prensa\/wp-json\/wp\/v2\/comments?post=85560"}],"version-history":[{"count":0,"href":"https:\/\/www.uv.mx\/prensa\/wp-json\/wp\/v2\/posts\/85560\/revisions"}],"wp:featuredmedia":[{"embeddable":true,"href":"https:\/\/www.uv.mx\/prensa\/wp-json\/wp\/v2\/media\/85561"}],"wp:attachment":[{"href":"https:\/\/www.uv.mx\/prensa\/wp-json\/wp\/v2\/media?parent=85560"}],"wp:term":[{"taxonomy":"category","embeddable":true,"href":"https:\/\/www.uv.mx\/prensa\/wp-json\/wp\/v2\/categories?post=85560"},{"taxonomy":"post_tag","embeddable":true,"href":"https:\/\/www.uv.mx\/prensa\/wp-json\/wp\/v2\/tags?post=85560"}],"curies":[{"name":"wp","href":"https:\/\/api.w.org\/{rel}","templated":true}]}}