{"id":85497,"date":"2020-07-04T08:02:09","date_gmt":"2020-07-04T13:02:09","guid":{"rendered":"https:\/\/www.uv.mx\/prensa\/?p=85497"},"modified":"2020-07-05T23:15:25","modified_gmt":"2020-07-06T04:15:25","slug":"trasiego-de-armas-amenaza-para-la-seguridad-nacional-analistas","status":"publish","type":"post","link":"https:\/\/www.uv.mx\/prensa\/banner\/trasiego-de-armas-amenaza-para-la-seguridad-nacional-analistas\/","title":{"rendered":"Trasiego de armas, amenaza para la seguridad nacional: analistas\u00a0"},"content":{"rendered":"<ul>\n<li data-leveltext=\"\uf0b7\" data-font=\"Symbol\" data-listid=\"3\" data-aria-posinset=\"1\" data-aria-level=\"1\"><i><span data-contrast=\"auto\">Por acci\u00f3n u omisi\u00f3n<\/span><\/i><i><span data-contrast=\"auto\">,<\/span><\/i><i><span data-contrast=\"auto\"> administraciones pasadas permitieron<\/span><\/i> <i><span data-contrast=\"auto\">que se transfirieran armas de<\/span><\/i><i><span data-contrast=\"auto\">sde estados Unidos<\/span><\/i><i><span data-contrast=\"auto\"> hacia M\u00e9xico, desestabilizando reg<\/span><\/i><i><span data-contrast=\"auto\">iones y poblaciones<\/span><\/i><span data-ccp-props=\"{&quot;201341983&quot;:0,&quot;335559739&quot;:0,&quot;335559740&quot;:240}\">\u00a0<\/span><\/li>\n<\/ul>\n<p><span data-ccp-props=\"{&quot;201341983&quot;:0,&quot;335559739&quot;:0,&quot;335559740&quot;:240}\">\u00a0<\/span><b><i><\/i><\/b><\/p>\n<div id=\"attachment_85499\" style=\"width: 732px\" class=\"wp-caption aligncenter\"><a href=\"https:\/\/www.uv.mx\/prensa\/files\/2020\/07\/01072020-Webinar-seguridad-nacional-1.jpg\"><img loading=\"lazy\" decoding=\"async\" aria-describedby=\"caption-attachment-85499\" class=\"size-full wp-image-85499\" src=\"https:\/\/www.uv.mx\/prensa\/files\/2020\/07\/01072020-Webinar-seguridad-nacional-1.jpg\" alt=\"\" width=\"722\" height=\"402\" srcset=\"https:\/\/www.uv.mx\/prensa\/files\/2020\/07\/01072020-Webinar-seguridad-nacional-1.jpg 722w, https:\/\/www.uv.mx\/prensa\/files\/2020\/07\/01072020-Webinar-seguridad-nacional-1-300x167.jpg 300w\" sizes=\"auto, (max-width: 722px) 100vw, 722px\" \/><\/a><p id=\"caption-attachment-85499\" class=\"wp-caption-text\">Daniel Enrique Azuara Carrillo, asesor gubernamental en asuntos de seguridad nacional y derecho militar<\/p><\/div>\n<p><span data-ccp-props=\"{&quot;201341983&quot;:0,&quot;335559739&quot;:0,&quot;335559740&quot;:240}\">\u00a0<\/span><\/p>\n<p><span data-ccp-props=\"{&quot;201341983&quot;:0,&quot;335559739&quot;:0,&quot;335559740&quot;:240}\">\u00a0<\/span><\/p>\n<p><b><i><span data-contrast=\"auto\">Jos\u00e9 Luis <\/span><\/i><\/b><b><i><span data-contrast=\"auto\">Couttolenc<\/span><\/i><\/b><b><i><span data-contrast=\"auto\"> Soto<\/span><\/i><\/b><span data-ccp-props=\"{&quot;201341983&quot;:0,&quot;335559739&quot;:0,&quot;335559740&quot;:240}\">\u00a0<\/span><\/p>\n<p><b><i><span data-contrast=\"auto\">0<\/span><\/i><\/b><b><i><span data-contrast=\"auto\">4<\/span><\/i><\/b><b><i><span data-contrast=\"auto\">\/<\/span><\/i><\/b><b><i><span data-contrast=\"auto\">0<\/span><\/i><\/b><b><i><span data-contrast=\"auto\">7<\/span><\/i><\/b><b><i><span data-contrast=\"auto\">\/2020<\/span><\/i><\/b><b><i><span data-contrast=\"auto\">, Xalapa, <\/span><\/i><\/b><b><i><span data-contrast=\"auto\">Ver.-<\/span><\/i><\/b> <span data-contrast=\"auto\">Para a<\/span><span data-contrast=\"auto\">nalistas especializados en temas de seguridad<\/span><span data-contrast=\"auto\">, el trasiego<\/span><span data-contrast=\"auto\"> de armas que se da desde los Estados Unidos hacia M\u00e9xico constituye un tema de inseguridad fronteriza, adem\u00e1s de desempe\u00f1ar un papel importante entre los grupos del crimen organizado y delincuenciales que representan<\/span><span data-contrast=\"auto\"> tambi\u00e9n<\/span><span data-contrast=\"auto\"> amenazas para la seguridad nacional, aunado esto al riesgo latente que viven los mexicanos por la crisis del coronavirus Covid-19<\/span><span data-contrast=\"auto\">.<\/span><span data-ccp-props=\"{&quot;201341983&quot;:0,&quot;335559739&quot;:0,&quot;335559740&quot;:240}\">\u00a0<\/span><\/p>\n<p><span data-contrast=\"auto\">Invitados por el <a href=\"https:\/\/www.uv.mx\/iij\/\" target=\"_blank\" rel=\"noopener noreferrer\">Instituto de Investigaciones Jur\u00eddicas<\/a> (IIJ) de la Universidad Veracruzana (UV), tres especialistas en el tema participaron el lunes 29 de junio en el <\/span><span data-contrast=\"auto\">Webinar<\/span><span data-contrast=\"auto\"> \u201cLa <\/span><span data-contrast=\"auto\">s<\/span><span data-contrast=\"auto\">eguridad <\/span><span data-contrast=\"auto\">n<\/span><span data-contrast=\"auto\">acional en M\u00e9xico en la era del <\/span><span data-contrast=\"auto\">Covid<\/span><span data-contrast=\"auto\">. \u00bfUn nuevo paradigma para las insti<\/span><span data-contrast=\"auto\">tuciones de seguridad del pa\u00eds?<\/span><span data-ccp-props=\"{&quot;201341983&quot;:0,&quot;335559739&quot;:0,&quot;335559740&quot;:240}\">\u00a0<\/span><\/p>\n<p><span data-contrast=\"auto\">Daniel Enrique Azuara<\/span><span data-contrast=\"auto\"> Carrillo, asesor gubernamental en asuntos de seguridad nacional y derecho militar, afirm\u00f3<\/span><span data-contrast=\"auto\">:<\/span><span data-contrast=\"auto\"> \u201c<\/span><span data-contrast=\"auto\">P<\/span><span data-contrast=\"auto\">or acci\u00f3n u omisi\u00f3n, en algunos sexenios se permiti\u00f3 que se transfirieran armas de guerra hacia M\u00e9xico desestabilizando las regiones y poblaciones, lo que puso en vilo al pa\u00eds en materia de seguridad\u201d.<\/span><span data-ccp-props=\"{&quot;201341983&quot;:0,&quot;335559731&quot;:708,&quot;335559739&quot;:0,&quot;335559740&quot;:240}\">\u00a0<\/span><\/p>\n<p><span data-contrast=\"auto\">El experto<\/span><span data-contrast=\"auto\">, <\/span><span data-contrast=\"auto\">quien<\/span><span data-contrast=\"auto\"> ha sido cola<\/span><span data-contrast=\"auto\">borador e<\/span><span data-contrast=\"auto\">n las s<\/span><span data-contrast=\"auto\">ecretar\u00edas de la Defensa Nacional y de la Marina Ar<\/span><span data-contrast=\"auto\">mada de M\u00e9xico, record\u00f3 que el tema de la seguridad nacional est\u00e1 delimitado en el \u00e1mbito jur\u00eddico mexicano, ya que \u00e9sta es proporcionada por el Estado a su poblaci\u00f3n para que pueda desarrollarse plenamente en su potencial, y est\u00e9 en aptitud de co<\/span><span data-contrast=\"auto\">ntribuir al desarrollo nacional.<\/span><span data-ccp-props=\"{&quot;201341983&quot;:0,&quot;335559739&quot;:0,&quot;335559740&quot;:240}\">\u00a0<\/span><\/p>\n<p><span data-contrast=\"auto\">Azuara Carrillo<\/span><span data-contrast=\"auto\"> a<\/span><span data-contrast=\"auto\">punt\u00f3 que el orden constitucional se\u00f1ala que hay tres <\/span><span data-contrast=\"auto\">\u00e1mbitos<\/span> <span data-contrast=\"auto\">en donde la seguridad es parte de \u00e9l: el federal, <\/span><span data-contrast=\"auto\">el <\/span><span data-contrast=\"auto\">estatal y <\/span><span data-contrast=\"auto\">el <\/span><span data-contrast=\"auto\">municipal.<\/span><span data-ccp-props=\"{&quot;201341983&quot;:0,&quot;335559731&quot;:708,&quot;335559739&quot;:0,&quot;335559740&quot;:240}\">\u00a0<\/span><\/p>\n<p><span data-contrast=\"auto\">Desde su percepci\u00f3n, se cuenta con un sistema de seguridad nacional que se est\u00e1 tratando de reconstruir <\/span><span data-contrast=\"auto\">desde lo pol\u00edtico y lo jur\u00eddico;<\/span><span data-contrast=\"auto\"> \u201crecordemos las vulnerabilidades que se dieron a los derechos humanos<\/span><span data-contrast=\"auto\"> desde el desaparecido Centro de Investigaci\u00f3n y <\/span><span data-contrast=\"auto\">Seguridad Nacional, que se transfiri\u00f3 al Centro Nacional de Inteligencia con el fin de prevenir y dar viabilidad a las visiones<\/span><span data-contrast=\"auto\"> democr\u00e1ticas constitucionales\u201d.<\/span><span data-ccp-props=\"{&quot;201341983&quot;:0,&quot;335559739&quot;:0,&quot;335559740&quot;:240}\">\u00a0<\/span><\/p>\n<p><span data-contrast=\"auto\">A<\/span><span data-contrast=\"auto\">\u00f1adi\u00f3 que en 2004 se insert\u00f3 la facultad constitucional de que el Congreso de la Uni\u00f3n pueda legislar en materia de seguridad nacional, dando origen a la Ley de Seguridad Nacional a la que calific\u00f3 como \u201cantiqu\u00edsima y anacr\u00f3nica, que ya no sirve para los efectos de<\/span><span data-contrast=\"auto\">l<\/span><span data-contrast=\"auto\"> M\u00e9xico actual\u201d.<\/span><span data-ccp-props=\"{&quot;201341983&quot;:0,&quot;335559731&quot;:708,&quot;335559739&quot;:0,&quot;335559740&quot;:240}\">\u00a0<\/span><\/p>\n<p><span data-contrast=\"auto\">Fernando Chac\u00f3n Corral, asesor legislativo en el Senado de la Rep\u00fablica, h<\/span><span data-contrast=\"auto\">abl\u00f3 de<\/span><span data-contrast=\"auto\"> los estados de excepci\u00f3n democr\u00e1ticos y los autocr\u00e1ticos, que al tomar medidas en uno u otro presupuesto <\/span><span data-contrast=\"auto\">puede<\/span><span data-contrast=\"auto\"> tener consecuencias indeseables generando molestias a la ciudadan\u00eda<\/span><span data-contrast=\"auto\">.<\/span><span data-contrast=\"auto\"> \u201c<\/span><span data-contrast=\"auto\">S<\/span><span data-contrast=\"auto\">i se toman<\/span><span data-contrast=\"auto\">,<\/span><span data-contrast=\"auto\"> causan molestias<\/span><span data-contrast=\"auto\">;<\/span><span data-contrast=\"auto\"> si no se toman<\/span><span data-contrast=\"auto\">,<\/span><span data-contrast=\"auto\"> generan tambi\u00e9n malestar, entonces hay que tener mucha cautela y abrir consensos para enfrentar de mejor manera la pandemia\u201d.<\/span><span data-ccp-props=\"{&quot;201341983&quot;:0,&quot;335559739&quot;:0,&quot;335559740&quot;:240}\">\u00a0<\/span><\/p>\n<p>&nbsp;<\/p>\n<div id=\"attachment_85500\" style=\"width: 732px\" class=\"wp-caption aligncenter\"><a href=\"https:\/\/www.uv.mx\/prensa\/files\/2020\/07\/01072020-Webinar-seguridad-nacional-2.jpg\"><img loading=\"lazy\" decoding=\"async\" aria-describedby=\"caption-attachment-85500\" class=\"size-full wp-image-85500\" src=\"https:\/\/www.uv.mx\/prensa\/files\/2020\/07\/01072020-Webinar-seguridad-nacional-2.jpg\" alt=\"\" width=\"722\" height=\"402\" srcset=\"https:\/\/www.uv.mx\/prensa\/files\/2020\/07\/01072020-Webinar-seguridad-nacional-2.jpg 722w, https:\/\/www.uv.mx\/prensa\/files\/2020\/07\/01072020-Webinar-seguridad-nacional-2-300x167.jpg 300w\" sizes=\"auto, (max-width: 722px) 100vw, 722px\" \/><\/a><p id=\"caption-attachment-85500\" class=\"wp-caption-text\">En el webinar sobre seguridad nacional tambi\u00e9n particip\u00f3 Fernando Chac\u00f3n Corral, asesor legislativo en el Senado de la Rep\u00fablica<\/p><\/div>\n<p>&nbsp;<\/p>\n<p><span data-contrast=\"auto\">Cit\u00f3 <\/span><span data-contrast=\"auto\">a <\/span><span data-contrast=\"auto\">Francois<\/span><span data-contrast=\"auto\"> Saint-Bonnet, en el sentido de que \u201cel estado de excepci\u00f3n es un punto de desequilibrio entre el derec<\/span><span data-contrast=\"auto\">ho p\u00fablico y el hecho pol\u00edtico\u201d;<\/span><span data-contrast=\"auto\"> ejemplific\u00f3 el caso de Ciudad Ju\u00e1rez, Chihuahua,<\/span><span data-contrast=\"auto\"> en donde el alcalde Armando Cab<\/span><span data-contrast=\"auto\">ada <\/span><span data-contrast=\"auto\">Alv\u00eddrez<\/span><span data-contrast=\"auto\"> emiti\u00f3 un decreto <\/span><span data-contrast=\"auto\">para que<\/span><span data-contrast=\"auto\"> toda persona que permaneciera en la calle <\/span><span data-contrast=\"auto\">fuera<\/span><span data-contrast=\"auto\"> escrupulosamente revisada, acci\u00f3n contraria al decreto federal, que constituye<\/span><span data-contrast=\"auto\"> adem\u00e1s<\/span><span data-contrast=\"auto\"> una acci\u00f3n inconstitucional <\/span><span data-contrast=\"auto\">pues<\/span><span data-contrast=\"auto\"> vulnera las garant\u00edas individuales de las personas, dado que en ello no existe un debido proceso.<\/span><span data-ccp-props=\"{&quot;201341983&quot;:0,&quot;335559739&quot;:0,&quot;335559740&quot;:240}\">\u00a0<\/span><\/p>\n<p><span data-contrast=\"auto\">Chac\u00f3n Corral asent\u00f3 que desde el <\/span><span data-contrast=\"auto\">c<\/span><span data-contrast=\"auto\">alderonismo<\/span> <span data-contrast=\"auto\">Ciudad Ju\u00e1rez vive un fascismo social que se formaliza bajo la <\/span><span data-contrast=\"auto\">\u201c<\/span><span data-contrast=\"auto\">ley del garrote<\/span><span data-contrast=\"auto\">\u201d<\/span><span data-contrast=\"auto\">, en donde impera la pol\u00edtica policiaca, del \u201cpor eso fue\u201d y \u201cvamos a revisarlo, hay de usted si no nos hace caso\u201d.<\/span><span data-ccp-props=\"{&quot;201341983&quot;:0,&quot;335559739&quot;:0,&quot;335559740&quot;:240}\">\u00a0<\/span><\/p>\n<p><span data-contrast=\"auto\">Hugo Ernesto Hern\u00e1ndez Carrasco, <\/span><span data-contrast=\"auto\">m<\/span><span data-contrast=\"auto\">aestr<\/span><span data-contrast=\"auto\">o <\/span><span data-contrast=\"auto\">en Defensa Nacional por la Escuela de Defensa Nacional de Argentina y catedr\u00e1tico <\/span><span data-contrast=\"auto\">d<\/span><span data-contrast=\"auto\">e la Benem\u00e9rita Universidad Aut\u00f3noma de Puebla<\/span> <span data-contrast=\"auto\">(<\/span><span data-contrast=\"auto\">BUAP<\/span><span data-contrast=\"auto\">)<\/span><span data-contrast=\"auto\">, habl\u00f3 <\/span><span data-contrast=\"auto\">de<\/span><span data-contrast=\"auto\"> la seguridad y el equilibrio de las libertades<\/span><span data-contrast=\"auto\">;<\/span><span data-contrast=\"auto\"> opin\u00f3<\/span><span data-contrast=\"auto\"> que<\/span> <span data-contrast=\"auto\">en el sexenio de Felipe Calder\u00f3n Hinojosa \u201cse vio al ciudadano como un potencial enemigo, pero un ciudadano primero tiene que ser juzgado y no ver como primera opci\u00f3n asesinarlo, esto tiene mucho que ver con la seguridad y la libertad\u201d.<\/span><span data-ccp-props=\"{&quot;201341983&quot;:0,&quot;335559739&quot;:0,&quot;335559740&quot;:240}\">\u00a0<\/span><\/p>\n<p><span data-contrast=\"auto\">Se pronunci\u00f3 por un debate a fondo sobre el tema del federalismo y la seguridad \u201cpara saber qu\u00e9 pasa con nuestro federalismo en t\u00e9rminos de seguridad, salud, derechos humanos, educaci\u00f3n y justicia; se tienen que replantea<\/span><span data-contrast=\"auto\">r algunas cosas a nivel federal<\/span><span data-contrast=\"auto\"> porque lamentablemente a nivel local se han registrado casos <\/span><span data-contrast=\"auto\">que hacen<\/span><span data-contrast=\"auto\"> ver que las polic\u00edas municipales no deber\u00edan existir porque son <\/span><span data-contrast=\"auto\">co<\/span><span data-contrast=\"auto\">optables<\/span><span data-contrast=\"auto\"> por el narcotr\u00e1fico, y \u00e9<\/span><span data-contrast=\"auto\">se es un gasto innecesario en donde la tarea de <\/span><span data-contrast=\"auto\">seguridad deber\u00edan asumirla la G<\/span><span data-contrast=\"auto\">uardia <\/span><span data-contrast=\"auto\">N<\/span><span data-contrast=\"auto\">acional y la <\/span><span data-contrast=\"auto\">P<\/span><span data-contrast=\"auto\">olic\u00eda <\/span><span data-contrast=\"auto\">E<\/span><span data-contrast=\"auto\">statal\u201d.<\/span><span data-ccp-props=\"{&quot;201341983&quot;:0,&quot;335559739&quot;:0,&quot;335559740&quot;:240}\">\u00a0<\/span><\/p>\n<p><span data-contrast=\"auto\">Sin embargo, reconoci\u00f3 que tomar medidas para incrementar el presupuesto destinado a la seguridad p\u00fablica \u201cpuede implicar descobijar otros rubros como la salud y la educaci\u00f3n, lo cual generar\u00eda consecuencias no deseadas y molestias a la ciudadan\u00eda<\/span><span data-contrast=\"auto\">, pero se dice tambi\u00e9n que para fortalecer<\/span><span data-contrast=\"auto\"> la seguridad hay que gestionar<\/span><span data-contrast=\"auto\"> desde lo local, de abajo hacia arriba, y entonces nuestro federalismo \u00bfsigue siendo funcional?<\/span><span data-contrast=\"auto\">\u201d<\/span><span data-contrast=\"auto\">, concluy\u00f3.<\/span><span data-ccp-props=\"{&quot;201341983&quot;:0,&quot;335559739&quot;:0,&quot;335559740&quot;:240}\">\u00a0<\/span><\/p>\n<p><span data-ccp-props=\"{&quot;201341983&quot;:0,&quot;335559739&quot;:0,&quot;335559740&quot;:240}\">\u00a0<\/span><\/p>\n<div id=\"attachment_85501\" style=\"width: 732px\" class=\"wp-caption aligncenter\"><a href=\"https:\/\/www.uv.mx\/prensa\/files\/2020\/07\/01072020-Webinar-seguridad-nacional-3.jpg\"><img loading=\"lazy\" decoding=\"async\" aria-describedby=\"caption-attachment-85501\" class=\"size-full wp-image-85501\" src=\"https:\/\/www.uv.mx\/prensa\/files\/2020\/07\/01072020-Webinar-seguridad-nacional-3.jpg\" alt=\"\" width=\"722\" height=\"398\" srcset=\"https:\/\/www.uv.mx\/prensa\/files\/2020\/07\/01072020-Webinar-seguridad-nacional-3.jpg 722w, https:\/\/www.uv.mx\/prensa\/files\/2020\/07\/01072020-Webinar-seguridad-nacional-3-300x165.jpg 300w\" sizes=\"auto, (max-width: 722px) 100vw, 722px\" \/><\/a><p id=\"caption-attachment-85501\" class=\"wp-caption-text\">Hugo Ernesto Hern\u00e1ndez Carrasco, catedr\u00e1tico de la BUAP, fue el tercer analista participante en la conferencia en l\u00ednea<\/p><\/div>\n","protected":false},"excerpt":{"rendered":"<p>Desde el calderonismo, Ciudad Ju\u00e1rez vive un fascismo social que se formaliza bajo la \u201cley del garrote\u201d, donde impera la pol\u00edtica policiaca, del \u201cpor eso fue\u201d y \u201cvamos a revisarlo, hay de usted si no nos hace caso\u201d\u00a0<\/p>\n","protected":false},"author":1869,"featured_media":85498,"comment_status":"closed","ping_status":"closed","sticky":false,"template":"","format":"standard","meta":{"footnotes":""},"categories":[61],"tags":[],"class_list":["post-85497","post","type-post","status-publish","format-standard","has-post-thumbnail","hentry","category-banner"],"_links":{"self":[{"href":"https:\/\/www.uv.mx\/prensa\/wp-json\/wp\/v2\/posts\/85497","targetHints":{"allow":["GET"]}}],"collection":[{"href":"https:\/\/www.uv.mx\/prensa\/wp-json\/wp\/v2\/posts"}],"about":[{"href":"https:\/\/www.uv.mx\/prensa\/wp-json\/wp\/v2\/types\/post"}],"author":[{"embeddable":true,"href":"https:\/\/www.uv.mx\/prensa\/wp-json\/wp\/v2\/users\/1869"}],"replies":[{"embeddable":true,"href":"https:\/\/www.uv.mx\/prensa\/wp-json\/wp\/v2\/comments?post=85497"}],"version-history":[{"count":0,"href":"https:\/\/www.uv.mx\/prensa\/wp-json\/wp\/v2\/posts\/85497\/revisions"}],"wp:featuredmedia":[{"embeddable":true,"href":"https:\/\/www.uv.mx\/prensa\/wp-json\/wp\/v2\/media\/85498"}],"wp:attachment":[{"href":"https:\/\/www.uv.mx\/prensa\/wp-json\/wp\/v2\/media?parent=85497"}],"wp:term":[{"taxonomy":"category","embeddable":true,"href":"https:\/\/www.uv.mx\/prensa\/wp-json\/wp\/v2\/categories?post=85497"},{"taxonomy":"post_tag","embeddable":true,"href":"https:\/\/www.uv.mx\/prensa\/wp-json\/wp\/v2\/tags?post=85497"}],"curies":[{"name":"wp","href":"https:\/\/api.w.org\/{rel}","templated":true}]}}