{"id":85287,"date":"2020-06-29T15:00:59","date_gmt":"2020-06-29T20:00:59","guid":{"rendered":"https:\/\/www.uv.mx\/prensa\/?p=85287"},"modified":"2020-06-30T10:06:55","modified_gmt":"2020-06-30T15:06:55","slug":"uvi-es-socialmente-responsable-jose-othon-flores","status":"publish","type":"post","link":"https:\/\/www.uv.mx\/prensa\/general\/uvi-es-socialmente-responsable-jose-othon-flores\/","title":{"rendered":"UVI es socialmente responsable: Jos\u00e9 Oth\u00f3n Flores"},"content":{"rendered":"<ul>\n<li data-leveltext=\"\uf0b7\" data-font=\"Symbol\" data-listid=\"5\" data-aria-posinset=\"1\" data-aria-level=\"1\"><i><span data-contrast=\"auto\">Junto con la internacio<\/span><\/i><i><span data-contrast=\"auto\">nalizaci\u00f3n y la sustentabilidad, la responsabilidad social <\/span><\/i><i><span data-contrast=\"auto\">forma parte de las actividades transversales de esta casa de estudios<\/span><\/i><span data-ccp-props=\"{}\">\u00a0<\/span><\/li>\n<li data-leveltext=\"\uf0b7\" data-font=\"Symbol\" data-listid=\"5\" data-aria-posinset=\"2\" data-aria-level=\"1\"><i><span data-contrast=\"auto\">Los Observatorios Regionales de Responsabilidad Social Universitaria (ORSU) como la UVI son dependencias claves para ejercer la pol\u00edtica de responsabilidad social<\/span><\/i><i><span data-contrast=\"auto\"> en la Universidad Veracruzana<\/span><\/i><span data-ccp-props=\"{}\">\u00a0<\/span><\/li>\n<\/ul>\n<div id=\"attachment_61455\" style=\"width: 732px\" class=\"wp-caption aligncenter\"><a href=\"https:\/\/www.uv.mx\/prensa\/files\/2019\/01\/220119-PAOLA-Informe-CUO-1.jpg\"><img loading=\"lazy\" decoding=\"async\" aria-describedby=\"caption-attachment-61455\" class=\"size-full wp-image-61455\" src=\"https:\/\/www.uv.mx\/prensa\/files\/2019\/01\/220119-PAOLA-Informe-CUO-1.jpg\" alt=\"\" width=\"722\" height=\"481\" srcset=\"https:\/\/www.uv.mx\/prensa\/files\/2019\/01\/220119-PAOLA-Informe-CUO-1.jpg 722w, https:\/\/www.uv.mx\/prensa\/files\/2019\/01\/220119-PAOLA-Informe-CUO-1-300x200.jpg 300w\" sizes=\"auto, (max-width: 722px) 100vw, 722px\" \/><\/a><p id=\"caption-attachment-61455\" class=\"wp-caption-text\">Jos\u00e9 Oth\u00f3n Flores<span data-contrast=\"auto\">, titular de la Coordinaci\u00f3n Universitaria de Observatorios<\/span><\/p><\/div>\n<p><b><i><span data-contrast=\"auto\">Carlos Hugo Hermida Rosales<\/span><\/i><\/b><span data-ccp-props=\"{}\">\u00a0<\/span><\/p>\n<p><b><i><span data-contrast=\"auto\">2<\/span><\/i><\/b><b><i><span data-contrast=\"auto\">9<\/span><\/i><\/b><b><i><span data-contrast=\"auto\">\/06\/<\/span><\/i><\/b><b><i><span data-contrast=\"auto\">2020<\/span><\/i><\/b><b><i><span data-contrast=\"auto\">,<\/span><\/i><\/b> <b><i><span data-contrast=\"auto\">Xalapa, <\/span><\/i><\/b><b><i><span data-contrast=\"auto\">Ver.<\/span><\/i><\/b><b><i><span data-contrast=\"auto\">&#8211;<\/span><\/i><\/b> <span data-contrast=\"auto\">La <\/span><span data-contrast=\"auto\">responsabilidad social forma parte del ADN de la Universidad Veracruzana (UV), y junto con la internacionalizaci\u00f3n y la sustentabilidad es de las actividades transversales <\/span><span data-contrast=\"auto\">de esta casa de estudios, afirm\u00f3 <\/span><span data-contrast=\"auto\">Jos\u00e9 Oth\u00f3n Flores Consejo, titular de la <a href=\"https:\/\/www.uv.mx\/cuo\/\" target=\"_blank\" rel=\"noopener noreferrer\">Coordinaci\u00f3n Universitaria de Observatorios<\/a><\/span><span data-contrast=\"auto\"> (CUO).<\/span><span data-ccp-props=\"{}\">\u00a0<\/span><\/p>\n<p><span data-contrast=\"auto\">Oth\u00f3n Flores imparti\u00f3 el 25 de junio la conferencia virtual <\/span><span data-contrast=\"auto\">\u201cLa Universi<\/span><span data-contrast=\"auto\">dad Veracruzana Intercultural: u<\/span><span data-contrast=\"auto\">na experiencia socialmente responsable\u201d<\/span><span data-contrast=\"auto\">, dentro del <\/span><span data-contrast=\"auto\">Foro Regional Selva de Responsabilidad Universitaria <\/span><span data-contrast=\"auto\">\u201c<\/span><span data-contrast=\"auto\">Fortaleciendo <\/span><span data-contrast=\"auto\">c<\/span><span data-contrast=\"auto\">riterios y <\/span><span data-contrast=\"auto\">e<\/span><span data-contrast=\"auto\">nlazando <\/span><span data-contrast=\"auto\">a<\/span><span data-contrast=\"auto\">cciones de <\/span><span data-contrast=\"auto\">i<\/span><span data-contrast=\"auto\">ntegraci\u00f3n <\/span><span data-contrast=\"auto\">i<\/span><span data-contrast=\"auto\">nstitucio<\/span><span data-contrast=\"auto\">nal para una <\/span><span data-contrast=\"auto\">a<\/span><span data-contrast=\"auto\">cademia <\/span><span data-contrast=\"auto\">s<\/span><span data-contrast=\"auto\">olidaria<\/span><span data-contrast=\"auto\">\u201d<\/span><span data-contrast=\"auto\">, organizado por la <\/span><span data-contrast=\"auto\">Universidad Nacional Agraria de la Selva<\/span><span data-contrast=\"auto\"> de Per\u00fa.<\/span><span data-ccp-props=\"{&quot;335559731&quot;:708}\">\u00a0<\/span><\/p>\n<p><span data-contrast=\"auto\">Asegur\u00f3 que la UV cuenta con una pol\u00edtica de responsabilidad social que es respetada en todas sus dependencias.<\/span><span data-ccp-props=\"{&quot;335559731&quot;:708}\">\u00a0<\/span><\/p>\n<p><span data-contrast=\"auto\">Mencion\u00f3 que las funciones sustantivas de esta casa de estudios son la docencia,<\/span> <span data-contrast=\"auto\">la investigaci\u00f3n, la difusi\u00f3n y creaci\u00f3n de la cultura, y la extensi\u00f3n de los servicios universitarios, mismas que deben cumplirse con calidad, pertinencia, equidad y<\/span> <span data-contrast=\"auto\">en vinculaci\u00f3n permanente<\/span> <span data-contrast=\"auto\">con los diferentes sectores sociales que generen y distribuyan conocimientos para el desarrollo equitativo y sostenible.<\/span><span data-ccp-props=\"{&quot;335559731&quot;:708}\">\u00a0<\/span><\/p>\n<p><span data-contrast=\"auto\">Manifest\u00f3 que estas funciones tienen el compromiso de enfocarse a la soluci\u00f3n de problemas sociales al considerar cuatro procesos b\u00e1sicos: formaci\u00f3n de ciudadanos conscientes y comprometidos, generaci\u00f3n y difusi\u00f3n de conocimientos socialmente pertinentes, gesti\u00f3n \u00e9tica y sustentable de la universidad, y participaci\u00f3n social para un desa<\/span><span data-contrast=\"auto\">rrollo equitativo y sostenible.<\/span><span data-ccp-props=\"{&quot;335559731&quot;:708}\">\u00a0<\/span><\/p>\n<p><span data-contrast=\"auto\">Oth\u00f3n Flores<\/span> <span data-contrast=\"auto\">a<\/span><span data-contrast=\"auto\">se<\/span><span data-contrast=\"auto\">gur<\/span><span data-contrast=\"auto\">\u00f3 que tanto los <\/span><span data-contrast=\"auto\">Observatorios Regionales de Responsabilidad Social Universitaria (ORSU) <\/span><span data-contrast=\"auto\">como la Universidad Veracruzana Intercultural (UVI), son dependencias claves para ejercer la pol\u00edtica de responsabilidad social.<\/span><span data-ccp-props=\"{&quot;335559731&quot;:708}\">\u00a0<\/span><\/p>\n<p><span data-contrast=\"auto\">Comparti\u00f3 que los ORSU<\/span> <span data-contrast=\"auto\">son espacios constituidos por miembros de la <\/span><span data-contrast=\"auto\">UV <\/span><span data-contrast=\"auto\">y <\/span><span data-contrast=\"auto\">actores <\/span><span data-contrast=\"auto\">de la sociedad que tienen alg\u00fan inter\u00e9s sobre los resultados y funcionamiento de<\/span><span data-contrast=\"auto\"> esta instituci\u00f3n educativa.<\/span><span data-contrast=\"auto\">\u00a0<\/span><span data-ccp-props=\"{&quot;335559731&quot;:708}\">\u00a0<\/span><\/p>\n<p><span data-contrast=\"auto\">Explic\u00f3 que contribuyen <\/span><span data-contrast=\"auto\">a la mejora continua de los procesos de generaci\u00f3n de conocimiento y de formaci\u00f3n integral de los egresados, congruente con la realidad que habr\u00e1n de enfrentar en su desempe\u00f1o<\/span><span data-contrast=\"auto\"> profesional y actuaci\u00f3n social<\/span><span data-contrast=\"auto\">, as\u00ed como <\/span><span data-contrast=\"auto\">del<\/span><span data-contrast=\"auto\"> impacto de la operaci\u00f3n<\/span> <span data-contrast=\"auto\">y actividades universitarias, a trav\u00e9s del monitoreo <\/span><span data-contrast=\"auto\">sistem\u00e1tico<\/span><span data-contrast=\"auto\"> y evaluaci\u00f3n de indicadores obtenidos en la propia sociedad<\/span><span data-contrast=\"auto\">.<\/span><span data-ccp-props=\"{&quot;335559731&quot;:708}\">\u00a0<\/span><\/p>\n<p><span data-contrast=\"auto\">Detall\u00f3 que por su parte la UVI \u2013que cuenta con cuatro sedes ubicadas en El Espinal, <\/span><span data-contrast=\"auto\">Ixhuatl\u00e1n<\/span><span data-contrast=\"auto\"> de Madero, <\/span><span data-contrast=\"auto\">Huazuntl\u00e1n<\/span><span data-contrast=\"auto\"> y<\/span><span data-contrast=\"auto\"> Tequila\u2013<\/span><span data-contrast=\"auto\"> tiene por objetivo contribuir a explorar, comprender y caracterizar el fen\u00f3meno de la diversidad cultural del estado de Veracruz, y su manifestaci\u00f3n en procesos educativos interculturales.<\/span><span data-ccp-props=\"{&quot;335559731&quot;:708}\">\u00a0<\/span><\/p>\n<p><span data-contrast=\"auto\">Destac\u00f3 que<\/span> <span data-contrast=\"auto\">la fortaleza de la UVI es<\/span><span data-contrast=\"auto\">,<\/span> <span data-contrast=\"auto\">adem\u00e1s de ense\u00f1ar<\/span><span data-contrast=\"auto\">,<\/span><span data-contrast=\"auto\"> aprende<\/span><span data-contrast=\"auto\">r<\/span><span data-contrast=\"auto\"> de la cultura de los pueblos originarios de las regiones donde tienen presencia, a trav\u00e9s de un intercambio acad\u00e9mico que fomenta la construcci\u00f3n de saberes.<\/span><span data-ccp-props=\"{&quot;335559731&quot;:708}\">\u00a0<\/span><\/p>\n<p><span data-contrast=\"auto\">\u201cLos programas de estudio de esta dependencia de la UV se adaptan a las culturas locales, lo que permite que se realice una construcci\u00f3n social del conocimiento, y fortalecer potencialidades de las regiones interculturales del estado de Veracruz\u201d, enunci\u00f3.\u00a0<\/span><span data-ccp-props=\"{&quot;335559731&quot;:708}\">\u00a0<\/span><\/p>\n<p><span data-contrast=\"auto\">Oth\u00f3n Flores manifest\u00f3 que el Covid-19 desencaden\u00f3 una situaci\u00f3n que tom\u00f3 por sorpresa a todo el sector educativo, ante lo que los miembros de la UV trabajan arduamente para s<\/span><span data-contrast=\"auto\">uperar la incertidumbre y<\/span><span data-contrast=\"auto\"> rehacer calendarios acad\u00e9micos<\/span><span data-contrast=\"auto\"> sobre la marcha.<\/span><span data-ccp-props=\"{&quot;335559731&quot;:708}\">\u00a0<\/span><\/p>\n<p><span data-contrast=\"auto\">\u201cEsta pandemia dar\u00e1 la oportunidad de recopilar informaci\u00f3n para crear una nueva forma de reaccionar ante problemas similares\u201d, concluy\u00f3.\u00a0<\/span><span data-ccp-props=\"{&quot;335559731&quot;:708}\">\u00a0<\/span><\/p>\n","protected":false},"excerpt":{"rendered":"<p>Junto con la internacionalizaci\u00f3n y la sustentabilidad, la responsabilidad social forma parte de las actividades transversales de esta casa de estudios\u00a0<\/p>\n","protected":false},"author":1508,"featured_media":61455,"comment_status":"closed","ping_status":"closed","sticky":false,"template":"","format":"standard","meta":{"footnotes":""},"categories":[1],"tags":[],"class_list":["post-85287","post","type-post","status-publish","format-standard","has-post-thumbnail","hentry","category-general"],"_links":{"self":[{"href":"https:\/\/www.uv.mx\/prensa\/wp-json\/wp\/v2\/posts\/85287","targetHints":{"allow":["GET"]}}],"collection":[{"href":"https:\/\/www.uv.mx\/prensa\/wp-json\/wp\/v2\/posts"}],"about":[{"href":"https:\/\/www.uv.mx\/prensa\/wp-json\/wp\/v2\/types\/post"}],"author":[{"embeddable":true,"href":"https:\/\/www.uv.mx\/prensa\/wp-json\/wp\/v2\/users\/1508"}],"replies":[{"embeddable":true,"href":"https:\/\/www.uv.mx\/prensa\/wp-json\/wp\/v2\/comments?post=85287"}],"version-history":[{"count":0,"href":"https:\/\/www.uv.mx\/prensa\/wp-json\/wp\/v2\/posts\/85287\/revisions"}],"wp:featuredmedia":[{"embeddable":true,"href":"https:\/\/www.uv.mx\/prensa\/wp-json\/wp\/v2\/media\/61455"}],"wp:attachment":[{"href":"https:\/\/www.uv.mx\/prensa\/wp-json\/wp\/v2\/media?parent=85287"}],"wp:term":[{"taxonomy":"category","embeddable":true,"href":"https:\/\/www.uv.mx\/prensa\/wp-json\/wp\/v2\/categories?post=85287"},{"taxonomy":"post_tag","embeddable":true,"href":"https:\/\/www.uv.mx\/prensa\/wp-json\/wp\/v2\/tags?post=85287"}],"curies":[{"name":"wp","href":"https:\/\/api.w.org\/{rel}","templated":true}]}}