{"id":85254,"date":"2020-06-28T08:00:32","date_gmt":"2020-06-28T13:00:32","guid":{"rendered":"https:\/\/www.uv.mx\/prensa\/?p=85254"},"modified":"2020-06-29T11:19:51","modified_gmt":"2020-06-29T16:19:51","slug":"periodismo-a-merced-de-la-violencia-ejercida-desde-el-poder","status":"publish","type":"post","link":"https:\/\/www.uv.mx\/prensa\/general\/periodismo-a-merced-de-la-violencia-ejercida-desde-el-poder\/","title":{"rendered":"Periodismo, a merced de la violencia ejercida desde el poder"},"content":{"rendered":"<ul>\n<li data-leveltext=\"\u25cf\" data-font=\"Arial, Arial_MSFontService, sans-serif\" data-listid=\"1\" data-aria-posinset=\"1\" data-aria-level=\"1\"><i><span data-contrast=\"auto\">En el Primer <\/span><\/i><i><span data-contrast=\"auto\">E<\/span><\/i><i><span data-contrast=\"auto\">ncuentro <\/span><\/i><i><span data-contrast=\"auto\">E<\/span><\/i><i><span data-contrast=\"auto\">gresados del Doctorado en Historia y Estudios Regionales <\/span><\/i><i><span data-contrast=\"auto\">se abord\u00f3 el tema en diversos contextos<\/span><\/i><span data-ccp-props=\"{&quot;201341983&quot;:0,&quot;335559740&quot;:240}\">\u00a0<\/span><\/li>\n<li data-leveltext=\"\u25cf\" data-font=\"Arial, Arial_MSFontService, sans-serif\" data-listid=\"1\" data-aria-posinset=\"2\" data-aria-level=\"1\"><i><span data-contrast=\"auto\">Participaron integrantes de varias generaciones del posgrado<\/span><\/i><i><span data-contrast=\"auto\">,<\/span><\/i><i><span data-contrast=\"auto\"> adscrito al Instituto de Investigaciones Hist\u00f3rico-Sociales de la UV<\/span><\/i><span data-ccp-props=\"{&quot;201341983&quot;:0,&quot;335559740&quot;:240}\">\u00a0<\/span><\/li>\n<\/ul>\n<div id=\"attachment_85253\" style=\"width: 740px\" class=\"wp-caption aligncenter\"><a href=\"https:\/\/www.uv.mx\/prensa\/files\/2020\/06\/250620-DAVID-Inaug-y-mesa-2-encuentro-egresados-DHER-1.jpg\"><img loading=\"lazy\" decoding=\"async\" aria-describedby=\"caption-attachment-85253\" class=\"size-full wp-image-85253\" src=\"https:\/\/www.uv.mx\/prensa\/files\/2020\/06\/250620-DAVID-Inaug-y-mesa-2-encuentro-egresados-DHER-1.jpg\" alt=\"\" width=\"730\" height=\"481\" srcset=\"https:\/\/www.uv.mx\/prensa\/files\/2020\/06\/250620-DAVID-Inaug-y-mesa-2-encuentro-egresados-DHER-1.jpg 730w, https:\/\/www.uv.mx\/prensa\/files\/2020\/06\/250620-DAVID-Inaug-y-mesa-2-encuentro-egresados-DHER-1-300x198.jpg 300w\" sizes=\"auto, (max-width: 730px) 100vw, 730px\" \/><\/a><p id=\"caption-attachment-85253\" class=\"wp-caption-text\">Egresados y acad\u00e9micos del Doctorado en Historia y Estudios Regionales se reunieron virtualmente<\/p><\/div>\n<p><b><i><span data-contrast=\"auto\">David Sandoval Rodr\u00edguez<\/span><\/i><\/b><span data-ccp-props=\"{&quot;201341983&quot;:0,&quot;335559740&quot;:240}\">\u00a0<\/span><\/p>\n<p><b><i><span data-contrast=\"auto\">2<\/span><\/i><\/b><b><i><span data-contrast=\"auto\">8<\/span><\/i><\/b><b><i><span data-contrast=\"auto\">\/06\/20<\/span><\/i><\/b><b><i><span data-contrast=\"auto\">20,<\/span><\/i><\/b><b><i><span data-contrast=\"auto\"> Xalapa, Ver.-<\/span><\/i><\/b><span data-contrast=\"auto\"> La relaci\u00f3n entre los actores del poder y los periodistas ha estado marcada <\/span><span data-contrast=\"auto\">por una tensi\u00f3n que pone en riesgo la integridad de los trabajadores de prensa, expusieron los participantes en la <\/span><span data-contrast=\"auto\">M<\/span><span data-contrast=\"auto\">esa \u201cPeriodismo y violencia\u201d del Primer <\/span><span data-contrast=\"auto\">E<\/span><span data-contrast=\"auto\">ncuentro <\/span><span data-contrast=\"auto\">E<\/span><span data-contrast=\"auto\">gresados del Doctorado en Historia y Estudios Regionales (DHER) de la Universidad Veracru<\/span><span data-contrast=\"auto\">zana (UV).<\/span><span data-ccp-props=\"{&quot;201341983&quot;:0,&quot;335559740&quot;:240}\">\u00a0<\/span><\/p>\n<p><span data-contrast=\"auto\">Al inaugurar formalmente las actividades a trav\u00e9s de videoconferencia, <\/span><span data-contrast=\"auto\">Filiberta<\/span><span data-contrast=\"auto\"> G\u00f3mez Cruz, directora del <a href=\"https:\/\/www.uv.mx\/iihs\/\" target=\"_blank\" rel=\"noopener noreferrer\">Instituto de Investigaciones Hist\u00f3rico-Sociales<\/a> (IIHS), <\/span><span data-contrast=\"auto\">se\u00f1al\u00f3 que \u201cen este primer encuentro nos ha tocado incorpora<\/span><span data-contrast=\"auto\">rnos al desarrollo de actividades que fortalezcan nuestro quehacer con herramientas de la era digital\u201d.<\/span><span data-ccp-props=\"{&quot;201341983&quot;:0,&quot;335559731&quot;:720,&quot;335559740&quot;:240}\">\u00a0<\/span><\/p>\n<p><span data-contrast=\"auto\">Agradeci\u00f3 a los organizadores por esta oportuna iniciativa para reunir a los egresados de este posgrado de excelencia, que al d\u00eda de hoy se sit\u00faan en el<\/span><span data-contrast=\"auto\"> quehacer acad\u00e9mico en instituciones <\/span><span data-contrast=\"auto\">de<\/span><span data-contrast=\"auto\"> varias regiones del pa\u00eds y <\/span><span data-contrast=\"auto\">el extranjero.<\/span> <span data-contrast=\"auto\">\u201cEste intercambio marcar\u00e1 el camino a seguir<\/span><span data-contrast=\"auto\">,<\/span><span data-contrast=\"auto\"> de modo que participen todas las generaciones\u201d, afirm\u00f3.<\/span><span data-ccp-props=\"{&quot;201341983&quot;:0,&quot;335559731&quot;:720,&quot;335559740&quot;:240}\">\u00a0<\/span><\/p>\n<p><span data-contrast=\"auto\">Por parte del comit\u00e9 organizador habl\u00f3 el egresado Felipe Bustos Gonz\u00e1le<\/span><span data-contrast=\"auto\">z, quien destac\u00f3 la posibilidad de haber reunido egresados de varias generaciones del doctorado, \u201cun legado para ir construyendo nuestras investigaciones\u201d que permite conocer en qu\u00e9 han avanzado.<\/span><span data-ccp-props=\"{&quot;201341983&quot;:0,&quot;335559731&quot;:720,&quot;335559740&quot;:240}\">\u00a0<\/span><\/p>\n<p><span data-contrast=\"auto\">Asimismo, <\/span><span data-contrast=\"auto\">\u00d3scar Fernando L\u00f3pez <\/span><span data-contrast=\"auto\">Meraz<\/span><span data-contrast=\"auto\"> lo calific\u00f3<\/span><span data-contrast=\"auto\"> como \u201cun ejercicio que esperamos sistematizar y realizar en mejores condiciones, para tener de manera recurrente este tipo de encuentros y que se sumen m\u00e1s egresados a la iniciativa\u201d<\/span><span data-contrast=\"auto\">.<\/span><span data-ccp-props=\"{&quot;201341983&quot;:0,&quot;335559731&quot;:720,&quot;335559740&quot;:240}\">\u00a0<\/span><\/p>\n<p><span data-contrast=\"auto\">Luis Garc\u00eda Ruiz, acad\u00e9mico coordinador del DHER, coment\u00f3 que el posgrad<\/span><span data-contrast=\"auto\">o suma<\/span><span data-contrast=\"auto\"> nueve generaciones y est\u00e1 pr\u00f3ximo a cumplir 25 <\/span><span data-contrast=\"auto\">a\u00f1os, mientras que en el evento<\/span> <span data-contrast=\"auto\">\u2013<\/span><span data-contrast=\"auto\">que abarcar\u00e1 los d\u00edas 25 y 26 de junio<\/span><span data-contrast=\"auto\">\u2013<\/span><span data-contrast=\"auto\"> est\u00e1n rep<\/span><span data-contrast=\"auto\">resentadas varias generaciones.<\/span><span data-ccp-props=\"{&quot;201341983&quot;:0,&quot;335559731&quot;:720,&quot;335559740&quot;:240}\">\u00a0<\/span><\/p>\n<p><span data-contrast=\"auto\">Guadalupe H. Mar, Jos\u00e9 Luis Cerd\u00e1n y Eduardo Gabriel Barrios expusieron el trabajo \u201cVi<\/span><span data-contrast=\"auto\">olencia y precariedad laboral entre los periodistas del <\/span><span data-contrast=\"auto\">e<\/span><span data-contrast=\"auto\">stado de Veracruz\u201d, producto de su trabajo como <\/span><span data-contrast=\"auto\">acad\u00e9micos al interior de la Facultad de Ciencias <\/span><span data-contrast=\"auto\">de la Comunicaci\u00f3n de la UV.<\/span><span data-ccp-props=\"{&quot;201341983&quot;:0,&quot;335559731&quot;:720,&quot;335559740&quot;:240}\">\u00a0<\/span><\/p>\n<p><span data-contrast=\"auto\">Mediante un estudio agrupado en ocho regiones de la entidad b<\/span><span data-contrast=\"auto\">uscaron identificar las condiciones generales de trabajo de los periodistas y se incluy\u00f3 los niveles de satisfacci\u00f3n laboral aplicando un cuestionario a 154 periodistas, 65 de ellos mujeres.<\/span><span data-ccp-props=\"{&quot;201341983&quot;:0,&quot;335559731&quot;:720,&quot;335559740&quot;:240}\">\u00a0<\/span><\/p>\n<div id=\"attachment_85252\" style=\"width: 740px\" class=\"wp-caption aligncenter\"><a href=\"https:\/\/www.uv.mx\/prensa\/files\/2020\/06\/250620-DAVID-Inaug-y-mesa-2-encuentro-egresados-DHER-2.jpg\"><img loading=\"lazy\" decoding=\"async\" aria-describedby=\"caption-attachment-85252\" class=\"size-full wp-image-85252\" src=\"https:\/\/www.uv.mx\/prensa\/files\/2020\/06\/250620-DAVID-Inaug-y-mesa-2-encuentro-egresados-DHER-2.jpg\" alt=\"\" width=\"730\" height=\"481\" srcset=\"https:\/\/www.uv.mx\/prensa\/files\/2020\/06\/250620-DAVID-Inaug-y-mesa-2-encuentro-egresados-DHER-2.jpg 730w, https:\/\/www.uv.mx\/prensa\/files\/2020\/06\/250620-DAVID-Inaug-y-mesa-2-encuentro-egresados-DHER-2-300x198.jpg 300w\" sizes=\"auto, (max-width: 730px) 100vw, 730px\" \/><\/a><p id=\"caption-attachment-85252\" class=\"wp-caption-text\">Luis Garc\u00eda destac\u00f3 la presencia en el evento de integrantes de nueve generaciones del posgrado<\/p><\/div>\n<p><span data-contrast=\"auto\">\u201cObservamos que en la situaci\u00f3n laboral de los periodistas se ha <\/span><span data-contrast=\"auto\">adoptado un modelo de alta transitoriedad, definido como un trabajador sin garant\u00edas laborales ni condiciones socioecon\u00f3micas m\u00ednimas para su subsistencia\u201d, plante\u00f3 la profesora Mar.<\/span><span data-ccp-props=\"{&quot;201341983&quot;:0,&quot;335559731&quot;:720,&quot;335559740&quot;:240}\">\u00a0<\/span><\/p>\n<p><span data-contrast=\"auto\">Recalc\u00f3 que en el pa\u00eds y en el estado no se han generado las condiciones <\/span><span data-contrast=\"auto\">id\u00f3neas para la profesionalizaci\u00f3n de los periodistas.<\/span><span data-ccp-props=\"{&quot;201341983&quot;:0,&quot;335559731&quot;:720,&quot;335559740&quot;:240}\">\u00a0<\/span><\/p>\n<p><span data-contrast=\"auto\">\u201cAl 96 por ciento de los reporteros no se les paga horas extras, m\u00e1s del 46 por ciento gana entre tres y cinco mil pesos mensuales y muchos de ellos laboran en m\u00e1s de una empresa, incluso necesitan ha<\/span><span data-contrast=\"auto\">sta tres empleos para subsistir\u201d, agreg\u00f3.<\/span><span data-ccp-props=\"{&quot;201341983&quot;:0,&quot;335559731&quot;:720,&quot;335559740&quot;:240}\">\u00a0<\/span><\/p>\n<p><span data-contrast=\"auto\">Concluyeron que existe una precarizaci\u00f3n generalizada del trabajo period\u00edstico en medio de un contexto de violencia creciente en la entidad.<\/span><span data-ccp-props=\"{&quot;201341983&quot;:0,&quot;335559731&quot;:720,&quot;335559740&quot;:240}\">\u00a0<\/span><\/p>\n<p><span data-contrast=\"auto\">En el mismo sentido, Felipe Bustos present\u00f3 \u201cVisualizaci\u00f3n territorial de<\/span><span data-contrast=\"auto\"> la violencia contra periodistas\u201d, que abarc\u00f3 un lapso de observaci\u00f3n de noticias de febrero de 2004 a<\/span><span data-contrast=\"auto\"> agosto de 2016, combinando la elaboraci\u00f3n de mapas con la observaci\u00f3n.<\/span><span data-ccp-props=\"{&quot;201341983&quot;:0,&quot;335559731&quot;:720,&quot;335559740&quot;:240}\">\u00a0<\/span><\/p>\n<p><span data-contrast=\"auto\">A<\/span><span data-contrast=\"auto\">bord\u00f3 un enfoque tanto cuantitativo como cualitativo, recorri<\/span><span data-contrast=\"auto\">endo el estado para entrevistar a los periodistas. <\/span><span data-contrast=\"auto\">\u201cVemos un mapa como la concepci\u00f3n de un discurso en el que se registra la memoria de la violencia y el trauma colectivo\u201d, dijo.<\/span><span data-ccp-props=\"{&quot;201341983&quot;:0,&quot;335559731&quot;:720,&quot;335559740&quot;:240}\">\u00a0<\/span><\/p>\n<p><span data-contrast=\"auto\">\u201cEs un gremio muy fr\u00e1gil que puede ser alcanzado f\u00e1cilmente por la violencia <\/span><span data-contrast=\"auto\">y lo que me impulsa a ilustrarlo es que las instituciones de defensa llegan a desestimar e incluso persiguen a los periodistas y sus resultados institucionales s\u00f3lo est\u00e1n ilustrados en n\u00fameros.\u201d<\/span><span data-ccp-props=\"{&quot;201341983&quot;:0,&quot;335559731&quot;:720,&quot;335559740&quot;:240}\">\u00a0<\/span><\/p>\n<p><span data-contrast=\"auto\">Remarc\u00f3 que la mayor\u00eda de las fuentes de violencia han sido p<\/span><span data-contrast=\"auto\">olic\u00edas y sobre todo presidentes municipales.<\/span><span data-ccp-props=\"{&quot;201341983&quot;:0,&quot;335559731&quot;:720,&quot;335559740&quot;:240}\">\u00a0<\/span><\/p>\n<div id=\"attachment_85251\" style=\"width: 737px\" class=\"wp-caption aligncenter\"><a href=\"https:\/\/www.uv.mx\/prensa\/files\/2020\/06\/250620-DAVID-Inaug-y-mesa-2-encuentro-egresados-DHER-3.jpg\"><img loading=\"lazy\" decoding=\"async\" aria-describedby=\"caption-attachment-85251\" class=\"size-full wp-image-85251\" src=\"https:\/\/www.uv.mx\/prensa\/files\/2020\/06\/250620-DAVID-Inaug-y-mesa-2-encuentro-egresados-DHER-3.jpg\" alt=\"\" width=\"727\" height=\"481\" srcset=\"https:\/\/www.uv.mx\/prensa\/files\/2020\/06\/250620-DAVID-Inaug-y-mesa-2-encuentro-egresados-DHER-3.jpg 727w, https:\/\/www.uv.mx\/prensa\/files\/2020\/06\/250620-DAVID-Inaug-y-mesa-2-encuentro-egresados-DHER-3-300x198.jpg 300w\" sizes=\"auto, (max-width: 727px) 100vw, 727px\" \/><\/a><p id=\"caption-attachment-85251\" class=\"wp-caption-text\">Guadalupe Mar present\u00f3 un trabajo sobre las condiciones de violencia contra periodistas veracruzanos<\/p><\/div>\n<p><span data-contrast=\"auto\">Su registro cuenta 108 casos de violencia hacia periodistas de 2004 a 2015,<\/span><span data-contrast=\"auto\"> en el que se suman un total de 152 episodios de violencia a nivel individual. <\/span><span data-contrast=\"auto\">\u201cEs un estudio sobre Veracruz,<\/span><span data-contrast=\"auto\"> pero los l\u00edmites de facto d<\/span><span data-contrast=\"auto\">e esta violencia se extienden m\u00e1s all\u00e1, hasta Oaxaca y la Ciudad de M\u00e9xico\u201d.<\/span><span data-ccp-props=\"{&quot;201341983&quot;:0,&quot;335559731&quot;:720,&quot;335559740&quot;:240}\">\u00a0<\/span><\/p>\n<p><span data-contrast=\"auto\">Expres\u00f3 su inter\u00e9s en hacer una compilaci\u00f3n de las denuncias m\u00e1s all\u00e1 de la perspectiva que ofrecen los peri\u00f3dicos y plante\u00f3 el concepto de \u201cviolencia compuesta\u201d <\/span><span data-contrast=\"auto\">para <\/span><span data-contrast=\"auto\">entender que son varias acciones combinadas las que pueden sufrir los periodistas,<\/span><span data-contrast=\"auto\"> como el robo o da\u00f1o de su equipo y<\/span> <span data-contrast=\"auto\">amenazas a sus familias y la precariedad laboral.<\/span><span data-ccp-props=\"{&quot;201341983&quot;:0,&quot;335559731&quot;:720,&quot;335559740&quot;:240}\">\u00a0<\/span><\/p>\n<p><span data-contrast=\"auto\">Por su parte, Jorge Mario \u00c1lvarez<\/span><span data-contrast=\"auto\"> present\u00f3 \u201cEl manifiesto anticomunista de Abelardo L. Rodr\u00edguez y su repercusi\u00f3n en la prensa estatal y nacional\u201d, en el que relat\u00f3 que la oposici\u00f3n al proyecto de naci\u00f3n impulsado por Manuel \u00c1vila Camacho y Miguel Alem\u00e1n Vald\u00e9s<\/span><span data-contrast=\"auto\">.<\/span><span data-ccp-props=\"{&quot;201341983&quot;:0,&quot;335559731&quot;:720,&quot;335559740&quot;:240}\">\u00a0<\/span><\/p>\n<p><span data-contrast=\"auto\">Tales administraciones se beneficiaron del sector empresarial con concesiones y exenciones econ\u00f3micas, dado que, por su cercan\u00eda con Estados Unidos, los empresarios extranjeros les demandaron detener los cam<\/span><span data-contrast=\"auto\">bios radicales generados durante el cardenismo.<\/span><span data-ccp-props=\"{&quot;201341983&quot;:0,&quot;335559731&quot;:720,&quot;335559740&quot;:240}\">\u00a0<\/span><\/p>\n<p><span data-contrast=\"auto\">Para contener el descontento, el gobierno utiliz\u00f3 a la prensa, \u201cdonde el discurso <\/span><span data-contrast=\"auto\">anticardenista<\/span><span data-contrast=\"auto\"> y anticomunista alcanz\u00f3 toda su estridencia\u201d, dijo.<\/span><span data-ccp-props=\"{&quot;201341983&quot;:0,&quot;335559731&quot;:720,&quot;335559740&quot;:240}\">\u00a0<\/span><\/p>\n<p><span data-contrast=\"auto\">En tal sentido, Abelardo L. <\/span><span data-contrast=\"auto\">Rodr\u00edguez cre\u00f3 <\/span><span data-contrast=\"auto\">cuatro grupos par<\/span><span data-contrast=\"auto\">a enfrentar el anticomunismo en Sonora durante su gubernatura, realizando una campa\u00f1a pol\u00edtica, social y cultural para mermar la presencia de los grupos de oposici\u00f3n a trav\u00e9s de la prensa.<\/span><span data-ccp-props=\"{&quot;201341983&quot;:0,&quot;335559731&quot;:720,&quot;335559740&quot;:240}\">\u00a0<\/span><\/p>\n<p><span data-contrast=\"auto\">Finalmente, Claudia Marcela Castillo, egresada colombiana, present\u00f3<\/span><span data-contrast=\"auto\"> \u201cSignificaciones i<\/span><span data-contrast=\"auto\">maginarias s<\/span><span data-contrast=\"auto\">ociales del paramilitarismo en Bogot\u00e1 (localidad de Kennedy) 1990-2005\u201d. <\/span><span data-contrast=\"auto\">Dijo que el tema del paramilitarismo en Colombia est\u00e1 presente en casi todas las producciones en ciencias sociales y en su formaci\u00f3n en posgrado tambi\u00e9n<\/span><span data-contrast=\"auto\"> lo abord\u00f3.<\/span><span data-ccp-props=\"{&quot;201341983&quot;:0,&quot;335559731&quot;:720,&quot;335559740&quot;:240}\">\u00a0<\/span><\/p>\n<p><span data-contrast=\"auto\">Detall\u00f3 c\u00f3mo en el doctorado lo investig\u00f3 desde el enfoque de los imaginarios sociales y la teor\u00eda de Cornelius <\/span><span data-contrast=\"auto\">Castoriadis<\/span><span data-contrast=\"auto\">, pero reconoci\u00f3 que \u201ces al mismo tiempo un acto tan enigm\u00e1tico y tan real para Colombia, como el paramilitarismo y la ci<\/span><span data-contrast=\"auto\">udad de Bogot\u00e1, se ha convertido en el centro de los estragos del pa\u00eds\u201d.<\/span><\/p>\n<div id=\"attachment_85250\" style=\"width: 740px\" class=\"wp-caption aligncenter\"><a href=\"https:\/\/www.uv.mx\/prensa\/files\/2020\/06\/250620-DAVID-Inaug-y-mesa-2-encuentro-egresados-DHER-4.jpg\"><img loading=\"lazy\" decoding=\"async\" aria-describedby=\"caption-attachment-85250\" class=\"size-full wp-image-85250\" src=\"https:\/\/www.uv.mx\/prensa\/files\/2020\/06\/250620-DAVID-Inaug-y-mesa-2-encuentro-egresados-DHER-4.jpg\" alt=\"\" width=\"730\" height=\"481\" srcset=\"https:\/\/www.uv.mx\/prensa\/files\/2020\/06\/250620-DAVID-Inaug-y-mesa-2-encuentro-egresados-DHER-4.jpg 730w, https:\/\/www.uv.mx\/prensa\/files\/2020\/06\/250620-DAVID-Inaug-y-mesa-2-encuentro-egresados-DHER-4-300x198.jpg 300w\" sizes=\"auto, (max-width: 730px) 100vw, 730px\" \/><\/a><p id=\"caption-attachment-85250\" class=\"wp-caption-text\">Felipe Bustos habl\u00f3 sobre la precariedad de la labor period\u00edstica en Veracruz<\/p><\/div>\n","protected":false},"excerpt":{"rendered":"<p>El tema fue abordado en el Primer Encuentro Egresados del Doctorado en Historia y Estudios Regionales <\/p>\n","protected":false},"author":1508,"featured_media":85253,"comment_status":"closed","ping_status":"closed","sticky":false,"template":"","format":"standard","meta":{"footnotes":""},"categories":[1],"tags":[],"class_list":["post-85254","post","type-post","status-publish","format-standard","has-post-thumbnail","hentry","category-general"],"_links":{"self":[{"href":"https:\/\/www.uv.mx\/prensa\/wp-json\/wp\/v2\/posts\/85254","targetHints":{"allow":["GET"]}}],"collection":[{"href":"https:\/\/www.uv.mx\/prensa\/wp-json\/wp\/v2\/posts"}],"about":[{"href":"https:\/\/www.uv.mx\/prensa\/wp-json\/wp\/v2\/types\/post"}],"author":[{"embeddable":true,"href":"https:\/\/www.uv.mx\/prensa\/wp-json\/wp\/v2\/users\/1508"}],"replies":[{"embeddable":true,"href":"https:\/\/www.uv.mx\/prensa\/wp-json\/wp\/v2\/comments?post=85254"}],"version-history":[{"count":0,"href":"https:\/\/www.uv.mx\/prensa\/wp-json\/wp\/v2\/posts\/85254\/revisions"}],"wp:featuredmedia":[{"embeddable":true,"href":"https:\/\/www.uv.mx\/prensa\/wp-json\/wp\/v2\/media\/85253"}],"wp:attachment":[{"href":"https:\/\/www.uv.mx\/prensa\/wp-json\/wp\/v2\/media?parent=85254"}],"wp:term":[{"taxonomy":"category","embeddable":true,"href":"https:\/\/www.uv.mx\/prensa\/wp-json\/wp\/v2\/categories?post=85254"},{"taxonomy":"post_tag","embeddable":true,"href":"https:\/\/www.uv.mx\/prensa\/wp-json\/wp\/v2\/tags?post=85254"}],"curies":[{"name":"wp","href":"https:\/\/api.w.org\/{rel}","templated":true}]}}