{"id":85235,"date":"2020-06-28T08:00:19","date_gmt":"2020-06-28T13:00:19","guid":{"rendered":"https:\/\/www.uv.mx\/prensa\/?p=85235"},"modified":"2020-06-29T11:21:39","modified_gmt":"2020-06-29T16:21:39","slug":"martin-lebel-destaco-obra-de-claude-debussy","status":"publish","type":"post","link":"https:\/\/www.uv.mx\/prensa\/cultura\/martin-lebel-destaco-obra-de-claude-debussy\/","title":{"rendered":"Mart\u00edn Lebel destac\u00f3 obra de Claude Debussy"},"content":{"rendered":"<ul>\n<li data-leveltext=\"\uf0b7\" data-font=\"Symbol\" data-listid=\"1\" data-aria-posinset=\"1\" data-aria-level=\"1\"><i><span data-contrast=\"auto\">El director titular de la OSX dict\u00f3 la charla did\u00e1ctica \u201cUn acercamiento a Debussy\u201d<\/span><\/i><i><span data-contrast=\"auto\">, <\/span><\/i><i><span data-contrast=\"auto\">e<\/span><\/i><i><span data-contrast=\"auto\">l mi\u00e9rcoles 24 de junio, como parte de la<\/span><\/i><i><span data-contrast=\"auto\"> iniciativa<\/span><\/i> <i><span data-contrast=\"auto\">\u201c<\/span><\/i><i><span data-contrast=\"auto\">Arte desde el <\/span><\/i><i><span data-contrast=\"auto\">i<\/span><\/i><i><span data-contrast=\"auto\">nterior<\/span><\/i><i><span data-contrast=\"auto\">\u201d<\/span><\/i><span data-ccp-props=\"{&quot;134233279&quot;:true,&quot;201341983&quot;:0,&quot;335559739&quot;:160,&quot;335559740&quot;:240}\">\u00a0<\/span><\/li>\n<\/ul>\n<p><span data-ccp-props=\"{&quot;201341983&quot;:0,&quot;335559739&quot;:160,&quot;335559740&quot;:240}\">\u00a0<\/span><\/p>\n<div id=\"attachment_85238\" style=\"width: 732px\" class=\"wp-caption aligncenter\"><a href=\"https:\/\/www.uv.mx\/prensa\/files\/2020\/06\/250620-DEBUSSY-2.jpg\"><img loading=\"lazy\" decoding=\"async\" aria-describedby=\"caption-attachment-85238\" class=\"size-full wp-image-85238\" src=\"https:\/\/www.uv.mx\/prensa\/files\/2020\/06\/250620-DEBUSSY-2.jpg\" alt=\"\" width=\"722\" height=\"403\" srcset=\"https:\/\/www.uv.mx\/prensa\/files\/2020\/06\/250620-DEBUSSY-2.jpg 722w, https:\/\/www.uv.mx\/prensa\/files\/2020\/06\/250620-DEBUSSY-2-300x167.jpg 300w\" sizes=\"auto, (max-width: 722px) 100vw, 722px\" \/><\/a><p id=\"caption-attachment-85238\" class=\"wp-caption-text\">Mart\u00edn Lebel, director titular de la OSX<\/p><\/div>\n<p><span data-ccp-props=\"{&quot;201341983&quot;:0,&quot;335551550&quot;:1,&quot;335551620&quot;:1,&quot;335559739&quot;:160,&quot;335559740&quot;:240}\">\u00a0<\/span><\/p>\n<p><span data-ccp-props=\"{&quot;201341983&quot;:0,&quot;335559739&quot;:160,&quot;335559740&quot;:240}\">\u00a0<\/span><\/p>\n<p><em>\u201cEs la primera vez que tenemos un poco de pasi\u00f3n en esta obra, porque es como un sue\u00f1o muy delicado\u201d, expres\u00f3 Mart\u00edn Lebel al ejecutar R\u00eaverie, pieza que incluye matices de intensidad como piano, pianissimo y mezzopiano\u00a0<\/em><\/p>\n<p><span data-ccp-props=\"{&quot;201341983&quot;:0,&quot;335559739&quot;:160,&quot;335559740&quot;:240}\">\u00a0<\/span><\/p>\n<p><b><i><span data-contrast=\"auto\">Claudia Peralta V\u00e1zquez<\/span><\/i><\/b><span data-ccp-props=\"{&quot;201341983&quot;:0,&quot;335559739&quot;:160,&quot;335559740&quot;:240}\">\u00a0<\/span><\/p>\n<p><b><i><span data-contrast=\"auto\">2<\/span><\/i><\/b><b><i><span data-contrast=\"auto\">8<\/span><\/i><\/b><b><i><span data-contrast=\"auto\">\/<\/span><\/i><\/b><b><i><span data-contrast=\"auto\">06<\/span><\/i><\/b><b><i><span data-contrast=\"auto\">\/<\/span><\/i><\/b><b><i><span data-contrast=\"auto\">20<\/span><\/i><\/b><b><i><span data-contrast=\"auto\">20<\/span><\/i><\/b><b><i><span data-contrast=\"auto\">, Xalapa, <\/span><\/i><\/b><b><i><span data-contrast=\"auto\">Ver.-<\/span><\/i><\/b> <span data-contrast=\"auto\">El director titular de la<a href=\"https:\/\/www.orquestasinfonicadexalapa.com\/\" target=\"_blank\" rel=\"noopener noreferrer\"> Orquesta Sinf\u00f3nica de Xalapa<\/a> (OSX)<\/span><span data-contrast=\"auto\">,<\/span> <span data-contrast=\"auto\">Mart\u00edn <\/span><span data-contrast=\"auto\">Lebel<\/span><span data-contrast=\"auto\">,<\/span> <span data-contrast=\"auto\">dict\u00f3 <\/span><span data-contrast=\"auto\">la <\/span><span data-contrast=\"auto\">charla<\/span><span data-contrast=\"auto\"> did\u00e1ctica<\/span><span data-contrast=\"auto\"> \u201c<\/span><span data-contrast=\"auto\">Un acercamiento a Debussy<\/span><span data-contrast=\"auto\">\u201d,<\/span> <span data-contrast=\"auto\">uno de los grandes compositores franceses y<\/span><span data-contrast=\"auto\"> clave<\/span><span data-contrast=\"auto\"> fundamental del impresionismo musical.<\/span><span data-ccp-props=\"{&quot;201341983&quot;:0,&quot;335559739&quot;:160,&quot;335559740&quot;:240}\">\u00a0<\/span><\/p>\n<p><span data-contrast=\"auto\">El pianista y<\/span><span data-contrast=\"auto\"> violonchelista<\/span><span data-contrast=\"auto\">, tambi\u00e9n de origen franc\u00e9s,<\/span><span data-contrast=\"auto\"> ofreci\u00f3 esta pl\u00e1tica el mi\u00e9rcoles 2<\/span><span data-contrast=\"auto\">4<\/span><span data-contrast=\"auto\"> de junio, como parte de la iniciativa \u201cArte desde el interior\u201d, coordinada por la <\/span><span data-contrast=\"auto\">Direcci\u00f3n <\/span><span data-contrast=\"auto\">General <\/span><span data-contrast=\"auto\">de Difusi\u00f3n Cultural<\/span> <span data-contrast=\"auto\">(DGDC) <\/span><span data-contrast=\"auto\">de la Universidad Veracruzana (UV)<\/span><span data-contrast=\"auto\">.<\/span><span data-ccp-props=\"{&quot;201341983&quot;:0,&quot;335559731&quot;:708,&quot;335559739&quot;:160,&quot;335559740&quot;:240}\">\u00a0<\/span><\/p>\n<p><span data-contrast=\"auto\">Dicha estrategia incluye <\/span><span data-contrast=\"auto\">\u2013<\/span><span data-contrast=\"auto\">durante este periodo d<\/span><span data-contrast=\"auto\">e confinamiento por la pandemia\u2013<\/span><span data-contrast=\"auto\"> presentaciones a trav\u00e9s de redes sociales por parte de los trabajadores adscritos a esta dependencia universitaria, entre <\/span><span data-contrast=\"auto\">m\u00fasicos actores, bailarines, personal administrativo, t\u00e9cnico y manual, <\/span><span data-contrast=\"auto\">as\u00ed como <\/span><span data-contrast=\"auto\">directores de grupos art\u00edsticos y recintos universitarios<\/span><span data-contrast=\"auto\">.<\/span><span data-ccp-props=\"{&quot;201341983&quot;:0,&quot;335559731&quot;:708,&quot;335559739&quot;:160,&quot;335559740&quot;:240}\">\u00a0<\/span><\/p>\n<p><span data-contrast=\"auto\">Por medio de la p\u00e1gina oficial de <\/span><i><span data-contrast=\"auto\">Facebook<\/span><\/i><span data-contrast=\"auto\"> de la OSX, Mart\u00edn <\/span><span data-contrast=\"auto\">Lebel<\/span><span data-contrast=\"auto\"> destac\u00f3 una de las obras para piano m\u00e1s representativas del compositor: <\/span><i><span data-contrast=\"auto\">R\u00eaverie<\/span><\/i><span data-contrast=\"auto\">,<\/span><span data-contrast=\"auto\"> cuya creaci\u00f3n se remonta a 1890.\u00a0<\/span><span data-ccp-props=\"{&quot;201341983&quot;:0,&quot;335559731&quot;:708,&quot;335559739&quot;:160,&quot;335559740&quot;:240}\">\u00a0<\/span><\/p>\n<p><span data-contrast=\"auto\">Durante la presentaci\u00f3n, el titular de la OSX <\/span><span data-contrast=\"auto\">resalt\u00f3 el lenguaje rom\u00e1ntico <\/span><span data-contrast=\"auto\">\u2013<\/span><span data-contrast=\"auto\">casi po\u00e9tico<\/span><span data-contrast=\"auto\">\u2013<\/span><span data-contrast=\"auto\"> de esta composici\u00f3n plagada de una sonoridad agradable<\/span><span data-contrast=\"auto\">,<\/span><span data-contrast=\"auto\"> caracter\u00eds<\/span><span data-contrast=\"auto\">tica del impresionismo musical.<\/span><span data-ccp-props=\"{&quot;201341983&quot;:0,&quot;335559739&quot;:160,&quot;335559740&quot;:240}\">\u00a0<\/span><\/p>\n<p><span data-contrast=\"auto\">\u201cEs la primera vez que tenemos un poco de pasi\u00f3n en esta obra, porque es como un sue\u00f1o muy delicado, hay m\u00e1s pasi\u00f3n\u201d, expres\u00f3 Mart\u00edn <\/span><span data-contrast=\"auto\">Lebel<\/span><span data-contrast=\"auto\"> al ejecutar <\/span><span data-contrast=\"auto\">algunas de las<\/span><span data-contrast=\"auto\"> notas <\/span><span data-contrast=\"auto\">y acordes <\/span><span data-contrast=\"auto\">de esta <\/span><span data-contrast=\"auto\">pieza musical y <\/span><span data-contrast=\"auto\">arm\u00f3nica que incluye<\/span><span data-contrast=\"auto\"> matices de intensidad como: piano, <\/span><span data-contrast=\"auto\">pianissimo<\/span><span data-contrast=\"auto\"> y <\/span><span data-contrast=\"auto\">mez<\/span><span data-contrast=\"auto\">zo<\/span><span data-contrast=\"auto\">piano<\/span><span data-contrast=\"auto\">.<\/span><span data-ccp-props=\"{&quot;201341983&quot;:0,&quot;335559739&quot;:160,&quot;335559740&quot;:240}\">\u00a0<\/span><\/p>\n<p><span data-contrast=\"auto\">Cabe mencionar que las presentacio<\/span><span data-contrast=\"auto\">nes de \u201cArte desde el interior\u201d<\/span><span data-contrast=\"auto\"> se transmiten por las redes <\/span><span data-contrast=\"auto\">sociales<\/span><span data-contrast=\"auto\"> de:<\/span> <i><span data-contrast=\"auto\">Twitter<\/span><\/i><span data-contrast=\"auto\">: <\/span><span data-contrast=\"auto\">@<\/span><span data-contrast=\"auto\">DGDCCulturalUV<\/span><span data-contrast=\"auto\">;<\/span> <i><span data-contrast=\"auto\">Facebook<\/span><\/i><span data-contrast=\"auto\">: Difusi\u00f3n Cultural UV<\/span><span data-contrast=\"auto\">; <\/span><i><span data-contrast=\"auto\">Instagram<\/span><\/i><span data-contrast=\"auto\">:<\/span> <span data-contrast=\"auto\">dculturaluv<\/span><span data-contrast=\"auto\">;<\/span><span data-contrast=\"auto\"> y\u202f<\/span><i><span data-contrast=\"auto\">YouTube<\/span><\/i><span data-contrast=\"auto\">: Difusi\u00f3n Cultural UV.\u202f<\/span><span data-ccp-props=\"{&quot;201341983&quot;:0,&quot;335559731&quot;:708,&quot;335559739&quot;:160,&quot;335559740&quot;:240}\">\u00a0<\/span><\/p>\n<p><span data-ccp-props=\"{&quot;201341983&quot;:0,&quot;335559739&quot;:160,&quot;335559740&quot;:240}\">\u00a0<\/span><\/p>\n<div id=\"attachment_85238\" style=\"width: 732px\" class=\"wp-caption aligncenter\"><a href=\"https:\/\/www.uv.mx\/prensa\/files\/2020\/06\/250620-DEBUSSY-2.jpg\"><img loading=\"lazy\" decoding=\"async\" aria-describedby=\"caption-attachment-85238\" class=\"size-full wp-image-85238\" src=\"https:\/\/www.uv.mx\/prensa\/files\/2020\/06\/250620-DEBUSSY-2.jpg\" alt=\"\" width=\"722\" height=\"403\" srcset=\"https:\/\/www.uv.mx\/prensa\/files\/2020\/06\/250620-DEBUSSY-2.jpg 722w, https:\/\/www.uv.mx\/prensa\/files\/2020\/06\/250620-DEBUSSY-2-300x167.jpg 300w\" sizes=\"auto, (max-width: 722px) 100vw, 722px\" \/><\/a><p id=\"caption-attachment-85238\" class=\"wp-caption-text\">Mart\u00edn Lebel, director titular de la OSX<\/p><\/div>\n","protected":false},"excerpt":{"rendered":"<p>El director titular de la Orquesta Sinf\u00f3nica de Xalapa imparti\u00f3 una charla virtual sobre el compositor franc\u00e9s, pieza fundamental del impresionismo musical\u00a0<\/p>\n","protected":false},"author":1869,"featured_media":85236,"comment_status":"closed","ping_status":"closed","sticky":false,"template":"","format":"standard","meta":{"footnotes":""},"categories":[11,61],"tags":[],"class_list":["post-85235","post","type-post","status-publish","format-standard","has-post-thumbnail","hentry","category-cultura","category-banner"],"_links":{"self":[{"href":"https:\/\/www.uv.mx\/prensa\/wp-json\/wp\/v2\/posts\/85235","targetHints":{"allow":["GET"]}}],"collection":[{"href":"https:\/\/www.uv.mx\/prensa\/wp-json\/wp\/v2\/posts"}],"about":[{"href":"https:\/\/www.uv.mx\/prensa\/wp-json\/wp\/v2\/types\/post"}],"author":[{"embeddable":true,"href":"https:\/\/www.uv.mx\/prensa\/wp-json\/wp\/v2\/users\/1869"}],"replies":[{"embeddable":true,"href":"https:\/\/www.uv.mx\/prensa\/wp-json\/wp\/v2\/comments?post=85235"}],"version-history":[{"count":0,"href":"https:\/\/www.uv.mx\/prensa\/wp-json\/wp\/v2\/posts\/85235\/revisions"}],"wp:featuredmedia":[{"embeddable":true,"href":"https:\/\/www.uv.mx\/prensa\/wp-json\/wp\/v2\/media\/85236"}],"wp:attachment":[{"href":"https:\/\/www.uv.mx\/prensa\/wp-json\/wp\/v2\/media?parent=85235"}],"wp:term":[{"taxonomy":"category","embeddable":true,"href":"https:\/\/www.uv.mx\/prensa\/wp-json\/wp\/v2\/categories?post=85235"},{"taxonomy":"post_tag","embeddable":true,"href":"https:\/\/www.uv.mx\/prensa\/wp-json\/wp\/v2\/tags?post=85235"}],"curies":[{"name":"wp","href":"https:\/\/api.w.org\/{rel}","templated":true}]}}