{"id":85197,"date":"2020-06-27T08:00:52","date_gmt":"2020-06-27T13:00:52","guid":{"rendered":"https:\/\/www.uv.mx\/prensa\/?p=85197"},"modified":"2020-06-29T11:30:16","modified_gmt":"2020-06-29T16:30:16","slug":"iise-reconoce-a-estudiantes-uv-con-el-gold-award","status":"publish","type":"post","link":"https:\/\/www.uv.mx\/prensa\/regiones\/iise-reconoce-a-estudiantes-uv-con-el-gold-award\/","title":{"rendered":"IISE reconoce a estudiantes UV con el Gold Award\u00a0"},"content":{"rendered":"<ul>\n<li data-leveltext=\"\uf0b7\" data-font=\"Symbol\" data-listid=\"3\" data-aria-posinset=\"1\" data-aria-level=\"1\"><i><span data-contrast=\"none\">Desde a<\/span><\/i><i><span data-contrast=\"none\">\u00f1<\/span><\/i><i><span data-contrast=\"none\">os posteriores, el <\/span><\/i><i><span data-contrast=\"none\">C<\/span><\/i><i><span data-contrast=\"none\">ap\u00edtulo<\/span><\/i> <i><span data-contrast=\"none\">E<\/span><\/i><i><span data-contrast=\"none\">studiantil <\/span><\/i><i><span data-contrast=\"none\">661 <\/span><\/i><i><span data-contrast=\"none\">ha <\/span><\/i><i><span data-contrast=\"none\">cosecha<\/span><\/i><i><span data-contrast=\"none\">do<\/span><\/i><i><span data-contrast=\"none\"> diversos premios y reconocimientos, entre ellos el distintivo <\/span><\/i><i><span data-contrast=\"none\">\u201c<\/span><\/i><i><span data-contrast=\"none\">Silver<\/span><\/i><i><span data-contrast=\"none\">\u201d<\/span><\/i><span data-ccp-props=\"{&quot;335559738&quot;:160,&quot;469777462&quot;:[720,1440,2160,2880,3600,4320,5040,5760,6480,7200,7920],&quot;469777927&quot;:[0,0,0,0,0,0,0,0,0,0,0],&quot;469777928&quot;:[1,1,1,1,1,1,1,1,1,1,1]}\">\u00a0<\/span><\/li>\n<li data-leveltext=\"\uf0b7\" data-font=\"Symbol\" data-listid=\"3\" data-aria-posinset=\"2\" data-aria-level=\"1\"><i><span data-contrast=\"none\">Este a<\/span><\/i><i><span data-contrast=\"none\">\u00f1<\/span><\/i><i><span data-contrast=\"none\">o logr\u00f3<\/span><\/i><i><span data-contrast=\"none\"> el m<\/span><\/i><i><span data-contrast=\"none\">\u00e1<\/span><\/i><i><span data-contrast=\"none\">ximo galard<\/span><\/i><i><span data-contrast=\"none\">\u00f3<\/span><\/i><i><span data-contrast=\"none\">n que el <\/span><\/i><i><span data-contrast=\"none\">IISE<\/span><\/i><i><span data-contrast=\"none\"> otorga a <\/span><\/i><i><span data-contrast=\"none\">nivel mundial<\/span><\/i><span data-ccp-props=\"{&quot;335559738&quot;:160,&quot;469777462&quot;:[720,1440,2160,2880,3600,4320,5040,5760,6480,7200,7920],&quot;469777927&quot;:[0,0,0,0,0,0,0,0,0,0,0],&quot;469777928&quot;:[1,1,1,1,1,1,1,1,1,1,1]}\">\u00a0<\/span><\/li>\n<\/ul>\n<p><span data-ccp-props=\"{&quot;335559738&quot;:160}\">\u00a0<\/span><b><i><\/i><\/b><\/p>\n<div id=\"attachment_85199\" style=\"width: 732px\" class=\"wp-caption aligncenter\"><a href=\"https:\/\/www.uv.mx\/prensa\/files\/2020\/06\/260620-Capitulo-estudiantil-veracruz.jpg\"><img loading=\"lazy\" decoding=\"async\" aria-describedby=\"caption-attachment-85199\" class=\"size-full wp-image-85199\" src=\"https:\/\/www.uv.mx\/prensa\/files\/2020\/06\/260620-Capitulo-estudiantil-veracruz.jpg\" alt=\"\" width=\"722\" height=\"407\" srcset=\"https:\/\/www.uv.mx\/prensa\/files\/2020\/06\/260620-Capitulo-estudiantil-veracruz.jpg 722w, https:\/\/www.uv.mx\/prensa\/files\/2020\/06\/260620-Capitulo-estudiantil-veracruz-300x169.jpg 300w\" sizes=\"auto, (max-width: 722px) 100vw, 722px\" \/><\/a><p id=\"caption-attachment-85199\" class=\"wp-caption-text\">Miembros del Cap\u00edtulo Estudiantil 661 IISE<\/p><\/div>\n<p><span data-ccp-props=\"{&quot;201341983&quot;:0,&quot;335559739&quot;:160,&quot;335559740&quot;:240}\">\u00a0<\/span><\/p>\n<p><span data-ccp-props=\"{&quot;335559738&quot;:160}\">\u00a0<\/span><\/p>\n<p><b><i><span data-contrast=\"none\">Shuguey<\/span><\/i><\/b> <b><i><span data-contrast=\"none\">Enr<\/span><\/i><\/b><b><i><span data-contrast=\"none\">\u00ed<\/span><\/i><\/b><b><i><span data-contrast=\"none\">quez<\/span><\/i><\/b> <b><i><span data-contrast=\"none\">y<\/span><\/i><\/b><b><i><span data-contrast=\"none\"> Blanca M. Gonz<\/span><\/i><\/b><b><i><span data-contrast=\"none\">\u00e1<\/span><\/i><\/b><b><i><span data-contrast=\"none\">lez\u00a0<\/span><\/i><\/b><span data-ccp-props=\"{&quot;335559738&quot;:160,&quot;469777462&quot;:[720,1440,2160,2880,3600,4320,5040,5760,6480,7200,7920],&quot;469777927&quot;:[0,0,0,0,0,0,0,0,0,0,0],&quot;469777928&quot;:[1,1,1,1,1,1,1,1,1,1,1]}\">\u00a0<\/span><\/p>\n<p><b><i><span data-contrast=\"none\">2<\/span><\/i><\/b><b><i><span data-contrast=\"none\">7<\/span><\/i><\/b><b><i><span data-contrast=\"none\">\/0<\/span><\/i><\/b><b><i><span data-contrast=\"none\">6<\/span><\/i><\/b><b><i><span data-contrast=\"none\">\/2020<\/span><\/i><\/b><b><i><span data-contrast=\"none\">,<\/span><\/i><\/b><b><i><span data-contrast=\"none\"> Boca del R<\/span><\/i><\/b><b><i><span data-contrast=\"none\">\u00ed<\/span><\/i><\/b><b><i><span data-contrast=\"none\">o<\/span><\/i><\/b><b><i><span data-contrast=\"none\">, Ver.-<\/span><\/i><\/b><span data-contrast=\"none\"> E<\/span><span data-contrast=\"none\">studiantes del <\/span><span data-contrast=\"none\">C<\/span><span data-contrast=\"none\">ap<\/span><span data-contrast=\"none\">\u00ed<\/span><span data-contrast=\"none\">tulo 661 <\/span><span data-contrast=\"none\">de <\/span><span data-contrast=\"none\">I<\/span><span data-contrast=\"none\">ngenier<\/span><span data-contrast=\"none\">\u00ed<\/span><span data-contrast=\"none\">a<\/span> <span data-contrast=\"none\">I<\/span><span data-contrast=\"none\">ndustrial de la <a href=\"https:\/\/www.uv.mx\/veracruz\/directorio-telefonico-regional\/facultad-de-ingenieria-mecanica-y-ciencias-navales\/\" target=\"_blank\" rel=\"noopener noreferrer\">Facultad en Ingenier<\/a><\/span><span data-contrast=\"none\">\u00ed<\/span><span data-contrast=\"none\">a Mec<\/span><span data-contrast=\"none\">\u00e1<\/span><span data-contrast=\"none\">nica y Ciencias Navales (FIMCN) de la Universidad Veracruzana (UV)<\/span><span data-contrast=\"none\">,<\/span> <span data-contrast=\"none\">regi<\/span><span data-contrast=\"none\">\u00f3<\/span><span data-contrast=\"none\">n Veracruz<\/span><span data-contrast=\"none\">, obtuvieron el <\/span><span data-contrast=\"none\">Gold Award<\/span><span data-contrast=\"none\">, m<\/span><span data-contrast=\"none\">\u00e1<\/span><span data-contrast=\"none\">ximo galard<\/span><span data-contrast=\"none\">\u00f3<\/span><span data-contrast=\"none\">n que otorga el Instituto de Ingenieros <\/span><span data-contrast=\"none\">I<\/span><span data-contrast=\"none\">ndustriales y de Sistemas (IISE, <\/span><span data-contrast=\"none\">por sus siglas en <\/span><span data-contrast=\"none\">ingl<\/span><span data-contrast=\"none\">\u00e9<\/span><span data-contrast=\"none\">s)<\/span><span data-contrast=\"none\"> a los cap<\/span><span data-contrast=\"none\">\u00ed<\/span><span data-contrast=\"none\">tulos m<\/span><span data-contrast=\"none\">\u00e1<\/span><span data-contrast=\"none\">s sobresalientes de las distintas universidades del mundo.<\/span><span data-ccp-props=\"{&quot;201341983&quot;:0,&quot;335559739&quot;:160,&quot;335559740&quot;:240}\">\u00a0<\/span><\/p>\n<p><span data-contrast=\"none\">El IISE es una organizaci<\/span><span data-contrast=\"none\">\u00f3<\/span><span data-contrast=\"none\">n sin fines de lucro, que tiene como prioridad la investigaci<\/span><span data-contrast=\"none\">\u00f3<\/span><span data-contrast=\"none\">n, <\/span><span data-contrast=\"none\">el desarrollo, la promoci<\/span><span data-contrast=\"none\">\u00f3<\/span><span data-contrast=\"none\">n y<\/span><span data-contrast=\"none\"> vinculaci<\/span><span data-contrast=\"none\">\u00f3<\/span><span data-contrast=\"none\">n con la <\/span><span data-contrast=\"none\">i<\/span><span data-contrast=\"none\">ngenier<\/span><span data-contrast=\"none\">\u00ed<\/span><span data-contrast=\"none\">a <\/span><span data-contrast=\"none\">i<\/span><span data-contrast=\"none\">ndustrial, de <\/span><span data-contrast=\"none\">s<\/span><span data-contrast=\"none\">istemas y <\/span><span data-contrast=\"none\">m<\/span><span data-contrast=\"none\">ec<\/span><span data-contrast=\"none\">\u00e1<\/span><span data-contrast=\"none\">nica.<\/span><span data-ccp-props=\"{&quot;201341983&quot;:0,&quot;335559731&quot;:708,&quot;335559739&quot;:160,&quot;335559740&quot;:240}\">\u00a0<\/span><\/p>\n<p><span data-contrast=\"none\">Juana Gabriela Mendoza Ponce, acad<\/span><span data-contrast=\"none\">\u00e9<\/span><span data-contrast=\"none\">mica de la FIMCN, explic<\/span><span data-contrast=\"none\">\u00f3 <\/span><span data-contrast=\"none\">que este premio<\/span> <span data-contrast=\"none\">e<\/span><span data-contrast=\"none\">s el reconocimiento m<\/span><span data-contrast=\"none\">\u00e1<\/span><span data-contrast=\"none\">s alto <\/span><span data-contrast=\"none\">a nivel mundial<\/span> <span data-contrast=\"none\">q<\/span><span data-contrast=\"none\">ue se otorga a los <\/span><span data-contrast=\"none\">cap<\/span><span data-contrast=\"none\">\u00ed<\/span><span data-contrast=\"none\">tulos universitarios<\/span> <span data-contrast=\"none\">m<\/span><span data-contrast=\"none\">\u00e1<\/span><span data-contrast=\"none\">s sobresalientes<\/span><span data-contrast=\"none\">,<\/span> <span data-contrast=\"none\">se fundamenta en las actividades y eventos <\/span><span data-contrast=\"none\">realizados durante el a<\/span><span data-contrast=\"none\">\u00f1<\/span><span data-contrast=\"none\">o de valoraci<\/span><span data-contrast=\"none\">\u00f3<\/span><span data-contrast=\"none\">n, alineados a los objetivos que persigue el <\/span><span data-contrast=\"none\">IISE<\/span><span data-contrast=\"none\">, como <\/span><span data-contrast=\"none\">el beneficio e impacto para la comunidad estudiantil.<\/span><span data-ccp-props=\"{&quot;201341983&quot;:0,&quot;335559731&quot;:708,&quot;335559739&quot;:160,&quot;335559740&quot;:240}\">\u00a0<\/span><\/p>\n<p><span data-contrast=\"none\">Refiri<\/span><span data-contrast=\"none\">\u00f3 <\/span><span data-contrast=\"none\">que e<\/span><span data-contrast=\"none\">l <\/span><span data-contrast=\"none\">C<\/span><span data-contrast=\"none\">ap<\/span><span data-contrast=\"none\">\u00ed<\/span><span data-contrast=\"none\">tulo <\/span><span data-contrast=\"none\">E<\/span><span data-contrast=\"none\">studia<\/span><span data-contrast=\"none\">ntil<\/span><span data-contrast=\"none\"> de la UV<\/span><span data-contrast=\"none\"> cuenta con una trayectoria exitosa desde <\/span><span data-contrast=\"none\">2017<\/span><span data-contrast=\"none\"> pues ha<\/span><span data-contrast=\"none\"> logra<\/span><span data-contrast=\"none\">do diversos premios y reconocimientos<\/span><span data-contrast=\"none\">,<\/span><span data-contrast=\"none\"> como el distintivo <\/span><span data-contrast=\"none\">\u201c<\/span><span data-contrast=\"none\">Silver<\/span><span data-contrast=\"none\">\u201d<\/span><span data-contrast=\"none\">.<\/span><span data-ccp-props=\"{&quot;201341983&quot;:0,&quot;335559731&quot;:708,&quot;335559739&quot;:160,&quot;335559740&quot;:240}\">\u00a0<\/span><\/p>\n<p><span data-contrast=\"none\">En este sentido, <\/span><span data-contrast=\"none\">Mendoza Ponce<\/span><span data-contrast=\"none\"> resalt<\/span><span data-contrast=\"none\">\u00f3 <\/span><span data-contrast=\"none\">la trascendencia de este premio<\/span><span data-contrast=\"none\"> que representa el esfuerzo extra de<\/span> <span data-contrast=\"none\">los estudi<\/span><span data-contrast=\"none\">antes de nuestra m<\/span><span data-contrast=\"none\">\u00e1<\/span><span data-contrast=\"none\">xima casa de estudios por alcanzar la excelencia.<\/span><span data-ccp-props=\"{&quot;201341983&quot;:0,&quot;335559731&quot;:708,&quot;335559739&quot;:160,&quot;335559740&quot;:240}\">\u00a0<\/span><\/p>\n<p><span data-contrast=\"none\">\u201c<\/span><span data-contrast=\"none\">El C<\/span><span data-contrast=\"none\">ap<\/span><span data-contrast=\"none\">\u00ed<\/span><span data-contrast=\"none\">tulo <\/span><span data-contrast=\"none\">E<\/span><span data-contrast=\"none\">studiantil <\/span><span data-contrast=\"none\">661 de la U<\/span><span data-contrast=\"none\">V tiene una muy corta<\/span><span data-contrast=\"none\"> pero exitosa trayectoria, en la que ha cosechado <\/span><span data-contrast=\"none\">varios<\/span><span data-contrast=\"none\"> logros y premios, siendo el <\/span><span data-contrast=\"none\">reciente<\/span><span data-contrast=\"none\"> el<\/span><span data-contrast=\"none\"> Gold Award, el m<\/span><span data-contrast=\"none\">\u00e1<\/span><span data-contrast=\"none\">s importante de todos<\/span><span data-contrast=\"none\">.<\/span><span data-contrast=\"none\">\u201d<\/span><span data-ccp-props=\"{&quot;201341983&quot;:0,&quot;335559731&quot;:708,&quot;335559739&quot;:160,&quot;335559740&quot;:240}\">\u00a0<\/span><\/p>\n<p><span data-contrast=\"none\">Por su parte,<\/span><span data-contrast=\"none\"> Fernando P<\/span><span data-contrast=\"none\">\u00e9<\/span><span data-contrast=\"none\">rez Marinero, <\/span><span data-contrast=\"none\">alumno<\/span><span data-contrast=\"none\"> de octavo semestre del programa educativo <\/span><span data-contrast=\"none\">(PE)<\/span><span data-contrast=\"none\"> Ingenier<\/span><span data-contrast=\"none\">\u00ed<\/span><span data-contrast=\"none\">a Industrial<\/span><span data-contrast=\"none\"> y presidente<\/span><span data-contrast=\"none\"> del Cap\u00edtulo Estudiantil<\/span><span data-contrast=\"none\">, destac<\/span><span data-contrast=\"none\">\u00f3 <\/span><span data-contrast=\"none\">el compromiso que junto con su mesa directiva<\/span><span data-contrast=\"none\"> asum<\/span><span data-contrast=\"none\">ieron para lograr el <\/span><span data-contrast=\"none\">Gold Award<\/span><span data-contrast=\"none\">.<\/span><span data-ccp-props=\"{&quot;201341983&quot;:0,&quot;335559731&quot;:708,&quot;335559739&quot;:160,&quot;335559740&quot;:240}\">\u00a0<\/span><\/p>\n<p><span data-contrast=\"none\">\u201c<\/span><span data-contrast=\"none\">El objetivo se logr<\/span><span data-contrast=\"none\">\u00f3 <\/span><span data-contrast=\"none\">gracias al compromiso de <\/span><span data-contrast=\"none\">la<\/span><span data-contrast=\"none\"> mesa directiva conformada por<\/span><span data-contrast=\"none\">: <\/span><span data-contrast=\"none\">V<\/span><span data-contrast=\"none\">\u00ed<\/span><span data-contrast=\"none\">ctor Daniel Vel<\/span><span data-contrast=\"none\">\u00e1<\/span><span data-contrast=\"none\">zquez Garc<\/span><span data-contrast=\"none\">\u00ed<\/span><span data-contrast=\"none\">a<\/span><span data-contrast=\"none\">, <\/span><span data-contrast=\"none\">v<\/span><span data-contrast=\"none\">icepresidente<\/span><span data-contrast=\"none\">;<\/span><span data-contrast=\"none\"> Fabio Daniel Dom<\/span><span data-contrast=\"none\">\u00ed<\/span><span data-contrast=\"none\">nguez Ruiz, <\/span><span data-contrast=\"none\">s<\/span><span data-contrast=\"none\">ecretario;<\/span><span data-contrast=\"none\"> Marco An<\/span><span data-contrast=\"none\">tonio Aniceto Garc<\/span><span data-contrast=\"none\">\u00ed<\/span><span data-contrast=\"none\">a<\/span><span data-contrast=\"none\">, <\/span><span data-contrast=\"none\">t<\/span><span data-contrast=\"none\">esorero;<\/span><span data-contrast=\"none\"> Sandra Luc\u00ed<\/span><span data-contrast=\"none\">a Teodoro <\/span><span data-contrast=\"none\">\u00c1<\/span><span data-contrast=\"none\">vila<\/span><span data-contrast=\"none\">, coordinadora <\/span><span data-contrast=\"none\">de Vinculaci<\/span><span data-contrast=\"none\">\u00f3<\/span><span data-contrast=\"none\">n<\/span><span data-contrast=\"none\">,<\/span><span data-contrast=\"none\"> y Lizzeth Guadalupe M<\/span><span data-contrast=\"none\">\u00e9<\/span><span data-contrast=\"none\">ndez <\/span><span data-contrast=\"none\">\u00c1<\/span><span data-contrast=\"none\">lvarez<\/span><span data-contrast=\"none\">,<\/span><span data-contrast=\"none\"> coordinadora <\/span><span data-contrast=\"none\">de <\/span><i><span data-contrast=\"none\">M<\/span><\/i><i><span data-contrast=\"none\">arketing<\/span><\/i><span data-contrast=\"none\"> y redes sociales;<\/span> <span data-contrast=\"none\">as<\/span><span data-contrast=\"none\">\u00ed <\/span><span data-contrast=\"none\">como al gran apoyo <\/span><span data-contrast=\"none\">de nuestra <\/span><span data-contrast=\"none\">a<\/span><span data-contrast=\"none\">sesora <\/span><span data-contrast=\"none\">Juana Gabriela Mendoza Ponce y de <\/span><span data-contrast=\"none\">las autoridades educativas<\/span><span data-contrast=\"none\"> de <\/span><span data-contrast=\"none\">la<\/span><span data-contrast=\"none\"> regi<\/span><span data-contrast=\"none\">\u00f3<\/span><span data-contrast=\"none\">n<\/span><span data-contrast=\"none\">.<\/span><span data-contrast=\"none\">\u201d<\/span><span data-ccp-props=\"{&quot;201341983&quot;:0,&quot;335559731&quot;:708,&quot;335559739&quot;:160,&quot;335559740&quot;:240}\">\u00a0<\/span><\/p>\n<p><span data-contrast=\"none\">P<\/span><span data-contrast=\"none\">\u00e9<\/span><span data-contrast=\"none\">rez Marinero coment<\/span><span data-contrast=\"none\">\u00f3 <\/span><span data-contrast=\"none\">que todo el tiempo y esfuerzo invertido en gestionar y llevar a cabo actividades como talleres, conferencias, visitas industriales, <\/span><span data-contrast=\"none\">certificaciones y actividades filantr<\/span><span data-contrast=\"none\">\u00f3<\/span><span data-contrast=\"none\">picas se ve recompensado con el<\/span><span data-contrast=\"none\"> impacto positivo que causa el Cap\u00ed<\/span><span data-contrast=\"none\">tulo <\/span><span data-contrast=\"none\">E<\/span><span data-contrast=\"none\">studiantil<\/span> <span data-contrast=\"none\">dentro de la <\/span><span data-contrast=\"none\">Facultad<\/span><span data-contrast=\"none\">.<\/span><span data-ccp-props=\"{&quot;201341983&quot;:0,&quot;335559731&quot;:708,&quot;335559739&quot;:160,&quot;335559740&quot;:240}\">\u00a0<\/span><\/p>\n<p><span data-contrast=\"none\">\u201c<\/span><span data-contrast=\"none\">P<\/span><span data-contrast=\"none\">ertenecer a una organizaci<\/span><span data-contrast=\"none\">\u00f3<\/span><span data-contrast=\"none\">n como <\/span><span data-contrast=\"none\">\u00e9<\/span><span data-contrast=\"none\">sta<\/span><span data-contrast=\"none\"> brinda a sus miembros <\/span><span data-contrast=\"none\">muchas<\/span><span data-contrast=\"none\"> habilidades y conocimiento <\/span><span data-contrast=\"none\">que enriquecen la formaci<\/span><span data-contrast=\"none\">\u00f3<\/span><span data-contrast=\"none\">n como ingenieros. <\/span><span data-contrast=\"none\">Nuestros pr<\/span><span data-contrast=\"none\">\u00f3<\/span><span data-contrast=\"none\">ximos <\/span><span data-contrast=\"none\">objetivos son<\/span><span data-contrast=\"none\"> posicionarnos como uno de los cap<\/span><span data-contrast=\"none\">\u00ed<\/span><span data-contrast=\"none\">tulos m<\/span><span data-contrast=\"none\">\u00e1<\/span><span data-contrast=\"none\">s importantes del pa<\/span><span data-contrast=\"none\">\u00ed<\/span><span data-contrast=\"none\">s, a<\/span><span data-contrast=\"none\">umentar la cantidad de miembros<\/span> <span data-contrast=\"none\">y <\/span><span data-contrast=\"none\">el alcance de estas actividades<\/span><span data-contrast=\"none\">\u201d<\/span><span data-contrast=\"none\">, apunt<\/span><span data-contrast=\"none\">\u00f3 <\/span><span data-contrast=\"none\">el estudiante.<\/span><span data-ccp-props=\"{&quot;201341983&quot;:0,&quot;335559731&quot;:708,&quot;335559739&quot;:160,&quot;335559740&quot;:240}\">\u00a0<\/span><\/p>\n<p><span data-contrast=\"none\">Finalmente, <\/span><span data-contrast=\"none\">Fernando P<\/span><span data-contrast=\"none\">\u00e9<\/span><span data-contrast=\"none\">rez <\/span><span data-contrast=\"none\">dijo<\/span><span data-contrast=\"none\">:<\/span> <span data-contrast=\"none\">\u201c<\/span><span data-contrast=\"none\">E<\/span><span data-contrast=\"none\">s<\/span> <span data-contrast=\"none\">un orgullo decir <\/span><span data-contrast=\"none\">que soy el presidente del <\/span><span data-contrast=\"none\">C<\/span><span data-contrast=\"none\">ap<\/span><span data-contrast=\"none\">\u00ed<\/span><span data-contrast=\"none\">tulo <\/span><span data-contrast=\"none\">E<\/span><span data-contrast=\"none\">studiantil <\/span><span data-contrast=\"none\">661 <\/span><span data-contrast=\"none\">IISE <\/span><span data-contrast=\"none\">de la <\/span><span data-contrast=\"none\">universidad m<\/span><span data-contrast=\"none\">\u00e1<\/span><span data-contrast=\"none\">s importante del <\/span><span data-contrast=\"none\">e<\/span><span data-contrast=\"none\">stado<\/span><span data-contrast=\"none\">,<\/span><span data-contrast=\"none\"> y que he logrado grandes <\/span><span data-contrast=\"none\">\u00e9<\/span><span data-contrast=\"none\">xitos profesionales gracias a esto<\/span><span data-contrast=\"none\">\u201d<\/span><span data-contrast=\"none\">.<\/span><span data-ccp-props=\"{&quot;201341983&quot;:0,&quot;335559731&quot;:708,&quot;335559739&quot;:160,&quot;335559740&quot;:240}\">\u00a0<\/span><\/p>\n","protected":false},"excerpt":{"rendered":"<p>Es el m\u00e1ximo galard\u00f3n que otorga el Instituto de Ingenieros Industriales y de Sistemas a los cap\u00edtulos m\u00e1s sobresalientes de las distintas universidades del mundo\u00a0<\/p>\n","protected":false},"author":1869,"featured_media":85198,"comment_status":"closed","ping_status":"closed","sticky":false,"template":"","format":"standard","meta":{"footnotes":""},"categories":[61,32,55],"tags":[],"class_list":["post-85197","post","type-post","status-publish","format-standard","has-post-thumbnail","hentry","category-banner","category-regiones","category-veracruz"],"_links":{"self":[{"href":"https:\/\/www.uv.mx\/prensa\/wp-json\/wp\/v2\/posts\/85197","targetHints":{"allow":["GET"]}}],"collection":[{"href":"https:\/\/www.uv.mx\/prensa\/wp-json\/wp\/v2\/posts"}],"about":[{"href":"https:\/\/www.uv.mx\/prensa\/wp-json\/wp\/v2\/types\/post"}],"author":[{"embeddable":true,"href":"https:\/\/www.uv.mx\/prensa\/wp-json\/wp\/v2\/users\/1869"}],"replies":[{"embeddable":true,"href":"https:\/\/www.uv.mx\/prensa\/wp-json\/wp\/v2\/comments?post=85197"}],"version-history":[{"count":0,"href":"https:\/\/www.uv.mx\/prensa\/wp-json\/wp\/v2\/posts\/85197\/revisions"}],"wp:featuredmedia":[{"embeddable":true,"href":"https:\/\/www.uv.mx\/prensa\/wp-json\/wp\/v2\/media\/85198"}],"wp:attachment":[{"href":"https:\/\/www.uv.mx\/prensa\/wp-json\/wp\/v2\/media?parent=85197"}],"wp:term":[{"taxonomy":"category","embeddable":true,"href":"https:\/\/www.uv.mx\/prensa\/wp-json\/wp\/v2\/categories?post=85197"},{"taxonomy":"post_tag","embeddable":true,"href":"https:\/\/www.uv.mx\/prensa\/wp-json\/wp\/v2\/tags?post=85197"}],"curies":[{"name":"wp","href":"https:\/\/api.w.org\/{rel}","templated":true}]}}