{"id":85131,"date":"2020-06-24T18:01:09","date_gmt":"2020-06-24T23:01:09","guid":{"rendered":"https:\/\/www.uv.mx\/prensa\/?p=85131"},"modified":"2020-06-26T09:22:42","modified_gmt":"2020-06-26T14:22:42","slug":"webinario-internacional-de-arqueologia-dedicara-sesion-a-peru","status":"publish","type":"post","link":"https:\/\/www.uv.mx\/prensa\/eventos\/webinario-internacional-de-arqueologia-dedicara-sesion-a-peru\/","title":{"rendered":"Webinario Internacional de Arqueolog\u00eda dedicar\u00e1 sesi\u00f3n a Per\u00fa"},"content":{"rendered":"<ul>\n<li data-leveltext=\"\uf0b7\" data-font=\"Symbol\" data-listid=\"1\" data-aria-posinset=\"1\" data-aria-level=\"1\"><i><span data-contrast=\"auto\">Este <\/span><\/i><i><span data-contrast=\"auto\">25 de junio a las 18:00 horas <\/span><\/i><i><span data-contrast=\"auto\">por las plataformas <\/span><\/i><a href=\"https:\/\/www.facebook.com\/WIA.UV\"><span data-contrast=\"none\">Facebook<\/span><\/a><i><span data-contrast=\"auto\"> y <\/span><\/i><a href=\"https:\/\/uveracruzana.zoom.us\/webinar\/register\/WN_IDO1YBJnStuXcK5gZ0eN5A\"><span data-contrast=\"none\">Z<\/span><span data-contrast=\"none\">oom<\/span><\/a><span data-ccp-props=\"{&quot;134233279&quot;:true}\">\u00a0<\/span><\/li>\n<\/ul>\n<div id=\"attachment_85132\" style=\"width: 430px\" class=\"wp-caption aligncenter\"><a href=\"https:\/\/www.uv.mx\/prensa\/files\/2020\/06\/240620-Invitacion-WIA-V-100k.jpg\"><img loading=\"lazy\" decoding=\"async\" aria-describedby=\"caption-attachment-85132\" class=\"size-full wp-image-85132\" src=\"https:\/\/www.uv.mx\/prensa\/files\/2020\/06\/240620-Invitacion-WIA-V-100k.jpg\" alt=\"Se abordar\u00e1n las investigaciones de tres sitios: Pachacamac, Lambayeque y Cerro de Oro \" width=\"420\" height=\"647\" srcset=\"https:\/\/www.uv.mx\/prensa\/files\/2020\/06\/240620-Invitacion-WIA-V-100k.jpg 420w, https:\/\/www.uv.mx\/prensa\/files\/2020\/06\/240620-Invitacion-WIA-V-100k-195x300.jpg 195w\" sizes=\"auto, (max-width: 420px) 100vw, 420px\" \/><\/a><p id=\"caption-attachment-85132\" class=\"wp-caption-text\">Se abordar\u00e1n las investigaciones de tres sitios: Pachacamac, Lambayeque y Cerro de Oro<\/p><\/div>\n<p><b><i><span data-contrast=\"auto\">Karina de la Paz Reyes D\u00edaz<\/span><\/i><\/b><span data-ccp-props=\"{}\">\u00a0<\/span><\/p>\n<p><b><i><span data-contrast=\"auto\">24\/06\/<\/span><\/i><\/b><b><i><span data-contrast=\"auto\">2020, Xalapa, <\/span><\/i><\/b><b><i><span data-contrast=\"auto\">Ver.-<\/span><\/i><\/b> <span data-contrast=\"auto\">La<\/span><span data-contrast=\"auto\"> quinta sesi\u00f3n del <\/span><span data-contrast=\"auto\">Webinario<\/span><span data-contrast=\"auto\"> Internacional de Arqueolog\u00eda (WIA), organizado por la <a href=\"https:\/\/www.uv.mx\/\" target=\"_blank\" rel=\"noopener noreferrer\">Universidad Veracruzana<\/a> (UV) a trav\u00e9s del cuerpo acad\u00e9mico (CA) Arqueolog\u00eda del Paisaje y Cosmovisi\u00f3n<\/span><span data-contrast=\"auto\">, <\/span><span data-contrast=\"auto\">tiene <\/span><span data-contrast=\"auto\">por t\u00edtulo \u201c<\/span><span data-contrast=\"auto\">Gesti\u00f3n y uso social de la <\/span><span data-contrast=\"auto\">a<\/span><span data-contrast=\"auto\">rqueolog\u00eda en Per\u00fa<\/span><span data-contrast=\"auto\">\u201d<\/span><span data-contrast=\"auto\"> y se realizar\u00e1 este <\/span><span data-contrast=\"auto\">jueves <\/span><span data-contrast=\"auto\">25 de <\/span><span data-contrast=\"auto\">junio a partir de las 18:00 horas.\u00a0<\/span><span data-ccp-props=\"{}\">\u00a0<\/span><\/p>\n<p><span data-contrast=\"auto\">Para registrarse<\/span><span data-contrast=\"auto\"> a la sesi\u00f3n por <\/span><i><span data-contrast=\"auto\">Zoom<\/span><\/i><span data-contrast=\"auto\">,<\/span> <a href=\"https:\/\/uveracruzana.zoom.us\/webinar\/register\/WN_IDO1YBJnStuXcK5gZ0eN5A\"><span data-contrast=\"none\">ingrese a<\/span> <span data-contrast=\"none\">este enlace<\/span><\/a><span data-contrast=\"auto\">; tambi\u00e9n puede <\/span><a href=\"https:\/\/www.facebook.com\/WIA.UV\"><span data-contrast=\"none\">seguir la transmisi\u00f3n por <\/span><i><span data-contrast=\"none\">Facebook<\/span><\/i><\/a><span data-contrast=\"auto\">.<\/span><span data-ccp-props=\"{&quot;335559731&quot;:708}\">\u00a0<\/span><\/p>\n<p><span data-contrast=\"auto\">En el <\/span><span data-contrast=\"auto\">c<\/span><span data-contrast=\"auto\">onversatorio<\/span><span data-contrast=\"auto\"> participar\u00e1n<\/span><span data-contrast=\"auto\"> Denise <\/span><span data-contrast=\"auto\">Pozzi-Escot<\/span><span data-contrast=\"auto\">,<\/span><span data-contrast=\"auto\"> del Museo<\/span><span data-contrast=\"auto\"> de Pachacamac<\/span><span data-contrast=\"auto\">; <\/span><span data-contrast=\"auto\">Carlos <\/span><span data-contrast=\"auto\">Wester<\/span><span data-contrast=\"auto\"> La Torre<\/span><span data-contrast=\"auto\">, del Museo<\/span><span data-contrast=\"auto\"> Arqueol\u00f3gico Nacional <\/span><span data-contrast=\"auto\">Br\u00fc<\/span><span data-contrast=\"auto\">ning<\/span><span data-contrast=\"auto\">, <\/span><span data-contrast=\"auto\">de <\/span><span data-contrast=\"auto\">Lambayeque<\/span><span data-contrast=\"auto\">,<\/span> <span data-contrast=\"auto\">Per\u00fa, <\/span><span data-contrast=\"auto\">y<\/span><span data-contrast=\"auto\"> Francesca <\/span><span data-contrast=\"auto\">Fernandini<\/span><span data-contrast=\"auto\">, de la Universidad <\/span><span data-contrast=\"auto\">Cat\u00f3lica de Per\u00fa<\/span><span data-contrast=\"auto\">.<\/span><span data-ccp-props=\"{}\">\u00a0<\/span><\/p>\n<p><span data-contrast=\"auto\">La organizadora del evento<\/span><span data-contrast=\"auto\"> y directora de la Universidad Veracruzana Intercultural, <\/span><span data-contrast=\"auto\">Lourdes <\/span><span data-contrast=\"auto\">Buda<\/span><span data-contrast=\"auto\">r<\/span><span data-contrast=\"auto\"> Jim\u00e9nez<\/span><span data-contrast=\"auto\">, detall\u00f3 que <\/span><span data-contrast=\"auto\">en esta <\/span><span data-contrast=\"auto\">ocasi\u00f3n<\/span><span data-contrast=\"auto\"> el WIA tiene por invitados a importantes <\/span><span data-contrast=\"auto\">arque\u00f3logos<\/span><span data-contrast=\"auto\"> peruanos, <\/span><span data-contrast=\"auto\">quienes compartir\u00e1n <\/span><span data-contrast=\"auto\">acerca de las investigaciones de tres sitios<\/span><span data-contrast=\"auto\">: <\/span><span data-contrast=\"auto\">Pachacamac, Lambayeque y Cerro de Oro<\/span><span data-contrast=\"auto\">.<\/span><span data-ccp-props=\"{&quot;335559731&quot;:708}\">\u00a0<\/span><\/p>\n<p><span data-contrast=\"auto\">Adem\u00e1s<\/span><span data-contrast=\"auto\">, <\/span><span data-contrast=\"auto\">hablar\u00e1n de <\/span><span data-contrast=\"auto\">como<\/span><span data-contrast=\"auto\"> se hace la <\/span><span data-contrast=\"auto\">difusi\u00f3n<\/span><span data-contrast=\"auto\"> de su trabajo<\/span> <span data-contrast=\"auto\">\u2013<\/span><span data-contrast=\"auto\">para dar un uso social a la <\/span><span data-contrast=\"auto\">arqueolog\u00eda<\/span><span data-contrast=\"auto\">\u2013<\/span><span data-contrast=\"auto\"> y<\/span><span data-contrast=\"auto\"> de<\/span><span data-contrast=\"auto\"> las gestiones que realizan para ello desde los museos de los sitios<\/span><span data-contrast=\"auto\"> arqueol\u00f3gicos.<\/span><span data-ccp-props=\"{&quot;335559731&quot;:708}\">\u00a0<\/span><\/p>\n<p><span data-contrast=\"auto\">\u201c<\/span><span data-contrast=\"auto\">Es importante conocer <\/span><span data-contrast=\"auto\">y compartir el conocimiento y la historia de los pueblos originarios del continente<\/span><span data-contrast=\"auto\">;<\/span> <span data-contrast=\"auto\">disciplinarmente<\/span><span data-contrast=\"auto\"> hablando es enriquecedor<\/span><span data-contrast=\"auto\">,<\/span><span data-contrast=\"auto\"> hay mucho <\/span><span data-contrast=\"auto\">qu<\/span><span data-contrast=\"auto\">e<\/span><span data-contrast=\"auto\"> aprender en ambos sentidos, pero sobre todo nos sirve para darnos cuenta que incluso en la diversidad hay coincidencias, y que los saberes locales<\/span> <span data-contrast=\"auto\">pueden ayudar a comprender los procesos sociales en otras regiones.<\/span><span data-contrast=\"auto\">\u201d<\/span><span data-ccp-props=\"{&quot;335559731&quot;:708}\">\u00a0<\/span><\/p>\n","protected":false},"excerpt":{"rendered":"<p>Este 25 de junio a las 18:00 horas, a trav\u00e9s de las plataformas <em>Facebook<\/em> y <em>Zoom<\/em> <\/p>\n","protected":false},"author":1775,"featured_media":85132,"comment_status":"closed","ping_status":"closed","sticky":false,"template":"","format":"standard","meta":{"footnotes":""},"categories":[47],"tags":[],"class_list":["post-85131","post","type-post","status-publish","format-standard","has-post-thumbnail","hentry","category-eventos"],"_links":{"self":[{"href":"https:\/\/www.uv.mx\/prensa\/wp-json\/wp\/v2\/posts\/85131","targetHints":{"allow":["GET"]}}],"collection":[{"href":"https:\/\/www.uv.mx\/prensa\/wp-json\/wp\/v2\/posts"}],"about":[{"href":"https:\/\/www.uv.mx\/prensa\/wp-json\/wp\/v2\/types\/post"}],"author":[{"embeddable":true,"href":"https:\/\/www.uv.mx\/prensa\/wp-json\/wp\/v2\/users\/1775"}],"replies":[{"embeddable":true,"href":"https:\/\/www.uv.mx\/prensa\/wp-json\/wp\/v2\/comments?post=85131"}],"version-history":[{"count":0,"href":"https:\/\/www.uv.mx\/prensa\/wp-json\/wp\/v2\/posts\/85131\/revisions"}],"wp:featuredmedia":[{"embeddable":true,"href":"https:\/\/www.uv.mx\/prensa\/wp-json\/wp\/v2\/media\/85132"}],"wp:attachment":[{"href":"https:\/\/www.uv.mx\/prensa\/wp-json\/wp\/v2\/media?parent=85131"}],"wp:term":[{"taxonomy":"category","embeddable":true,"href":"https:\/\/www.uv.mx\/prensa\/wp-json\/wp\/v2\/categories?post=85131"},{"taxonomy":"post_tag","embeddable":true,"href":"https:\/\/www.uv.mx\/prensa\/wp-json\/wp\/v2\/tags?post=85131"}],"curies":[{"name":"wp","href":"https:\/\/api.w.org\/{rel}","templated":true}]}}