{"id":84871,"date":"2020-06-17T09:48:23","date_gmt":"2020-06-17T14:48:23","guid":{"rendered":"https:\/\/www.uv.mx\/prensa\/?p=84871"},"modified":"2020-06-17T14:49:37","modified_gmt":"2020-06-17T19:49:37","slug":"en-mexico-se-registran-hasta-50-tornados-al-ano","status":"publish","type":"post","link":"https:\/\/www.uv.mx\/prensa\/ciencia\/en-mexico-se-registran-hasta-50-tornados-al-ano\/","title":{"rendered":"En M\u00e9xico se registran hasta 50 tornados al a\u00f1o"},"content":{"rendered":"<style type=\"text\/css\">\n  blockquote p { color: #28519b; font-family: helvetica; font-size: 1.4em; }<br \/><\/style>\n<ul>\n<li data-leveltext=\"\uf0b7\" data-font=\"Symbol\" data-listid=\"5\" data-aria-posinset=\"1\" data-aria-level=\"1\"><i><span data-contrast=\"auto\">Estos fen\u00f3menos <\/span><\/i><i><span data-contrast=\"auto\">se <\/span><\/i><i><span data-contrast=\"auto\">encuentran documentados para territorio nacional desde la \u00e9poca de la <\/span><\/i><i><span data-contrast=\"auto\">c<\/span><\/i><i><span data-contrast=\"auto\">onquista, e incluso se habla de ellos dentro de la mitolog\u00eda n\u00e1huatl<\/span><\/i><i><span data-contrast=\"auto\">\u00a0<\/span><\/i><\/li>\n<\/ul>\n<div id=\"attachment_84872\" style=\"width: 732px\" class=\"wp-caption aligncenter\"><a href=\"https:\/\/www.uv.mx\/prensa\/files\/2020\/06\/160620-Tornados-100k.jpg\"><img loading=\"lazy\" decoding=\"async\" aria-describedby=\"caption-attachment-84872\" class=\"size-full wp-image-84872\" src=\"https:\/\/www.uv.mx\/prensa\/files\/2020\/06\/160620-Tornados-100k.jpg\" alt=\"Los tornados no son fen\u00f3menos naturales nuevos en M\u00e9xico \" width=\"722\" height=\"542\" srcset=\"https:\/\/www.uv.mx\/prensa\/files\/2020\/06\/160620-Tornados-100k.jpg 722w, https:\/\/www.uv.mx\/prensa\/files\/2020\/06\/160620-Tornados-100k-300x225.jpg 300w\" sizes=\"auto, (max-width: 722px) 100vw, 722px\" \/><\/a><p id=\"caption-attachment-84872\" class=\"wp-caption-text\">Los tornados no son fen\u00f3menos naturales nuevos en M\u00e9xico<\/p><\/div>\n<p><b><i><span data-contrast=\"auto\">Carlos Hugo Hermida Rosales<\/span><\/i><\/b><span data-ccp-props=\"{}\">\u00a0<\/span><\/p>\n<p><b><i><span data-contrast=\"auto\">1<\/span><\/i><\/b><b><i><span data-contrast=\"auto\">7<\/span><\/i><\/b><b><i><span data-contrast=\"auto\">\/06\/<\/span><\/i><\/b><b><i><span data-contrast=\"auto\">2020<\/span><\/i><\/b><b><i><span data-contrast=\"auto\">,<\/span><\/i><\/b> <b><i><span data-contrast=\"auto\">Xalapa, <\/span><\/i><\/b><b><i><span data-contrast=\"auto\">Ver.<\/span><\/i><\/b><b><i><span data-contrast=\"auto\">&#8211;<\/span><\/i><\/b> <span data-contrast=\"auto\">Jos\u00e9<\/span><span data-contrast=\"auto\"> Francisco<\/span> <span data-contrast=\"auto\">Le\u00f3n Cruz,<\/span> <span data-contrast=\"auto\">doctor en <\/span><span data-contrast=\"auto\">Geociencias<\/span><span data-contrast=\"auto\"> Aplicadas por el <\/span><span data-contrast=\"auto\">Instituto Potosino de Investigaci\u00f3n Cient\u00edfica y Tecnol\u00f3gica<\/span><span data-contrast=\"auto\">,<\/span><span data-contrast=\"auto\"> A.C.<\/span><span data-contrast=\"auto\">,<\/span><span data-contrast=\"auto\"> men<\/span><span data-contrast=\"auto\">cion\u00f3 <\/span><span data-contrast=\"auto\">que<\/span><span data-contrast=\"auto\"> aunque se tiene la fals<\/span><span data-contrast=\"auto\">a idea de que los tornados son fen\u00f3menos <\/span><span data-contrast=\"auto\">naturales <\/span><span data-contrast=\"auto\">nuevos en M\u00e9xico, <\/span><span data-contrast=\"auto\">\u00e9<\/span><span data-contrast=\"auto\">stos se encuentran documentados para territorio nacional desde la \u00e9poca de la conquista, <\/span><span data-contrast=\"auto\">e incluso se habla de ellos dentro de la mitolog\u00eda n\u00e1huatl.\u00a0<\/span><span data-ccp-props=\"{}\">\u00a0<\/span><\/p>\n<p><span data-contrast=\"auto\">El experto en <\/span><span data-contrast=\"auto\">ciencias <\/span><span data-contrast=\"auto\">ambientales<\/span><span data-contrast=\"auto\"> y cambio clim\u00e1tico <\/span><span data-contrast=\"auto\">imparti\u00f3 el 11 de junio la conferencia virtual <\/span><span data-contrast=\"auto\">\u201cTornados y otros eventos extremos en medio de la pandemia\u201d<\/span><span data-contrast=\"auto\">, en el marco del Seminario Nacional <\/span><span data-contrast=\"auto\">\u201c<\/span><span data-contrast=\"auto\">La Red de Desastres Asociados a Fen\u00f3menos <\/span><span data-contrast=\"auto\">Hidrometeorol\u00f3gicos<\/span><span data-contrast=\"auto\"> y Clim\u00e1ti<\/span><span data-contrast=\"auto\">cos (<\/span><span data-contrast=\"auto\">REDESClim<\/span><span data-contrast=\"auto\">) frente al Covid-19<\/span><span data-contrast=\"auto\">\u201d<\/span><span data-contrast=\"auto\">.<\/span><span data-ccp-props=\"{&quot;335559731&quot;:708}\">\u00a0<\/span><\/p>\n<p><span data-contrast=\"auto\">Este evento, <\/span><span data-contrast=\"auto\">que concluir\u00e1 el 18 de junio, es organizado por la Universidad Veracruzana (UV) a trav\u00e9s de la <a href=\"https:\/\/www.uv.mx\/internacional\/\" target=\"_blank\" rel=\"noopener noreferrer\">Direcci\u00f3n General de Relaciones Internacionales<\/a> (DGRI) y el <a href=\"https:\/\/www.uv.mx\/cienti\/\" target=\"_blank\" rel=\"noopener noreferrer\">Centro <\/a><\/span><span data-contrast=\"auto\">de Ciencias de la Tierra,<\/span> <span data-contrast=\"auto\">en conjunto con la <\/span><span data-contrast=\"auto\">REDESClim<\/span><span data-contrast=\"auto\">.<\/span><span data-ccp-props=\"{&quot;335559731&quot;:708}\">\u00a0<\/span><\/p>\n<p><span data-contrast=\"auto\">Francisco<\/span> <span data-contrast=\"auto\">Le\u00f3n<\/span><span data-contrast=\"auto\"> coment\u00f3 que la d<\/span><span data-contrast=\"auto\">efinici\u00f3n de tornado ha evolucionado conforme mayor cantidad de conocimiento <\/span><span data-contrast=\"auto\">se <\/span><span data-contrast=\"auto\">adquiere<\/span><span data-contrast=\"auto\"> sobre el fen\u00f3meno natural<\/span><span data-contrast=\"auto\">;<\/span><span data-contrast=\"auto\"> la m\u00e1s aceptada es que se trata de una c<\/span><span data-contrast=\"auto\">olumna de aire en rotaci\u00f3n que <\/span><span data-contrast=\"auto\">est\u00e1<\/span><span data-contrast=\"auto\"> en contacto con el suelo, que pende de una nube <\/span><span data-contrast=\"auto\">cumuliforme<\/span> <span data-contrast=\"auto\">\u2013<\/span><span data-contrast=\"auto\">con base plana, blanca y de <\/span><span data-contrast=\"auto\">aspecto<\/span><span data-contrast=\"auto\"> denso\u2013<\/span> <span data-contrast=\"auto\">y que en ocasiones es visible <\/span><span data-contrast=\"auto\">como<\/span><span data-contrast=\"auto\"> escombros en circulaci\u00f3n <\/span><span data-contrast=\"auto\">encima de la<\/span> <span data-contrast=\"auto\">superficie.<\/span><span data-ccp-props=\"{&quot;335559731&quot;:708}\">\u00a0<\/span><\/p>\n<p><span data-contrast=\"auto\">Comparti\u00f3 que los primeros estudios de tornados en M\u00e9xico registran alrededor de 12 eventos por a\u00f1o en el periodo del <\/span><span data-contrast=\"auto\">a\u00f1o 2000 a<\/span><span data-contrast=\"auto\"> 2012, y que investigaciones m\u00e1s recientes hablan de <\/span><span data-contrast=\"auto\">un aproximado de <\/span><span data-contrast=\"auto\">50 anuales.<\/span><span data-ccp-props=\"{&quot;335559731&quot;:708}\">\u00a0<\/span><\/p>\n<p><span data-contrast=\"auto\">\u201cEl periodo de mayor actividad <\/span><span data-contrast=\"auto\">de estos fen\u00f3menos a nivel nacional ocurre entre mayo y agosto, y est\u00e1<\/span><span data-contrast=\"auto\">n<\/span><span data-contrast=\"auto\"> relacionado<\/span><span data-contrast=\"auto\">s<\/span><span data-contrast=\"auto\"> a sistema<\/span><span data-contrast=\"auto\">s<\/span><span data-contrast=\"auto\"> frontales tard\u00edos y al inicio del temporal lluvioso en el pa\u00eds\u201d, mencion\u00f3.\u00a0<\/span><span data-ccp-props=\"{&quot;335559731&quot;:708}\">\u00a0<\/span><\/p>\n<p><span data-contrast=\"auto\">Afirm\u00f3<\/span><span data-contrast=\"auto\"> que hist\u00f3ricamente el 50 por ciento de los <\/span><span data-contrast=\"auto\">eventos<\/span><span data-contrast=\"auto\"> han causado diversos tipos de da\u00f1os, que van desde desprendimientos de techos hasta la destrucci\u00f3n total de viviendas.<\/span><span data-ccp-props=\"{&quot;335559731&quot;:708}\">\u00a0<\/span><\/p>\n<p><span data-contrast=\"auto\">El experto coment\u00f3 que en lo que va del a\u00f1o ya se tienen registrados 28 tornados, cifra que aunque pudiera parecer elevada es completamente normal, debido a que el avance tecnol\u00f3gico y la mayor densidad de poblaci\u00f3n son factores ligados directamente a la documentaci\u00f3n de estos fen\u00f3menos.<\/span><span data-ccp-props=\"{&quot;335559731&quot;:708}\">\u00a0<\/span><\/p>\n<p><span data-contrast=\"auto\">Enfatiz\u00f3 que aunado a esto el confinamiento producido por la pandemia de Covid-1<\/span><span data-contrast=\"auto\">9 ha originado un mayor uso de I<\/span><span data-contrast=\"auto\">nternet y redes sociales, lo que hace que las personas conozcan datos que ignoraban.<\/span><span data-ccp-props=\"{&quot;335559731&quot;:708}\">\u00a0<\/span><\/p>\n<p><span data-contrast=\"auto\">Francisco<\/span> <span data-contrast=\"auto\">Le\u00f3n<\/span><span data-contrast=\"auto\"> enunci\u00f3 que los estudios <\/span><span data-contrast=\"auto\">de<\/span><span data-contrast=\"auto\"> tornados en M\u00e9xico apenas comienzan y a\u00fan no ofrecen respuestas claras sobre ellos, por lo que existe la necesidad de producir conocimiento cient\u00edfico que sea \u00fatil para la generaci\u00f3n de pol\u00edticas p\u00fablicas<\/span> <span data-contrast=\"auto\">que ayuden a reducir el riesgo de desastres.<\/span><span data-ccp-props=\"{&quot;335559731&quot;:708}\">\u00a0<\/span><\/p>\n<blockquote><p><span data-contrast=\"auto\">Declar\u00f3 que <\/span><span data-contrast=\"auto\">los <\/span><span data-contrast=\"auto\">tornados son fen\u00f3menos naturales comunes en nuestro pa\u00eds con una temporada bien definida<\/span><span data-contrast=\"auto\">, <\/span><span data-contrast=\"auto\">por lo cual <\/span><span data-contrast=\"auto\">es necesario que la poblaci\u00f3n deje de pensar que no existen o que son muy raros, ya que esto quita responsabilidad a las autoridades para actuar<\/span><span data-contrast=\"auto\"> ante sus efectos adversos.<\/span><\/p><\/blockquote>\n","protected":false},"excerpt":{"rendered":"<p>Jos\u00e9 Francisco Le\u00f3n, doctor en Geociencias Aplicadas, particip\u00f3 en el Seminario Nacional \u201cLa Red de Desastres Asociados a Fen\u00f3menos Hidrometeorol\u00f3gicos y Clim\u00e1ticos (REDESClim) frente al Covid-19\u201d <\/p>\n","protected":false},"author":1775,"featured_media":84872,"comment_status":"closed","ping_status":"closed","sticky":false,"template":"","format":"standard","meta":{"footnotes":""},"categories":[45],"tags":[],"class_list":["post-84871","post","type-post","status-publish","format-standard","has-post-thumbnail","hentry","category-ciencia"],"_links":{"self":[{"href":"https:\/\/www.uv.mx\/prensa\/wp-json\/wp\/v2\/posts\/84871","targetHints":{"allow":["GET"]}}],"collection":[{"href":"https:\/\/www.uv.mx\/prensa\/wp-json\/wp\/v2\/posts"}],"about":[{"href":"https:\/\/www.uv.mx\/prensa\/wp-json\/wp\/v2\/types\/post"}],"author":[{"embeddable":true,"href":"https:\/\/www.uv.mx\/prensa\/wp-json\/wp\/v2\/users\/1775"}],"replies":[{"embeddable":true,"href":"https:\/\/www.uv.mx\/prensa\/wp-json\/wp\/v2\/comments?post=84871"}],"version-history":[{"count":0,"href":"https:\/\/www.uv.mx\/prensa\/wp-json\/wp\/v2\/posts\/84871\/revisions"}],"wp:featuredmedia":[{"embeddable":true,"href":"https:\/\/www.uv.mx\/prensa\/wp-json\/wp\/v2\/media\/84872"}],"wp:attachment":[{"href":"https:\/\/www.uv.mx\/prensa\/wp-json\/wp\/v2\/media?parent=84871"}],"wp:term":[{"taxonomy":"category","embeddable":true,"href":"https:\/\/www.uv.mx\/prensa\/wp-json\/wp\/v2\/categories?post=84871"},{"taxonomy":"post_tag","embeddable":true,"href":"https:\/\/www.uv.mx\/prensa\/wp-json\/wp\/v2\/tags?post=84871"}],"curies":[{"name":"wp","href":"https:\/\/api.w.org\/{rel}","templated":true}]}}