{"id":84757,"date":"2020-06-13T06:45:47","date_gmt":"2020-06-13T11:45:47","guid":{"rendered":"https:\/\/www.uv.mx\/prensa\/?p=84757"},"modified":"2020-06-13T06:46:51","modified_gmt":"2020-06-13T11:46:51","slug":"unidad-de-genero-atiende-a-victimas-de-acoso-hostigamiento-y-discriminacion","status":"publish","type":"post","link":"https:\/\/www.uv.mx\/prensa\/general\/unidad-de-genero-atiende-a-victimas-de-acoso-hostigamiento-y-discriminacion\/","title":{"rendered":"Unidad de G\u00e9nero atiende a v\u00edctimas de acoso, hostigamiento y discriminaci\u00f3n"},"content":{"rendered":"<style type=\"text\/css\">\n  blockquote p { color: #28519b; font-family: helvetica; font-size: 1.4em; }<br \/><\/style>\n<ul>\n<li data-leveltext=\"\uf0b7\" data-font=\"Symbol\" data-listid=\"1\" data-aria-posinset=\"1\" data-aria-level=\"1\"><i><span data-contrast=\"auto\">Durante este periodo de <\/span><\/i><i><span data-contrast=\"auto\">contingencia las asesor\u00edas se otorgan v\u00eda telef\u00f3nica o por correo electr\u00f3nico<\/span><\/i><span data-ccp-props=\"{&quot;134233279&quot;:true,&quot;201341983&quot;:0,&quot;335559739&quot;:160,&quot;335559740&quot;:240}\">\u00a0<\/span><\/li>\n<li data-leveltext=\"\uf0b7\" data-font=\"Symbol\" data-listid=\"1\" data-aria-posinset=\"2\" data-aria-level=\"1\"><i><span data-contrast=\"auto\">Natalia Andreina <\/span><\/i><i><span data-contrast=\"auto\">Falf\u00e1<\/span><\/i><i><span data-contrast=\"auto\">n<\/span><\/i><i><span data-contrast=\"auto\"> Trujillo, responsable del \u00c1rea Jur\u00eddica<\/span><\/i><i><span data-contrast=\"auto\">, <\/span><\/i><i><span data-contrast=\"auto\">e<\/span><\/i><i><span data-contrast=\"auto\">xhort\u00f3 a las v\u00edctimas a acercarse a esta unidad para que reciban asesor\u00eda, acompa\u00f1amiento y una soluci\u00f3n<\/span><\/i><\/li>\n<\/ul>\n<div id=\"attachment_84758\" style=\"width: 732px\" class=\"wp-caption aligncenter\"><a href=\"https:\/\/www.uv.mx\/prensa\/files\/2020\/06\/100620-UNIDAD-DE-GENERO-1-100k.jpg\"><img loading=\"lazy\" decoding=\"async\" aria-describedby=\"caption-attachment-84758\" class=\"size-full wp-image-84758\" src=\"https:\/\/www.uv.mx\/prensa\/files\/2020\/06\/100620-UNIDAD-DE-GENERO-1-100k.jpg\" alt=\"Natalia Andreina Falf\u00e1n Trujillo, responsable del \u00c1rea Jur\u00eddica de la Coordinaci\u00f3n de la Unidad de G\u00e9nero de la UV \" width=\"722\" height=\"406\" srcset=\"https:\/\/www.uv.mx\/prensa\/files\/2020\/06\/100620-UNIDAD-DE-GENERO-1-100k.jpg 722w, https:\/\/www.uv.mx\/prensa\/files\/2020\/06\/100620-UNIDAD-DE-GENERO-1-100k-300x169.jpg 300w\" sizes=\"auto, (max-width: 722px) 100vw, 722px\" \/><\/a><p id=\"caption-attachment-84758\" class=\"wp-caption-text\">Natalia Andreina Falf\u00e1n Trujillo, responsable del \u00c1rea Jur\u00eddica de la Coordinaci\u00f3n de la Unidad de G\u00e9nero de la UV<\/p><\/div>\n<p><b><i><span data-contrast=\"auto\">Claudia Peralta V\u00e1zquez<\/span><\/i><\/b><span data-ccp-props=\"{&quot;201341983&quot;:0,&quot;335559739&quot;:160,&quot;335559740&quot;:240}\">\u00a0<\/span><\/p>\n<p><b><i><span data-contrast=\"auto\">1<\/span><\/i><\/b><b><i><span data-contrast=\"auto\">3<\/span><\/i><\/b><b><i><span data-contrast=\"auto\">\/<\/span><\/i><\/b><b><i><span data-contrast=\"auto\">06<\/span><\/i><\/b><b><i><span data-contrast=\"auto\">\/20<\/span><\/i><\/b><b><i><span data-contrast=\"auto\">20, Xalapa, <\/span><\/i><\/b><b><i><span data-contrast=\"auto\">Ver.-<\/span><\/i><\/b> <span data-contrast=\"auto\">Natalia Andreina <\/span><span data-contrast=\"auto\">Falf\u00e1<\/span><span data-contrast=\"auto\">n<\/span><span data-contrast=\"auto\"> Trujillo, responsable del \u00c1rea Jur\u00eddica<\/span><span data-contrast=\"auto\"> de la <\/span><span data-contrast=\"auto\">Coordinaci\u00f3n de la <\/span><span data-contrast=\"auto\">Unidad de G\u00e9nero de la Universidad Veracruzana (UV)<\/span><span data-contrast=\"auto\">,<\/span><span data-contrast=\"auto\"> exhort\u00f3 a la comunidad universitaria que sufr<\/span><span data-contrast=\"auto\">e<\/span><span data-contrast=\"auto\"> violencia de g\u00e9nero, acoso, discriminaci\u00f3n y hostigamiento sexual al interior de esta casa de estudios, a<\/span><span data-contrast=\"auto\"> hacer visible su denuncia y<\/span><span data-contrast=\"auto\"> recibir asesor\u00eda, <\/span><span data-contrast=\"auto\">orientaci\u00f3n y <\/span><span data-contrast=\"auto\">acompa\u00f1amiento <\/span><span data-contrast=\"auto\">durante este proceso.<\/span><span data-ccp-props=\"{&quot;201341983&quot;:0,&quot;335559739&quot;:160,&quot;335559740&quot;:240}\">\u00a0<\/span><\/p>\n<p><span data-contrast=\"auto\">El personal de la <\/span><span data-contrast=\"auto\">Coordinaci\u00f3n de la <\/span><span data-contrast=\"auto\">Unidad de G\u00e9nero se encuentra preparado y capacitado para brindar a las v\u00edctimas una salida y un camino de soluci\u00f3n con perspectiva de g\u00e9nero, ya sea por v\u00eda telef\u00f3nica o correo electr\u00f3nico, sobre todo en este periodo de contingencia donde tambi\u00e9n se han presentado casos de <\/span><span data-contrast=\"auto\">ciberacoso<\/span><span data-contrast=\"auto\">.<\/span><span data-ccp-props=\"{&quot;201341983&quot;:0,&quot;335559731&quot;:708,&quot;335559739&quot;:160,&quot;335559740&quot;:240}\">\u00a0<\/span><\/p>\n<p><span data-contrast=\"auto\">Falf\u00e1n<\/span><span data-contrast=\"auto\"> Trujillo dio a conocer que normalmente la atenci\u00f3n y asesor\u00eda<\/span><span data-contrast=\"auto\"> se otorga de manera presencial;<\/span><span data-contrast=\"auto\"> sin embargo,<\/span><span data-contrast=\"auto\"> se les ha exhortado a realizar sus denuncias a trav\u00e9s de los medios antes se\u00f1alados, en lo que concluye el confinamiento.<\/span><span data-ccp-props=\"{&quot;201341983&quot;:0,&quot;335559731&quot;:708,&quot;335559739&quot;:160,&quot;335559740&quot;:240}\">\u00a0<\/span><\/p>\n<p><span data-contrast=\"auto\">Destac\u00f3 que para las personas que viven violencia es muy importante el primer contacto y atenci\u00f3n, por ello al inicio buscan escucharlos y tratar de saber si <\/span><span data-contrast=\"auto\">el victimario<\/span><span data-contrast=\"auto\"> es alguien de la<\/span><span data-contrast=\"auto\"> comunidad universitaria.<\/span><span data-ccp-props=\"{&quot;201341983&quot;:0,&quot;335559739&quot;:160,&quot;335559740&quot;:240}\">\u00a0<\/span><\/p>\n<p><span data-contrast=\"auto\">\u201cNos llenamos de esa informaci\u00f3n, los escuchamos, despu\u00e9s les hacemos rec<\/span><span data-contrast=\"auto\">omendaciones y los canalizamos.\u201d<\/span><span data-ccp-props=\"{&quot;201341983&quot;:0,&quot;335559731&quot;:708,&quot;335559739&quot;:160,&quot;335559740&quot;:240}\">\u00a0<\/span><\/p>\n<p><span data-contrast=\"auto\">En caso de que tanto la v\u00edctima como el acosador <\/span><span data-contrast=\"auto\">formen parte de la<\/span><span data-contrast=\"auto\"> comunidad universitaria<\/span><span data-contrast=\"auto\">, se orienta al denunciante sobre c\u00f3mo presentar su queja por escrito y ante qu\u00e9 instancia.<\/span><span data-ccp-props=\"{&quot;201341983&quot;:0,&quot;335559731&quot;:708,&quot;335559739&quot;:160,&quot;335559740&quot;:240}\">\u00a0<\/span><\/p>\n<blockquote><p><span data-contrast=\"auto\">En este sentido, <\/span><span data-contrast=\"auto\">es muy importante que lo hagan directamente con la persona que resolver\u00e1 su problema<\/span><span data-contrast=\"auto\">,<\/span><span data-contrast=\"auto\"> pues la<\/span> <span data-contrast=\"auto\">Coordinaci\u00f3n de <\/span><span data-contrast=\"auto\">la <\/span><span data-contrast=\"auto\">Unidad de G\u00e9nero no <\/span><span data-contrast=\"auto\">tiene la facultad de sancionar o de iniciar un <\/span><span data-contrast=\"auto\">procedimiento.<\/span><span data-ccp-props=\"{&quot;201341983&quot;:0,&quot;335559731&quot;:708,&quot;335559739&quot;:160,&quot;335559740&quot;:240}\">\u00a0<\/span><\/p><\/blockquote>\n<p><span data-contrast=\"auto\">Cuando la persona se\u00f1alada no forma parte de la comunidad universitaria, se canaliza a las v\u00edctimas a alg\u00fan I<\/span><span data-contrast=\"auto\">nstituto Municipal de la Mujer o Fiscal\u00eda<\/span><span data-contrast=\"auto\"> especializada.<\/span><span data-ccp-props=\"{&quot;201341983&quot;:0,&quot;335559739&quot;:160,&quot;335559740&quot;:240}\">\u00a0<\/span><\/p>\n<p><span data-contrast=\"auto\">\u201cSiembre buscamos darles una opci\u00f3n y una vez que presentan su queja o denuncia, la <\/span><span data-contrast=\"auto\">Coordinaci\u00f3n de la <\/span><span data-contrast=\"auto\">Unidad de G\u00e9nero se encarga de darle seguimiento a la autoridad <\/span><span data-contrast=\"auto\">correspondiente hasta el final.\u201d<\/span><span data-ccp-props=\"{&quot;201341983&quot;:0,&quot;335559731&quot;:708,&quot;335559739&quot;:160,&quot;335559740&quot;:240}\">\u00a0<\/span><\/p>\n<p><span data-contrast=\"auto\">Por lo anterior, <\/span><span data-contrast=\"auto\">Natalia Andreina <\/span><span data-contrast=\"auto\">Falf\u00e1<\/span><span data-contrast=\"auto\">n<\/span><span data-contrast=\"auto\"> invit\u00f3 a la comunidad universitaria a siempre marcar copia de conocimiento a la<\/span> <span data-contrast=\"auto\">Coordinaci\u00f3n de la<\/span><span data-contrast=\"auto\"> Unidad de G\u00e9nero<\/span><span data-contrast=\"auto\"> porque dentro de<\/span><span data-contrast=\"auto\"> sus<\/span><span data-contrast=\"auto\"> atribuciones est\u00e1 dar seguimiento a las autoridades <\/span><span data-contrast=\"auto\">e instancias a donde llegan estas denuncias.<\/span><span data-ccp-props=\"{&quot;201341983&quot;:0,&quot;335559731&quot;:708,&quot;335559739&quot;:160,&quot;335559740&quot;:240}\">\u00a0<\/span><\/p>\n<p><span data-contrast=\"auto\">Otra de las acciones que realizan es la canalizaci\u00f3n <\/span><span data-contrast=\"auto\">psicol\u00f3gica<\/span><span data-contrast=\"auto\"> de las v\u00edctimas, pues muchas veces<\/span><span data-contrast=\"auto\">,<\/span><span data-contrast=\"auto\"> cuando se acercan por primera vez<\/span><span data-contrast=\"auto\">,<\/span> <span data-contrast=\"auto\">a\u00fan<\/span><span data-contrast=\"auto\"> no est\u00e1n listas para <\/span><span data-contrast=\"auto\">presentar<\/span><span data-contrast=\"auto\"> su escrito e <\/span><span data-contrast=\"auto\">iniciar<\/span><span data-contrast=\"auto\"> el<\/span><span data-contrast=\"auto\"> procedimiento.<\/span><span data-ccp-props=\"{&quot;201341983&quot;:0,&quot;335559731&quot;:708,&quot;335559739&quot;:160,&quot;335559740&quot;:240}\">\u00a0<\/span><\/p>\n<p><span data-contrast=\"auto\">A veces s\u00f3<\/span><span data-contrast=\"auto\">lo<\/span><span data-contrast=\"auto\"> desean que la persona a quien se\u00f1alan nunca se les vuelva a acercar. En ese caso, les brindan todas las medidas de protecci\u00f3n<\/span><span data-contrast=\"auto\"> y a la autoridad correspondiente le dan una <\/span><span data-contrast=\"auto\">serie de opciones y sugerencias <\/span><span data-contrast=\"auto\">para ejercerlas.<\/span><span data-ccp-props=\"{&quot;201341983&quot;:0,&quot;335559731&quot;:708,&quot;335559739&quot;:160,&quot;335559740&quot;:240}\">\u00a0<\/span><\/p>\n<p><span data-contrast=\"auto\">La encargada del \u00c1rea Jur\u00eddica precis\u00f3 que la normatividad universitaria contempla nueve procedimientos sancionadores<\/span><span data-contrast=\"auto\">.<\/span><span data-ccp-props=\"{&quot;201341983&quot;:0,&quot;335559731&quot;:708,&quot;335559739&quot;:160,&quot;335559740&quot;:240}\">\u00a0<\/span><\/p>\n<p><span data-contrast=\"auto\">Por tanto, si quien acosa es un alumno, la denuncia se har\u00e1 ante el director responsable de la entidad acad\u00e9mica; si es trabajador, ante el jefe inmediato; y as\u00ed sucesivamente.<\/span><span data-ccp-props=\"{&quot;201341983&quot;:0,&quot;335559731&quot;:708,&quot;335559739&quot;:160,&quot;335559740&quot;:240}\">\u00a0<\/span><\/p>\n<p><span data-contrast=\"auto\">Actualmente, en el <\/span><span data-contrast=\"auto\">\u201c<\/span><span data-contrast=\"auto\">Protocolo para atender la violencia de g\u00e9nero de la UV<\/span><span data-contrast=\"auto\">\u201d<\/span><span data-contrast=\"auto\"> se desglosan cada uno de ellos.<\/span><span data-ccp-props=\"{&quot;201341983&quot;:0,&quot;335559739&quot;:160,&quot;335559740&quot;:240}\">\u00a0<\/span><\/p>\n<p><span data-contrast=\"auto\">Precis\u00f3 que no siempre habr\u00e1 una sanci\u00f3n, pero s\u00ed es importante que la parte quejosa o la v\u00edctima se sienta escuchada y se haga algo al respecto.<\/span><span data-ccp-props=\"{&quot;201341983&quot;:0,&quot;335559739&quot;:160,&quot;335559740&quot;:240}\">\u00a0<\/span><\/p>\n<p><span data-contrast=\"auto\">En<\/span><span data-contrast=\"auto\">tre las sanciones implementadas<\/span><span data-contrast=\"auto\"> est\u00e1 la expulsi\u00f3n para un alumno, o la terminaci\u00f3n de la relaci\u00f3n de trabajo, en el caso de los trabajadores, pero tambi\u00e9n puede haber amonestaciones, extra\u00f1amientos, escritos verbales, suspensi\u00f3n por un semestre o la expulsi\u00f3n definitiva.<\/span><span data-ccp-props=\"{&quot;201341983&quot;:0,&quot;335559739&quot;:160,&quot;335559740&quot;:240}\">\u00a0<\/span><\/p>\n<p><span data-contrast=\"auto\">\u201c<\/span><span data-contrast=\"auto\">En la <\/span><span data-contrast=\"auto\">Coordinaci\u00f3n de la <\/span><span data-contrast=\"auto\">Unidad de G\u00e9nero no s\u00f3<\/span><span data-contrast=\"auto\">lo se bus<\/span><span data-contrast=\"auto\">ca el procedimiento sancionador, <\/span><span data-contrast=\"auto\">sino tambi\u00e9n tener otras vertientes <\/span><span data-contrast=\"auto\">y<\/span><span data-contrast=\"auto\"> medidas<\/span><span data-contrast=\"auto\">.\u201d<\/span><span data-ccp-props=\"{&quot;201341983&quot;:0,&quot;335559739&quot;:160,&quot;335559740&quot;:240}\">\u00a0<\/span><\/p>\n<p><span data-contrast=\"auto\">En esta labor<\/span><span data-contrast=\"auto\"> unen esfuerzos y coadyuvan con los representantes de facultades y coordinaciones regionales en materia de asesor\u00eda, seguimiento y atenci\u00f3n de los casos.<\/span><span data-ccp-props=\"{&quot;201341983&quot;:0,&quot;335559739&quot;:160,&quot;335559740&quot;:240}\">\u00a0<\/span><\/p>\n<p><span data-contrast=\"auto\">Falf\u00e1<\/span><span data-contrast=\"auto\">n<\/span><span data-contrast=\"auto\"> Trujillo<\/span><span data-contrast=\"auto\"> inform\u00f3 que el a\u00f1o pasado hubo un mayor n\u00famero de quejas, pero \u00e9stas var\u00edan mucho dependiendo del mes y de las circunstancias. Adem\u00e1s, son m\u00e1s mujeres que hombres las que denuncian.<\/span><span data-ccp-props=\"{&quot;201341983&quot;:0,&quot;335559731&quot;:708,&quot;335559739&quot;:160,&quot;335559740&quot;:240}\">\u00a0<\/span><\/p>\n<p><span data-contrast=\"auto\">No obstante, se trabaja continuamente para brindarles<\/span><span data-contrast=\"auto\"> diversas<\/span><span data-contrast=\"auto\"> herramientas y se sientan protegidos por la UV.<\/span><span data-ccp-props=\"{&quot;201341983&quot;:0,&quot;335559731&quot;:708,&quot;335559739&quot;:160,&quot;335559740&quot;:240}\">\u00a0<\/span><\/p>\n<p><span data-contrast=\"auto\">En su equipo de trabajo colabora <\/span><span data-contrast=\"auto\">Gilberto Mendoza Mar\u00edn<\/span><span data-contrast=\"auto\">, <\/span><span data-contrast=\"auto\">a<\/span><span data-contrast=\"auto\">uxiliar <\/span><span data-contrast=\"auto\">j<\/span><span data-contrast=\"auto\">ur\u00eddico<\/span><span data-contrast=\"auto\">,<\/span> <span data-contrast=\"auto\">y <\/span><span data-contrast=\"auto\">Mar\u00eda Lilia Viveros Ram\u00edrez<\/span><span data-contrast=\"auto\">,<\/span> <span data-contrast=\"auto\">a<\/span><span data-contrast=\"auto\">sesora <\/span><span data-contrast=\"auto\">j<\/span><span data-contrast=\"auto\">ur\u00eddica<\/span><span data-contrast=\"auto\">. A ellos, pueden contactarlos a trav\u00e9s de los correos electr\u00f3nicos: <\/span><a href=\"mailto:gilbmendoza@uv.mx\"><span data-contrast=\"none\">gilbmendoza@uv.mx<\/span><\/a><span data-contrast=\"auto\"> y <\/span><a href=\"mailto:liviveros@uv.mx\"><span data-contrast=\"none\">liviveros@uv.mx<\/span><\/a><span data-contrast=\"auto\">.<\/span><span data-ccp-props=\"{&quot;201341983&quot;:0,&quot;335559731&quot;:708,&quot;335559739&quot;:160,&quot;335559740&quot;:240}\">\u00a0<\/span><\/p>\n<p><span data-contrast=\"auto\">El correo electr\u00f3nico de <\/span><span data-contrast=\"auto\">Natalia Andreina <\/span><span data-contrast=\"auto\">Falf\u00e1<\/span><span data-contrast=\"auto\">n<\/span><span data-contrast=\"auto\"> Trujillo<\/span> <span data-contrast=\"auto\">es <\/span><a href=\"mailto:nfalfan@uv.mx\"><span data-contrast=\"none\">nfalfan@uv.mx<\/span><\/a><span data-contrast=\"auto\"> y<\/span> <span data-contrast=\"auto\">su<\/span><span data-contrast=\"auto\"> n\u00famero telef\u00f3nico 2281<\/span><span data-contrast=\"auto\">&#8211;<\/span><span data-contrast=\"auto\">212036<\/span><span data-contrast=\"auto\">.<\/span><span data-ccp-props=\"{&quot;201341983&quot;:0,&quot;335559731&quot;:708,&quot;335559739&quot;:160,&quot;335559740&quot;:240}\">\u00a0<\/span><\/p>\n<p><span data-contrast=\"auto\">Las denuncias tambi\u00e9n pueden enviarlas al<\/span><i><span data-contrast=\"auto\"> Facebook<\/span><\/i> <span data-contrast=\"auto\">de<\/span><span data-contrast=\"auto\"> la Coordinaci\u00f3n de la Unidad de G\u00e9nero.<\/span><span data-ccp-props=\"{&quot;201341983&quot;:0,&quot;335559731&quot;:708,&quot;335559739&quot;:160,&quot;335559740&quot;:240}\">\u00a0<\/span><\/p>\n","protected":false},"excerpt":{"rendered":"<p>En caso de que la v\u00edctima y el acosador formen parte de la comunidad universitaria, se orienta a la denunciante para presentar su queja por escrito y ante la instancia adecuada <\/p>\n","protected":false},"author":1775,"featured_media":84758,"comment_status":"closed","ping_status":"closed","sticky":false,"template":"","format":"standard","meta":{"footnotes":""},"categories":[1],"tags":[],"class_list":["post-84757","post","type-post","status-publish","format-standard","has-post-thumbnail","hentry","category-general"],"_links":{"self":[{"href":"https:\/\/www.uv.mx\/prensa\/wp-json\/wp\/v2\/posts\/84757","targetHints":{"allow":["GET"]}}],"collection":[{"href":"https:\/\/www.uv.mx\/prensa\/wp-json\/wp\/v2\/posts"}],"about":[{"href":"https:\/\/www.uv.mx\/prensa\/wp-json\/wp\/v2\/types\/post"}],"author":[{"embeddable":true,"href":"https:\/\/www.uv.mx\/prensa\/wp-json\/wp\/v2\/users\/1775"}],"replies":[{"embeddable":true,"href":"https:\/\/www.uv.mx\/prensa\/wp-json\/wp\/v2\/comments?post=84757"}],"version-history":[{"count":0,"href":"https:\/\/www.uv.mx\/prensa\/wp-json\/wp\/v2\/posts\/84757\/revisions"}],"wp:featuredmedia":[{"embeddable":true,"href":"https:\/\/www.uv.mx\/prensa\/wp-json\/wp\/v2\/media\/84758"}],"wp:attachment":[{"href":"https:\/\/www.uv.mx\/prensa\/wp-json\/wp\/v2\/media?parent=84757"}],"wp:term":[{"taxonomy":"category","embeddable":true,"href":"https:\/\/www.uv.mx\/prensa\/wp-json\/wp\/v2\/categories?post=84757"},{"taxonomy":"post_tag","embeddable":true,"href":"https:\/\/www.uv.mx\/prensa\/wp-json\/wp\/v2\/tags?post=84757"}],"curies":[{"name":"wp","href":"https:\/\/api.w.org\/{rel}","templated":true}]}}