{"id":84753,"date":"2020-06-14T08:05:00","date_gmt":"2020-06-14T13:05:00","guid":{"rendered":"https:\/\/www.uv.mx\/prensa\/?p=84753"},"modified":"2020-06-15T12:20:03","modified_gmt":"2020-06-15T17:20:03","slug":"uvi-convoca-a-diplomado-en-agroecologia-para-la-sustentabilidad","status":"publish","type":"post","link":"https:\/\/www.uv.mx\/prensa\/banner\/uvi-convoca-a-diplomado-en-agroecologia-para-la-sustentabilidad\/","title":{"rendered":"UVI convoca a Diplomado Internacional en Agroecolog\u00eda para la Sustentabilidad"},"content":{"rendered":"<ul>\n<li data-leveltext=\"\uf0b7\" data-font=\"Symbol\" data-listid=\"1\" data-aria-posinset=\"1\" data-aria-level=\"1\"><i><span data-contrast=\"auto\">Ser\u00e1 sabatino y en modalidad virtual<\/span><\/i><i><span data-contrast=\"auto\">, de julio a diciembre<\/span><\/i><\/li>\n<\/ul>\n<div id=\"attachment_84754\" style=\"width: 732px\" class=\"wp-caption aligncenter\"><a href=\"https:\/\/www.uv.mx\/prensa\/files\/2020\/06\/110620-Diplomado-UVI-100k.jpg\"><img loading=\"lazy\" decoding=\"async\" aria-describedby=\"caption-attachment-84754\" class=\"size-full wp-image-84754\" src=\"https:\/\/www.uv.mx\/prensa\/files\/2020\/06\/110620-Diplomado-UVI-100k.jpg\" alt=\"Se tendr\u00e1 la participaci\u00f3n de UNIMINUTO de Colombia y el Grupo de Trabajo de Agroecolog\u00eda Pol\u00edtica del Clacso \" width=\"722\" height=\"248\" srcset=\"https:\/\/www.uv.mx\/prensa\/files\/2020\/06\/110620-Diplomado-UVI-100k.jpg 722w, https:\/\/www.uv.mx\/prensa\/files\/2020\/06\/110620-Diplomado-UVI-100k-300x103.jpg 300w\" sizes=\"auto, (max-width: 722px) 100vw, 722px\" \/><\/a><p id=\"caption-attachment-84754\" class=\"wp-caption-text\">Se tendr\u00e1 la participaci\u00f3n de UNIMINUTO de Colombia y el Grupo de Trabajo de Agroecolog\u00eda Pol\u00edtica del <em>Clacso<\/em><\/p><\/div>\n<p><b><i><span data-contrast=\"auto\">Karina de la Paz Reyes D\u00edaz<\/span><\/i><\/b><span data-ccp-props=\"{}\">\u00a0<\/span><\/p>\n<p><b><i><span data-contrast=\"auto\">1<\/span><\/i><\/b><b><i><span data-contrast=\"auto\">4<\/span><\/i><\/b><b><i><span data-contrast=\"auto\">\/06\/2020, Xalapa, Ver.-<\/span><\/i><\/b><span data-contrast=\"auto\"> La <a href=\"https:\/\/www.uv.mx\/uvi\/\" target=\"_blank\" rel=\"noopener noreferrer\">Universidad Veracruzana Intercultural<\/a> (UVI) y la Universidad Aut\u00f3noma de Quer\u00e9taro (UAQ) invitan al Diplomado Internacional en Agroecolog\u00eda para la Sustentabilidad (DIAS) 2020, edici\u00f3n especial \u201cPostc<\/span><span data-contrast=\"auto\">ovid-19\u201d<\/span><span data-contrast=\"auto\">, con <\/span><span data-contrast=\"auto\">profesor<\/span><span data-contrast=\"auto\">es<\/span><span data-contrast=\"auto\"> nacional<\/span><span data-contrast=\"auto\">es<\/span><span data-contrast=\"auto\"> e internacional<\/span><span data-contrast=\"auto\">es,<\/span><span data-contrast=\"auto\"> en modalidad virtual, los s\u00e1bados de julio a diciembre de este a\u00f1o.<\/span><span data-ccp-props=\"{}\">\u00a0<\/span><\/p>\n<p><span data-contrast=\"auto\">De ello informaron <\/span><span data-contrast=\"auto\">Lourdes <\/span><span data-contrast=\"auto\">Budar<\/span><span data-contrast=\"auto\"> Jim\u00e9nez<\/span><span data-contrast=\"auto\">, directora de la UVI, y <\/span><span data-contrast=\"auto\">Shantal<\/span><span data-contrast=\"auto\"> Meseguer Galv\u00e1n<\/span><span data-contrast=\"auto\">, coordinadora de Investigaci\u00f3n en la misma entidad universitaria.<\/span><span data-ccp-props=\"{&quot;335559731&quot;:708}\">\u00a0<\/span><\/p>\n<p><span data-contrast=\"auto\">Explicaron que esta<\/span><span data-contrast=\"auto\"> edici\u00f3n especial constituye la cuarta del DIAS<\/span><span data-contrast=\"auto\">, <\/span><span data-contrast=\"auto\">que organiza<\/span><span data-contrast=\"auto\">,<\/span><span data-contrast=\"auto\"> desde hace varios a\u00f1os<\/span><span data-contrast=\"auto\">,<\/span><span data-contrast=\"auto\"> un equipo acad\u00e9mico interdisciplinario coordinado<\/span><span data-contrast=\"auto\"> por <\/span><span data-contrast=\"auto\">Narciso Barrera <\/span><span data-contrast=\"auto\">Bassols<\/span><span data-contrast=\"auto\">, investigador y profesor <\/span><span data-contrast=\"auto\">de la UAQ.<\/span><span data-ccp-props=\"{&quot;335559731&quot;:708}\">\u00a0<\/span><\/p>\n<p><span data-contrast=\"auto\">\u00a0En esta ocasi\u00f3n el DIAS se imparte conjuntamente entre la UAQ<\/span><span data-contrast=\"auto\"> y la<\/span><span data-contrast=\"auto\"> UVI<\/span><span data-contrast=\"auto\">,<\/span> <span data-contrast=\"auto\">a trav\u00e9s de un convenio espec\u00edfico de colaboraci\u00f3n, <\/span><span data-contrast=\"auto\">y<\/span><span data-contrast=\"auto\"> con la participaci\u00f3n de la Coordinaci\u00f3n Universitaria para la Sustentabilidad (<\/span><i><span data-contrast=\"auto\">CoS<\/span><\/i><i><span data-contrast=\"auto\">ustenta<\/span><\/i><span data-contrast=\"auto\">) <\/span><span data-contrast=\"auto\">de la UV<\/span><span data-contrast=\"auto\">.<\/span><span data-ccp-props=\"{&quot;335559731&quot;:708}\">\u00a0<\/span><\/p>\n<p><span data-contrast=\"auto\">Se contar\u00e1 con <\/span><span data-contrast=\"auto\">la participaci\u00f3n de Corporaci\u00f3n Universitaria Minuto de Dios<\/span> <span data-contrast=\"auto\">de Colombia<\/span><span data-contrast=\"auto\"> (UNIMINUTO)<\/span><span data-contrast=\"auto\"> y el Grupo de Trabajo de Agroecolog\u00eda Pol\u00edtica de<\/span><span data-contrast=\"auto\">l<\/span><span data-contrast=\"auto\"> Consejo Latinoamericano de Ciencias Sociales<\/span><span data-contrast=\"auto\"> (<\/span><i><span data-contrast=\"auto\">Clacso<\/span><\/i><span data-contrast=\"auto\">)<\/span><span data-contrast=\"auto\">,<\/span><span data-contrast=\"auto\"> lo cual ha permitido<\/span><span data-contrast=\"auto\"> reunir a un grupo de profesores de diversos pa\u00edses de Iberoam\u00e9rica.<\/span><span data-ccp-props=\"{&quot;335559731&quot;:708}\">\u00a0<\/span><\/p>\n<p><span data-contrast=\"auto\">Lourdes <\/span><span data-contrast=\"auto\">Budar<\/span><span data-contrast=\"auto\"> y<\/span> <span data-contrast=\"auto\">Shantal<\/span><span data-contrast=\"auto\"> Meseguer<\/span><span data-contrast=\"auto\"> explicaron que el<\/span><span data-contrast=\"auto\"> DIAS est\u00e1\u0301 dirigido al p\u00fablico en general<\/span> <span data-contrast=\"auto\">interesado en la agroecolog\u00eda como una <\/span><span data-contrast=\"auto\">pr\u00e1<\/span><span data-contrast=\"auto\">ctica, di\u00e1logo de saberes y acci\u00f3n colectiva<\/span><span data-contrast=\"auto\">, toda vez que la<\/span><span data-contrast=\"auto\"> emergencia suscitada por la pandemia puso en evidencia la necesidad de conjuntar la imaginaci\u00f3n colectiva para explorar otras maneras de habitar, comer y sanar; en este sentido<\/span><span data-contrast=\"auto\">,<\/span><span data-contrast=\"auto\"> las transiciones agroecol\u00f3gicas constituyen una alternativa para escenarios<\/span><span data-contrast=\"auto\"> postcovid<\/span><span data-contrast=\"auto\">-19.<\/span><span data-ccp-props=\"{&quot;335559731&quot;:708}\">\u00a0<\/span><\/p>\n<p><span data-contrast=\"auto\">Las personas interesadas o que deseen m\u00e1s informaci\u00f3n pueden dirigirse al <\/span><span data-contrast=\"auto\">correo<\/span><span data-contrast=\"auto\"> electr\u00f3nico <\/span><a href=\"mailto:dip.agroecologia.4@gmail.com\"><span data-contrast=\"none\">dip.agroecologia.4@gmail.com<\/span><\/a><span data-contrast=\"auto\"> o <\/span><span data-contrast=\"auto\">consultar la p\u00e1gina de <\/span><i><span data-contrast=\"auto\">Facebook<\/span><\/i> <a href=\"https:\/\/www.facebook.com\/groups\/2096246980602274\/\"><span data-contrast=\"none\">Diplomado Internacional en Agroecolog\u00eda para la <\/span><span data-contrast=\"none\">S<\/span><span data-contrast=\"none\">ustentabilidad<\/span><\/a><span data-contrast=\"auto\">.<\/span><span data-ccp-props=\"{}\">\u00a0<\/span><\/p>\n<p><span data-contrast=\"auto\">El DIAS i<\/span><span data-contrast=\"auto\">nicia en <\/span><span data-contrast=\"auto\">j<\/span><span data-contrast=\"auto\">ulio y termina e<\/span><span data-contrast=\"auto\">n<\/span><span data-contrast=\"auto\"> diciembre <\/span><span data-contrast=\"auto\">de este a\u00f1o; se trata de <\/span><span data-contrast=\"auto\">seis meses<\/span><span data-contrast=\"auto\"> organizados en <\/span><span data-contrast=\"auto\">24 sesiones sabatinas de 10<\/span><span data-contrast=\"auto\">:00<\/span><span data-contrast=\"auto\"> a 14<\/span><span data-contrast=\"auto\">:00<\/span><span data-contrast=\"auto\"> horas.\u00a0<\/span><span data-ccp-props=\"{}\">\u00a0<\/span><\/p>\n<p><span data-contrast=\"auto\">Ambas acad\u00e9micas destacaron que d<\/span><span data-contrast=\"auto\">urante los <\/span><span data-contrast=\"auto\">15 a\u00f1os<\/span><span data-contrast=\"auto\"> de trabajo de la UVI en las regiones rurales e ind\u00edgenas de Veracruz, a trav\u00e9s de i<\/span><span data-contrast=\"auto\">nvestigaciones y colaboraciones<\/span><span data-contrast=\"auto\"> se ha<\/span><span data-contrast=\"auto\">n<\/span> <span data-contrast=\"auto\">abordado<\/span><span data-contrast=\"auto\"> y analizado temas como saberes campesinos, cosmovisiones mesoamericanas relacionadas con la agricultura y la alimentaci\u00f3n,<\/span><span data-contrast=\"auto\"> as\u00ed como<\/span><span data-contrast=\"auto\"> los problemas ambientales en las sierras y cuencas de <\/span><span data-contrast=\"auto\">la entidad.<\/span><span data-ccp-props=\"{&quot;335559731&quot;:708}\">\u00a0<\/span><\/p>\n<p><span data-contrast=\"auto\">Tambi\u00e9n<\/span><span data-contrast=\"auto\">, remarcaron,<\/span><span data-contrast=\"auto\"> se ha problematizado la crisis del campo mexicano a partir de la implementaci\u00f3n de pol\u00edticas neoliberales que apostaron por la agricultura industrializada, los <\/span><span data-contrast=\"auto\">agronegocios<\/span> <span data-contrast=\"auto\">y alimentos procesados.<\/span><span data-ccp-props=\"{&quot;335559731&quot;:708}\">\u00a0<\/span><\/p>\n<p><span data-contrast=\"auto\">En su opini\u00f3n, el<\/span><span data-contrast=\"auto\"> di\u00e1logo de saberes que caracteriza el trabajo de estudiantes y profesor<\/span><span data-contrast=\"auto\">ado de la UVI <\/span><span data-contrast=\"auto\">en las comunidades ha favorecido el acceso a gran cantidad de saberes campesinos<\/span><span data-contrast=\"auto\">.<\/span><span data-contrast=\"auto\"> Adem\u00e1s<\/span><span data-contrast=\"auto\">,<\/span><span data-contrast=\"auto\"> se han visibilizado tecnolog\u00edas locales perfeccionadas a trav\u00e9s de la experiencia de varias generaciones<\/span><span data-contrast=\"auto\">; <\/span><span data-contrast=\"auto\">ampliado el conocimiento sobre los territorios, la alimentaci\u00f3n y la cocina tradicional, as\u00ed\u0301 como <\/span><span data-contrast=\"auto\">de<\/span><span data-contrast=\"auto\"> la s<\/span><span data-contrast=\"auto\">alud y la medicina tradicional.<\/span><span data-ccp-props=\"{&quot;335559731&quot;:708}\">\u00a0<\/span><\/p>\n<p><span data-contrast=\"auto\">Pero tambi\u00e9n<\/span><span data-contrast=\"auto\">, coincidieron,<\/span><span data-contrast=\"auto\"> se ha puesto de manifiesto en estas investigaciones la grave situaci\u00f3n de riesgo que enfrentan todos estos saberes en la actualidad y los efectos negativos que implicar\u00eda su p<\/span><span data-contrast=\"auto\">\u00e9<\/span><span data-contrast=\"auto\">rdida.<\/span><span data-ccp-props=\"{&quot;335559731&quot;:708}\">\u00a0<\/span><\/p>\n<p><span data-contrast=\"auto\">E<\/span><span data-contrast=\"auto\">s en<\/span><span data-contrast=\"auto\"> e<\/span><span data-contrast=\"auto\">se contexto que<\/span><span data-contrast=\"auto\"> la UVI se ha propuesto desarrollar un<\/span><span data-contrast=\"auto\">a<\/span><span data-contrast=\"auto\"> serie de programas educativos (<\/span><span data-contrast=\"auto\">di<\/span><span data-contrast=\"auto\">plomado, licenciatura y posgrado) sobre la agroecolog\u00eda, <\/span><span data-contrast=\"auto\">cuya finalidad es <\/span><span data-contrast=\"auto\">formar profesionales sensibles y capaces de desarrollar y fortalecer experiencias de transici\u00f3n agroecol\u00f3gica con la convicci\u00f3n y las herramientas necesarias para movilizar los saberes bioculturales de los pueblos originarios en mira<\/span><span data-contrast=\"auto\">s<\/span><span data-contrast=\"auto\"> a una transformaci\u00f3n del paradigma dominante de la agricultura intensiva e industrializada.<\/span><span data-ccp-props=\"{&quot;335559731&quot;:708}\">\u00a0<\/span><\/p>\n<p><span data-contrast=\"auto\">Cabe citar que el DIAS es un programa autofinanciable, por lo que se requiere un m\u00ednimo de participantes para garantizar su apertura.<\/span><span data-ccp-props=\"{}\">\u00a0<\/span><\/p>\n","protected":false},"excerpt":{"rendered":"<p>Contar\u00e1 con profesores nacionales e internacionales; ser\u00e1 en modalidad virtual, los s\u00e1bados de julio a diciembre de este a\u00f1o <\/p>\n","protected":false},"author":1775,"featured_media":84755,"comment_status":"closed","ping_status":"closed","sticky":false,"template":"","format":"standard","meta":{"footnotes":""},"categories":[61],"tags":[],"class_list":["post-84753","post","type-post","status-publish","format-standard","has-post-thumbnail","hentry","category-banner"],"_links":{"self":[{"href":"https:\/\/www.uv.mx\/prensa\/wp-json\/wp\/v2\/posts\/84753","targetHints":{"allow":["GET"]}}],"collection":[{"href":"https:\/\/www.uv.mx\/prensa\/wp-json\/wp\/v2\/posts"}],"about":[{"href":"https:\/\/www.uv.mx\/prensa\/wp-json\/wp\/v2\/types\/post"}],"author":[{"embeddable":true,"href":"https:\/\/www.uv.mx\/prensa\/wp-json\/wp\/v2\/users\/1775"}],"replies":[{"embeddable":true,"href":"https:\/\/www.uv.mx\/prensa\/wp-json\/wp\/v2\/comments?post=84753"}],"version-history":[{"count":0,"href":"https:\/\/www.uv.mx\/prensa\/wp-json\/wp\/v2\/posts\/84753\/revisions"}],"wp:featuredmedia":[{"embeddable":true,"href":"https:\/\/www.uv.mx\/prensa\/wp-json\/wp\/v2\/media\/84755"}],"wp:attachment":[{"href":"https:\/\/www.uv.mx\/prensa\/wp-json\/wp\/v2\/media?parent=84753"}],"wp:term":[{"taxonomy":"category","embeddable":true,"href":"https:\/\/www.uv.mx\/prensa\/wp-json\/wp\/v2\/categories?post=84753"},{"taxonomy":"post_tag","embeddable":true,"href":"https:\/\/www.uv.mx\/prensa\/wp-json\/wp\/v2\/tags?post=84753"}],"curies":[{"name":"wp","href":"https:\/\/api.w.org\/{rel}","templated":true}]}}