{"id":84615,"date":"2020-06-10T11:01:11","date_gmt":"2020-06-10T16:01:11","guid":{"rendered":"https:\/\/www.uv.mx\/prensa\/?p=84615"},"modified":"2020-06-11T10:44:32","modified_gmt":"2020-06-11T15:44:32","slug":"economias-de-la-region-asia-pacifico-opcion-para-empresarios-veracruzanos","status":"publish","type":"post","link":"https:\/\/www.uv.mx\/prensa\/banner\/economias-de-la-region-asia-pacifico-opcion-para-empresarios-veracruzanos\/","title":{"rendered":"Econom\u00edas de la regi\u00f3n Asia-Pac\u00edfico, opci\u00f3n para empresarios veracruzanos\u00a0"},"content":{"rendered":"<ul>\n<li data-leveltext=\"\uf0b7\" data-font=\"Symbol\" data-listid=\"1\" data-aria-posinset=\"1\" data-aria-level=\"1\"><i><span data-contrast=\"auto\">A invitaci\u00f3n de los j\u00f3venes de <\/span><\/i><span data-contrast=\"auto\">Coparmex<\/span> <i><span data-contrast=\"auto\">Xalapa, An\u00edbal Carlos <\/span><\/i><i><span data-contrast=\"auto\">Zottele<\/span><\/i><i><span data-contrast=\"auto\"> imparti\u00f3 la conferencia <\/span><\/i><i><span data-contrast=\"auto\">\u201c<\/span><\/i><i><span data-contrast=\"auto\">O<\/span><\/i><i><span data-contrast=\"auto\">portunidades de <\/span><\/i><i><span data-contrast=\"auto\">n<\/span><\/i><i><span data-contrast=\"auto\">egocios en la r<\/span><\/i><i><span data-contrast=\"auto\">egi\u00f3n <\/span><\/i><i><span data-contrast=\"auto\">del Foro <\/span><\/i><i><span data-contrast=\"auto\">de Cooperaci\u00f3n Econ\u00f3mica<\/span><\/i> <i><span data-contrast=\"auto\">de <\/span><\/i><i><span data-contrast=\"auto\">Asia-<\/span><\/i><i><span data-contrast=\"auto\">Pac\u00edfico 2020-2021<\/span><\/i><i><span data-contrast=\"auto\">\u201d<\/span><\/i><span data-ccp-props=\"{&quot;134233279&quot;:true}\">\u00a0<\/span><\/li>\n<li data-leveltext=\"\uf0b7\" data-font=\"Symbol\" data-listid=\"1\" data-aria-posinset=\"2\" data-aria-level=\"1\"><i><span data-contrast=\"auto\">La <\/span><\/i><i><span data-contrast=\"auto\">China International <\/span><\/i><i><span data-contrast=\"auto\">Import<\/span><\/i> <i><span data-contrast=\"auto\">Export<\/span><\/i> <i><span data-contrast=\"auto\">Shanghai<\/span><\/i> <i><span data-contrast=\"auto\">2020<\/span><\/i> <i><span data-contrast=\"auto\">se realizar\u00e1 del 5 al 10 de noviembre pr\u00f3ximo<\/span><\/i><i><span data-contrast=\"auto\">,<\/span><\/i><i><span data-contrast=\"auto\"> en la ciudad de Shangh\u00e1i, China<\/span><\/i><span data-ccp-props=\"{&quot;134233279&quot;:true}\">\u00a0<\/span><\/li>\n<\/ul>\n<p><span data-ccp-props=\"{}\">\u00a0<\/span><\/p>\n<div id=\"attachment_84617\" style=\"width: 732px\" class=\"wp-caption aligncenter\"><a href=\"https:\/\/www.uv.mx\/prensa\/files\/2020\/06\/100620-foro-Asia-1.jpg\"><img loading=\"lazy\" decoding=\"async\" aria-describedby=\"caption-attachment-84617\" class=\"size-full wp-image-84617\" src=\"https:\/\/www.uv.mx\/prensa\/files\/2020\/06\/100620-foro-Asia-1.jpg\" alt=\"\" width=\"722\" height=\"407\" srcset=\"https:\/\/www.uv.mx\/prensa\/files\/2020\/06\/100620-foro-Asia-1.jpg 722w, https:\/\/www.uv.mx\/prensa\/files\/2020\/06\/100620-foro-Asia-1-300x169.jpg 300w\" sizes=\"auto, (max-width: 722px) 100vw, 722px\" \/><\/a><p id=\"caption-attachment-84617\" class=\"wp-caption-text\">El <em>Cechiver<\/em> particip\u00f3 en las sesiones <em>After Work<\/em> de la Coparmex<\/p><\/div>\n<p><span data-ccp-props=\"{}\">\u00a0<\/span><\/p>\n<p><b><i><span data-contrast=\"auto\">Susana Castillo e <\/span><\/i><\/b><b><i><span data-contrast=\"auto\">Irma Villa<\/span><\/i><\/b><span data-ccp-props=\"{}\">\u00a0<\/span><\/p>\n<p><b><i><span data-contrast=\"auto\">10<\/span><\/i><\/b><b><i><span data-contrast=\"auto\">\/06\/2020, Xalapa, <\/span><\/i><\/b><b><i><span data-contrast=\"auto\">Ver.-<\/span><\/i><\/b><span data-contrast=\"auto\">\u00a0<\/span><span data-contrast=\"auto\"> En el marco de las sesiones <\/span><i><span data-contrast=\"auto\">After<\/span><\/i> <i><span data-contrast=\"auto\">Work<\/span><\/i><span data-contrast=\"auto\">, impulsadas por la Vicepresidencia de Innovaci\u00f3n y Tecnolog\u00eda de la Comisi\u00f3n de Empresarios J\u00f3venes <\/span><i><span data-contrast=\"auto\">Coparmex<\/span><\/i> <span data-contrast=\"auto\">Xalapa, el coordinad<\/span><span data-contrast=\"auto\">or del <a href=\"https:\/\/www.uv.mx\/chinaveracruz\/\" target=\"_blank\" rel=\"noopener noreferrer\">Centro de Estudios China-<\/a><\/span><span data-contrast=\"auto\">Veracruz<\/span> <span data-contrast=\"auto\">(<\/span><i><span data-contrast=\"auto\">Cechiver<\/span><\/i><span data-contrast=\"auto\">) <\/span><span data-contrast=\"auto\">de la Universidad Veracruzana (UV)<\/span><span data-contrast=\"auto\">, An\u00edbal Carlos <\/span><span data-contrast=\"auto\">Zottele<\/span><span data-contrast=\"auto\">, ofreci\u00f3<\/span><span data-contrast=\"auto\"> una pl\u00e1tica<\/span><span data-contrast=\"auto\"> virtual<\/span><span data-contrast=\"auto\"> sobre las opciones que existen para las peque\u00f1as y medianas empresas en la actual coyuntura econ\u00f3mica internacional.<\/span><span data-ccp-props=\"{}\">\u00a0<\/span><\/p>\n<p><span data-contrast=\"auto\">El acad\u00e9mico e investigador sostuvo que a pesar de las afectaciones provocadas por la actual pandemia<\/span> <span data-contrast=\"auto\">hay sectores de la econom\u00eda mundial que est\u00e1n reactiv\u00e1ndose<\/span><span data-contrast=\"auto\">,<\/span> <span data-contrast=\"auto\">por ello los empresarios <\/span><span data-contrast=\"auto\">tienen <\/span><span data-contrast=\"auto\">en<\/span><span data-contrast=\"auto\">frente <\/span><span data-contrast=\"auto\">una <\/span><span data-contrast=\"auto\">oportunidad \u00fanica de dar a conocer sus productos.<\/span><span data-ccp-props=\"{}\">\u00a0<\/span><\/p>\n<p><span data-contrast=\"auto\">Como ejemplo cit\u00f3 la <\/span><span data-contrast=\"auto\">China International <\/span><span data-contrast=\"auto\">Import<\/span> <span data-contrast=\"auto\">Export<\/span> <span data-contrast=\"auto\">Shanghai<\/span> <span data-contrast=\"auto\">2020<\/span><span data-contrast=\"auto\">,<\/span> <span data-contrast=\"auto\">a realizarse<\/span><span data-contrast=\"auto\"> del 5 al 10 de noviembre pr\u00f3ximo en la ciudad de Shangh\u00e1i, China.<\/span><span data-contrast=\"auto\"> El <\/span><span data-contrast=\"auto\">d<\/span><span data-contrast=\"auto\">iplomado presencial que organiza <\/span><span data-contrast=\"auto\">el <\/span><i><span data-contrast=\"auto\">Cechiver<\/span><\/i> <span data-contrast=\"auto\">est\u00e1 programado para los d\u00edas previos y<\/span><span data-contrast=\"auto\">,<\/span><span data-contrast=\"auto\"> en caso de no mediar restricciones epidemiol\u00f3gicas, la delegaci\u00f3n desarrollar\u00e1 sus actividades entre el 26 de octubre y el 4 de noviembre con la participaci\u00f3n de empresarios, acad\u00e9micos y estudiantes.<\/span><span data-ccp-props=\"{}\">\u00a0<\/span><\/p>\n<p><span data-contrast=\"auto\">Tambi\u00e9n coment\u00f3 que <\/span><span data-contrast=\"auto\">en<\/span><span data-contrast=\"auto\"> abril<\/span><span data-contrast=\"auto\"> las exportaciones mexicanas <\/span><span data-contrast=\"auto\">a Estados Unidos disminuye<\/span><span data-contrast=\"auto\">ron en <\/span><span data-contrast=\"auto\">m\u00e1s de <\/span><span data-contrast=\"auto\">un 40 por ciento<\/span><span data-contrast=\"auto\">.<\/span><span data-ccp-props=\"{}\">\u00a0<\/span><\/p>\n<p><span data-contrast=\"auto\">Por ello <\/span><span data-contrast=\"auto\">invit\u00f3 a los empresarios y emprendedores presentes a diversificar sus <\/span><span data-contrast=\"auto\">v\u00ednculos con los <\/span><span data-contrast=\"auto\">mercados<\/span><span data-contrast=\"auto\"> del exterior. Se\u00f1al\u00f3 <\/span><span data-contrast=\"auto\">que es comprensible que por la cercan\u00eda sus miradas se en<\/span><span data-contrast=\"auto\">foquen hacia los <\/span><span data-contrast=\"auto\">Estados Unidos (<\/span><span data-contrast=\"auto\">EEUU<\/span><span data-contrast=\"auto\">),<\/span><span data-contrast=\"auto\"> pero que<\/span><span data-contrast=\"auto\">, aunque parezcan lejana<\/span><span data-contrast=\"auto\">s<\/span><span data-contrast=\"auto\">, la<\/span><span data-contrast=\"auto\">s <\/span><span data-contrast=\"auto\">econom\u00edas asi\u00e1ticas son una<\/span><span data-contrast=\"auto\"> alternativa <\/span><span data-contrast=\"auto\">importante <\/span><span data-contrast=\"auto\">para entablar negocios<\/span><span data-contrast=\"auto\"> en la perspectiva de diversificar las operaciones comerciales<\/span><span data-contrast=\"auto\">.<\/span><span data-ccp-props=\"{}\">\u00a0<\/span><\/p>\n<p><span data-contrast=\"auto\">Dicha regi\u00f3n representa un mercado vasto y <\/span><span data-contrast=\"auto\">la creciente <\/span><span data-contrast=\"auto\">demanda <\/span><span data-contrast=\"auto\">de consumo hace factible que <\/span><span data-contrast=\"auto\">productos que se generan en M\u00e9xico <\/span><span data-contrast=\"auto\">\u2013y <\/span><span data-contrast=\"auto\">Veracruz<\/span><span data-contrast=\"auto\">\u2013<\/span><span data-contrast=\"auto\"> puedan comercializarse si cuentan con la calidad y los canales de distribuci\u00f3n adecuados.<\/span><span data-ccp-props=\"{&quot;335559731&quot;:708}\">\u00a0<\/span><\/p>\n<p><span data-contrast=\"auto\">Como ejemplo<\/span><span data-contrast=\"auto\">, cit\u00f3 los p<\/span><span data-contrast=\"auto\">roductos agroindustriales, del ramo automotriz<\/span><span data-contrast=\"auto\"> e insumos m<\/span><span data-contrast=\"auto\">\u00e9<\/span><span data-contrast=\"auto\">dicos<\/span><span data-contrast=\"auto\"> (sobre estos \u00faltimos se detect\u00f3 un \u00e1rea de oportunidad incluso antes de la pandemia por <\/span><span data-contrast=\"auto\">el <\/span><span data-contrast=\"auto\">Covid-19).<\/span><span data-ccp-props=\"{&quot;335559731&quot;:708}\">\u00a0<\/span><\/p>\n<p><span data-contrast=\"auto\">En este sentido es que el<\/span> <i><span data-contrast=\"auto\">Cechiver<\/span><\/i><span data-contrast=\"auto\"> puede orientarlos a adentrarse a est<\/span><span data-contrast=\"auto\">os mercados<\/span><span data-contrast=\"auto\">, ya que cuenta con m\u00e1s de 12<\/span><span data-contrast=\"auto\"> a\u00f1os de experiencia<\/span><span data-contrast=\"auto\">,<\/span> <span data-contrast=\"auto\">especialmente con organismos acad\u00e9micos y empresariales de<\/span><span data-contrast=\"auto\"> China.<\/span><span data-ccp-props=\"{}\">\u00a0<\/span><\/p>\n<p><span data-contrast=\"auto\">Inclus<\/span><span data-contrast=\"auto\">o, ahora que la UV es sede <\/span><span data-contrast=\"auto\">del<\/span><span data-contrast=\"auto\"> Consorcio Mexicano de <\/span><span data-contrast=\"auto\">Centros <\/span><span data-contrast=\"auto\">de Estudios del Foro de <\/span><span data-contrast=\"auto\">Cooperaci\u00f3n Econ\u00f3mica <\/span><span data-contrast=\"auto\">de <\/span><span data-contrast=\"auto\">Asia-Pac\u00edfico (APEC)<\/span><span data-contrast=\"auto\">, <\/span><span data-contrast=\"auto\">surgen<\/span><span data-contrast=\"auto\"> alternativas para <\/span><span data-contrast=\"auto\">evaluar oportunidades en <\/span><span data-contrast=\"auto\">las 21 econom\u00edas que conforman dicho foro.<\/span><span data-ccp-props=\"{}\">\u00a0<\/span><\/p>\n<p><span data-contrast=\"auto\">Anunci\u00f3 que el 10<\/span><span data-contrast=\"auto\"> de agosto pr\u00f3ximo iniciar\u00e1 el D<\/span><span data-contrast=\"auto\">iplomado Cultura y Negocios en China<\/span><span data-contrast=\"auto\">, de cu<\/span><span data-contrast=\"auto\">y<\/span><span data-contrast=\"auto\">a<\/span><span data-contrast=\"auto\">s actividades <\/span><span data-contrast=\"auto\">se pueden solicitar <\/span><span data-contrast=\"auto\">mayores informes <\/span><span data-contrast=\"auto\">a<\/span><span data-contrast=\"auto\">l <\/span><i><span data-contrast=\"auto\">Cechiver<\/span><\/i><span data-contrast=\"auto\">,<\/span> <span data-contrast=\"auto\">escribi<\/span><span data-contrast=\"auto\">endo<\/span><span data-contrast=\"auto\"> a<\/span><span data-contrast=\"auto\">l correo<\/span> <a href=\"mailto:clmendez@uv.mx\"><span data-contrast=\"none\">clmendez@uv.mx<\/span><\/a><span data-ccp-props=\"{}\">\u00a0<\/span><\/p>\n<p><span data-contrast=\"auto\">Por \u00faltimo<\/span><span data-contrast=\"auto\">,<\/span><span data-contrast=\"auto\"> hay que destacar la importante labor que realizan los j\u00f3venes empresarios de la <\/span><i><span data-contrast=\"auto\">Coparmex<\/span><\/i> <span data-contrast=\"auto\">Xalapa, que est\u00e1n vinculando a empresarios con las diversas autoridades y actores <\/span><span data-contrast=\"auto\">que conforman el ecos<\/span><span data-contrast=\"auto\">istema empresarial<\/span><span data-contrast=\"auto\">&#8211;<\/span><span data-contrast=\"auto\">emprendedor de esta regi\u00f3n veracruzana.<\/span><span data-ccp-props=\"{}\">\u00a0<\/span><\/p>\n<p><span data-contrast=\"auto\">Las sesiones <\/span><i><span data-contrast=\"auto\">After<\/span><\/i> <i><span data-contrast=\"auto\">Work<\/span><\/i> <span data-contrast=\"auto\">son una iniciativa propuesta por la Vicepresidencia de Innovaci\u00f3n y Tecnolog\u00eda de la Comisi\u00f3n de Empresarios J\u00f3venes <\/span><i><span data-contrast=\"auto\">Coparmex<\/span><\/i><span data-contrast=\"auto\"> Xalapa, <\/span><span data-contrast=\"auto\">representada por <\/span><span data-contrast=\"auto\">Cecilio Hern\u00e1ndez<\/span><span data-contrast=\"auto\">.<\/span><span data-ccp-props=\"{&quot;335559731&quot;:708}\">\u00a0<\/span><\/p>\n<p><span data-contrast=\"auto\">La charla fue virtual a trav\u00e9s de la plataforma<\/span> <i><span data-contrast=\"auto\">Zoom<\/span><\/i> <span data-contrast=\"auto\">con un foro integrado por <\/span><span data-contrast=\"auto\">estudiantes, autoridades de distintas <\/span><span data-contrast=\"auto\">c\u00e1maras de comercio<\/span><span data-contrast=\"auto\"> y j\u00f3venes emprendedores, destacando la presencia de Luis S\u00e1nchez \u00c1vila, <\/span><span data-contrast=\"auto\">p<\/span><span data-contrast=\"auto\">residente del Centro Empresarial <\/span><i><span data-contrast=\"auto\">Coparmex<\/span><\/i> <span data-contrast=\"auto\">Xalapa<\/span><span data-contrast=\"auto\">;<\/span><span data-contrast=\"auto\"> Luis Manuel Cuevas Padilla, <\/span><span data-contrast=\"auto\">d<\/span><span data-contrast=\"auto\">irector <\/span><span data-contrast=\"auto\">g<\/span><span data-contrast=\"auto\">eneral de Comercio Exterior<\/span><span data-contrast=\"auto\"> y Desarrollo Industrial de la Secretar\u00eda de Desarrollo Econ\u00f3mico y Portuario del <\/span><span data-contrast=\"auto\">E<\/span><span data-contrast=\"auto\">stado, <\/span><span data-contrast=\"auto\">y<\/span><span data-contrast=\"auto\"> Jos\u00e9 Luis Valencia Montano, director general <\/span><span data-contrast=\"auto\">del <\/span><span data-contrast=\"auto\">Consejo Empresarial Mexicano del Comercio Exterior (<\/span><i><span data-contrast=\"auto\">Comce<\/span><\/i><span data-contrast=\"auto\">)<\/span> <span data-contrast=\"auto\">en Veracruz.<\/span><span data-ccp-props=\"{&quot;335559731&quot;:708}\">\u00a0<\/span><\/p>\n<p><span data-ccp-props=\"{}\">\u00a0<\/span><\/p>\n<div id=\"attachment_84618\" style=\"width: 732px\" class=\"wp-caption aligncenter\"><a href=\"https:\/\/www.uv.mx\/prensa\/files\/2020\/06\/100620-foro-Asia-2.jpg\"><img loading=\"lazy\" decoding=\"async\" aria-describedby=\"caption-attachment-84618\" class=\"size-full wp-image-84618\" src=\"https:\/\/www.uv.mx\/prensa\/files\/2020\/06\/100620-foro-Asia-2.jpg\" alt=\"\" width=\"722\" height=\"481\" srcset=\"https:\/\/www.uv.mx\/prensa\/files\/2020\/06\/100620-foro-Asia-2.jpg 722w, https:\/\/www.uv.mx\/prensa\/files\/2020\/06\/100620-foro-Asia-2-300x200.jpg 300w\" sizes=\"auto, (max-width: 722px) 100vw, 722px\" \/><\/a><p id=\"caption-attachment-84618\" class=\"wp-caption-text\">Los empresarios deben diversificar sus mercados: An\u00edbal Carlos Zottele<\/p><\/div>\n","protected":false},"excerpt":{"rendered":"<p>El <em>Cechiver<\/em> puede ayudar a orientarlos para incorporarse en estos mercados, pues cuenta con 12 a\u00f1os de experiencia organizando visitas de miembros de los sectores econ\u00f3mico y acad\u00e9mico a China.\u00a0<\/p>\n","protected":false},"author":1869,"featured_media":84616,"comment_status":"closed","ping_status":"closed","sticky":false,"template":"","format":"standard","meta":{"footnotes":""},"categories":[61],"tags":[],"class_list":["post-84615","post","type-post","status-publish","format-standard","has-post-thumbnail","hentry","category-banner"],"_links":{"self":[{"href":"https:\/\/www.uv.mx\/prensa\/wp-json\/wp\/v2\/posts\/84615","targetHints":{"allow":["GET"]}}],"collection":[{"href":"https:\/\/www.uv.mx\/prensa\/wp-json\/wp\/v2\/posts"}],"about":[{"href":"https:\/\/www.uv.mx\/prensa\/wp-json\/wp\/v2\/types\/post"}],"author":[{"embeddable":true,"href":"https:\/\/www.uv.mx\/prensa\/wp-json\/wp\/v2\/users\/1869"}],"replies":[{"embeddable":true,"href":"https:\/\/www.uv.mx\/prensa\/wp-json\/wp\/v2\/comments?post=84615"}],"version-history":[{"count":0,"href":"https:\/\/www.uv.mx\/prensa\/wp-json\/wp\/v2\/posts\/84615\/revisions"}],"wp:featuredmedia":[{"embeddable":true,"href":"https:\/\/www.uv.mx\/prensa\/wp-json\/wp\/v2\/media\/84616"}],"wp:attachment":[{"href":"https:\/\/www.uv.mx\/prensa\/wp-json\/wp\/v2\/media?parent=84615"}],"wp:term":[{"taxonomy":"category","embeddable":true,"href":"https:\/\/www.uv.mx\/prensa\/wp-json\/wp\/v2\/categories?post=84615"},{"taxonomy":"post_tag","embeddable":true,"href":"https:\/\/www.uv.mx\/prensa\/wp-json\/wp\/v2\/tags?post=84615"}],"curies":[{"name":"wp","href":"https:\/\/api.w.org\/{rel}","templated":true}]}}