{"id":84489,"date":"2020-06-06T08:00:47","date_gmt":"2020-06-06T13:00:47","guid":{"rendered":"https:\/\/www.uv.mx\/prensa\/?p=84489"},"modified":"2020-06-12T10:00:42","modified_gmt":"2020-06-12T15:00:42","slug":"egresado-uv-escribira-novela-historica-con-apoyo-del-pecda","status":"publish","type":"post","link":"https:\/\/www.uv.mx\/prensa\/banner\/egresado-uv-escribira-novela-historica-con-apoyo-del-pecda\/","title":{"rendered":"Egresado UV escribir\u00e1 novela hist\u00f3rica con apoyo del PECDA"},"content":{"rendered":"<ul>\n<li data-leveltext=\"\uf0b7\" data-font=\"Symbol\" data-listid=\"1\" data-aria-posinset=\"1\" data-aria-level=\"1\"><i><span data-contrast=\"auto\">Maximiliano Sauza obtuvo el apoyo del Programa de Est\u00edmulo a la Creaci\u00f3n y Desarrollo Art\u00edstico (PECDA) 2020<\/span><\/i><span data-ccp-props=\"{&quot;134233279&quot;:true}\">\u00a0<\/span><\/li>\n<li data-leveltext=\"\uf0b7\" data-font=\"Symbol\" data-listid=\"1\" data-aria-posinset=\"2\" data-aria-level=\"1\"><i><span data-contrast=\"auto\">El ganador del <\/span><\/i><span data-contrast=\"auto\">Premio Latinoamericano de Primera Novela <\/span><i><span data-contrast=\"auto\">\u201cSergio Galindo\u201d 2020 se\u00f1al\u00f3 que su proyecto e<\/span><\/i><i><span data-contrast=\"auto\">s el re<\/span><\/i><i><span data-contrast=\"auto\">sultado de tres a\u00f1os de trabajo<\/span><\/i><span data-ccp-props=\"{&quot;134233279&quot;:true}\">\u00a0<\/span><\/li>\n<\/ul>\n<div id=\"attachment_84490\" style=\"width: 732px\" class=\"wp-caption aligncenter\"><a href=\"https:\/\/www.uv.mx\/prensa\/files\/2020\/06\/030620-Egresado-escribira-novela-historica.jpg\"><img loading=\"lazy\" decoding=\"async\" aria-describedby=\"caption-attachment-84490\" class=\"size-full wp-image-84490\" src=\"https:\/\/www.uv.mx\/prensa\/files\/2020\/06\/030620-Egresado-escribira-novela-historica.jpg\" alt=\"\" width=\"722\" height=\"481\" srcset=\"https:\/\/www.uv.mx\/prensa\/files\/2020\/06\/030620-Egresado-escribira-novela-historica.jpg 722w, https:\/\/www.uv.mx\/prensa\/files\/2020\/06\/030620-Egresado-escribira-novela-historica-300x200.jpg 300w\" sizes=\"auto, (max-width: 722px) 100vw, 722px\" \/><\/a><p id=\"caption-attachment-84490\" class=\"wp-caption-text\"><span data-contrast=\"auto\">Maximiliano Sauza, egresado de la UV, escribir\u00e1 una novela hist\u00f3rica sobre <\/span><span data-contrast=\"auto\">S<\/span><span data-contrast=\"auto\">or Juana In\u00e9s de la Cruz y Carlos de Sig\u00fcenza y G\u00f3ngora<\/span><span data-ccp-props=\"{}\"> (Foto: Daniel Sedas)<\/span><\/p><\/div>\n<blockquote><p><i><span data-contrast=\"auto\">La llama tr\u00e9mula<\/span><\/i><span data-contrast=\"auto\"> es una novela que, a grandes rasgos, se desarrolla en la segunda mitad del siglo XVII, con Sor Juana In\u00e9s de la Cruz y don Carlos de Sig\u00fcenza y G\u00f3ngora como personajes protag\u00f3nicos<\/span><span data-ccp-props=\"{}\">\u00a0<\/span><\/p><\/blockquote>\n<p><b><i><span data-contrast=\"auto\">David Sandoval Rodr\u00edguez<\/span><\/i><\/b><span data-ccp-props=\"{}\">\u00a0<\/span><\/p>\n<p><b><i><span data-contrast=\"auto\">0<\/span><\/i><\/b><b><i><span data-contrast=\"auto\">6<\/span><\/i><\/b><b><i><span data-contrast=\"auto\">\/06\/2020 Xalapa, Ver.-<\/span><\/i><\/b> <span data-contrast=\"auto\">Maximiliano Sauza<\/span><span data-contrast=\"auto\"> Dur\u00e1n<\/span><span data-contrast=\"auto\">, egresado de la Licenciatura en Arqueolog\u00eda y de la Maestr\u00eda en Literatura Mexicana de la U<\/span><span data-contrast=\"auto\">niversidad <\/span><span data-contrast=\"auto\">V<\/span><span data-contrast=\"auto\">eracruzana (UV)<\/span><span data-contrast=\"auto\">, fue beneficiado <\/span><span data-contrast=\"auto\">en la convocatoria 2020 del <\/span><span data-contrast=\"auto\">Programa de Est\u00edmulo a la Creaci\u00f3n y Desarrollo Art\u00edstico (PECDA), para desarrollar el proyecto <\/span><span data-contrast=\"auto\">\u201c<\/span><i><span data-contrast=\"auto\">La llama tr\u00e9mula<\/span><\/i><span data-contrast=\"auto\">: novela hist\u00f3rica<\/span><span data-contrast=\"auto\">\u201d<\/span><span data-contrast=\"auto\">.<\/span><span data-ccp-props=\"{}\">\u00a0<\/span><\/p>\n<p><span data-contrast=\"auto\">El joven concluy\u00f3<\/span><span data-contrast=\"auto\"> la Ma<\/span><span data-contrast=\"auto\">estr\u00eda en Literatura Mexicana del <a href=\"https:\/\/www.uv.mx\/inslit\/\" target=\"_blank\" rel=\"noopener noreferrer\">Instituto de Investigaciones Ling\u00fc\u00edstico Literarias<\/a> (<\/span><span data-contrast=\"auto\">II-LL<\/span><span data-contrast=\"auto\">)<\/span><span data-contrast=\"auto\"> en diciembre del a\u00f1o pasado y desde hace tres a\u00f1os ha venido trabajando en esta idea.<\/span><span data-ccp-props=\"{&quot;335559731&quot;:708}\">\u00a0<\/span><\/p>\n<p><span data-contrast=\"auto\">La convocatoria del PECDA <\/span><span data-contrast=\"auto\">tiene como prop\u00f3sito promover el desarrollo cultural del pa\u00eds, <\/span><span data-contrast=\"auto\">mediante el apoyo conjunto <\/span><span data-contrast=\"auto\">del gobierno federal, de los gobiernos e<\/span><span data-contrast=\"auto\">statales, la sociedad civil y la comunidad art\u00edstica, <\/span><span data-contrast=\"auto\">para<\/span><span data-contrast=\"auto\"> estimular la creaci\u00f3n art\u00edstica y cu<\/span><span data-contrast=\"auto\">ltural de calidad<\/span><span data-contrast=\"auto\">.<\/span><span data-ccp-props=\"{&quot;335559731&quot;:708}\">\u00a0<\/span><\/p>\n<p><span data-contrast=\"auto\">\u201c<\/span><span data-contrast=\"auto\">Es muy gratificante ver el esfu<\/span><span data-contrast=\"auto\">erzo materializado en est\u00edmulos\u201d, coment\u00f3 Sauza Dur\u00e1n, \u201cm<\/span><span data-contrast=\"auto\">i proyecto no es algo que surgi\u00f3 de la noche a la ma\u00f1ana, llevo tres a\u00f1os pens\u00e1ndolo, plane\u00e1ndolo, haciendo mapas conceptuales y plagando de ripios muchas libretas; y a pesar de que ya hab\u00eda concursado en otras becas, es la primera vez que se me apoya con <\/span><i><span data-contrast=\"auto\">La llama tr\u00e9mula<\/span><\/i><span data-contrast=\"auto\">\u201d.<\/span><span data-ccp-props=\"{&quot;335559731&quot;:708}\">\u00a0<\/span><\/p>\n<p><span data-contrast=\"auto\">Detall\u00f3 que <\/span><i><span data-contrast=\"auto\">La llama tr\u00e9mula<\/span><\/i><span data-contrast=\"auto\"> e<\/span><span data-contrast=\"auto\">s una novela que<\/span><span data-contrast=\"auto\">,<\/span><span data-contrast=\"auto\"> a grandes rasgos<\/span><span data-contrast=\"auto\">,<\/span><span data-contrast=\"auto\"> se desarrolla en la segunda mitad del siglo XVII, <\/span><span data-contrast=\"auto\">con S<\/span><span data-contrast=\"auto\">or Juana In\u00e9s de la Cruz y do<\/span><span data-contrast=\"auto\">n Carlos de Sig\u00fcenza y G\u00f3ngora<\/span><span data-contrast=\"auto\"> como personajes protag\u00f3nicos.<\/span><span data-ccp-props=\"{&quot;335559731&quot;:708}\">\u00a0<\/span><\/p>\n<p><span data-contrast=\"auto\">\u201cA<\/span><span data-contrast=\"auto\">mbos fueron grandes intelectuales barrocos, cada uno desempe\u00f1ado en distintas \u00e1reas del pensamiento: aqu\u00e9lla fue la gran figura de la poes\u00eda en nuestra lengua; \u00e9ste fue pionero de la novela, la arqueolog\u00eda, la astronom\u00eda y ambos fueron pioneros en el pensamiento ilustrado en el Nuevo Mundo. El t\u00edtulo lo he tomado de un <\/span><span data-contrast=\"auto\">poema de Jos\u00e9 Emilio <\/span><span data-contrast=\"auto\">Pacheco que se llama \u2018Sor Juana\u2019<\/span><span data-contrast=\"auto\"> y dice<\/span><span data-contrast=\"auto\">: <\/span><span data-contrast=\"auto\">Es la llama tr\u00e9mula en la<\/span><span data-contrast=\"auto\"> noche de piedra del virreinato\u201d.<\/span><span data-ccp-props=\"{&quot;335559731&quot;:708}\">\u00a0<\/span><\/p>\n<p><span data-contrast=\"auto\">Se\u00f1al\u00f3 que <\/span><span data-contrast=\"auto\">se vincula directamente con <\/span><span data-contrast=\"auto\">su<\/span> <span data-contrast=\"auto\">obra<\/span><span data-contrast=\"auto\"> anterior que gan\u00f3<\/span><span data-contrast=\"auto\"> el<\/span> <span data-contrast=\"auto\">Premio Latinoamericano de Primera Novela \u201cSergio Galindo\u201d 2020<\/span><span data-contrast=\"auto\">, <\/span><i><span data-contrast=\"auto\">Los dioses que huyeron<\/span><\/i><span data-contrast=\"auto\">, y que a su vez pertenecen a una saga que va a conformarse de al menos otras tres novelas, <\/span><span data-contrast=\"auto\">cuentos, poemas y ensayos.<\/span><span data-ccp-props=\"{&quot;335559731&quot;:708}\">\u00a0<\/span><\/p>\n<p><span data-contrast=\"auto\">\u201c<\/span><span data-contrast=\"auto\">Una parte de ese material ya est\u00e1 terminado y s\u00f3lo falta limarse, otro sigue en obra negra. En el caso de <\/span><i><span data-contrast=\"auto\">La llama tr\u00e9mula<\/span><\/i><span data-contrast=\"auto\"> considero que ya est\u00e1 lo m\u00e1s dif\u00edcil, que es planear y atar cabos, el resto es s\u00f3lo <\/span><span data-contrast=\"auto\">escribir, borrar y transcribir\u201d.<\/span><span data-ccp-props=\"{&quot;335559731&quot;:708}\">\u00a0<\/span><\/p>\n<p><span data-contrast=\"auto\">Maximiliano Sauza reconoci\u00f3 que su inter\u00e9s por participar en la convocatoria fue \u201cp<\/span><span data-contrast=\"auto\">rincipalmente <\/span><span data-contrast=\"auto\">por<\/span><span data-contrast=\"auto\"> la necesidad de comer y tener con qu\u00e9 pagar la renta. Mucha gente cree que una novela se escribe como<\/span><span data-contrast=\"auto\"> un <\/span><i><span data-contrast=\"auto\">hobby<\/span><\/i><span data-contrast=\"auto\"> o como salida de los \u2018deberes\u2019<\/span><span data-contrast=\"auto\">; y quiz\u00e1 pueda ser cierto, pero en mi caso es lo que da sentido a mi vida. Dedico todo mi tiempo a leer y escribir. Mi tiempo gira en torno a eso y dependo much\u00edsimo de l<\/span><span data-contrast=\"auto\">os horarios de las bibliotecas, <\/span><span data-contrast=\"auto\">porque como ya no soy e<\/span><span data-contrast=\"auto\">studiante no puedo sacar libros<\/span><span data-contrast=\"auto\"> y este tipo de est\u00edmulos econ\u00f3micos me permite<\/span><span data-contrast=\"auto\">n poder trabajar a mi ritmo; e<\/span><span data-contrast=\"auto\">l estar ahora tanto tiempo en casa me permite digerir bien los libros que tengo<\/span><span data-contrast=\"auto\"> y leer y releer mis borradores\u201d.<\/span><span data-ccp-props=\"{&quot;335559731&quot;:708}\">\u00a0<\/span><\/p>\n<p><span data-contrast=\"auto\">El escritor obtuvo en 2017 el <\/span><span data-contrast=\"auto\">Premio Teotihuac\u00e1n que otorga el Instituto Nacional de Antropolog\u00eda e Historia<\/span><span data-contrast=\"auto\"> (INAH) y explic\u00f3 su imbricaci\u00f3n con el presente proyecto, \u201cp<\/span><span data-contrast=\"auto\">or supuesto, la forma en que yo hago arqueolog\u00eda es intentando hacer literatura. Todos mis personajes son hist\u00f3ricos, y todos se relacionan entre s\u00ed con el pensamiento antropol\u00f3gico. La ficci\u00f3n dilata la realidad y el que yo me enfrente con los textos originales de los frailes, los cronistas, los poetas barrocos, los pensadores renacentistas, los ilustrados, los rom\u00e1nticos, me ha aclarado mucho el panorama del humanismo y del devenir de la ciencia. Muchas veces el motivo de un ensayo despierta la curiosidad necesaria para redactar un cuento, o un <\/span><span data-contrast=\"auto\">poema, o un cap\u00edtulo de novela<\/span><span data-contrast=\"auto\">\u201d<\/span><span data-contrast=\"auto\">.<\/span><span data-ccp-props=\"{}\">\u00a0<\/span><\/p>\n<p><span data-contrast=\"auto\">Para el autor, obtener este apoyo ha sido el resultado de la disciplina, \u201cy<\/span><span data-contrast=\"auto\">o no creo que la <\/span><span data-contrast=\"auto\">literatura <\/span><span data-contrast=\"auto\">sea una amante (como dec\u00eda Onetti), sino que es m\u00e1s bien una relaci\u00f3n marital, como cre\u00edan Alfonso Reyes, <\/span><span data-contrast=\"auto\">Carlos Fuentes o Vargas Llosa, y <\/span><span data-contrast=\"auto\">esto se puede extender a la gente deportista, a los m\u00fasicos, a los ar<\/span><span data-contrast=\"auto\">tistas.<\/span><span data-contrast=\"auto\"> Dedico toda la ma\u00f1ana a leer, la tarde a descansar y la noche a escribir. Es <\/span><span data-contrast=\"auto\">una rutina que me he impuesto y seguido desde hace varios a\u00f1os. Por supuesto que se sacrifican cosas pero uno se acostumbra y al final hay tiempo para todo: salir con los amigos, estar con mi novia, platicar con mis pap\u00e1s, etc\u00e9tera. Sin embargo, muc<\/span><span data-contrast=\"auto\">ha gente piensa que disciplina es sin\u00f3nimo de martirio<\/span><span data-contrast=\"auto\"> y eso es un gran c\u00e1ncer en la actualidad; poca gente se compromete <\/span><span data-contrast=\"auto\">a sacar adelante sus proyectos <\/span><span data-contrast=\"auto\">\u2013<\/span><span data-contrast=\"auto\">art\u00edsticos, acad\u00e9<\/span><span data-contrast=\"auto\">micos<\/span><span data-contrast=\"auto\">\u2013<\/span> <span data-contrast=\"auto\">y la verdad es que s\u00f3lo de los rechazos y fracasos uno aprende. Yo he postulado para mil cosas y si he obtenido algunos premios anteriormente es porque he partic<\/span><span data-contrast=\"auto\">ipado en muchas convocatorias. <\/span><span data-contrast=\"auto\">Supongo que<\/span><span data-contrast=\"auto\"> alg\u00fan chicle ten\u00eda que pegar\u201d.<\/span><span data-ccp-props=\"{}\">\u00a0<\/span><\/p>\n<p><span data-contrast=\"auto\">Subray\u00f3 que \u201ce<\/span><span data-contrast=\"auto\">scribir y leer es lo que m\u00e1s me gusta hacer, y aunque es dif\u00edcil acostumbrarse a sacrificar cosas por dedicarse de lleno a lo que uno ama, al final es muy gratificante y la gente realmente importante siempre te va a apoy<\/span><span data-contrast=\"auto\">ar. Las falsas amistades solas<\/span><span data-contrast=\"auto\"> se disipan. Lo mejor siempre es dejar a un lado l<\/span><span data-contrast=\"auto\">os prejuicios, propios o ajenos<\/span><span data-contrast=\"auto\">, alejarse de todo lo estorboso y ponerse a trabajar y arriesgarlo todo<\/span><span data-contrast=\"auto\">\u201d<\/span><span data-contrast=\"auto\">.<\/span><span data-ccp-props=\"{&quot;335559731&quot;:708}\">\u00a0<\/span><\/p>\n<p><span data-contrast=\"auto\">Describi\u00f3 su m\u00e9todo de trabajo en el que primero realiza <\/span><span data-contrast=\"auto\">una <\/span><span data-contrast=\"auto\">selecci\u00f3n de lecturas primarias, \u201cjam\u00e1s inicio desde cero, s<\/span><span data-contrast=\"auto\">i quisiera escribir una novela o un ensayo sobre un emperador chino s\u00ed tendr\u00eda que partir de la nada, pero siempre lo hago desde una trinchera conocida. En el caso de la novela hist\u00f3rica <\/span><i><span data-contrast=\"auto\">La llama tr\u00e9mula<\/span><\/i><span data-contrast=\"auto\">, primero he tenido que leer y releer la obra completa de la monja jer\u00f3nima. Luego bus<\/span><span data-contrast=\"auto\">car a sus principales ex\u00e9getas: <\/span><span data-contrast=\"auto\">Octavio Paz, Martha Lilia Tenorio, Ant<\/span><span data-contrast=\"auto\">onio Alatorre, Plancarte; p<\/span><span data-contrast=\"auto\">osteriormente, ya teniendo una idea de c\u00f3mo pensaba, c\u00f3mo hablaba, qu\u00e9 cre\u00eda del co<\/span><span data-contrast=\"auto\">smos, de Dios, de su tiempo,<\/span><span data-contrast=\"auto\"> prosigo en explorar qu\u00e9 otras no<\/span><span data-contrast=\"auto\">velas hay sobre ella y su \u00e9poca<\/span><span data-contrast=\"auto\">; busco minuciosamente qu\u00e9 errores tuvieron sus autore<\/span><span data-contrast=\"auto\">s, qu\u00e9 aciertos, qu\u00e9 hallazgos.<\/span><span data-ccp-props=\"{&quot;335559731&quot;:708}\">\u00a0<\/span><\/p>\n<p><span data-contrast=\"auto\">Posteriormente inicia el proceso de escritura, agreg\u00f3, \u201csiempre escribo en libretas; d<\/span><span data-contrast=\"auto\">edico una para cada<\/span><span data-contrast=\"auto\"> cosa que me vaya interesando, por ejemplo, p<\/span><span data-contrast=\"auto\">ara <\/span><i><span data-contrast=\"auto\">La llama tr\u00e9mula<\/span><\/i><span data-contrast=\"auto\"> tengo nueve. <\/span><span data-contrast=\"auto\">Tambi\u00e9n es muy importante para m\u00ed tener otras obras de literatura que me sirvan de br\u00fajulas y mapas. Me gusta mucho lo que dec\u00eda Marguerite Yourcenar sobre su personaje el emperador r<\/span><span data-contrast=\"auto\">omano Adriano del siglo II: <\/span><span data-contrast=\"auto\">la mejor manera de reconstruir el pensamiento de un hombre es reconstruyendo su biblioteca. En el caso de <\/span><span data-contrast=\"auto\">S<\/span><span data-contrast=\"auto\">or Juana esto ha sido uno de mis principales probl<\/span><span data-contrast=\"auto\">emas, porque se dice que ten\u00eda cuatro mil libros<\/span><span data-contrast=\"auto\"> y y<\/span><span data-contrast=\"auto\">o he identificado al menos dos mil citas en sus poemas\u201d.<\/span><span data-ccp-props=\"{&quot;335559731&quot;:708}\">\u00a0<\/span><\/p>\n<p><span data-contrast=\"auto\">Record\u00f3 que <\/span><span data-contrast=\"auto\">S<\/span><span data-contrast=\"auto\">or Juana \u201ce<\/span><span data-contrast=\"auto\">ra una erudita en todo el sentido de la pal<\/span><span data-contrast=\"auto\">abra: conoc\u00eda el vasco, gallego<\/span><span data-contrast=\"auto\">, portugu\u00e9s, hablaba a la perfecci\u00f3n el n\u00e1huatl y como buena jer\u00f3nima el lat\u00edn era el pan de cada d\u00eda. He tenido que estudiar autores cl\u00e1sicos, te\u00f3logos, astr\u00f3nomos, estudiar n\u00e1huatl y lat\u00edn, leer muchos <\/span><span data-contrast=\"auto\">estudios sobre su vida y obra, asimismo<\/span><span data-contrast=\"auto\"> con cada uno de mis personajes, pero <\/span><span data-contrast=\"auto\">S<\/span><span data-contrast=\"auto\">or Juana es la verdad<\/span><span data-contrast=\"auto\">era \u2018llama tr\u00e9mula\u2019 entre todos<\/span><span data-contrast=\"auto\">. A pesar de todo eso, no hay cosa m\u00e1s divertida que esc<\/span><span data-contrast=\"auto\">ribir una novela, sinceramente<\/span><span data-contrast=\"auto\">\u201d<\/span><span data-contrast=\"auto\">.<\/span><span data-ccp-props=\"{&quot;335559731&quot;:708}\">\u00a0<\/span><\/p>\n<p><span data-contrast=\"auto\">Finalmente a<\/span><span data-contrast=\"auto\">firm<\/span><span data-contrast=\"auto\">\u00f3 que todo este esfuerzo \u201ch<\/span><span data-contrast=\"auto\">a valido much\u00edsimo la pena, porque he podido publicar much<\/span><span data-contrast=\"auto\">as cosas y hacer una antolog\u00eda, prologada y comentada,<\/span><span data-contrast=\"auto\"> de textos de <\/span><span data-contrast=\"auto\">S<\/span><span data-contrast=\"auto\">or Juana que ser\u00e1 publicada <\/span><span data-contrast=\"auto\">pr\u00f3ximamente por la <\/span><span data-contrast=\"auto\">E<\/span><span data-contrast=\"auto\">ditorial de la UV. <\/span><span data-contrast=\"auto\">En fin, dec\u00eda Fernando del Paso que uno no escribe los libros que quiere sino los q<\/span><span data-contrast=\"auto\">ue puede y,<\/span><span data-contrast=\"auto\"> bueno, \u00e9l escribi\u00f3 <\/span><i><span data-contrast=\"auto\">Noticias del imperio<\/span><\/i><span data-contrast=\"auto\"> y si pudo escribir algo as\u00ed qu\u00e9 esperanza<\/span><span data-contrast=\"auto\">s le quedan a uno. Puros sue\u00f1os\u201d<\/span><span data-ccp-props=\"{&quot;335559731&quot;:708}\">\u00a0<\/span><\/p>\n","protected":false},"excerpt":{"rendered":"<p>Maximiliano Sauza desarrollar\u00e1 el proyecto \u201c<em>La llama tr\u00e9mula<\/em>: novela hist\u00f3rica\u201d<\/p>\n","protected":false},"author":1508,"featured_media":84491,"comment_status":"closed","ping_status":"closed","sticky":false,"template":"","format":"standard","meta":{"footnotes":""},"categories":[61],"tags":[],"class_list":["post-84489","post","type-post","status-publish","format-standard","has-post-thumbnail","hentry","category-banner"],"_links":{"self":[{"href":"https:\/\/www.uv.mx\/prensa\/wp-json\/wp\/v2\/posts\/84489","targetHints":{"allow":["GET"]}}],"collection":[{"href":"https:\/\/www.uv.mx\/prensa\/wp-json\/wp\/v2\/posts"}],"about":[{"href":"https:\/\/www.uv.mx\/prensa\/wp-json\/wp\/v2\/types\/post"}],"author":[{"embeddable":true,"href":"https:\/\/www.uv.mx\/prensa\/wp-json\/wp\/v2\/users\/1508"}],"replies":[{"embeddable":true,"href":"https:\/\/www.uv.mx\/prensa\/wp-json\/wp\/v2\/comments?post=84489"}],"version-history":[{"count":0,"href":"https:\/\/www.uv.mx\/prensa\/wp-json\/wp\/v2\/posts\/84489\/revisions"}],"wp:featuredmedia":[{"embeddable":true,"href":"https:\/\/www.uv.mx\/prensa\/wp-json\/wp\/v2\/media\/84491"}],"wp:attachment":[{"href":"https:\/\/www.uv.mx\/prensa\/wp-json\/wp\/v2\/media?parent=84489"}],"wp:term":[{"taxonomy":"category","embeddable":true,"href":"https:\/\/www.uv.mx\/prensa\/wp-json\/wp\/v2\/categories?post=84489"},{"taxonomy":"post_tag","embeddable":true,"href":"https:\/\/www.uv.mx\/prensa\/wp-json\/wp\/v2\/tags?post=84489"}],"curies":[{"name":"wp","href":"https:\/\/api.w.org\/{rel}","templated":true}]}}