{"id":84487,"date":"2020-06-06T07:59:19","date_gmt":"2020-06-06T12:59:19","guid":{"rendered":"https:\/\/www.uv.mx\/prensa\/?p=84487"},"modified":"2020-06-12T10:02:02","modified_gmt":"2020-06-12T15:02:02","slug":"formas-de-educar-repercuten-en-conducta-de-ninez-y-adolescencia","status":"publish","type":"post","link":"https:\/\/www.uv.mx\/prensa\/general\/formas-de-educar-repercuten-en-conducta-de-ninez-y-adolescencia\/","title":{"rendered":"Formas de educar repercuten en conducta de ni\u00f1ez y adolescencia\u00a0"},"content":{"rendered":"<ul>\n<li data-leveltext=\"\uf0b7\" data-font=\"Symbol\" data-listid=\"5\" data-aria-posinset=\"1\" data-aria-level=\"1\"><i><span data-contrast=\"auto\">Los distintos tipos de crianza influyen directamente en <\/span><\/i><i><span data-contrast=\"auto\">sus niveles de autoestima, rendimiento escolar y bienestar<\/span><\/i><i><span data-contrast=\"auto\"> psicol\u00f3gico<\/span><\/i><i><span data-contrast=\"auto\">, explic\u00f3 la investigadora <\/span><\/i><i><span data-contrast=\"auto\">Alma Gloria Vallejo Casar\u00edn<\/span><\/i><span data-ccp-props=\"{}\">\u00a0<\/span><\/li>\n<li data-leveltext=\"\uf0b7\" data-font=\"Symbol\" data-listid=\"5\" data-aria-posinset=\"2\" data-aria-level=\"1\"><i><span data-contrast=\"auto\">Si bien ser padre es saber amar, a veces es necesario traducir este amor en disciplina por el bienestar de los hijos<\/span><\/i><span data-ccp-props=\"{}\"><br \/>\n<\/span><\/li>\n<\/ul>\n<div id=\"attachment_84486\" style=\"width: 732px\" class=\"wp-caption aligncenter\"><a href=\"https:\/\/www.uv.mx\/prensa\/files\/2020\/06\/060620-Crianza.jpg\"><img loading=\"lazy\" decoding=\"async\" aria-describedby=\"caption-attachment-84486\" class=\"wp-image-84486 size-full\" src=\"https:\/\/www.uv.mx\/prensa\/files\/2020\/06\/060620-Crianza.jpg\" alt=\"\" width=\"722\" height=\"480\" srcset=\"https:\/\/www.uv.mx\/prensa\/files\/2020\/06\/060620-Crianza.jpg 722w, https:\/\/www.uv.mx\/prensa\/files\/2020\/06\/060620-Crianza-300x199.jpg 300w\" sizes=\"auto, (max-width: 722px) 100vw, 722px\" \/><\/a><p id=\"caption-attachment-84486\" class=\"wp-caption-text\">Alma Gloria Vallejo Casar\u00edn, miembro de la Junta de Gobierno de la UV e investigadora de la Facultad de Psicolog\u00eda de la regi\u00f3n Poza Rica-Tuxpan<\/p><\/div>\n<blockquote><p><span data-contrast=\"auto\">Los hijos de padres autoritativos tienen una alta autoestima y buen rendimiento escolar, presentan pocos problemas psicol\u00f3gicos, se llevan bien con los dem\u00e1s y se alejan de las conductas de riesgo<\/span><span data-ccp-props=\"{}\"><br \/>\n<\/span><\/p><\/blockquote>\n<p><b><i><span data-contrast=\"auto\">Carlos Hugo Hermida Rosales<\/span><\/i><\/b><span data-ccp-props=\"{}\">\u00a0<\/span><\/p>\n<p><b><i><span data-contrast=\"auto\">0<\/span><\/i><\/b><b><i><span data-contrast=\"auto\">6<\/span><\/i><\/b><b><i><span data-contrast=\"auto\">\/06\/<\/span><\/i><\/b><b><i><span data-contrast=\"auto\">2020<\/span><\/i><\/b><b><i><span data-contrast=\"auto\">,<\/span><\/i><\/b> <b><i><span data-contrast=\"auto\">Xalapa, Ver.<\/span><\/i><\/b> <span data-contrast=\"auto\">Alma Gloria Vallejo Casar\u00edn, catedr\u00e1tica <\/span><span data-contrast=\"auto\">e investigadora <\/span><span data-contrast=\"auto\">de la <a href=\"https:\/\/www.uv.mx\/pozarica\/psicologia\/\" target=\"_blank\" rel=\"noopener noreferrer\">Facultad de Psicolog\u00eda<\/a> de la regi\u00f3n Poza Rica-Tuxpan de la Universidad Veracruzana (UV), <\/span><span data-contrast=\"auto\">mencion\u00f3 que la<\/span><span data-contrast=\"auto\"> educaci\u00f3n que los padres brinda<\/span><span data-contrast=\"auto\">n a sus h<\/span><span data-contrast=\"auto\">ijos influye<\/span><span data-contrast=\"auto\"> directamente en su<\/span><span data-contrast=\"auto\">s<\/span><span data-contrast=\"auto\"> nivel<\/span><span data-contrast=\"auto\">es<\/span><span data-contrast=\"auto\"> de autoestima, rendimiento escolar, bienestar psicol\u00f3gico y conductas de riesgo y <\/span><span data-contrast=\"auto\">social durante <\/span><span data-contrast=\"auto\">la infancia<\/span><span data-contrast=\"auto\"> y la adolescencia.\u00a0<\/span><span data-ccp-props=\"{}\">\u00a0<\/span><\/p>\n<p><span data-contrast=\"auto\">La acad\u00e9mica imparti\u00f3 el 2 de junio la conferencia virtual <\/span><span data-contrast=\"auto\">\u201cLa familia y las relaciones entre padres e hijos\u201d<\/span><span data-contrast=\"auto\">, dentro de las Tardes de Ciencia organizadas por la Direcci\u00f3n General de Investigaciones (DGI) de la UV.\u00a0<\/span><span data-ccp-props=\"{&quot;335559731&quot;:708}\">\u00a0<\/span><\/p>\n<p><span data-contrast=\"auto\">Gloria Vallejo explic\u00f3 que el <\/span><span data-contrast=\"auto\">proceso de socializaci\u00f3n comprende la transmisi\u00f3n de cultura entre generaciones, en donde participan de manera importante los adultos, en especial los padres<\/span><span data-contrast=\"auto\">,<\/span><span data-contrast=\"auto\"> quien<\/span><span data-contrast=\"auto\">es ense\u00f1an <\/span><span data-contrast=\"auto\">a <\/span><span data-contrast=\"auto\">sus hijos los<\/span><span data-contrast=\"auto\"> distintos roles, les transmiten fuentes de significado y les muestran el valor de diversas cosas como el dinero, la educaci\u00f3n y la honestidad.\u00a0<\/span><span data-ccp-props=\"{&quot;335559731&quot;:708}\">\u00a0<\/span><\/p>\n<p><span data-contrast=\"auto\">\u201c<\/span><span data-contrast=\"auto\">Dentro de este <\/span><span data-contrast=\"auto\">proceso<\/span> <span data-contrast=\"auto\">los padres deben <\/span><span data-contrast=\"auto\">atenderles <\/span><span data-contrast=\"auto\">el control de <\/span><span data-contrast=\"auto\">sus<\/span><span data-contrast=\"auto\"> impulsos<\/span><span data-contrast=\"auto\">, acorde a la forma socialmente <\/span><span data-contrast=\"auto\">establecida\u201d, puntualiz\u00f3.\u00a0<\/span><span data-ccp-props=\"{&quot;335559731&quot;:708}\">\u00a0<\/span><\/p>\n<p><span data-contrast=\"auto\">Mencion\u00f3 que <\/span><span data-contrast=\"auto\">por <\/span><span data-contrast=\"auto\">la forma <\/span><span data-contrast=\"auto\">de educar <\/span><span data-contrast=\"auto\">a sus hijos sobresalen cuatro tipos de padres: autoritativos, permisivos<\/span><span data-contrast=\"auto\">,<\/span> <span data-contrast=\"auto\">autoritarios<\/span><span data-contrast=\"auto\"> y negligentes.\u00a0<\/span><span data-ccp-props=\"{&quot;335559731&quot;:708}\">\u00a0<\/span><\/p>\n<p><span data-contrast=\"auto\">Detall\u00f3 que los padres autoritativos les exigen a sus hijos, sancionan cuando es necesari<\/span><span data-contrast=\"auto\">o, ponen reglas claras y fomenta<\/span><span data-contrast=\"auto\">n en ellos la indivi<\/span><span data-contrast=\"auto\">dualidad y<\/span><span data-contrast=\"auto\"> la autonom\u00eda; por su parte los permisivos tienen poca exigencia, <\/span><span data-contrast=\"auto\">pautas<\/span><span data-contrast=\"auto\"> difusas, rara vez aplican<\/span><span data-contrast=\"auto\"> sanciones y aunque permiten comportamientos individuales <\/span><span data-contrast=\"auto\">no <\/span><span data-contrast=\"auto\">impulsan acciones aut\u00f3nomas.\u00a0<\/span><span data-ccp-props=\"{&quot;335559731&quot;:708}\">\u00a0<\/span><\/p>\n<p><span data-contrast=\"auto\">A su vez los autoritarios tienen una alta exigencia y muchas reglas estrictas, pero <\/span><span data-contrast=\"auto\">impulsan<\/span><span data-contrast=\"auto\"> poco la autonom\u00eda e individualidad; <\/span><span data-contrast=\"auto\">finalmente los negligentes <\/span><span data-contrast=\"auto\">presentan escasas <\/span><span data-contrast=\"auto\">exigen<\/span><span data-contrast=\"auto\">cias<\/span><span data-contrast=\"auto\"> y usan rara vez <\/span><span data-contrast=\"auto\">reglamentos<\/span><span data-contrast=\"auto\"> y sanciones.<\/span><span data-ccp-props=\"{&quot;335559731&quot;:708}\">\u00a0<\/span><\/p>\n<p><span data-contrast=\"auto\">La investigadora comparti\u00f3 que<\/span><span data-contrast=\"auto\">,<\/span><span data-contrast=\"auto\"> de acuerdo <\/span><span data-contrast=\"auto\">con<\/span><span data-contrast=\"auto\"> diversos estudios<\/span><span data-contrast=\"auto\">,<\/span><span data-contrast=\"auto\"> los hijos de padres autorita<\/span><span data-contrast=\"auto\">tiv<\/span><span data-contrast=\"auto\">o<\/span><span data-contrast=\"auto\">s <\/span><span data-contrast=\"auto\">tienen una alta autoestima y buen rendimiento escolar en la infancia y adolescencia, presentan pocos problemas psicol\u00f3gicos, se llevan bien con los dem\u00e1s y se alejan de las conductas de riesgo.<\/span><span data-ccp-props=\"{&quot;335559731&quot;:708}\">\u00a0<\/span><\/p>\n<p><span data-contrast=\"auto\">Los chicos con padres permisivos poseen alta autoestima pero bajo rendimiento escolar, su bienestar psicol\u00f3gico es bueno en la ni\u00f1ez <\/span><span data-contrast=\"auto\">y <\/span><span data-contrast=\"auto\">baja en la adolescencia, y tienen conductas de riesgo.\u00a0<\/span><span data-ccp-props=\"{&quot;335559731&quot;:708}\">\u00a0<\/span><\/p>\n<p><span data-contrast=\"auto\">Los padres autoritarios educan hijos que presentan buen rendimiento escolar pero baja autoestima, adem\u00e1s de cuadros de depresi\u00f3n y angustia y problemas de conducta que se acent\u00faan en la adolescencia, etapa en la que se vuelven <\/span><span data-contrast=\"auto\">muy cr\u00edticos <\/span><span data-contrast=\"auto\">con los dem\u00e1s, aunado a esto tratan de evitar el riesgo.<\/span><span data-ccp-props=\"{&quot;335559731&quot;:708}\">\u00a0<\/span><\/p>\n<p><span data-contrast=\"auto\">Finalmente<\/span><span data-contrast=\"auto\">,<\/span><span data-contrast=\"auto\"> los hijos de padres negligentes tienen autoestima, rendimiento escolar y bienestar psicol\u00f3gico bajos, gustan de las conductas de <\/span><span data-contrast=\"auto\">riesgo y no se preocupan por la felicidad colectiva<\/span><span data-contrast=\"auto\">.\u00a0<\/span><span data-ccp-props=\"{&quot;335559731&quot;:708}\">\u00a0<\/span><\/p>\n<p><span data-contrast=\"auto\">La docente declar\u00f3 que si <\/span><span data-contrast=\"auto\">bien ser padre es saber amar, a veces es necesario traducir este amor en disciplina por el bien<\/span><span data-contrast=\"auto\">estar<\/span><span data-contrast=\"auto\"> de los hijos.<\/span><\/p>\n","protected":false},"excerpt":{"rendered":"<p>Los distintos tipos de crianza influyen directamente en sus niveles de autoestima, rendimiento escolar y bienestar psicol\u00f3gico, explic\u00f3 la investigadora Alma Gloria Vallejo Casar\u00edn <\/p>\n","protected":false},"author":1869,"featured_media":84486,"comment_status":"closed","ping_status":"closed","sticky":false,"template":"","format":"standard","meta":{"footnotes":""},"categories":[1],"tags":[],"class_list":["post-84487","post","type-post","status-publish","format-standard","has-post-thumbnail","hentry","category-general"],"_links":{"self":[{"href":"https:\/\/www.uv.mx\/prensa\/wp-json\/wp\/v2\/posts\/84487","targetHints":{"allow":["GET"]}}],"collection":[{"href":"https:\/\/www.uv.mx\/prensa\/wp-json\/wp\/v2\/posts"}],"about":[{"href":"https:\/\/www.uv.mx\/prensa\/wp-json\/wp\/v2\/types\/post"}],"author":[{"embeddable":true,"href":"https:\/\/www.uv.mx\/prensa\/wp-json\/wp\/v2\/users\/1869"}],"replies":[{"embeddable":true,"href":"https:\/\/www.uv.mx\/prensa\/wp-json\/wp\/v2\/comments?post=84487"}],"version-history":[{"count":0,"href":"https:\/\/www.uv.mx\/prensa\/wp-json\/wp\/v2\/posts\/84487\/revisions"}],"wp:featuredmedia":[{"embeddable":true,"href":"https:\/\/www.uv.mx\/prensa\/wp-json\/wp\/v2\/media\/84486"}],"wp:attachment":[{"href":"https:\/\/www.uv.mx\/prensa\/wp-json\/wp\/v2\/media?parent=84487"}],"wp:term":[{"taxonomy":"category","embeddable":true,"href":"https:\/\/www.uv.mx\/prensa\/wp-json\/wp\/v2\/categories?post=84487"},{"taxonomy":"post_tag","embeddable":true,"href":"https:\/\/www.uv.mx\/prensa\/wp-json\/wp\/v2\/tags?post=84487"}],"curies":[{"name":"wp","href":"https:\/\/api.w.org\/{rel}","templated":true}]}}