{"id":84368,"date":"2020-06-03T08:00:08","date_gmt":"2020-06-03T13:00:08","guid":{"rendered":"https:\/\/www.uv.mx\/prensa\/?p=84368"},"modified":"2020-06-04T09:53:20","modified_gmt":"2020-06-04T14:53:20","slug":"educar-en-tiempos-de-pandemia-corresponde-a-todos-academicos","status":"publish","type":"post","link":"https:\/\/www.uv.mx\/prensa\/general\/educar-en-tiempos-de-pandemia-corresponde-a-todos-academicos\/","title":{"rendered":"Educar en tiempos de pandemia corresponde a todos: acad\u00e9micos"},"content":{"rendered":"<ul>\n<li data-leveltext=\"\uf0b7\" data-font=\"Symbol\" data-listid=\"1\" data-aria-posinset=\"1\" data-aria-level=\"1\"><i><span data-contrast=\"auto\">Docentes de Educaci\u00f3n<\/span><\/i> <i><span data-contrast=\"auto\">Media Superior <\/span><\/i><i><span data-contrast=\"auto\">participar<\/span><\/i><i><span data-contrast=\"auto\">on<\/span><\/i><i><span data-contrast=\"auto\"> el viernes 29 de mayo, en el Webinario Internacional <\/span><\/i><i><span data-contrast=\"auto\">\u201cEducar en tiempos de pandemia\u201d<\/span><\/i><span data-ccp-props=\"{&quot;134233279&quot;:true,&quot;201341983&quot;:0,&quot;335559739&quot;:160,&quot;335559740&quot;:240}\">\u00a0<\/span><\/li>\n<li data-leveltext=\"\uf0b7\" data-font=\"Symbol\" data-listid=\"1\" data-aria-posinset=\"2\" data-aria-level=\"1\"><i><span data-contrast=\"auto\">Compartieron experiencias, vivencias, retos y obst\u00e1culos<\/span><\/i><span data-ccp-props=\"{&quot;134233279&quot;:true,&quot;201341983&quot;:0,&quot;335559739&quot;:160,&quot;335559740&quot;:240}\">\u00a0<\/span><\/li>\n<li data-leveltext=\"\uf0b7\" data-font=\"Symbol\" data-listid=\"1\" data-aria-posinset=\"3\" data-aria-level=\"1\"><i><span data-contrast=\"auto\">Manifestaron que en estos tiempos la educaci\u00f3n es de todos, <\/span><\/i><i><span data-contrast=\"auto\">la sociedad tambi\u00e9n debe vincularse<\/span><\/i><\/li>\n<\/ul>\n<div id=\"attachment_84369\" style=\"width: 732px\" class=\"wp-caption aligncenter\"><a href=\"https:\/\/www.uv.mx\/prensa\/files\/2020\/06\/010620-WEBINARIO-SEA-1-100k.jpg\"><img loading=\"lazy\" decoding=\"async\" aria-describedby=\"caption-attachment-84369\" class=\"size-full wp-image-84369\" src=\"https:\/\/www.uv.mx\/prensa\/files\/2020\/06\/010620-WEBINARIO-SEA-1-100k.jpg\" alt=\"Docentes del nivel de educaci\u00f3n media superior participaron en el Webinario Internacional \u201cEducar en tiempos de pandemia\u201d \" width=\"722\" height=\"407\" srcset=\"https:\/\/www.uv.mx\/prensa\/files\/2020\/06\/010620-WEBINARIO-SEA-1-100k.jpg 722w, https:\/\/www.uv.mx\/prensa\/files\/2020\/06\/010620-WEBINARIO-SEA-1-100k-300x169.jpg 300w\" sizes=\"auto, (max-width: 722px) 100vw, 722px\" \/><\/a><p id=\"caption-attachment-84369\" class=\"wp-caption-text\">Docentes del nivel de educaci\u00f3n media superior participaron en el Webinario Internacional \u201cEducar en tiempos de pandemia\u201d<\/p><\/div>\n<p><b><i><span data-contrast=\"auto\">Claudia Peralta V\u00e1zquez<\/span><\/i><\/b><span data-ccp-props=\"{&quot;201341983&quot;:0,&quot;335559739&quot;:160,&quot;335559740&quot;:240}\">\u00a0<\/span><\/p>\n<p><b><i><span data-contrast=\"auto\">0<\/span><\/i><\/b><b><i><span data-contrast=\"auto\">3<\/span><\/i><\/b><b><i><span data-contrast=\"auto\">\/<\/span><\/i><\/b><b><i><span data-contrast=\"auto\">06<\/span><\/i><\/b><b><i><span data-contrast=\"auto\">\/<\/span><\/i><\/b><b><i><span data-contrast=\"auto\">20<\/span><\/i><\/b><b><i><span data-contrast=\"auto\">20<\/span><\/i><\/b><b><i><span data-contrast=\"auto\">, Xalapa, Ver.- <\/span><\/i><\/b><span data-contrast=\"auto\">Al participar en el Foro Acad\u00e9mico en L\u00ednea \u201cEducar en tiempos de pandemia\u201d,<\/span><span data-contrast=\"auto\"> el pasado viernes 29 de mayo, <\/span><span data-contrast=\"auto\">d<\/span><span data-contrast=\"auto\">ocentes de<\/span><span data-contrast=\"auto\">l<\/span><span data-contrast=\"auto\"> nivel<\/span><span data-contrast=\"auto\"> de e<\/span><span data-contrast=\"auto\">ducaci\u00f3n <\/span><span data-contrast=\"auto\">m<\/span><span data-contrast=\"auto\">edia <\/span><span data-contrast=\"auto\">s<\/span><span data-contrast=\"auto\">uperior<\/span><span data-contrast=\"auto\"> compartieron experiencias y vivencias relacionadas con la implementaci\u00f3n de estrategias y herramientas educativas durante este periodo de confinamiento, pero tambi\u00e9n manifestaron preocupaci\u00f3n por el retorno a la nueva normalidad en las escuelas.<\/span><span data-ccp-props=\"{&quot;201341983&quot;:0,&quot;335559739&quot;:160,&quot;335559740&quot;:240}\">\u00a0<\/span><\/p>\n<p><span data-contrast=\"auto\">Dentro del <\/span><span data-contrast=\"auto\">Webinario Internacional<\/span><span data-contrast=\"auto\">, organizado por <\/span><span data-contrast=\"auto\">el programa educativo<\/span><span data-contrast=\"auto\"> (PE)<\/span><span data-contrast=\"auto\"> de <a href=\"https:\/\/www.uv.mx\/sea\/\" target=\"_blank\" rel=\"noopener noreferrer\">Pedagog\u00eda del Sistema de Ense\u00f1anza Abierta<\/a> (SEA) y la <a href=\"https:\/\/www.uv.mx\/pedagogia\/\" target=\"_blank\" rel=\"noopener noreferrer\">Facultad de Pedagog\u00eda<\/a><\/span> <span data-contrast=\"auto\">de la Universidad Veracruzana (UV)<\/span><span data-contrast=\"auto\">,<\/span><span data-contrast=\"auto\"> destacaron que en esta contingencia la educaci\u00f3n corresponde a todos, por lo que la sociedad tambi\u00e9n debe vincularse.<\/span><span data-ccp-props=\"{&quot;201341983&quot;:0,&quot;335559731&quot;:708,&quot;335559739&quot;:160,&quot;335559740&quot;:240}\">\u00a0<\/span><\/p>\n<p><span data-contrast=\"auto\">Como parte de este encuentro virtual moderado a trav\u00e9s de <\/span><i><span data-contrast=\"auto\">Zoom<\/span><\/i><span data-contrast=\"auto\"> por Rita X\u00f3chitl Roa Cer\u00f3n, acad\u00e9mica de la Facultad de Pedagog\u00eda, las participantes <\/span><span data-contrast=\"auto\">hicieron referencia a los <\/span><span data-contrast=\"auto\">retos y obst\u00e1culos enfrentados debido a la carencia de dispositivos, medios electr\u00f3nicos y acceso a <\/span><span data-contrast=\"auto\">I<\/span><span data-contrast=\"auto\">nternet<\/span><span data-contrast=\"auto\"> por parte de los alumnos<\/span><span data-contrast=\"auto\">, as\u00ed como a los sentimientos de estr\u00e9s y depresi\u00f3n generalizado<\/span><span data-contrast=\"auto\">s<\/span><span data-contrast=\"auto\"> actualmente.\u00a0<\/span><span data-ccp-props=\"{&quot;201341983&quot;:0,&quot;335559731&quot;:708,&quot;335559739&quot;:160,&quot;335559740&quot;:240}\">\u00a0<\/span><\/p>\n<p><span data-contrast=\"auto\">En \u00e9l <\/span><span data-contrast=\"auto\">intervin<\/span><span data-contrast=\"auto\">ieron: <\/span><span data-contrast=\"auto\">Ariadna Elizabeth Aguilar Duarte, del Colegio Preparatorio de Xalapa (CPX); <\/span><span data-contrast=\"auto\">y <\/span><span data-contrast=\"auto\">Martha Olivia <\/span><span data-contrast=\"auto\">Ferat<\/span><span data-contrast=\"auto\"> Rodr\u00edguez, del Instituto de Estudios Superiores Valladolid<\/span><span data-contrast=\"auto\">.<\/span><span data-ccp-props=\"{&quot;201341983&quot;:0,&quot;335559731&quot;:708,&quot;335559739&quot;:160,&quot;335559740&quot;:240}\">\u00a0<\/span><\/p>\n<p><span data-contrast=\"auto\">Tambi\u00e9n<\/span> <span data-contrast=\"auto\">Anell<\/span><span data-contrast=\"auto\"> Utrera Vergara, del Sistema de Telebachillerato de Veracruz; y Celia Hern\u00e1ndez <\/span><span data-contrast=\"auto\">Palaceto<\/span><span data-contrast=\"auto\">, del Centro de Estudios Tecnol\u00f3gicos del Mar (<\/span><i><span data-contrast=\"auto\">Cetmar<\/span><\/i><span data-contrast=\"auto\">).<\/span><\/p>\n<div id=\"attachment_84370\" style=\"width: 732px\" class=\"wp-caption aligncenter\"><a href=\"https:\/\/www.uv.mx\/prensa\/files\/2020\/06\/010620-WEBINARIO-SEA-2-100k.jpg\"><img loading=\"lazy\" decoding=\"async\" aria-describedby=\"caption-attachment-84370\" class=\"size-full wp-image-84370\" src=\"https:\/\/www.uv.mx\/prensa\/files\/2020\/06\/010620-WEBINARIO-SEA-2-100k.jpg\" alt=\"Ariadna Elizabeth Aguilar Duarte, profesora del Colegio Preparatorio de Xalapa (CPX)\" width=\"722\" height=\"405\" srcset=\"https:\/\/www.uv.mx\/prensa\/files\/2020\/06\/010620-WEBINARIO-SEA-2-100k.jpg 722w, https:\/\/www.uv.mx\/prensa\/files\/2020\/06\/010620-WEBINARIO-SEA-2-100k-300x168.jpg 300w\" sizes=\"auto, (max-width: 722px) 100vw, 722px\" \/><\/a><p id=\"caption-attachment-84370\" class=\"wp-caption-text\">Ariadna Elizabeth Aguilar Duarte, profesora del Colegio Preparatorio de Xalapa (CPX)<\/p><\/div>\n<p><span data-contrast=\"auto\">Ariadna Elizabeth Aguilar <\/span><span data-contrast=\"auto\">expres\u00f3 que esta situaci\u00f3n ha llevado a los profesores a reinventarse ante la imposibilidad de <\/span><span data-contrast=\"auto\">dar clases de la misma manera como si estuv<\/span><span data-contrast=\"auto\">ieran en el aula.<\/span><span data-ccp-props=\"{&quot;201341983&quot;:0,&quot;335559739&quot;:160,&quot;335559740&quot;:240}\">\u00a0<\/span><\/p>\n<p><span data-contrast=\"auto\">Por ello, han tenido que <\/span><span data-contrast=\"auto\">planear<\/span><span data-contrast=\"auto\"> mejores estrategias para <\/span><span data-contrast=\"auto\">comunicarse con los estudiantes;<\/span><span data-contrast=\"auto\"> es decir, han continuado en la generaci\u00f3n y promoci\u00f3n de <\/span><span data-contrast=\"auto\">actividades significativas<\/span><span data-contrast=\"auto\"> y<\/span><span data-contrast=\"auto\"> cognitivas<\/span><span data-contrast=\"auto\">, pero principalmente de <\/span><span data-contrast=\"auto\">retroalimentaci\u00f3n a partir del trabajo que los estudiantes entregan como evidencias.<\/span><span data-ccp-props=\"{&quot;201341983&quot;:0,&quot;335559731&quot;:708,&quot;335559739&quot;:160,&quot;335559740&quot;:240}\">\u00a0<\/span><\/p>\n<p><span data-contrast=\"auto\">La egresada de la Facultad de Qu\u00edmica Farmac\u00e9utica Biol\u00f3gica (QFB) de la UV, dijo que actualmente tanto maestros como alumnos se desarrollan dentro de la pandemia, pero una vez concluya el confinamiento habr\u00e1 que plantearse qu\u00e9 tanto han enriquecido las actividades virtuales.<\/span><span data-ccp-props=\"{&quot;201341983&quot;:0,&quot;335559731&quot;:708,&quot;335559739&quot;:160,&quot;335559740&quot;:240}\">\u00a0<\/span><\/p>\n<p><span data-contrast=\"auto\">Desde su punto de vista, as<\/span><span data-contrast=\"auto\">egu<\/span><span data-contrast=\"auto\">r\u00f3 que posiblemente \u00e9stas no tengan que hacerse a un lado, aunque s\u00ed deber\u00e1n mejorarse los recursos did\u00e1cticos institucionales.<\/span><span data-ccp-props=\"{&quot;201341983&quot;:0,&quot;335559731&quot;:708,&quot;335559739&quot;:160,&quot;335559740&quot;:240}\">\u00a0<\/span><\/p>\n<p><span data-contrast=\"auto\">Martha Oliv<\/span><span data-contrast=\"auto\">i<\/span><span data-contrast=\"auto\">a <\/span><span data-contrast=\"auto\">Ferat<\/span><span data-contrast=\"auto\">, <\/span><span data-contrast=\"auto\">quien tambi\u00e9n es <\/span><span data-contrast=\"auto\">pedagoga con especialidad en la ense\u00f1anza de la Lengua y la Literatura<\/span><span data-contrast=\"auto\">, manifest\u00f3 que esta pandemia los ha hecho valorar <\/span><span data-contrast=\"auto\">el sentido de proximidad con <\/span><span data-contrast=\"auto\">sus<\/span><span data-contrast=\"auto\"> alumnos,<\/span><span data-contrast=\"auto\"> y<\/span><span data-contrast=\"auto\"> reflexionar <\/span><span data-contrast=\"auto\">sobre la fragilidad del ser humano <\/span><span data-contrast=\"auto\">cuando se le observa constantemente en su habitaci\u00f3n, en su hogar<\/span><span data-contrast=\"auto\"> y <\/span><span data-contrast=\"auto\">en su familia<\/span><span data-contrast=\"auto\">.<\/span><\/p>\n<div id=\"attachment_84371\" style=\"width: 732px\" class=\"wp-caption aligncenter\"><a href=\"https:\/\/www.uv.mx\/prensa\/files\/2020\/06\/010620-WEBINARIO-SEA-3-100k.jpg\"><img loading=\"lazy\" decoding=\"async\" aria-describedby=\"caption-attachment-84371\" class=\"size-full wp-image-84371\" src=\"https:\/\/www.uv.mx\/prensa\/files\/2020\/06\/010620-WEBINARIO-SEA-3-100k.jpg\" alt=\"Martha Olivia Ferat Rodr\u00edguez, del Instituto de Estudios Superiores Valladolid\" width=\"722\" height=\"407\" srcset=\"https:\/\/www.uv.mx\/prensa\/files\/2020\/06\/010620-WEBINARIO-SEA-3-100k.jpg 722w, https:\/\/www.uv.mx\/prensa\/files\/2020\/06\/010620-WEBINARIO-SEA-3-100k-300x169.jpg 300w\" sizes=\"auto, (max-width: 722px) 100vw, 722px\" \/><\/a><p id=\"caption-attachment-84371\" class=\"wp-caption-text\">Martha Olivia Ferat Rodr\u00edguez, del Instituto de Estudios Superiores Valladolid<\/p><\/div>\n<p><span data-contrast=\"auto\">Dijo que el<\/span> <span data-contrast=\"auto\">Covid-19<\/span><span data-contrast=\"auto\"> vino a transformar las aulas en oportunidades, en retos para muchos y en dificultades para otros. En cuesti\u00f3n pedag\u00f3gica, se tuvo que adaptar el aprendizaje formal de la escuela al de un aula virtual en casa.<\/span><span data-ccp-props=\"{&quot;201341983&quot;:0,&quot;335559731&quot;:708,&quot;335559739&quot;:160,&quot;335559740&quot;:240}\">\u00a0<\/span><\/p>\n<p><span data-contrast=\"auto\">\u201cT<\/span><span data-contrast=\"auto\">uvo que replantear<\/span><span data-contrast=\"auto\">se<\/span><span data-contrast=\"auto\"> la educaci\u00f3n<\/span><span data-contrast=\"auto\">, <\/span><span data-contrast=\"auto\">capacitarse<\/span><span data-contrast=\"auto\"> a los maestros<\/span><span data-contrast=\"auto\"> en el uso de plataformas y<\/span><span data-contrast=\"auto\"> ofrecerles<\/span><span data-contrast=\"auto\"> herramientas digitales para poder usar<\/span><span data-contrast=\"auto\">las<\/span> <span data-contrast=\"auto\">e<\/span><span data-contrast=\"auto\">n las clases<\/span><span data-contrast=\"auto\">.<\/span><span data-contrast=\"auto\">\u201d<\/span><span data-ccp-props=\"{&quot;201341983&quot;:0,&quot;335559731&quot;:708,&quot;335559739&quot;:160,&quot;335559740&quot;:240}\">\u00a0<\/span><\/p>\n<p><span data-contrast=\"auto\">Se\u00f1al\u00f3 que aun cuando el estr\u00e9s es generalizado, \u00e9ste ha afectado m\u00e1s a los profesores ante la saturaci\u00f3n de trabajo y de responsabilidades.<\/span><span data-ccp-props=\"{&quot;201341983&quot;:0,&quot;335559731&quot;:708,&quot;335559739&quot;:160,&quot;335559740&quot;:240}\">\u00a0<\/span><\/p>\n<p><span data-contrast=\"auto\">No obstante, resalt\u00f3 que educar en tiempos de pandemia corresponde a todos, pues la misma sociedad debe vincularse con la educaci\u00f3n.<\/span><span data-ccp-props=\"{&quot;201341983&quot;:0,&quot;335559731&quot;:708,&quot;335559739&quot;:160,&quot;335559740&quot;:240}\">\u00a0<\/span><\/p>\n<p><span data-contrast=\"auto\">\u201cD<\/span><span data-contrast=\"auto\">e nada valdr\u00e1 un curso o una pl\u00e1tica sobre salud mental, estabilidad emocional a distancia si frente a <\/span><span data-contrast=\"auto\">nosotros tenemos un espejo que nos dice que los dem\u00e1s tambi\u00e9n lo necesitan, aqu\u00ed no es cuest<\/span><span data-contrast=\"auto\">i\u00f3n de autores sino de actores.\u201d<\/span><\/p>\n<div id=\"attachment_84372\" style=\"width: 732px\" class=\"wp-caption aligncenter\"><a href=\"https:\/\/www.uv.mx\/prensa\/files\/2020\/06\/010620-WEBINARIO-SEA-4-100k.jpg\"><img loading=\"lazy\" decoding=\"async\" aria-describedby=\"caption-attachment-84372\" class=\"size-full wp-image-84372\" src=\"https:\/\/www.uv.mx\/prensa\/files\/2020\/06\/010620-WEBINARIO-SEA-4-100k.jpg\" alt=\"Anell Utrera Vergara, docente del Tebaev\" width=\"722\" height=\"405\" srcset=\"https:\/\/www.uv.mx\/prensa\/files\/2020\/06\/010620-WEBINARIO-SEA-4-100k.jpg 722w, https:\/\/www.uv.mx\/prensa\/files\/2020\/06\/010620-WEBINARIO-SEA-4-100k-300x168.jpg 300w\" sizes=\"auto, (max-width: 722px) 100vw, 722px\" \/><\/a><p id=\"caption-attachment-84372\" class=\"wp-caption-text\">Anell Utrera Vergara, docente del <em>Tebaev<\/em><\/p><\/div>\n<p><span data-contrast=\"auto\">En este sentido, p<\/span><span data-contrast=\"auto\">ropuso la implementaci\u00f3n de nuevos valores dominantes en una situaci\u00f3n actual despu\u00e9s de una pandemia, valores para la vida<\/span><span data-contrast=\"auto\">,<\/span><span data-contrast=\"auto\"> pero en colectivo.<\/span><span data-ccp-props=\"{&quot;201341983&quot;:0,&quot;335559731&quot;:708,&quot;335559739&quot;:160,&quot;335559740&quot;:240}\">\u00a0<\/span><\/p>\n<p><span data-contrast=\"auto\">Por su parte, <\/span><span data-contrast=\"auto\">Anell<\/span><span data-contrast=\"auto\"> Utrera <\/span><span data-contrast=\"auto\">dijo que la modalidad de trabajo en el Sistema de Telebachillerato de Veracruz (<\/span><i><span data-contrast=\"auto\">Tebaev<\/span><\/i><span data-contrast=\"auto\">) es a trav\u00e9s del video educativo y la gu\u00eda did\u00e1ctica. Ambos recursos son elaborados en el mismo subsistema, y se atiende a j\u00f3venes entre 14 y 19 a\u00f1os de edad.<\/span><span data-ccp-props=\"{&quot;201341983&quot;:0,&quot;335559731&quot;:708,&quot;335559739&quot;:160,&quot;335559740&quot;:240}\">\u00a0<\/span><\/p>\n<p><span data-contrast=\"auto\">La <\/span><span data-contrast=\"auto\">L<\/span><span data-contrast=\"auto\">icenciada en Administraci\u00f3n de Negocios Internacionales <\/span><span data-contrast=\"auto\">responsable del <\/span><span data-contrast=\"auto\">\u00c1<\/span><span data-contrast=\"auto\">rea T\u00e9cnica<\/span><span data-contrast=\"auto\">, coment\u00f3 que el <\/span><i><span data-contrast=\"auto\">Tebaev<\/span><\/i> <span data-contrast=\"auto\">t<\/span><span data-contrast=\"auto\">iene presencia en 202 municipios<\/span><span data-contrast=\"auto\">, principalmente rurales, <\/span><span data-contrast=\"auto\">donde generalmente se tienen<\/span><span data-contrast=\"auto\"> problemas de infraestructura y cobertura de <\/span><span data-contrast=\"auto\">I<\/span><span data-contrast=\"auto\">nternet, lo que m\u00e1s se demanda en este<\/span><span data-contrast=\"auto\"> periodo.<\/span><span data-ccp-props=\"{&quot;201341983&quot;:0,&quot;335559731&quot;:708,&quot;335559739&quot;:160,&quot;335559740&quot;:240}\">\u00a0<\/span><\/p>\n<p><span data-contrast=\"auto\">Reconoci\u00f3 la <\/span><span data-contrast=\"auto\">implementa<\/span><span data-contrast=\"auto\">ci\u00f3n de<\/span><span data-contrast=\"auto\"> diversas estrategias <\/span><span data-contrast=\"auto\">id\u00f3neas para el momento q<\/span><span data-contrast=\"auto\">ue <\/span><span data-contrast=\"auto\">lo demanda<\/span><span data-contrast=\"auto\">;<\/span><span data-contrast=\"auto\"> sin embargo, en el pa\u00eds no se cuenta con la <\/span><span data-contrast=\"auto\">capacidad tecnol\u00f3gica requerida.<\/span><span data-ccp-props=\"{&quot;201341983&quot;:0,&quot;335559731&quot;:708,&quot;335559739&quot;:160,&quot;335559740&quot;:240}\">\u00a0<\/span><\/p>\n<p><span data-contrast=\"auto\">\u201c<\/span><span data-contrast=\"auto\">Con ello, me refiero a aspectos de cobertura, accesibilidad y capacitaci\u00f3n<\/span><span data-contrast=\"auto\">.<\/span><span data-contrast=\"auto\">\u201d<\/span><\/p>\n<div id=\"attachment_84373\" style=\"width: 732px\" class=\"wp-caption aligncenter\"><a href=\"https:\/\/www.uv.mx\/prensa\/files\/2020\/06\/010620-WEBINARIO-SEA-5-100k.jpg\"><img loading=\"lazy\" decoding=\"async\" aria-describedby=\"caption-attachment-84373\" class=\"size-full wp-image-84373\" src=\"https:\/\/www.uv.mx\/prensa\/files\/2020\/06\/010620-WEBINARIO-SEA-5-100k.jpg\" alt=\"Celia Hern\u00e1ndez Palaceto, maestra del Cetmar\" width=\"722\" height=\"388\" srcset=\"https:\/\/www.uv.mx\/prensa\/files\/2020\/06\/010620-WEBINARIO-SEA-5-100k.jpg 722w, https:\/\/www.uv.mx\/prensa\/files\/2020\/06\/010620-WEBINARIO-SEA-5-100k-300x161.jpg 300w\" sizes=\"auto, (max-width: 722px) 100vw, 722px\" \/><\/a><p id=\"caption-attachment-84373\" class=\"wp-caption-text\">Celia Hern\u00e1ndez Palaceto, maestra del <em>Cetmar<\/em><\/p><\/div>\n<p><span data-contrast=\"auto\">La docente manifest\u00f3 su preocupaci\u00f3n por el tema de <\/span><span data-contrast=\"auto\">inclusi\u00f3n social, pues<\/span><span data-contrast=\"auto\"> el <\/span><i><span data-contrast=\"auto\">Tebaev<\/span><\/i> <span data-contrast=\"auto\">atiende a <\/span><span data-contrast=\"auto\">estudiantes con discapacidad visual y audit<\/span><span data-contrast=\"auto\">iva,<\/span><span data-contrast=\"auto\"> y a<\/span><span data-contrast=\"auto\"> pesar de los grandes avances tecnol\u00f3gicos no se puede lograr un espacio adecuado donde <\/span><span data-contrast=\"auto\">todos <\/span><span data-contrast=\"auto\">converjan<\/span><span data-contrast=\"auto\">.<\/span><span data-ccp-props=\"{&quot;201341983&quot;:0,&quot;335559731&quot;:708,&quot;335559739&quot;:160,&quot;335559740&quot;:240}\">\u00a0<\/span><\/p>\n<p><span data-contrast=\"auto\">\u201c<\/span><span data-contrast=\"auto\">Los maestros tendr\u00edan que destinar un espacio exclusivo para este tipo de alumnos, adem\u00e1s de que no todos tienen cobertura <\/span><span data-contrast=\"auto\">de<\/span> <span data-contrast=\"auto\">I<\/span><span data-contrast=\"auto\">nternet ni los me<\/span><span data-contrast=\"auto\">dios o dispositivos<\/span><span data-contrast=\"auto\">.<\/span><span data-contrast=\"auto\">\u201d<\/span><span data-ccp-props=\"{&quot;201341983&quot;:0,&quot;335559731&quot;:708,&quot;335559739&quot;:160,&quot;335559740&quot;:240}\">\u00a0<\/span><\/p>\n<p><span data-contrast=\"auto\">En su opini\u00f3n, expuso que<\/span><span data-contrast=\"auto\"> los <\/span><span data-contrast=\"auto\">docente<\/span><span data-contrast=\"auto\">s<\/span><span data-contrast=\"auto\"> deben aprovechar este momento <\/span><span data-contrast=\"auto\">para hacer propuestas innovadoras<\/span><span data-contrast=\"auto\">,<\/span><span data-contrast=\"auto\"> sobre todo en el uso de redes sociales con fines educativos.<\/span><span data-ccp-props=\"{&quot;201341983&quot;:0,&quot;335559731&quot;:708,&quot;335559739&quot;:160,&quot;335559740&quot;:240}\">\u00a0<\/span><\/p>\n<p><span data-contrast=\"auto\">Celia Hern\u00e1ndez, <\/span><span data-contrast=\"auto\">quien es <\/span><span data-contrast=\"auto\">doctora en Educaci\u00f3n<\/span><span data-contrast=\"auto\"> y <\/span><span data-contrast=\"auto\">maestra de Did\u00e1ctica en las Ciencias Sociales y Pedagog\u00eda<\/span><span data-contrast=\"auto\">, expres\u00f3 que las <\/span><span data-contrast=\"auto\">tareas habituales dejaron de ser normales por la llegada de la pandemia, <\/span><span data-contrast=\"auto\">y <\/span><span data-contrast=\"auto\">tuvieron que diversificar<\/span><span data-contrast=\"auto\">se<\/span><span data-contrast=\"auto\"> las formas de interacci\u00f3n y comunicaci\u00f3n con los estudiantes a partir de la incorporaci\u00f3n de formatos digitales y electr\u00f3nicos.<\/span><span data-ccp-props=\"{&quot;201341983&quot;:0,&quot;335559731&quot;:708,&quot;335559739&quot;:160,&quot;335559740&quot;:240}\">\u00a0<\/span><\/p>\n<p><span data-contrast=\"auto\">Lo anterior<\/span><span data-contrast=\"auto\"> implic\u00f3 planificar actividades, ajuste de contenidos, modificaci\u00f3n de estrategias de ense\u00f1anza-aprendizaje y recursos.<\/span><span data-ccp-props=\"{&quot;201341983&quot;:0,&quot;335559731&quot;:708,&quot;335559739&quot;:160,&quot;335559740&quot;:240}\">\u00a0<\/span><\/p>\n<p><span data-contrast=\"auto\">Asimismo, mencion\u00f3 las dificultades a las que se han enfrentado, pues varios padres de familia <\/span><span data-contrast=\"auto\">manifiestan no tener I<\/span><span data-contrast=\"auto\">nternet, computadora,<\/span><span data-contrast=\"auto\"> ni<\/span><span data-contrast=\"auto\"> recursos para ponerle saldo al tel\u00e9fono<\/span><span data-contrast=\"auto\">, incluso<\/span><span data-contrast=\"auto\"> en otros casos la familia<\/span><span data-contrast=\"auto\"> vive el contagio por<\/span><span data-contrast=\"auto\"> coronavirus.<\/span><span data-ccp-props=\"{&quot;201341983&quot;:0,&quot;335559731&quot;:708,&quot;335559739&quot;:160,&quot;335559740&quot;:240}\">\u00a0<\/span><\/p>\n<p><span data-contrast=\"auto\">Por tanto, puntualiz\u00f3 que e<\/span><span data-contrast=\"auto\">nse\u00f1ar en la virtualidad implica otra forma de trabajo, <\/span><span data-contrast=\"auto\">\u201c<\/span><span data-contrast=\"auto\">debemos replantear c\u00f3<\/span><span data-contrast=\"auto\">mo promover desde la distancia la construcci\u00f3n de nuevos escenarios pedag\u00f3gicos<\/span><span data-contrast=\"auto\">\u201d<\/span><span data-contrast=\"auto\">.<\/span><\/p>\n","protected":false},"excerpt":{"rendered":"<p>\u201cDe nada valdr\u00e1 un curso o una pl\u00e1tica sobre salud mental, estabilidad emocional a distancia si tenemos un espejo que nos dice que los dem\u00e1s tambi\u00e9n lo necesitan&#8230;\u201d  <\/p>\n","protected":false},"author":1775,"featured_media":84369,"comment_status":"closed","ping_status":"closed","sticky":false,"template":"","format":"standard","meta":{"footnotes":""},"categories":[1],"tags":[],"class_list":["post-84368","post","type-post","status-publish","format-standard","has-post-thumbnail","hentry","category-general"],"_links":{"self":[{"href":"https:\/\/www.uv.mx\/prensa\/wp-json\/wp\/v2\/posts\/84368","targetHints":{"allow":["GET"]}}],"collection":[{"href":"https:\/\/www.uv.mx\/prensa\/wp-json\/wp\/v2\/posts"}],"about":[{"href":"https:\/\/www.uv.mx\/prensa\/wp-json\/wp\/v2\/types\/post"}],"author":[{"embeddable":true,"href":"https:\/\/www.uv.mx\/prensa\/wp-json\/wp\/v2\/users\/1775"}],"replies":[{"embeddable":true,"href":"https:\/\/www.uv.mx\/prensa\/wp-json\/wp\/v2\/comments?post=84368"}],"version-history":[{"count":0,"href":"https:\/\/www.uv.mx\/prensa\/wp-json\/wp\/v2\/posts\/84368\/revisions"}],"wp:featuredmedia":[{"embeddable":true,"href":"https:\/\/www.uv.mx\/prensa\/wp-json\/wp\/v2\/media\/84369"}],"wp:attachment":[{"href":"https:\/\/www.uv.mx\/prensa\/wp-json\/wp\/v2\/media?parent=84368"}],"wp:term":[{"taxonomy":"category","embeddable":true,"href":"https:\/\/www.uv.mx\/prensa\/wp-json\/wp\/v2\/categories?post=84368"},{"taxonomy":"post_tag","embeddable":true,"href":"https:\/\/www.uv.mx\/prensa\/wp-json\/wp\/v2\/tags?post=84368"}],"curies":[{"name":"wp","href":"https:\/\/api.w.org\/{rel}","templated":true}]}}