{"id":84353,"date":"2020-06-02T11:40:24","date_gmt":"2020-06-02T16:40:24","guid":{"rendered":"https:\/\/www.uv.mx\/prensa\/?p=84353"},"modified":"2020-06-04T09:42:37","modified_gmt":"2020-06-04T14:42:37","slug":"arte-y-cultura-encontraran-nuevas-formas-de-expresion-jorge-castillo","status":"publish","type":"post","link":"https:\/\/www.uv.mx\/prensa\/cultura\/arte-y-cultura-encontraran-nuevas-formas-de-expresion-jorge-castillo\/","title":{"rendered":"Arte y cultura encontrar\u00e1n nuevas formas de expresi\u00f3n: Jorge Castillo\u00a0"},"content":{"rendered":"<ul>\n<li data-leveltext=\"\uf0b7\" data-font=\"Symbol\" data-listid=\"1\" data-aria-posinset=\"1\" data-aria-level=\"1\"><i><span data-contrast=\"auto\">\u201cLo complejo es lo atractivo\u201d, expuso el actor de la <\/span><\/i><span data-contrast=\"auto\">Orteuv<\/span><span data-ccp-props=\"{&quot;134233279&quot;:true}\">\u00a0<\/span><\/li>\n<\/ul>\n<p><span data-ccp-props=\"{&quot;335559731&quot;:708}\">\u00a0<\/span><b><i><\/i><\/b><\/p>\n<div id=\"attachment_84354\" style=\"width: 732px\" class=\"wp-caption aligncenter\"><a href=\"https:\/\/www.uv.mx\/prensa\/files\/2020\/06\/010620-Jorge-Castillo.jpg\"><img loading=\"lazy\" decoding=\"async\" aria-describedby=\"caption-attachment-84354\" class=\"size-full wp-image-84354\" src=\"https:\/\/www.uv.mx\/prensa\/files\/2020\/06\/010620-Jorge-Castillo.jpg\" alt=\"\" width=\"722\" height=\"1082\" srcset=\"https:\/\/www.uv.mx\/prensa\/files\/2020\/06\/010620-Jorge-Castillo.jpg 722w, https:\/\/www.uv.mx\/prensa\/files\/2020\/06\/010620-Jorge-Castillo-200x300.jpg 200w, https:\/\/www.uv.mx\/prensa\/files\/2020\/06\/010620-Jorge-Castillo-683x1024.jpg 683w\" sizes=\"auto, (max-width: 722px) 100vw, 722px\" \/><\/a><p id=\"caption-attachment-84354\" class=\"wp-caption-text\">\u201cEsta contingencia nos ha colocado en la posici\u00f3n de inventar una nueva funci\u00f3n\u201d<\/p><\/div>\n<p><span data-ccp-props=\"{}\">\u00a0<\/span><\/p>\n<p><span data-ccp-props=\"{}\">\u00a0<\/span><\/p>\n<p><b><i><span data-contrast=\"auto\">Karina de la Paz Reyes D\u00edaz<\/span><\/i><\/b><span data-ccp-props=\"{}\">\u00a0<\/span><\/p>\n<p><b><i><span data-contrast=\"auto\">0<\/span><\/i><\/b><b><i><span data-contrast=\"auto\">2<\/span><\/i><\/b><b><i><span data-contrast=\"auto\">\/06\/20<\/span><\/i><\/b><b><i><span data-contrast=\"auto\">20<\/span><\/i><\/b><b><i><span data-contrast=\"auto\">, Xalapa, <\/span><\/i><\/b><b><i><span data-contrast=\"auto\">Ver.-<\/span><\/i><\/b> <span data-contrast=\"auto\">En el umbral a un nuevo comportamiento como humanidad<\/span><span data-contrast=\"auto\">, <\/span><span data-contrast=\"auto\">el<\/span><span data-contrast=\"auto\"> arte y la cultura<\/span><span data-contrast=\"auto\"> encontrar\u00e1n nuevas fo<\/span><span data-contrast=\"auto\">rmas de expresi\u00f3n y continuar\u00e1n<\/span> <span data-contrast=\"auto\">porque \u201c<\/span><span data-contrast=\"auto\">va<\/span><span data-contrast=\"auto\">n<\/span><span data-contrast=\"auto\"> de la mano de nuestra existencia\u201d, <\/span><span data-contrast=\"auto\">expuso el actor de la <\/span><a href=\"https:\/\/www.uv.mx\/orteuv\/\" target=\"_blank\" rel=\"noopener noreferrer\"><span data-contrast=\"auto\">Organizaci\u00f3n <\/span><span data-contrast=\"auto\">Teatral<\/span><\/a><span data-contrast=\"auto\"> de la Universidad Veracruzana (<\/span><i><span data-contrast=\"auto\">Orteuv<\/span><\/i><span data-contrast=\"auto\">)<\/span><span data-contrast=\"auto\">,<\/span> <span data-contrast=\"auto\">Jorge Castill<\/span><span data-contrast=\"auto\">o<\/span><span data-contrast=\"auto\">.<\/span><span data-ccp-props=\"{}\">\u00a0<\/span><\/p>\n<p><span data-contrast=\"auto\">En entrevista <\/span><span data-contrast=\"auto\">para<\/span> <i><span data-contrast=\"auto\">Universo<\/span><\/i><span data-contrast=\"auto\">, habl\u00f3<\/span><span data-contrast=\"auto\"> de<\/span><span data-contrast=\"auto\">l<\/span><span data-contrast=\"auto\"> impacto de la pandemia<\/span> <span data-contrast=\"auto\">C<\/span><span data-contrast=\"auto\">ovid-19<\/span><span data-contrast=\"auto\"> en el \u00e1mbito art\u00edstico, en t\u00e9rminos generales, pues muchas de las manifestaciones son presenciales<\/span><span data-contrast=\"auto\">.<\/span><span data-ccp-props=\"{&quot;335559731&quot;:708}\">\u00a0<\/span><\/p>\n<p><span data-contrast=\"auto\">Para \u00e9l, de<\/span> <span data-contrast=\"auto\">alguna manera esta contingencia<\/span><span data-contrast=\"auto\"> les ha<\/span><span data-contrast=\"auto\"> coloca<\/span><span data-contrast=\"auto\">do<\/span><span data-contrast=\"auto\"> en <\/span><span data-contrast=\"auto\">la <\/span><span data-contrast=\"auto\">posici\u00f3n de inventar una nueva funci\u00f3n,<\/span><span data-contrast=\"auto\"> que sea posible transmitirse a trav\u00e9s de dispositivos como un celular, una tableta, la televisi\u00f3n o la computadora.<\/span><span data-ccp-props=\"{&quot;335559731&quot;:708}\">\u00a0<\/span><\/p>\n<p><span data-contrast=\"auto\">Actualmente, <\/span><span data-contrast=\"auto\">las artes deben seguir aunque sin un p\u00fablico f\u00edsicamente presente, con la imaginaci\u00f3n de que los productos <\/span><span data-contrast=\"auto\">culturales <\/span><span data-contrast=\"auto\">lograr\u00e1n <\/span><span data-contrast=\"auto\">sobrepasar <\/span><span data-contrast=\"auto\">lo \u201cfr\u00edo de la transmisi\u00f3n en l\u00ednea<\/span><span data-contrast=\"auto\">,<\/span><span data-contrast=\"auto\"> logre<\/span><span data-contrast=\"auto\">n<\/span><span data-contrast=\"auto\"> tocar la emoci\u00f3n, el alma del espectador y<\/span><span data-contrast=\"auto\">,<\/span><span data-contrast=\"auto\"> sobre todo<\/span><span data-contrast=\"auto\">,<\/span><span data-contrast=\"auto\"> de nuestro espectador universitario\u201d.<\/span><span data-ccp-props=\"{&quot;335559731&quot;:708}\">\u00a0<\/span><\/p>\n<p><span data-contrast=\"auto\">A decir del actor, el sensibilizar a trav\u00e9s de una pantalla es posible y no es una novedad<\/span><span data-contrast=\"auto\">; r<\/span><span data-contrast=\"auto\">ecurri\u00f3 a la telepat\u00eda y cit\u00f3 a Alfon<\/span><span data-contrast=\"auto\">so<\/span><span data-contrast=\"auto\"> Reyes<\/span><span data-contrast=\"auto\">:<\/span> <span data-contrast=\"auto\">\u201cNo lo digo yo, lo dice tambi\u00e9n nuestro gran literato. <\/span><span data-contrast=\"auto\">Cuando t\u00fa recibes una carta de un ser amado, amante, hermano, pap\u00e1,<\/span> <span data-contrast=\"auto\">esa carta tiene un estado de \u00e1nimo, una emoci\u00f3n provoca<\/span><span data-contrast=\"auto\">da por quien la<\/span><span data-contrast=\"auto\"> escribe<\/span><span data-contrast=\"auto\">, cuando llega a tus manos<\/span><span data-contrast=\"auto\">, <\/span><span data-contrast=\"auto\">a tus ojos y la empiezas a leer, <\/span><span data-contrast=\"auto\">a <\/span><span data-contrast=\"auto\">disfrutar, <\/span><span data-contrast=\"auto\">a <\/span><span data-contrast=\"auto\">vivenciar, el acto telep\u00e1tico <\/span><span data-contrast=\"auto\">empieza a funcionar\u201d<\/span><span data-contrast=\"auto\">.<\/span><span data-ccp-props=\"{}\">\u00a0<\/span><\/p>\n<p><span data-contrast=\"auto\">Para el actor<\/span><span data-contrast=\"auto\"> de la <\/span><i><span data-contrast=\"auto\">Orteu<\/span><\/i><span data-contrast=\"auto\">v<\/span><span data-contrast=\"auto\">, la emoci\u00f3n con la que fue escrita <\/span><span data-contrast=\"auto\">la misiva <\/span><span data-contrast=\"auto\">es posible <\/span><span data-contrast=\"auto\">recibirla, a trav\u00e9s de la expresi\u00f3n, en ese caso, <\/span><span data-contrast=\"auto\">escrita<\/span><span data-contrast=\"auto\">; de la misma manera<\/span><span data-contrast=\"auto\">,<\/span><span data-contrast=\"auto\"> debe suceder ahora con las bellas artes<\/span><span data-contrast=\"auto\">,<\/span> <span data-contrast=\"auto\">que se aprecia<\/span><span data-contrast=\"auto\">n<\/span><span data-contrast=\"auto\"> a trav\u00e9s de las redes sociales y un s<\/span><span data-contrast=\"auto\">inf\u00edn de plataformas virtuales.<\/span><span data-ccp-props=\"{}\">\u00a0<\/span><\/p>\n<p><span data-contrast=\"auto\">En su opini\u00f3n, ser\u00e1 un elemento, \u201cuna habilidad humana, de la mente, del coraz\u00f3n y del alma\u201d que se debe incentivar<\/span><span data-contrast=\"auto\">, ahora a trav\u00e9s de los dispositivos que permi<\/span><span data-contrast=\"auto\">ten la comunicaci\u00f3n v\u00eda remota.<\/span><span data-ccp-props=\"{}\">\u00a0<\/span><\/p>\n<p><span data-contrast=\"auto\">Por otro lado, se le pregunt\u00f3 si ahora que <\/span><span data-contrast=\"auto\">es posible acceder a la <\/span><span data-contrast=\"auto\">oferta cultural principalmente <\/span><span data-contrast=\"auto\">por Internet<\/span><span data-contrast=\"auto\">, las manifestaciones<\/span><span data-contrast=\"auto\"> art\u00edsticas y <\/span><span data-contrast=\"auto\">culturales se <\/span><span data-contrast=\"auto\">alejan m\u00e1s de los que menos tienen<\/span><span data-contrast=\"auto\">, y respondi\u00f3 que<\/span> <span data-contrast=\"auto\">desgraciadamente<\/span> <span data-contrast=\"auto\">s\u00ed<\/span><span data-contrast=\"auto\">.<\/span><span data-ccp-props=\"{}\">\u00a0<\/span><\/p>\n<p><span data-contrast=\"auto\">\u201cEl arte y la cultura siempre <\/span><span data-contrast=\"auto\">han estado alejados del grueso del pueblo, porque siempre hay que pagar, ir de corbata y elegante<\/span><span data-contrast=\"auto\"> a una exposici\u00f3n o un concierto, entonces mucha gente no va. Por eso hay instituciones, como la misma Universidad o el Instituto Veracruzano de Cultura, que lleva<\/span><span data-contrast=\"auto\">n<\/span><span data-contrast=\"auto\"> obra y arte a la calle, lo acerca<\/span><span data-contrast=\"auto\">n<\/span><span data-contrast=\"auto\"> a la gente, a las colonias<\/span><span data-contrast=\"auto\">\u201d, a\u00f1adi\u00f3.<\/span><span data-ccp-props=\"{}\">\u00a0<\/span><\/p>\n<p><span data-contrast=\"auto\">En M\u00e9xico y otros pa\u00edses, el arte sigue <\/span><span data-contrast=\"auto\">consider\u00e1ndose elitista, por ello <\/span><span data-contrast=\"auto\">autoridades competentes deben continuar y reforzar propuestas como el cine al aire libre<\/span><span data-contrast=\"auto\">.<\/span><span data-ccp-props=\"{}\">\u00a0<\/span><\/p>\n<p><span data-contrast=\"auto\">Es<\/span><span data-contrast=\"auto\"> necesario<\/span><span data-contrast=\"auto\">, dijo,<\/span><span data-contrast=\"auto\"> volver a los inicios de las artes,<\/span><span data-contrast=\"auto\"> la cultura, la humanidad, donde todo era callejero, y uno de sus <\/span><span data-contrast=\"auto\">ejemplos <\/span><span data-contrast=\"auto\">fueron los juglares<\/span><span data-contrast=\"auto\">, artistas ambulantes de la Edad Media,<\/span><span data-contrast=\"auto\"> quienes a cambio de dinero o comida ofrec\u00edan espect\u00e1culos en las plazas p\u00fablicas.<\/span><span data-ccp-props=\"{}\">\u00a0<\/span><\/p>\n<p><span data-contrast=\"auto\">Pero la actual pandemia se\u00f1al<\/span><span data-contrast=\"auto\">\u00f3<\/span><span data-contrast=\"auto\"> precisamente que las concentraciones masivas, al menos por una buena temporada, deben evitarse<\/span><span data-contrast=\"auto\">.<\/span> <span data-contrast=\"auto\">Ante tal planteamiento, <\/span><span data-contrast=\"auto\">J<\/span><span data-contrast=\"auto\">orge<\/span><span data-contrast=\"auto\"> Castillo precis\u00f3: <\/span><span data-contrast=\"auto\">\u201c<\/span><span data-contrast=\"auto\">L<\/span><span data-contrast=\"auto\">o com<\/span><span data-contrast=\"auto\">plejo es lo atractivo, porque<\/span><span data-contrast=\"auto\"> en<\/span><span data-contrast=\"auto\"> cualquiera de las ramas art\u00edsticas<\/span><span data-contrast=\"auto\">, quienes las ejecutan tienen todo un ofici<\/span><span data-contrast=\"auto\">o\u201d.<\/span><span data-ccp-props=\"{}\">\u00a0<\/span><\/p>\n<p><span data-contrast=\"auto\">Coment\u00f3 que precisamente <\/span><span data-contrast=\"auto\">la pandemia coloca a la comunidad art\u00edstica en <\/span><span data-contrast=\"auto\">un <\/span><span data-contrast=\"auto\">nuevo camino<\/span><span data-contrast=\"auto\">,<\/span><span data-contrast=\"auto\"> donde se debe empezar a trabajar e idear cu\u00e1les ser\u00e1n los nuevos veh\u00edculos para transmitir<\/span><span data-contrast=\"auto\"> arte y cultura.<\/span><span data-ccp-props=\"{}\">\u00a0<\/span><\/p>\n<p><span data-contrast=\"auto\">\u201cEs el umbral a un nuevo comportamiento, donde todo el oficio<\/span><span data-contrast=\"auto\"> que <\/span><span data-contrast=\"auto\">tenemos servir\u00e1<\/span><span data-contrast=\"auto\">, <\/span><span data-contrast=\"auto\">sustentar\u00e1<\/span><span data-contrast=\"auto\"> y ayudar\u00e1 a crear nuevas formas.\u201d<\/span><span data-ccp-props=\"{}\">\u00a0<\/span><\/p>\n<p><span data-contrast=\"auto\">Ahora que el pa\u00eds depende <\/span><span data-contrast=\"auto\">de <\/span><span data-contrast=\"auto\">un sem\u00e1foro para reactivar determinadas actividades<\/span><span data-contrast=\"auto\">, considerando el <\/span><span data-contrast=\"auto\">grado <\/span><span data-contrast=\"auto\">de importancia<\/span><span data-contrast=\"auto\"> que representan para la sociedad, <\/span><span data-contrast=\"auto\">las bellas<\/span><span data-contrast=\"auto\"> artes<\/span><span data-contrast=\"auto\"> y la cultura, en su momento, deben continuar<\/span><span data-contrast=\"auto\">, <\/span><span data-contrast=\"auto\">expuso<\/span><span data-contrast=\"auto\">.\u00a0<\/span><span data-ccp-props=\"{}\">\u00a0<\/span><\/p>\n<p><span data-contrast=\"auto\">\u201cLa cultura y la manifestaci\u00f3n art\u00edstica siempre han existido, desde que el hombre<\/span> <span data-contrast=\"auto\">existe <\/span><span data-contrast=\"auto\">\u2013<\/span><span data-contrast=\"auto\">acu\u00e9rdense de las pinturas rupestres en las cuevas<\/span><span data-contrast=\"auto\">\u2013<\/span><span data-contrast=\"auto\">. Siempre han estado presentes, en todas las \u00e9pocas de la vida humana<\/span><span data-contrast=\"auto\">,<\/span> <span data-contrast=\"auto\">y tiene<\/span><span data-contrast=\"auto\">n <\/span><span data-contrast=\"auto\">que continuar. Y siempre, en ca<\/span><span data-contrast=\"auto\">da<\/span><span data-contrast=\"auto\"> \u00e9poca<\/span><span data-contrast=\"auto\">,<\/span><span data-contrast=\"auto\"> ha encontrado diferentes formas de expresi\u00f3n<\/span><span data-contrast=\"auto\"> y se han inventado nueva<\/span><span data-contrast=\"auto\">s<\/span><span data-contrast=\"auto\">, <\/span><span data-contrast=\"auto\">as\u00ed como <\/span><span data-contrast=\"auto\">estilos.\u201d<\/span><span data-ccp-props=\"{}\">\u00a0<\/span><\/p>\n<p><span data-contrast=\"auto\">Para \u00e9l<\/span><span data-contrast=\"auto\">, la cultura y el arte son las manifestaciones m\u00e1s hermosas del ser humano, a trav\u00e9s de las cuales es posible expresar la realidad que nos rodea<\/span><span data-contrast=\"auto\"> y cit\u00f3 <\/span><span data-contrast=\"auto\">en<\/span><span data-contrast=\"auto\"> particular el teatro, <\/span><span data-contrast=\"auto\">primeramente<\/span><span data-contrast=\"auto\"> a<\/span> <span data-contrast=\"auto\">los dramaturgos, <\/span><span data-contrast=\"auto\">que <\/span><span data-contrast=\"auto\">siempre <\/span><span data-contrast=\"auto\">retrata<\/span><span data-contrast=\"auto\">n <\/span><span data-contrast=\"auto\">el reflejo del ser humano<\/span><span data-contrast=\"auto\">.\u00a0<\/span><span data-ccp-props=\"{}\">\u00a0<\/span><\/p>\n<p><span data-contrast=\"auto\">\u201cEl arte teatral es una actividad important\u00edsima, vital para nosotros mismo<\/span><span data-contrast=\"auto\">s<\/span><span data-contrast=\"auto\">, para aprendernos, para encontrar nuestro centro, nuestra profundidad, nuestro ser interior<\/span><span data-contrast=\"auto\">. Los ojos del dramaturgo, <\/span><span data-contrast=\"auto\">del <\/span><span data-contrast=\"auto\">director<\/span><span data-contrast=\"auto\">,<\/span> <span data-contrast=\"auto\">de los actores y quien produce el teatro son los ojos del pueblo.\u201d<\/span><\/p>\n","protected":false},"excerpt":{"rendered":"<p>La pandemia \u201ces el umbral a un nuevo comportamiento, donde todo el oficio que tenemos servir\u00e1, sustentar\u00e1 y ayudar\u00e1 a crear nuevas formas\u201d, expres\u00f3 el actor de la Organizaci\u00f3n Teatral de la Universidad Veracruzana\u00a0<\/p>\n","protected":false},"author":1869,"featured_media":84355,"comment_status":"closed","ping_status":"closed","sticky":false,"template":"","format":"standard","meta":{"footnotes":""},"categories":[11,61],"tags":[],"class_list":["post-84353","post","type-post","status-publish","format-standard","has-post-thumbnail","hentry","category-cultura","category-banner"],"_links":{"self":[{"href":"https:\/\/www.uv.mx\/prensa\/wp-json\/wp\/v2\/posts\/84353","targetHints":{"allow":["GET"]}}],"collection":[{"href":"https:\/\/www.uv.mx\/prensa\/wp-json\/wp\/v2\/posts"}],"about":[{"href":"https:\/\/www.uv.mx\/prensa\/wp-json\/wp\/v2\/types\/post"}],"author":[{"embeddable":true,"href":"https:\/\/www.uv.mx\/prensa\/wp-json\/wp\/v2\/users\/1869"}],"replies":[{"embeddable":true,"href":"https:\/\/www.uv.mx\/prensa\/wp-json\/wp\/v2\/comments?post=84353"}],"version-history":[{"count":0,"href":"https:\/\/www.uv.mx\/prensa\/wp-json\/wp\/v2\/posts\/84353\/revisions"}],"wp:featuredmedia":[{"embeddable":true,"href":"https:\/\/www.uv.mx\/prensa\/wp-json\/wp\/v2\/media\/84355"}],"wp:attachment":[{"href":"https:\/\/www.uv.mx\/prensa\/wp-json\/wp\/v2\/media?parent=84353"}],"wp:term":[{"taxonomy":"category","embeddable":true,"href":"https:\/\/www.uv.mx\/prensa\/wp-json\/wp\/v2\/categories?post=84353"},{"taxonomy":"post_tag","embeddable":true,"href":"https:\/\/www.uv.mx\/prensa\/wp-json\/wp\/v2\/tags?post=84353"}],"curies":[{"name":"wp","href":"https:\/\/api.w.org\/{rel}","templated":true}]}}