{"id":84274,"date":"2020-05-30T08:00:57","date_gmt":"2020-05-30T13:00:57","guid":{"rendered":"https:\/\/www.uv.mx\/prensa\/?p=84274"},"modified":"2020-06-01T17:08:56","modified_gmt":"2020-06-01T22:08:56","slug":"uv-realizara-4o-coloquio-mexicano-de-historia-de-la-construccion","status":"publish","type":"post","link":"https:\/\/www.uv.mx\/prensa\/eventos\/uv-realizara-4o-coloquio-mexicano-de-historia-de-la-construccion\/","title":{"rendered":"UV realizar\u00e1 4\u00ba Coloquio Mexicano de Historia de la Construcci\u00f3n\u00a0"},"content":{"rendered":"<ul>\n<li data-leveltext=\"\uf0b7\" data-font=\"Symbol\" data-listid=\"5\" data-aria-posinset=\"1\" data-aria-level=\"1\"><i><span data-contrast=\"auto\">El <\/span><\/i><i><span data-contrast=\"auto\">c<\/span><\/i><i><span data-contrast=\"auto\">uerpo <\/span><\/i><i><span data-contrast=\"auto\">a<\/span><\/i><i><span data-contrast=\"auto\">cad\u00e9mico Entornos Sustentables<\/span><\/i><i><span data-contrast=\"auto\">,<\/span><\/i><i><span data-contrast=\"auto\"> de la Facultad de Arquitectura<\/span><\/i><i><span data-contrast=\"auto\">,<\/span><\/i><i><span data-contrast=\"auto\"> es el organizador de este evento que ocurrir\u00e1 de forma virtual <\/span><\/i><i><span data-contrast=\"auto\">del <\/span><\/i><i><span data-contrast=\"auto\">18 al 20 de noviembre\u00a0<\/span><\/i><span data-ccp-props=\"{}\">\u00a0<\/span><\/li>\n<li data-leveltext=\"\uf0b7\" data-font=\"Symbol\" data-listid=\"5\" data-aria-posinset=\"2\" data-aria-level=\"1\"><i><span data-contrast=\"auto\">Se expondr\u00e1n <\/span><\/i><i><span data-contrast=\"auto\">trabajos dirigidos a ampliar el conocimiento sobre edificaciones susceptibles de ser protegidas como patrimonio construido en M\u00e9xico<\/span><\/i><span data-ccp-props=\"{}\">\u00a0<\/span><\/li>\n<\/ul>\n<p><span data-ccp-props=\"{}\">\u00a0<\/span><i><\/i><\/p>\n<div id=\"attachment_84275\" style=\"width: 321px\" class=\"wp-caption aligncenter\"><a href=\"https:\/\/www.uv.mx\/prensa\/files\/2020\/05\/280520-Coloquio-Historia-de-la-Construccion-1.jpg\"><img loading=\"lazy\" decoding=\"async\" aria-describedby=\"caption-attachment-84275\" class=\"wp-image-84275 size-full\" src=\"https:\/\/www.uv.mx\/prensa\/files\/2020\/05\/280520-Coloquio-Historia-de-la-Construccion-1-e1591049327363.jpg\" alt=\"\" width=\"311\" height=\"481\" \/><\/a><p id=\"caption-attachment-84275\" class=\"wp-caption-text\">Dentro del coloquio se abordar\u00e1n diversos temas como puentes, faros y acueductos<\/p><\/div>\n<p><span data-ccp-props=\"{}\">\u00a0<\/span><\/p>\n<p><span data-ccp-props=\"{}\">\u00a0<\/span><\/p>\n<p><b><i><span data-contrast=\"auto\">Carlos Hugo Hermida Rosales<\/span><\/i><\/b><span data-ccp-props=\"{}\">\u00a0<\/span><\/p>\n<p><b><i><span data-contrast=\"auto\">30<\/span><\/i><\/b><b><i><span data-contrast=\"auto\">\/05\/<\/span><\/i><\/b><b><i><span data-contrast=\"auto\">2020<\/span><\/i><\/b><b><i><span data-contrast=\"auto\">,<\/span><\/i><\/b> <b><i><span data-contrast=\"auto\">Xalapa, <\/span><\/i><\/b><b><i><span data-contrast=\"auto\">Ver.<\/span><\/i><\/b><b><i><span data-contrast=\"auto\">&#8211;<\/span><\/i><\/b> <span data-contrast=\"auto\">La <a href=\"https:\/\/www.uv.mx\/arquitectura\/\" target=\"_blank\" rel=\"noopener noreferrer\">Facultad de Ar<\/a><\/span><span data-contrast=\"auto\">quitectura de la Universidad Veracruzana (<\/span><span data-contrast=\"auto\">FA<\/span><span data-contrast=\"auto\">UV), a trav\u00e9s del c<\/span><span data-contrast=\"auto\">uerpo <\/span><span data-contrast=\"auto\">a<\/span><span data-contrast=\"auto\">cad\u00e9mico <\/span><span data-contrast=\"auto\">(CA) <\/span><span data-contrast=\"auto\">Entornos Sustentables, realizar\u00e1 <\/span><span data-contrast=\"auto\">de manera virtual <\/span><span data-contrast=\"auto\">del 18 al 20 de noviembre el <\/span><span data-contrast=\"auto\">4\u00ba Coloquio Mexicano de Historia de la Construcci\u00f3n <\/span><span data-contrast=\"auto\">\u201c<\/span><span data-contrast=\"auto\">Materiales, sistemas constructivos y mano de obra<\/span><span data-contrast=\"auto\">\u201d<\/span><span data-contrast=\"auto\">.<\/span><span data-ccp-props=\"{}\">\u00a0<\/span><\/p>\n<p><span data-contrast=\"auto\">Este evento ser\u00e1 organizado en conjunto con el Seminario de Historia de la Construcci\u00f3n de la Coordinaci\u00f3n Nacional de Monumentos Hist\u00f3ricos del Instituto Nacional de Antropolog\u00eda e Historia, y el Acervo Hist\u00f3rico del Palacio de Miner\u00eda de la Universidad Nacional Aut\u00f3noma de M\u00e9xico.<\/span><span data-ccp-props=\"{&quot;335559731&quot;:708}\">\u00a0<\/span><\/p>\n<p><span data-contrast=\"auto\">Gladys Mart\u00ednez Aguilar<\/span><span data-contrast=\"auto\">, <\/span><span data-contrast=\"auto\">catedr\u00e1tica de la <\/span><span data-contrast=\"auto\">FAUV<\/span><span data-contrast=\"auto\">, <\/span><span data-contrast=\"auto\">mencion\u00f3 que este coloquio reunir\u00e1 a diversos investigadores cuyo trabajo est\u00e1 enfocado<\/span> <span data-contrast=\"auto\">en materiales y t\u00e9cnicas aplicadas a la <\/span><span data-contrast=\"auto\">a<\/span><span data-contrast=\"auto\">rquitectura.<\/span><span data-ccp-props=\"{&quot;335559731&quot;:708}\">\u00a0<\/span><\/p>\n<p><span data-contrast=\"auto\">Comparti\u00f3 que e<\/span><span data-contrast=\"auto\">ntre los temas de lo<\/span><span data-contrast=\"auto\">s que se hablar\u00e1 en el evento se encuentran<\/span><span data-contrast=\"auto\">:<\/span><span data-contrast=\"auto\"> Materiales y <\/span><span data-contrast=\"auto\">p<\/span><span data-contrast=\"auto\">rocesos de <\/span><span data-contrast=\"auto\">c<\/span><span data-contrast=\"auto\">onstrucci\u00f3n<\/span><span data-contrast=\"auto\">;<\/span><span data-contrast=\"auto\"> Armaduras de cubierta<\/span><span data-contrast=\"auto\">;<\/span><span data-contrast=\"auto\"> Puentes y faros<\/span><span data-contrast=\"auto\">;<\/span><span data-contrast=\"auto\"> Acueductos y obras hidr\u00e1ulicas<\/span><span data-contrast=\"auto\">;<\/span><span data-contrast=\"auto\"> Construcci\u00f3n del siglo XVI al XX<\/span><span data-contrast=\"auto\">; An\u00e1lisis y t<\/span><span data-contrast=\"auto\">eor\u00eda <\/span><span data-contrast=\"auto\">e<\/span><span data-contrast=\"auto\">structural<\/span><span data-contrast=\"auto\">;<\/span><span data-contrast=\"auto\"> y<\/span><span data-contrast=\"auto\"> Transferencia de conocimientos, <\/span><span data-contrast=\"auto\">entre otros.\u00a0<\/span><span data-ccp-props=\"{&quot;335559731&quot;:708}\">\u00a0<\/span><\/p>\n<p><span data-contrast=\"auto\">\u201c<\/span><span data-contrast=\"auto\">La tem\u00e1tica abarca<\/span><span data-contrast=\"auto\"> un marco temporal que <\/span><span data-contrast=\"auto\">va<\/span><span data-contrast=\"auto\"> desde la \u00e9poca prehisp\u00e1nica has<\/span><span data-contrast=\"auto\">ta<\/span><span data-contrast=\"auto\"> el siglo XX\u201d, puntualiz\u00f3.<\/span><span data-ccp-props=\"{&quot;335559731&quot;:708}\">\u00a0<\/span><\/p>\n<p><span data-contrast=\"auto\">La docente <\/span><span data-contrast=\"auto\">relat<\/span><span data-contrast=\"auto\">\u00f3 <\/span><span data-contrast=\"auto\">que<\/span><span data-contrast=\"auto\"> este coloquio <\/span><span data-contrast=\"auto\">continuar\u00e1 con <\/span><span data-contrast=\"auto\">el <\/span><span data-contrast=\"auto\">intercambio acad\u00e9mico iniciado en el Palacio de Miner\u00eda en 2014<\/span><span data-contrast=\"auto\">,<\/span><span data-contrast=\"auto\"> en la primera edici\u00f3n del <\/span><span data-contrast=\"auto\">evento<\/span><span data-contrast=\"auto\">, en la que se expusieron trabajos dirigidos a ampliar el conocimiento sobre edificaciones ya consideradas o susceptibles de ser protegidas como patrimonio construido en M\u00e9xico.<\/span><span data-ccp-props=\"{&quot;335559731&quot;:708}\">\u00a0<\/span><\/p>\n<p><span data-contrast=\"auto\">Afirm\u00f3 que a nivel internacional en el campo tanto americano como europeo existe un creciente inter\u00e9s sobre la historia de la construcci\u00f3n, por lo que dentro del coloquio se le dar\u00e1 continuidad y se ampliar\u00e1<\/span> <span data-contrast=\"auto\">esta \u00e1rea del conocimiento.<\/span><span data-ccp-props=\"{&quot;335559731&quot;:708}\">\u00a0<\/span><\/p>\n<p><span data-contrast=\"auto\">Coment\u00f3 que aunque el evento estaba dise\u00f1ado para llevarse a cabo de manera presencial, debido a los cambios originados por la pandemia de Covid-19<\/span> <span data-contrast=\"auto\">se realizar\u00e1 a distancia, para lo que se utilizar\u00e1n las herramientas necesarias que permitan a investigadores, acad\u00e9micos, estudiantes y p\u00fablico en general <\/span><span data-contrast=\"auto\">interesados en los tema<\/span><span data-contrast=\"auto\">s que se manejar\u00e1n<\/span><span data-contrast=\"auto\">,<\/span> <span data-contrast=\"auto\">interactuar de manera virtual.\u00a0<\/span><span data-ccp-props=\"{&quot;335559731&quot;:708}\">\u00a0<\/span><\/p>\n<p><span data-contrast=\"auto\">L<\/span><span data-contrast=\"auto\">a<\/span><span data-contrast=\"auto\"> informaci\u00f3n completa sobre el <\/span><span data-contrast=\"auto\">4\u00ba Coloquio Mexicano de Historia de la Construcci\u00f3n <\/span><span data-contrast=\"auto\">\u201c<\/span><span data-contrast=\"auto\">Materiales, sistemas constructivos y mano de obra<\/span><span data-contrast=\"auto\">\u201d<\/span><span data-contrast=\"auto\">, <\/span><span data-contrast=\"auto\">se <\/span><span data-contrast=\"auto\">encuentra<\/span><span data-contrast=\"auto\"> disponible en la <\/span><span data-contrast=\"auto\">p\u00e1gina<\/span> <i><span data-contrast=\"auto\">web<\/span><\/i><span data-contrast=\"auto\"> de la <\/span><a href=\"https:\/\/www.uv.mx\/arquitectura\/eventos-culturales\/coloquio-historia-const\/\"><span data-contrast=\"none\">FA<\/span><span data-contrast=\"none\">U<\/span><span data-contrast=\"none\">V<\/span><\/a><span data-contrast=\"auto\">.<\/span><span data-ccp-props=\"{&quot;335559731&quot;:708}\">\u00a0<\/span><\/p>\n<p><span data-ccp-props=\"{}\">\u00a0<\/span><\/p>\n<div id=\"attachment_26474\" style=\"width: 732px\" class=\"wp-caption aligncenter\"><a href=\"https:\/\/www.uv.mx\/prensa\/files\/2017\/05\/090517.-Conservacio\u0301n-monumentos-ok.jpg\"><img loading=\"lazy\" decoding=\"async\" aria-describedby=\"caption-attachment-26474\" class=\"wp-image-26474 size-full\" src=\"https:\/\/www.uv.mx\/prensa\/files\/2017\/05\/090517.-Conservacio\u0301n-monumentos-ok.jpg\" alt=\"\" width=\"722\" height=\"482\" srcset=\"https:\/\/www.uv.mx\/prensa\/files\/2017\/05\/090517.-Conservacio\u0301n-monumentos-ok.jpg 722w, https:\/\/www.uv.mx\/prensa\/files\/2017\/05\/090517.-Conservacio\u0301n-monumentos-ok-300x200.jpg 300w\" sizes=\"auto, (max-width: 722px) 100vw, 722px\" \/><\/a><p id=\"caption-attachment-26474\" class=\"wp-caption-text\">Gladys Mart\u00ednez Aguilar<\/p><\/div>\n","protected":false},"excerpt":{"rendered":"<p>Se efectuar\u00e1 de forma virtual, del 18 al 20 de noviembre, con el tema \u201cMateriales, sistemas constructivos y mano de obra\u201d\u00a0<\/p>\n","protected":false},"author":1869,"featured_media":84277,"comment_status":"closed","ping_status":"closed","sticky":false,"template":"","format":"standard","meta":{"footnotes":""},"categories":[47],"tags":[],"class_list":["post-84274","post","type-post","status-publish","format-standard","has-post-thumbnail","hentry","category-eventos"],"_links":{"self":[{"href":"https:\/\/www.uv.mx\/prensa\/wp-json\/wp\/v2\/posts\/84274","targetHints":{"allow":["GET"]}}],"collection":[{"href":"https:\/\/www.uv.mx\/prensa\/wp-json\/wp\/v2\/posts"}],"about":[{"href":"https:\/\/www.uv.mx\/prensa\/wp-json\/wp\/v2\/types\/post"}],"author":[{"embeddable":true,"href":"https:\/\/www.uv.mx\/prensa\/wp-json\/wp\/v2\/users\/1869"}],"replies":[{"embeddable":true,"href":"https:\/\/www.uv.mx\/prensa\/wp-json\/wp\/v2\/comments?post=84274"}],"version-history":[{"count":0,"href":"https:\/\/www.uv.mx\/prensa\/wp-json\/wp\/v2\/posts\/84274\/revisions"}],"wp:featuredmedia":[{"embeddable":true,"href":"https:\/\/www.uv.mx\/prensa\/wp-json\/wp\/v2\/media\/84277"}],"wp:attachment":[{"href":"https:\/\/www.uv.mx\/prensa\/wp-json\/wp\/v2\/media?parent=84274"}],"wp:term":[{"taxonomy":"category","embeddable":true,"href":"https:\/\/www.uv.mx\/prensa\/wp-json\/wp\/v2\/categories?post=84274"},{"taxonomy":"post_tag","embeddable":true,"href":"https:\/\/www.uv.mx\/prensa\/wp-json\/wp\/v2\/tags?post=84274"}],"curies":[{"name":"wp","href":"https:\/\/api.w.org\/{rel}","templated":true}]}}