{"id":84189,"date":"2020-05-28T14:59:38","date_gmt":"2020-05-28T19:59:38","guid":{"rendered":"https:\/\/www.uv.mx\/prensa\/?p=84189"},"modified":"2020-06-01T13:39:26","modified_gmt":"2020-06-01T18:39:26","slug":"arqueologia-debe-dialogar-con-otras-disciplinas-sociales-y-cientificas","status":"publish","type":"post","link":"https:\/\/www.uv.mx\/prensa\/banner\/arqueologia-debe-dialogar-con-otras-disciplinas-sociales-y-cientificas\/","title":{"rendered":"Arqueolog\u00eda debe dialogar con otras disciplinas sociales y cient\u00edficas\u00a0"},"content":{"rendered":"<ul>\n<li data-leveltext=\"\uf0b7\" data-font=\"Symbol\" data-listid=\"1\" data-aria-posinset=\"1\" data-aria-level=\"1\"><i><span data-contrast=\"auto\">\u201cL<\/span><\/i><i><span data-contrast=\"auto\">os arque\u00f3logos tendremos que ser m\u00e1s activos para ayudar a desarrollar estrategias para conservar, estudiar, difundir y resguardar el patrimonio<\/span><\/i><i><span data-contrast=\"auto\">\u201d: <\/span><\/i><i><span data-contrast=\"auto\">Annick<\/span><\/i> <i><span data-contrast=\"auto\">Daneels<\/span><\/i><span data-ccp-props=\"{&quot;134233279&quot;:true}\">\u00a0<\/span><\/li>\n<li data-leveltext=\"\uf0b7\" data-font=\"Symbol\" data-listid=\"1\" data-aria-posinset=\"2\" data-aria-level=\"1\"><i><span data-contrast=\"auto\">El arque\u00f3logo Leonardo L\u00f3pez expres\u00f3 que ve un futuro alentador para la arqueolog\u00eda<\/span><\/i><span data-ccp-props=\"{&quot;134233279&quot;:true}\">\u00a0<\/span><\/li>\n<li data-leveltext=\"\uf0b7\" data-font=\"Symbol\" data-listid=\"1\" data-aria-posinset=\"3\" data-aria-level=\"1\"><i><span data-contrast=\"auto\">Christopher A. Pool <\/span><\/i><i><span data-contrast=\"auto\">dijo que <\/span><\/i><i><span data-contrast=\"auto\">en el corto y mediano plazo<\/span><\/i><i><span data-contrast=\"auto\">, la arqueolog\u00eda <\/span><\/i><i><span data-contrast=\"auto\">tendr\u00e1 cambios en la manera de trabajar<\/span><\/i><span data-ccp-props=\"{&quot;134233279&quot;:true}\">\u00a0<\/span><\/li>\n<\/ul>\n<p><span data-ccp-props=\"{&quot;335559731&quot;:709}\">\u00a0<\/span><\/p>\n<div id=\"attachment_84190\" style=\"width: 732px\" class=\"wp-caption aligncenter\"><a href=\"https:\/\/www.uv.mx\/prensa\/files\/2020\/05\/270520-PAOLA-Charla-arqueologia-1.jpg\"><img loading=\"lazy\" decoding=\"async\" aria-describedby=\"caption-attachment-84190\" class=\"size-full wp-image-84190\" src=\"https:\/\/www.uv.mx\/prensa\/files\/2020\/05\/270520-PAOLA-Charla-arqueologia-1.jpg\" alt=\"\" width=\"722\" height=\"406\" srcset=\"https:\/\/www.uv.mx\/prensa\/files\/2020\/05\/270520-PAOLA-Charla-arqueologia-1.jpg 722w, https:\/\/www.uv.mx\/prensa\/files\/2020\/05\/270520-PAOLA-Charla-arqueologia-1-300x169.jpg 300w\" sizes=\"auto, (max-width: 722px) 100vw, 722px\" \/><\/a><p id=\"caption-attachment-84190\" class=\"wp-caption-text\">La UV llev\u00f3 a cabo la primera charla virtual del Webinario Internacional de Arqueolog\u00eda<\/p><\/div>\n<p><span data-ccp-props=\"{&quot;335559731&quot;:709}\">\u00a0<\/span><\/p>\n<p><b><i><span data-contrast=\"auto\">Paola Cort\u00e9s P\u00e9rez<\/span><\/i><\/b><span data-ccp-props=\"{&quot;335559731&quot;:709}\">\u00a0<\/span><\/p>\n<p><b><i><span data-contrast=\"auto\">28<\/span><\/i><\/b><b><i><span data-contrast=\"auto\">\/05\/2020, Xalapa, Ver.-<\/span><\/i><\/b> <span data-contrast=\"auto\">El futuro de la arqueolog\u00eda est\u00e1<\/span><span data-contrast=\"auto\"> en el di\u00e1logo y relaci\u00f3n que tenga con el resto de las disciplina<\/span><span data-contrast=\"auto\">s<\/span><span data-contrast=\"auto\"> sociales, humanas, cient\u00edficas y tecnol\u00f3gicas, expres\u00f3 la rectora de la <a href=\"https:\/\/www.uv.mx\/\" target=\"_blank\" rel=\"noopener noreferrer\">Universidad Veracruzana<\/a> (UV), Sara Ladr\u00f3n de Guevara, al participar en el <\/span><span data-contrast=\"auto\">Webinario Internacional de Arqueolog\u00eda (WIA)<\/span><span data-contrast=\"auto\">, realizado a trav\u00e9s de la plataforma <\/span><i><span data-contrast=\"auto\">Zoom<\/span><\/i><span data-contrast=\"auto\"> la tarde del mi\u00e9rcoles 27 de mayo.<\/span><span data-ccp-props=\"{&quot;335559731&quot;:709}\">\u00a0<\/span><\/p>\n<p><span data-contrast=\"auto\">El evento organizado por el cuerpo acad\u00e9mico (CA) Arqueolog\u00eda de Paisaje y Cosmovisi\u00f3n de esta casa de estudios, tambi\u00e9n cont\u00f3 con la presencia de <\/span><span data-contrast=\"auto\">Leonardo <\/span><span data-contrast=\"auto\">L\u00f3pez<\/span> <span data-contrast=\"auto\">Luj\u00e1n<\/span><span data-contrast=\"auto\">, de El Colegio de Nacional; <\/span><span data-contrast=\"auto\">Annick<\/span> <span data-contrast=\"auto\">Daneels<\/span><span data-contrast=\"auto\">, de la Universidad Nacional <\/span><span data-contrast=\"auto\">Aut\u00f3noma<\/span><span data-contrast=\"auto\"> de <\/span><span data-contrast=\"auto\">M\u00e9xico<\/span><span data-contrast=\"auto\"> (UNAM)<\/span><span data-contrast=\"auto\">; Christopher A. Pool, de la Universidad de Kentucky, Estados Unidos, y <\/span><span data-contrast=\"auto\">como moderadora, <\/span><span data-contrast=\"auto\">Lourdes Budar Jim\u00e9nez, directora de la Universidad Veracruzana Intercultural (UVI) y organizadora de<\/span><span data-contrast=\"auto\">l WIA.<\/span><span data-ccp-props=\"{&quot;335559731&quot;:708}\">\u00a0<\/span><\/p>\n<p><span data-contrast=\"auto\">Ante la pregunta \u00bf<\/span><span data-contrast=\"auto\">c<\/span><span data-contrast=\"auto\">\u00f3mo v<\/span><span data-contrast=\"auto\">en el futuro de la arqueolog\u00eda?, l<\/span><span data-contrast=\"auto\">a Rectora de la UV<\/span><span data-contrast=\"auto\"> respondi\u00f3 que la ver\u00ed<\/span><span data-contrast=\"auto\">a menos ensimismada y m\u00e1s en di\u00e1logo con toda<\/span><span data-contrast=\"auto\">s las posibilidades cient\u00edficas y tecnol\u00f3gicas; con otros saberes, culturas ancestrales, y con el resto de las disciplinas sociales.<\/span><span data-ccp-props=\"{&quot;335559731&quot;:708}\">\u00a0<\/span><\/p>\n<p>&nbsp;<\/p>\n<div id=\"attachment_84191\" style=\"width: 732px\" class=\"wp-caption aligncenter\"><a href=\"https:\/\/www.uv.mx\/prensa\/files\/2020\/05\/270520-PAOLA-Charla-arqueologia-2.jpg\"><img loading=\"lazy\" decoding=\"async\" aria-describedby=\"caption-attachment-84191\" class=\"size-full wp-image-84191\" src=\"https:\/\/www.uv.mx\/prensa\/files\/2020\/05\/270520-PAOLA-Charla-arqueologia-2.jpg\" alt=\"\" width=\"722\" height=\"406\" srcset=\"https:\/\/www.uv.mx\/prensa\/files\/2020\/05\/270520-PAOLA-Charla-arqueologia-2.jpg 722w, https:\/\/www.uv.mx\/prensa\/files\/2020\/05\/270520-PAOLA-Charla-arqueologia-2-300x169.jpg 300w\" sizes=\"auto, (max-width: 722px) 100vw, 722px\" \/><\/a><p id=\"caption-attachment-84191\" class=\"wp-caption-text\">La rectora Sara Ladr\u00f3n de Guevara particip\u00f3 en la charla virtual<\/p><\/div>\n<p>&nbsp;<\/p>\n<p><span data-contrast=\"auto\">Asimismo, c<\/span><span data-contrast=\"auto\">onsider\u00f3 que la investigaci\u00f3n arqueol\u00f3gica no representa u<\/span><span data-contrast=\"auto\">n alto costo: \u201cEs m\u00e1s car<\/span><span data-contrast=\"auto\">a<\/span><span data-contrast=\"auto\"> la p\u00e9<\/span><span data-contrast=\"auto\">rdida de informaci\u00f3n de una excavaci\u00f3n que se hace sin mayor cuidado y sin an\u00e1lisis de todos los recursos que p<\/span><span data-contrast=\"auto\">uede dar, la p\u00e9<\/span><span data-contrast=\"auto\">rdida es mayor que el recurso que se pueda invertir en el conocimiento de nuestro pasado\u201d.<\/span><span data-ccp-props=\"{&quot;335559731&quot;:708}\">\u00a0<\/span><\/p>\n<p><span data-contrast=\"auto\">Por lo que, dijo, en el pa\u00eds hace falta una conciencia sobre la importancia de los patrimonios, est\u00e1 plasmado en la <\/span><span data-contrast=\"auto\">ley,<\/span><span data-contrast=\"auto\"> pero no se refleja en los presupuestos asignados para cuidarlos.<\/span><span data-ccp-props=\"{&quot;335559731&quot;:708}\">\u00a0<\/span><\/p>\n<p><span data-contrast=\"auto\">\u201c<\/span><span data-contrast=\"auto\">Es imposible <\/span><span data-contrast=\"auto\">para<\/span><span data-contrast=\"auto\"> el Instituto Nacional de Antropolog\u00eda e Historia (INAH), con la cantidad de trabajos y recursos, atender los sitios arqueol\u00f3gicos, su vigilancia, cuidado e investigaci\u00f3n. No hay una respuesta estatal o federal de acompa\u00f1amiento presupuestal.\u201d<\/span><span data-ccp-props=\"{&quot;335559731&quot;:708}\">\u00a0<\/span><\/p>\n<p><span data-contrast=\"auto\">Expres\u00f3 que esta pandemia invita a los arque\u00f3logos a la reflexi\u00f3n sobre los seres humanos, las sociedades vivas y las situaciones extremas de las que no ten\u00edamos memoria.<\/span><span data-ccp-props=\"{&quot;335559731&quot;:708}\">\u00a0<\/span><\/p>\n<p>&nbsp;<\/p>\n<div id=\"attachment_84192\" style=\"width: 732px\" class=\"wp-caption aligncenter\"><a href=\"https:\/\/www.uv.mx\/prensa\/files\/2020\/05\/270520-PAOLA-Charla-arqueologia-3.jpg\"><img loading=\"lazy\" decoding=\"async\" aria-describedby=\"caption-attachment-84192\" class=\"size-full wp-image-84192\" src=\"https:\/\/www.uv.mx\/prensa\/files\/2020\/05\/270520-PAOLA-Charla-arqueologia-3.jpg\" alt=\"\" width=\"722\" height=\"406\" srcset=\"https:\/\/www.uv.mx\/prensa\/files\/2020\/05\/270520-PAOLA-Charla-arqueologia-3.jpg 722w, https:\/\/www.uv.mx\/prensa\/files\/2020\/05\/270520-PAOLA-Charla-arqueologia-3-300x169.jpg 300w\" sizes=\"auto, (max-width: 722px) 100vw, 722px\" \/><\/a><p id=\"caption-attachment-84192\" class=\"wp-caption-text\">Annick Daneels, de la UNAM<\/p><\/div>\n<p>&nbsp;<\/p>\n<p><span data-contrast=\"auto\">\u201cNos permite poner sobre la mesa algun<\/span><span data-contrast=\"auto\">os temas de reflexi\u00f3n: el miedo<\/span><span data-contrast=\"auto\"> como un asunto comunitario, el miedo a la muerte, al<\/span><span data-contrast=\"auto\"> contagio y a sus consecuencias<\/span><span data-contrast=\"auto\">.\u201d<\/span><span data-ccp-props=\"{&quot;335559731&quot;:708}\">\u00a0<\/span><\/p>\n<p><span data-contrast=\"auto\">En tanto, <\/span><span data-contrast=\"auto\">Annick<\/span> <span data-contrast=\"auto\">Daneels<\/span><span data-contrast=\"auto\"> consider\u00f3 que probablemente esta disciplina seguir\u00e1 desarrollando grandes proyectos inter y transdisciplinarios, pero tambi\u00e9n participar\u00e1 en estudios de largo plazo, como de cambio clim\u00e1tico, de sociedades multiculturales, entre otros.<\/span><span data-ccp-props=\"{&quot;335559731&quot;:708}\">\u00a0<\/span><\/p>\n<p><span data-contrast=\"auto\">\u201cOtro aspecto en que tendr\u00e1 que desarrollarse de manera concreta es en el tema de gesti\u00f3n del patrimonio, la legislaci\u00f3n se transforma y est\u00e1 por cambiarse; creo que <\/span><span data-contrast=\"auto\">los arque\u00f3logos tendremos que ser m\u00e1s activos para ayudar a desarrollar estrategias para conservar, estudiar, difundir y resguardar el patrimonio<\/span><span data-contrast=\"auto\">, en colaboraci\u00f3n estrecha con las comunidades. Con esto,<\/span><span data-contrast=\"auto\"> se<\/span><span data-contrast=\"auto\"> tendr\u00e1 la oportunidad extra de conseguir trabajo.\u201d<\/span><span data-ccp-props=\"{&quot;335559731&quot;:708}\">\u00a0<\/span><\/p>\n<p><span data-contrast=\"auto\">El arque\u00f3logo Leonardo L\u00f3pez <\/span><span data-contrast=\"auto\">expres\u00f3 que ve un futuro alentador para la arqueolog\u00eda, pero se tiene que luchar <\/span><span data-contrast=\"auto\">m\u00e1s <\/span><span data-contrast=\"auto\">para construir algo mejor para las <\/span><span data-contrast=\"auto\">nuevas<\/span><span data-contrast=\"auto\"> generaciones de arque\u00f3logos y para los egresados de las universidades, p\u00fablicas y privadas<\/span><span data-contrast=\"auto\">.<\/span><span data-ccp-props=\"{&quot;335559731&quot;:708}\">\u00a0<\/span><\/p>\n<p>&nbsp;<\/p>\n<div id=\"attachment_84193\" style=\"width: 732px\" class=\"wp-caption aligncenter\"><a href=\"https:\/\/www.uv.mx\/prensa\/files\/2020\/05\/270520-PAOLA-Charla-arqueologia-4.jpg\"><img loading=\"lazy\" decoding=\"async\" aria-describedby=\"caption-attachment-84193\" class=\"size-full wp-image-84193\" src=\"https:\/\/www.uv.mx\/prensa\/files\/2020\/05\/270520-PAOLA-Charla-arqueologia-4.jpg\" alt=\"\" width=\"722\" height=\"407\" srcset=\"https:\/\/www.uv.mx\/prensa\/files\/2020\/05\/270520-PAOLA-Charla-arqueologia-4.jpg 722w, https:\/\/www.uv.mx\/prensa\/files\/2020\/05\/270520-PAOLA-Charla-arqueologia-4-300x169.jpg 300w\" sizes=\"auto, (max-width: 722px) 100vw, 722px\" \/><\/a><p id=\"caption-attachment-84193\" class=\"wp-caption-text\">Se cont\u00f3 con la participaci\u00f3n de Leonardo L\u00f3pez Luj\u00e1n, de El Colegio de Nacional<\/p><\/div>\n<p>&nbsp;<\/p>\n<p><span data-contrast=\"auto\">\u201cQuisiera que en el futuro luch\u00e1ramos para que las generaciones actuales y los egresados de las universidades forjen su propio futuro digno y de investigadores con carreras a largo plazo, esto ser\u00e1 posible con la continuidad de becas, trabajos y contratos, que les da una seguridad y aliciente.<\/span><span data-contrast=\"auto\">\u201d<\/span><span data-ccp-props=\"{&quot;335559731&quot;:708}\">\u00a0<\/span><\/p>\n<p><span data-contrast=\"auto\">Por \u00faltimo<\/span><span data-contrast=\"auto\">, <\/span><span data-contrast=\"auto\">Christopher A. Pool<\/span> <span data-contrast=\"auto\">dijo que a largo plazo la arqueolog\u00eda seguir\u00e1 las tendencias actu<\/span><span data-contrast=\"auto\">ales, no cambiar\u00e1 dr\u00e1sticamente; s<\/span><span data-contrast=\"auto\">in embargo, en el corto y mediano plazo tendr\u00e1n cambios en la manera de trabajar<\/span><span data-contrast=\"auto\">; en este momento es complicada<\/span><span data-contrast=\"auto\"> la ense\u00f1anza en campo, entonces tiene que pensarse en c\u00f3mo hacerlo con mayor seguridad.<\/span><span data-ccp-props=\"{&quot;335559731&quot;:708}\">\u00a0<\/span><\/p>\n<p><span data-contrast=\"auto\">\u201cTenemos la oportunidad de involucrar m\u00e1s esfuerzos en algunos tipos de investigaci\u00f3n, como las colecciones en museos, hacer mayor difusi\u00f3n de nuestros conocimientos y publicar m\u00e1s sobre lo que hay en <\/span><span data-contrast=\"auto\">el<\/span><span data-contrast=\"auto\">los.\u201d<\/span><span data-ccp-props=\"{&quot;335559731&quot;:708}\">\u00a0<\/span><\/p>\n<p><span data-contrast=\"auto\">Cabe destacar que esta primera sesi\u00f3n fue vista por m\u00e1s de cuatro mil personas, sumando a quienes participaron a trav\u00e9s de la plataforma <em>Zoom<\/em> y a quienes siguieron el evento e<\/span><span data-contrast=\"auto\">n la p\u00e1gina de <a href=\"https:\/\/www.facebook.com\/WIA.UV\/videos\/264631591418110\/\" target=\"_blank\" rel=\"noopener noreferrer\"><em>Facebook <\/em>del WIA<\/a>.\u00a0Lourdes Budar comparti\u00f3 que e<\/span><span data-contrast=\"auto\">n la pr\u00f3xima sesi\u00f3n se hablar\u00e1 <\/span><span data-contrast=\"auto\">de<\/span><span data-contrast=\"auto\"> la importancia de la interdisciplina en el trabajo arqueol\u00f3gico.<\/span><span data-ccp-props=\"{&quot;335559731&quot;:708}\"> El WIA tendr\u00e1 lugar todos los jueves, de 18:00 a 20:00 horas.<\/span><\/p>\n<div id=\"attachment_84194\" style=\"width: 732px\" class=\"wp-caption aligncenter\"><a href=\"https:\/\/www.uv.mx\/prensa\/files\/2020\/05\/270520-PAOLA-Charla-arqueologia-5.jpg\"><img loading=\"lazy\" decoding=\"async\" aria-describedby=\"caption-attachment-84194\" class=\"size-full wp-image-84194\" src=\"https:\/\/www.uv.mx\/prensa\/files\/2020\/05\/270520-PAOLA-Charla-arqueologia-5.jpg\" alt=\"\" width=\"722\" height=\"406\" srcset=\"https:\/\/www.uv.mx\/prensa\/files\/2020\/05\/270520-PAOLA-Charla-arqueologia-5.jpg 722w, https:\/\/www.uv.mx\/prensa\/files\/2020\/05\/270520-PAOLA-Charla-arqueologia-5-300x169.jpg 300w\" sizes=\"auto, (max-width: 722px) 100vw, 722px\" \/><\/a><p id=\"caption-attachment-84194\" class=\"wp-caption-text\">Christopher A. Pool, de la Universidad de Kentucky<\/p><\/div>\n","protected":false},"excerpt":{"rendered":"<p>En el pa\u00eds hace falta una conciencia sobre la importancia de los patrimonios, est\u00e1 plasmado en la ley, pero no se refleja en los presupuestos asignados para cuidarlos, dijo Sara Ladr\u00f3n de Guevara\u00a0<\/p>\n","protected":false},"author":1869,"featured_media":84195,"comment_status":"closed","ping_status":"closed","sticky":false,"template":"","format":"standard","meta":{"footnotes":""},"categories":[61],"tags":[],"class_list":["post-84189","post","type-post","status-publish","format-standard","has-post-thumbnail","hentry","category-banner"],"_links":{"self":[{"href":"https:\/\/www.uv.mx\/prensa\/wp-json\/wp\/v2\/posts\/84189","targetHints":{"allow":["GET"]}}],"collection":[{"href":"https:\/\/www.uv.mx\/prensa\/wp-json\/wp\/v2\/posts"}],"about":[{"href":"https:\/\/www.uv.mx\/prensa\/wp-json\/wp\/v2\/types\/post"}],"author":[{"embeddable":true,"href":"https:\/\/www.uv.mx\/prensa\/wp-json\/wp\/v2\/users\/1869"}],"replies":[{"embeddable":true,"href":"https:\/\/www.uv.mx\/prensa\/wp-json\/wp\/v2\/comments?post=84189"}],"version-history":[{"count":0,"href":"https:\/\/www.uv.mx\/prensa\/wp-json\/wp\/v2\/posts\/84189\/revisions"}],"wp:featuredmedia":[{"embeddable":true,"href":"https:\/\/www.uv.mx\/prensa\/wp-json\/wp\/v2\/media\/84195"}],"wp:attachment":[{"href":"https:\/\/www.uv.mx\/prensa\/wp-json\/wp\/v2\/media?parent=84189"}],"wp:term":[{"taxonomy":"category","embeddable":true,"href":"https:\/\/www.uv.mx\/prensa\/wp-json\/wp\/v2\/categories?post=84189"},{"taxonomy":"post_tag","embeddable":true,"href":"https:\/\/www.uv.mx\/prensa\/wp-json\/wp\/v2\/tags?post=84189"}],"curies":[{"name":"wp","href":"https:\/\/api.w.org\/{rel}","templated":true}]}}