{"id":84186,"date":"2020-05-28T14:48:49","date_gmt":"2020-05-28T19:48:49","guid":{"rendered":"https:\/\/www.uv.mx\/prensa\/?p=84186"},"modified":"2020-06-01T13:40:34","modified_gmt":"2020-06-01T18:40:34","slug":"un-exito-jornadas-flautisticas-organizadas-por-el-cimi-de-la-uv","status":"publish","type":"post","link":"https:\/\/www.uv.mx\/prensa\/banner\/un-exito-jornadas-flautisticas-organizadas-por-el-cimi-de-la-uv\/","title":{"rendered":"Un \u00e9xito, Jornadas Flaut\u00edsticas organizadas por el CIMI de la UV"},"content":{"rendered":"<ul>\n<li data-leveltext=\"\uf0b7\" data-font=\"Symbol\" data-listid=\"1\" data-aria-posinset=\"1\" data-aria-level=\"1\"><i><span data-contrast=\"auto\">La primera temporada concluye <\/span><\/i><i><span data-contrast=\"auto\">el viernes <\/span><\/i><i><span data-contrast=\"auto\">29 de mayo, con el argentino Marcelo \u00c1lvarez, creador del programa Flauta <\/span><\/i><i><span data-contrast=\"auto\">C<\/span><\/i><i><span data-contrast=\"auto\">onsciente<\/span><\/i><span data-ccp-props=\"{&quot;134233279&quot;:true}\">\u00a0<\/span><\/li>\n<li data-leveltext=\"\uf0b7\" data-font=\"Symbol\" data-listid=\"1\" data-aria-posinset=\"2\" data-aria-level=\"1\"><i><span data-contrast=\"auto\">La segunda temporada inicia en junio y, al igual que su antecesora, contempla destacados m\u00fasicos del pa\u00eds y el extranjero<\/span><\/i><span data-ccp-props=\"{&quot;134233279&quot;:true}\">\u00a0<\/span><\/li>\n<\/ul>\n<div id=\"attachment_84187\" style=\"width: 732px\" class=\"wp-caption aligncenter\"><a href=\"https:\/\/www.uv.mx\/prensa\/files\/2020\/05\/270520-Jornadas-flautisitcas.jpg\"><img aria-describedby=\"caption-attachment-84187\" decoding=\"async\" loading=\"lazy\" class=\"size-full wp-image-84187\" src=\"https:\/\/www.uv.mx\/prensa\/files\/2020\/05\/270520-Jornadas-flautisitcas.jpg\" alt=\"\" width=\"722\" height=\"481\" srcset=\"https:\/\/www.uv.mx\/prensa\/files\/2020\/05\/270520-Jornadas-flautisitcas.jpg 722w, https:\/\/www.uv.mx\/prensa\/files\/2020\/05\/270520-Jornadas-flautisitcas-300x200.jpg 300w\" sizes=\"(max-width: 722px) 100vw, 722px\" \/><\/a><p id=\"caption-attachment-84187\" class=\"wp-caption-text\">Las jornadas han tenido p\u00fablico de diveros pa\u00edses<\/p><\/div>\n<p><b><i><span data-contrast=\"auto\">Karina de la Paz Reyes D\u00edaz<\/span><\/i><\/b><span data-ccp-props=\"{}\">\u00a0<\/span><\/p>\n<p><b><i><span data-contrast=\"auto\">2<\/span><\/i><\/b><b><i><span data-contrast=\"auto\">8<\/span><\/i><\/b><b><i><span data-contrast=\"auto\">\/05\/2020, Xalapa, <\/span><\/i><\/b><b><i><span data-contrast=\"auto\">Ver.-<\/span><\/i><\/b> <span data-contrast=\"auto\">El <a href=\"https:\/\/www.uv.mx\/cimi\/\" target=\"_blank\" rel=\"noopener noreferrer\">Centro de Iniciaci\u00f3n Musical Infantil<\/a> (CIMI) de <\/span><span data-contrast=\"auto\">la Universidad Veracruzana (UV)<\/span><span data-contrast=\"auto\"> organiza <\/span><span data-contrast=\"auto\">las <\/span><span data-contrast=\"auto\">Jornadas <\/span><span data-contrast=\"auto\">F<\/span><span data-contrast=\"auto\">laut\u00edsticas<\/span><span data-contrast=\"auto\"> para <\/span><span data-contrast=\"auto\">J<\/span><span data-contrast=\"auto\">\u00f3venes <\/span><span data-contrast=\"auto\">F<\/span><span data-contrast=\"auto\">lautistas, cuya primera temporada ha resultado un \u00e9xito pues convoc\u00f3 a ponentes y p\u00fablico nacional <\/span><span data-contrast=\"auto\">y<\/span><span data-contrast=\"auto\"> extranjero, <\/span><span data-contrast=\"auto\">por lo que<\/span><span data-contrast=\"auto\"> ya se perfila una segunda, que inicia en junio.<\/span><span data-ccp-props=\"{}\">\u00a0<\/span><\/p>\n<p><span data-contrast=\"auto\">Samadhi M\u00e9ndez, <\/span><span data-contrast=\"auto\">organizadora<\/span><span data-contrast=\"auto\"> y <\/span><span data-contrast=\"auto\">acad\u00e9mica de flauta transversa, explic\u00f3 que se trata de charlas dirigidas a j\u00f3venes que se inician en el instrumento. El origen de este ejercicio acad\u00e9mico fue una colaboraci\u00f3n que tuvo en el III Simposio Flaut\u00edstico, organizado por Salvador Pradenas, de la C\u00e1tedra de Flauta Panguipulli, que forma parte del Programa Viv<\/span><span data-contrast=\"auto\">e la M\u00fasica en Chile, el 22 de a<\/span><span data-contrast=\"auto\">bril<\/span><span data-contrast=\"auto\">.<\/span><span data-ccp-props=\"{&quot;335559731&quot;:708}\">\u00a0<\/span><\/p>\n<p><span data-contrast=\"auto\">Dicho est\u00e1 de paso, el 20 de mayo la acad\u00e9mica <\/span><span data-contrast=\"auto\">Samadhi M\u00e9ndez, su hom\u00f3loga Ang\u00e9<\/span><span data-contrast=\"auto\">lica Hern\u00e1ndez, y la alumna Ana Paula Ramos Hern\u00e1ndez, participaron en el Homenaje a Jean Pierre Rampal, tambi\u00e9n organizado por la C\u00e1tedra de Flauta Panguipulli, en Chile.<\/span><span data-ccp-props=\"{&quot;335559731&quot;:708}\">\u00a0<\/span><\/p>\n<p><span data-contrast=\"auto\">La exposici\u00f3n que present\u00f3 el 22 de abril llev\u00f3 por t\u00edtulo \u201cUn proyecto pedag\u00f3gico exitoso: Coro de <\/span><span data-contrast=\"auto\">F<\/span><span data-contrast=\"auto\">lautas <\/span><span data-contrast=\"auto\">T<\/span><span data-contrast=\"auto\">ransversas\u201d, y de ello germin\u00f3 la idea de desarrollar, a trav\u00e9s de la p\u00e1gina de <\/span><i><span data-contrast=\"auto\">Facebook<\/span><\/i><span data-contrast=\"auto\"> Coro de F<\/span><span data-contrast=\"auto\">lautas <\/span><span data-contrast=\"auto\">T<\/span><span data-contrast=\"auto\">ransversas, jornadas dirigidas a la poblaci\u00f3n estudiantil del CIMI, pero en modalidad abierta, para <\/span><span data-contrast=\"auto\">que <\/span><span data-contrast=\"auto\">el p\u00fablico<\/span><span data-contrast=\"auto\"> en genera<\/span><span data-contrast=\"auto\">l<\/span><span data-contrast=\"auto\"> interesado<\/span><span data-contrast=\"auto\"> pudiera sumarse.<\/span><span data-ccp-props=\"{&quot;335559731&quot;:708}\">\u00a0<\/span><\/p>\n<p><span data-contrast=\"auto\">Parti\u00f3 de temas indispensables y elementales, como la posici\u00f3n, ejercicios de ca<\/span><span data-contrast=\"auto\">lentamiento, <\/span><span data-contrast=\"auto\">consciencia de la respiraci\u00f3n, la memoria como herramienta de estudio, la flauta de jazz, incluso c\u00f3mo organizar un d\u00eda de estudio del instrumento.<\/span><span data-ccp-props=\"{&quot;335559731&quot;:708}\">\u00a0<\/span><\/p>\n<p><span data-contrast=\"auto\">\u201cA partir de ah\u00ed, tuve la fortuna de que me empezaron a escribir flautistas muy importantes dici\u00e9ndome que tambi\u00e9n quer\u00edan participar<\/span><span data-contrast=\"auto\">;<\/span><span data-contrast=\"auto\"> este <\/span><span data-contrast=\"auto\">viernes <\/span><span data-contrast=\"auto\">(a manera de cierre de la primera temporada)<\/span> <span data-contrast=\"auto\">tendremos la presencia del gran pedagogo de la flauta, Marcelo \u00c1lvarez, creador del programa Flautista Consciente.\u201d<\/span><span data-ccp-props=\"{}\">\u00a0<\/span><\/p>\n<p><span data-contrast=\"auto\">En esta primera temporada tambi\u00e9n particip\u00f3 Mar\u00eda Gabriela Rodr\u00edguez, directora de la Orquesta de Flautas<\/span> <span data-contrast=\"auto\">de Venezuela<\/span><span data-contrast=\"auto\">; <\/span><span data-contrast=\"auto\">Miguel Hudson<\/span><span data-contrast=\"auto\">,<\/span><span data-contrast=\"auto\"> de Cuba<\/span><span data-contrast=\"auto\">,<\/span><span data-contrast=\"auto\"> destacado pedagogo de la flauta, y Alhel\u00ed Pimienta, maestra del Conservatorio Real<\/span> <span data-contrast=\"auto\">de Canad\u00e1; asimismo, <\/span><span data-contrast=\"auto\">m\u00fasicos<\/span><span data-contrast=\"auto\"> de Chile, M\u00e9<\/span><span data-contrast=\"auto\">xico y Argentina, por citar algunos ejemplos.<\/span><span data-ccp-props=\"{&quot;335559731&quot;:708}\">\u00a0<\/span><\/p>\n<p><span data-contrast=\"auto\">Para la segunda temporada, en junio<\/span><span data-contrast=\"auto\"> pr\u00f3ximo<\/span><span data-contrast=\"auto\">, est\u00e1n confirmados destacados flautistas de Puerto Rico, Per\u00fa, Chile, y naturalmente de <\/span><span data-contrast=\"auto\">M\u00e9xico<\/span><span data-contrast=\"auto\">, como es el caso de una joven cuyos inicios fueron en el CIMI y se perfila como una de las pr\u00f3ximas solistas de flauta de M\u00e9xico, Itzel Melgarejo.<\/span><span data-ccp-props=\"{&quot;335559731&quot;:708}\">\u00a0<\/span><\/p>\n<p><span data-contrast=\"auto\">El p\u00fablico para el que fue pensada esta propuesta la ha recibido favorablemente, as\u00ed como sus familias. Como muestra, <\/span><span data-contrast=\"auto\">la entrevistada <\/span><span data-contrast=\"auto\">cit\u00f3 entusiastas comentarios que le han hecho llegar, acompa\u00f1ados de fotograf\u00edas que dan cuenta de la atenci\u00f3n que <\/span><span data-contrast=\"auto\">los <\/span><span data-contrast=\"auto\">ni\u00f1os <\/span><span data-contrast=\"auto\">prestan <\/span><span data-contrast=\"auto\">a las sesiones.<\/span><span data-ccp-props=\"{&quot;335559731&quot;:708}\">\u00a0<\/span><\/p>\n<p><span data-contrast=\"auto\">\u201c<\/span><span data-contrast=\"auto\">Los pap\u00e1s me han comentado que est\u00e1n muy agradecidos porque es algo positivo de esta cuarentena; de lo contrario, no hubieran tenido contacto con todas estas personas que est\u00e1n brindando sus conocimientos y ense\u00f1anzas.\u201d<\/span><span data-ccp-props=\"{&quot;335559731&quot;:708}\">\u00a0<\/span><\/p>\n<p><span data-contrast=\"auto\">Uno de los mensajes enviados a la maestra dice: \u201cAl paso que van, y de aplicar todas y cada una de las recomendaciones, los ni\u00f1os regresar\u00e1n a sus clases<\/span><span data-contrast=\"auto\"> (presenciales)<\/span> <span data-contrast=\"auto\">transformados<\/span><span data-contrast=\"auto\">, con conocimientos que a<\/span> <span data-contrast=\"auto\">veces se adquieren ya cursando la carrera o <\/span><span data-contrast=\"auto\">asistiendo <\/span><span data-contrast=\"auto\">a escuelas con todos esos especialistas a la mano\u201d.<\/span><span data-ccp-props=\"{&quot;335559731&quot;:708}\">\u00a0<\/span><\/p>\n<p><span data-contrast=\"auto\">M\u00e1s a\u00fan, el <\/span><span data-contrast=\"auto\">auditorio <\/span><span data-contrast=\"auto\">no s\u00f3lo es local<\/span><span data-contrast=\"auto\">, <\/span><span data-contrast=\"auto\">as\u00ed como la lista de quienes han expuesto, trascendi\u00f3 al pa\u00eds: \u201cH<\/span><span data-contrast=\"auto\">emos tenido p\u00fablico de Italia, <\/span><span data-contrast=\"auto\">Espa\u00f1a, Portugal, Colombia, Chile, Argentina, Per\u00fa,<\/span> <span data-contrast=\"auto\">Ecuador, Bolivia<\/span><span data-contrast=\"auto\">, Venezuela, Canad\u00e1. Hay charlas que ya registran alrededor de mil 500 reproducciones\u201d.<\/span><span data-ccp-props=\"{&quot;335559731&quot;:708}\">\u00a0<\/span><\/p>\n<p><span data-contrast=\"auto\">Samadhi M\u00e9ndez<\/span><span data-contrast=\"auto\"> destac\u00f3 la importancia de no frenar la actividad acad\u00e9mica a\u00fan en tiempos de pandemia:<\/span><span data-contrast=\"auto\"> \u201c<\/span><span data-contrast=\"auto\">Esta cuarentena nos hizo ser creativos, <\/span><span data-contrast=\"auto\">para <\/span><span data-contrast=\"auto\">aprovech<\/span><span data-contrast=\"auto\">ar<\/span><span data-contrast=\"auto\"> esta coyuntura vi la necesidad de motivar<\/span><span data-contrast=\"auto\"> a los j\u00f3venes flautistas, no s\u00f3<\/span><span data-contrast=\"auto\">lo a los estudiantes de<\/span><span data-contrast=\"auto\">l CIMI<\/span><span data-contrast=\"auto\">, tambi\u00e9n en otras latitudes<\/span><span data-contrast=\"auto\">.<\/span><span data-ccp-props=\"{&quot;335559731&quot;:708}\">\u00a0<\/span><\/p>\n<p><span data-contrast=\"auto\">\u201d<\/span><span data-contrast=\"auto\">Y<\/span><span data-contrast=\"auto\"> qu<\/span><span data-contrast=\"auto\">\u00e9<\/span><span data-contrast=\"auto\"> mejo<\/span><span data-contrast=\"auto\">r <\/span><span data-contrast=\"auto\">que<\/span><span data-contrast=\"auto\"> tener<\/span><span data-contrast=\"auto\"> cuatro<\/span> <i><span data-contrast=\"auto\">master class<\/span><\/i><span data-contrast=\"auto\"> a la semana<\/span><span data-contrast=\"auto\">,<\/span><span data-contrast=\"auto\"> directo en casa con expertos en la flauta, poder<\/span> <span data-contrast=\"auto\">aplicar inmediatamente <\/span><span data-contrast=\"auto\">el conocimiento en su estudio diario<\/span><span data-contrast=\"auto\"> y mostrar los resultados en la clase en l\u00ednea con su <\/span><span data-contrast=\"auto\">respectivo <\/span><span data-contrast=\"auto\">maestro<\/span><span data-contrast=\"auto\">. Esto<\/span><span data-contrast=\"auto\"> es<\/span><span data-contrast=\"auto\"> una manera de seguir manteniendo ese lazo <\/span><span data-contrast=\"auto\">entre <\/span><span data-contrast=\"auto\">una comunidad educativa, <\/span><span data-contrast=\"auto\">lazo <\/span><span data-contrast=\"auto\">que fue cortad<\/span><span data-contrast=\"auto\">o<\/span><span data-contrast=\"auto\"> en un abrir y cerrar de ojos <\/span><span data-contrast=\"auto\">debido a<\/span><span data-contrast=\"auto\"> la pandemia<\/span><span data-contrast=\"auto\">;<\/span><span data-contrast=\"auto\"> por eso la importancia de incentivar este contacto.<\/span><span data-ccp-props=\"{&quot;335559731&quot;:708}\">\u00a0<\/span><\/p>\n<p><span data-contrast=\"auto\">\u201d<\/span><span data-contrast=\"auto\">Adem\u00e1s<\/span><span data-contrast=\"auto\">,<\/span><span data-contrast=\"auto\"> la m\u00fasica, que es un lenguaje, pueden ocup<\/span><span data-contrast=\"auto\">arla para transmitir su sentir \u2013<\/span><span data-contrast=\"auto\">alegr\u00eda<\/span><span data-contrast=\"auto\"> o<\/span><span data-contrast=\"auto\"> enojo<\/span><span data-contrast=\"auto\">\u2013<\/span><span data-contrast=\"auto\">,<\/span><span data-contrast=\"auto\"> pues para algunos ha sido muy dif\u00edcil estar tanto tiempo en sus casas<\/span><span data-contrast=\"auto\">.<\/span><span data-contrast=\"auto\">\u201d<\/span><span data-ccp-props=\"{&quot;335559731&quot;:708}\">\u00a0<\/span><\/p>\n<p><span data-contrast=\"auto\">Las sesiones de \u00e9sta y la venidera temporada de Jornadas <\/span><span data-contrast=\"auto\">F<\/span><span data-contrast=\"auto\">laut\u00edsticas para <\/span><span data-contrast=\"auto\">J<\/span><span data-contrast=\"auto\">\u00f3venes <\/span><span data-contrast=\"auto\">F<\/span><span data-contrast=\"auto\">lautistas son los lunes y viernes de 16:00 a 17:00 horas, por la p\u00e1gina de <\/span><i><span data-contrast=\"auto\">Facebook<\/span><\/i><span data-contrast=\"auto\"> ya citada;<\/span> <span data-contrast=\"auto\">cada charla tiene una duraci\u00f3n de 30 minutos.<\/span><span data-ccp-props=\"{&quot;335559731&quot;:708}\">\u00a0<\/span><\/p>\n","protected":false},"excerpt":{"rendered":"<p>Samadhi M\u00e9ndez, organizadora y acad\u00e9mica de flauta transversa, explic\u00f3 que se trata de charlas dirigidas a j\u00f3venes que se inician en el instrumento<\/p>\n","protected":false},"author":1508,"featured_media":71049,"comment_status":"closed","ping_status":"closed","sticky":false,"template":"","format":"standard","meta":[],"categories":[61],"tags":[],"_links":{"self":[{"href":"https:\/\/www.uv.mx\/prensa\/wp-json\/wp\/v2\/posts\/84186"}],"collection":[{"href":"https:\/\/www.uv.mx\/prensa\/wp-json\/wp\/v2\/posts"}],"about":[{"href":"https:\/\/www.uv.mx\/prensa\/wp-json\/wp\/v2\/types\/post"}],"author":[{"embeddable":true,"href":"https:\/\/www.uv.mx\/prensa\/wp-json\/wp\/v2\/users\/1508"}],"replies":[{"embeddable":true,"href":"https:\/\/www.uv.mx\/prensa\/wp-json\/wp\/v2\/comments?post=84186"}],"version-history":[{"count":0,"href":"https:\/\/www.uv.mx\/prensa\/wp-json\/wp\/v2\/posts\/84186\/revisions"}],"wp:featuredmedia":[{"embeddable":true,"href":"https:\/\/www.uv.mx\/prensa\/wp-json\/wp\/v2\/media\/71049"}],"wp:attachment":[{"href":"https:\/\/www.uv.mx\/prensa\/wp-json\/wp\/v2\/media?parent=84186"}],"wp:term":[{"taxonomy":"category","embeddable":true,"href":"https:\/\/www.uv.mx\/prensa\/wp-json\/wp\/v2\/categories?post=84186"},{"taxonomy":"post_tag","embeddable":true,"href":"https:\/\/www.uv.mx\/prensa\/wp-json\/wp\/v2\/tags?post=84186"}],"curies":[{"name":"wp","href":"https:\/\/api.w.org\/{rel}","templated":true}]}}