{"id":84167,"date":"2020-05-28T11:37:20","date_gmt":"2020-05-28T16:37:20","guid":{"rendered":"https:\/\/www.uv.mx\/prensa\/?p=84167"},"modified":"2020-05-28T11:37:20","modified_gmt":"2020-05-28T16:37:20","slug":"instituto-de-neuroetologia-invita-a-participar-en-etologo-en-casa","status":"publish","type":"post","link":"https:\/\/www.uv.mx\/prensa\/eventos\/instituto-de-neuroetologia-invita-a-participar-en-etologo-en-casa\/","title":{"rendered":"Instituto de Neuroetolog\u00eda invita a participar en \u201cEt\u00f3logo en casa\u201d"},"content":{"rendered":"<style type=\"text\/css\">\n  blockquote p { color: #28519b; font-family: helvetica; font-size: 1.4em; }<br \/><\/style>\n<ul>\n<li data-leveltext=\"\uf0b7\" data-font=\"Symbol\" data-listid=\"1\" data-aria-posinset=\"1\" data-aria-level=\"1\"><i><span data-contrast=\"auto\">El 30 de junio es la fecha <\/span><\/i><i><span data-contrast=\"auto\">l\u00edmite <\/span><\/i><i><span data-contrast=\"auto\">para enviar sus escrito<\/span><\/i><i><span data-contrast=\"auto\">s<\/span><\/i><i><span data-contrast=\"auto\"> al sitio de <\/span><\/i><span data-contrast=\"auto\">Facebook<\/span><i><span data-contrast=\"auto\"> del I<\/span><\/i><i><span data-contrast=\"auto\">nstituto<\/span><\/i><i><span data-contrast=\"auto\"> de <\/span><\/i><i><span data-contrast=\"auto\">Neuroetolog\u00eda<\/span><\/i><span data-ccp-props=\"{&quot;134233279&quot;:true}\">\u00a0<\/span><\/li>\n<li data-leveltext=\"\uf0b7\" data-font=\"Symbol\" data-listid=\"1\" data-aria-posinset=\"2\" data-aria-level=\"1\"><i><span data-contrast=\"auto\">Los cinco mejores escritos ser\u00e1n reconocidos con un diploma y un paquete de libros publicados por la Editorial UV, entre otros obsequios<\/span><\/i><\/li>\n<\/ul>\n<div id=\"attachment_84168\" style=\"width: 568px\" class=\"wp-caption aligncenter\"><a href=\"https:\/\/www.uv.mx\/prensa\/files\/2020\/05\/270520-PAOLA-Convocatoria-etologo-100k.jpg\"><img loading=\"lazy\" decoding=\"async\" aria-describedby=\"caption-attachment-84168\" class=\"size-full wp-image-84168\" src=\"https:\/\/www.uv.mx\/prensa\/files\/2020\/05\/270520-PAOLA-Convocatoria-etologo-100k.jpg\" alt=\"El Instituto de Neuroetolog\u00eda organiza el evento \u201cEt\u00f3logo en casa\u201d \" width=\"558\" height=\"722\" srcset=\"https:\/\/www.uv.mx\/prensa\/files\/2020\/05\/270520-PAOLA-Convocatoria-etologo-100k.jpg 558w, https:\/\/www.uv.mx\/prensa\/files\/2020\/05\/270520-PAOLA-Convocatoria-etologo-100k-232x300.jpg 232w\" sizes=\"auto, (max-width: 558px) 100vw, 558px\" \/><\/a><p id=\"caption-attachment-84168\" class=\"wp-caption-text\">El Instituto de Neuroetolog\u00eda organiza el evento \u201cEt\u00f3logo en casa\u201d<\/p><\/div>\n<p><b><i><span data-contrast=\"auto\">2<\/span><\/i><\/b><b><i><span data-contrast=\"auto\">8<\/span><\/i><\/b><b><i><span data-contrast=\"auto\">\/05\/2020, Xalapa, Ver.-<\/span><\/i><\/b><span data-contrast=\"auto\"> El <\/span><a href=\"https:\/\/www.uv.mx\/neuro\/\"><span data-contrast=\"none\">Instituto de <\/span><span data-contrast=\"none\">Neuroetolog\u00eda<\/span><\/a><span data-contrast=\"auto\"> de la Universidad Veracruzana (UV) invita a la comunidad universitaria y p\u00fablico a participar en la Convocatoria <\/span><span data-contrast=\"auto\">\u201cEt\u00f3logo en casa\u201d, <\/span><span data-contrast=\"auto\">para<\/span><span data-contrast=\"auto\"> compartir lo<\/span><span data-contrast=\"auto\"> aprendido sobre su familia y su mascota, durante este periodo de confinamiento.<\/span><span data-ccp-props=\"{&quot;335559731&quot;:709}\">\u00a0<\/span><\/p>\n<p><span data-contrast=\"auto\">Un et\u00f3logo se dedica a observar y analizar el comportamiento de los animales, incluido el humano, <\/span><span data-contrast=\"auto\">por lo que el i<\/span><span data-contrast=\"auto\">nstituto y su programa de posgrado invitan a todos los j\u00f3venes a p<\/span><span data-contrast=\"auto\">articipar en dicha convocatoria, en la cual se lee:<\/span><span data-ccp-props=\"{&quot;335559731&quot;:708}\">\u00a0<\/span><\/p>\n<p><span data-contrast=\"auto\">\u201cEn este periodo de contingencia sanitaria, est<\/span><span data-contrast=\"auto\">ar m\u00e1s tiempo en nuestras casas<\/span><span data-contrast=\"auto\"> nos acerca y nos puede unir m\u00e1s a nuestras amadas mascotas. Nos brinda la oportunidad de conoce<\/span><span data-contrast=\"auto\">rlas y aprender nuevas visiones;<\/span><span data-contrast=\"auto\"> es decir, ser un et\u00f3logo que observa con m\u00e1s atenci\u00f3n <\/span><span data-contrast=\"auto\">su comportamiento.\u201d<\/span><span data-ccp-props=\"{&quot;335559731&quot;:708}\">\u00a0<\/span><\/p>\n<p><span data-contrast=\"auto\">A trav\u00e9s de esta convocatoria invitan a compartir c\u00f3mo sus animales, familia y los participantes, han unido y renovado sus lazos de compa\u00f1\u00eda y de conocimiento sobre ellos.<\/span><span data-ccp-props=\"{&quot;335559731&quot;:708}\">\u00a0<\/span><\/p>\n<blockquote><p><span data-contrast=\"auto\">Podr\u00e1n participar j\u00f3venes mexicanos entre 12 y 20 a\u00f1os de edad, deber\u00e1n enviar un mensaje (m\u00e1ximo 500 caracteres) al sitio de <\/span><i><span data-contrast=\"auto\">Facebook<\/span><\/i> <a href=\"https:\/\/www.facebook.com\/Instituto-de-Neuroetolog%C3%ADa-UV-116098405192750\"><span data-contrast=\"none\">Instituto de <\/span><span data-contrast=\"none\">Neuroetolog\u00eda<\/span><span data-contrast=\"none\"> UV<\/span><\/a><span data-contrast=\"auto\">, <\/span><span data-contrast=\"auto\">donde cuente<\/span><span data-contrast=\"auto\">n<\/span><span data-contrast=\"auto\"> cu\u00e1l es el nuevo aprendizaje sobre <\/span><span data-contrast=\"auto\">ellos mismos<\/span><span data-contrast=\"auto\">, <\/span><span data-contrast=\"auto\">su <\/span><span data-contrast=\"auto\">familia o <\/span><span data-contrast=\"auto\">s<\/span><span data-contrast=\"auto\">u mascota; podr\u00e1n incluir (m\u00e1ximo) dos fotograf\u00edas o un video con duraci\u00f3n de 10 segundos.<\/span><span data-ccp-props=\"{&quot;335559731&quot;:708}\">\u00a0<\/span><\/p><\/blockquote>\n<p><span data-contrast=\"auto\">Los mensajes se recibir\u00e1n hasta el 30 de junio <\/span><span data-contrast=\"auto\">y los resultados ser\u00e1n publicados el 10 de agosto en la p\u00e1gina <\/span><i><span data-contrast=\"auto\">web<\/span><\/i><span data-contrast=\"auto\"> oficial y en el sitio de <\/span><i><span data-contrast=\"auto\">Facebook<\/span><\/i><span data-contrast=\"auto\"> del <\/span><span data-contrast=\"auto\">i<\/span><span data-contrast=\"auto\">nstituto.<\/span><span data-ccp-props=\"{&quot;335559731&quot;:708}\">\u00a0<\/span><\/p>\n<p><span data-contrast=\"auto\">Los cinco mejores escritos ser\u00e1n reconocidos con un diploma y un paquete de libros publicados por la Editorial UV, una taza y una playera.<\/span><span data-ccp-props=\"{&quot;335559731&quot;:708}\">\u00a0<\/span><\/p>\n","protected":false},"excerpt":{"rendered":"<p>El 30 de junio es la fecha l\u00edmite para enviar escritos al sitio de <em>Facebook<\/em> del Instituto de Neuroetolog\u00eda <\/p>\n","protected":false},"author":1775,"featured_media":84168,"comment_status":"closed","ping_status":"closed","sticky":false,"template":"","format":"standard","meta":{"footnotes":""},"categories":[47],"tags":[],"class_list":["post-84167","post","type-post","status-publish","format-standard","has-post-thumbnail","hentry","category-eventos"],"_links":{"self":[{"href":"https:\/\/www.uv.mx\/prensa\/wp-json\/wp\/v2\/posts\/84167","targetHints":{"allow":["GET"]}}],"collection":[{"href":"https:\/\/www.uv.mx\/prensa\/wp-json\/wp\/v2\/posts"}],"about":[{"href":"https:\/\/www.uv.mx\/prensa\/wp-json\/wp\/v2\/types\/post"}],"author":[{"embeddable":true,"href":"https:\/\/www.uv.mx\/prensa\/wp-json\/wp\/v2\/users\/1775"}],"replies":[{"embeddable":true,"href":"https:\/\/www.uv.mx\/prensa\/wp-json\/wp\/v2\/comments?post=84167"}],"version-history":[{"count":0,"href":"https:\/\/www.uv.mx\/prensa\/wp-json\/wp\/v2\/posts\/84167\/revisions"}],"wp:featuredmedia":[{"embeddable":true,"href":"https:\/\/www.uv.mx\/prensa\/wp-json\/wp\/v2\/media\/84168"}],"wp:attachment":[{"href":"https:\/\/www.uv.mx\/prensa\/wp-json\/wp\/v2\/media?parent=84167"}],"wp:term":[{"taxonomy":"category","embeddable":true,"href":"https:\/\/www.uv.mx\/prensa\/wp-json\/wp\/v2\/categories?post=84167"},{"taxonomy":"post_tag","embeddable":true,"href":"https:\/\/www.uv.mx\/prensa\/wp-json\/wp\/v2\/tags?post=84167"}],"curies":[{"name":"wp","href":"https:\/\/api.w.org\/{rel}","templated":true}]}}