{"id":83979,"date":"2020-05-22T13:32:06","date_gmt":"2020-05-22T18:32:06","guid":{"rendered":"https:\/\/www.uv.mx\/prensa\/?p=83979"},"modified":"2020-05-22T13:46:06","modified_gmt":"2020-05-22T18:46:06","slug":"universidades-publicas-primer-lugar-en-satisfaccion-y-cuarto-en-confianza","status":"publish","type":"post","link":"https:\/\/www.uv.mx\/prensa\/banner\/universidades-publicas-primer-lugar-en-satisfaccion-y-cuarto-en-confianza\/","title":{"rendered":"Universidades p\u00fablicas, primer lugar en satisfacci\u00f3n y cuarto en confianza\u00a0\u00a0"},"content":{"rendered":"<ul>\n<li data-leveltext=\"\uf0b7\" data-font=\"Symbol\" data-listid=\"1\" data-aria-posinset=\"1\" data-aria-level=\"1\"><i><span data-contrast=\"auto\">De acuerdo con los resultados para Veracruz de la Encuesta Nacional de Calidad e Impacto Gubernamental (ENCIG) 2019, del <\/span><\/i><span data-contrast=\"auto\">Inegi<\/span><span data-ccp-props=\"{&quot;134233279&quot;:true}\">\u00a0<\/span><\/li>\n<li data-leveltext=\"\uf0b7\" data-font=\"Symbol\" data-listid=\"1\" data-aria-posinset=\"2\" data-aria-level=\"1\"><i><span data-contrast=\"auto\">La confianza en las universidades p\u00fablicas est\u00e1 por encima de organismos p\u00fablicos descentralizados, instituciones religiosas, vecinos, hospitales y otros<\/span><\/i><span data-ccp-props=\"{&quot;134233279&quot;:true}\">\u00a0<\/span><\/li>\n<li data-leveltext=\"\uf0b7\" data-font=\"Symbol\" data-listid=\"1\" data-aria-posinset=\"2\" data-aria-level=\"1\"><i><span data-contrast=\"auto\">En el estado, la UV atiende a uno de cada cuatr<\/span><\/i><i><span data-contrast=\"auto\">o estudiantes de nivel superior<\/span><\/i><span data-ccp-props=\"{&quot;134233279&quot;:true}\">\u00a0<\/span><\/li>\n<\/ul>\n<p><span data-ccp-props=\"{}\">\u00a0<\/span><\/p>\n<div id=\"attachment_83981\" style=\"width: 732px\" class=\"wp-caption aligncenter\"><a href=\"https:\/\/www.uv.mx\/prensa\/files\/2020\/05\/ENCIG2019_satisfaccio\u0301n.jpg\"><img loading=\"lazy\" decoding=\"async\" aria-describedby=\"caption-attachment-83981\" class=\"size-full wp-image-83981\" src=\"https:\/\/www.uv.mx\/prensa\/files\/2020\/05\/ENCIG2019_satisfaccio\u0301n.jpg\" alt=\"\" width=\"722\" height=\"406\" srcset=\"https:\/\/www.uv.mx\/prensa\/files\/2020\/05\/ENCIG2019_satisfaccio\u0301n.jpg 722w, https:\/\/www.uv.mx\/prensa\/files\/2020\/05\/ENCIG2019_satisfaccio\u0301n-300x169.jpg 300w\" sizes=\"auto, (max-width: 722px) 100vw, 722px\" \/><\/a><p id=\"caption-attachment-83981\" class=\"wp-caption-text\">La ENCIG 2019 mide la satisfacci\u00f3n de los usuarios de servicios p\u00fablicos b\u00e1sicos y bajo demanda durante ese a\u00f1o<\/p><\/div>\n<p><i><\/i><span data-ccp-props=\"{}\"><br \/>\n<\/span><\/p>\n<p><a href=\"https:\/\/www.uv.mx\/prensa\/files\/2020\/05\/ENCIG2019_confianza.jpg\"><img loading=\"lazy\" decoding=\"async\" class=\"aligncenter size-full wp-image-83980\" src=\"https:\/\/www.uv.mx\/prensa\/files\/2020\/05\/ENCIG2019_confianza.jpg\" alt=\"\" width=\"722\" height=\"406\" srcset=\"https:\/\/www.uv.mx\/prensa\/files\/2020\/05\/ENCIG2019_confianza.jpg 722w, https:\/\/www.uv.mx\/prensa\/files\/2020\/05\/ENCIG2019_confianza-300x169.jpg 300w\" sizes=\"auto, (max-width: 722px) 100vw, 722px\" \/><\/a><\/p>\n<p><span data-ccp-props=\"{}\">\u00a0<\/span><\/p>\n<p><b><i><span data-contrast=\"auto\">Edgar Onofre<\/span><\/i><\/b><span data-ccp-props=\"{}\">\u00a0<\/span><\/p>\n<p><b><i><span data-contrast=\"auto\">22\/05\/2020, <\/span><\/i><\/b><b><i><span data-contrast=\"auto\">Xalapa, <\/span><\/i><\/b><b><i><span data-contrast=\"auto\">Ver.-<\/span><\/i><\/b> <span data-contrast=\"auto\">De acuerdo con la <\/span><span data-contrast=\"auto\">Encuesta Nacional de Calidad e Impacto Gubernamental (ENCIG) 2019<\/span> <span data-contrast=\"auto\">(<\/span><a href=\"https:\/\/www.inegi.org.mx\/programas\/encig\/2019\/\"><span data-contrast=\"none\">https:\/\/www.inegi.org.mx<\/span><span data-contrast=\"none\">\/<\/span><span data-contrast=\"none\">programas\/encig\/2019\/<\/span><\/a><span data-contrast=\"auto\">) <\/span><span data-contrast=\"auto\">que realiza el Instituto Nacional de Estad\u00edstica y Geograf\u00eda (<\/span><i><span data-contrast=\"auto\">Inegi<\/span><\/i><span data-contrast=\"auto\">)<\/span><span data-contrast=\"auto\">, en Veracruz las universidades p\u00fablicas estatales se ubican en el <\/span><span data-contrast=\"auto\">primer lugar por su grado de satisfacci\u00f3n entre los servicios p\u00fablicos bajo demanda<\/span><span data-contrast=\"auto\">,<\/span><span data-contrast=\"auto\"> y en el <\/span><span data-contrast=\"auto\">cua<\/span><span data-contrast=\"auto\">r<\/span><span data-contrast=\"auto\">to lugar entre los actores que mayor confianza inspiran a los veracruzanos<\/span><span data-contrast=\"auto\">.<\/span><span data-ccp-props=\"{}\">\u00a0<\/span><\/p>\n<p><span data-contrast=\"auto\">En los resultados espec\u00edficos para Veracruz de la ENCIG 2019<\/span><span data-contrast=\"auto\"> (<\/span><a href=\"https:\/\/www.inegi.org.mx\/contenidos\/programas\/encig\/2019\/doc\/30_veracruz.pdf\"><span data-contrast=\"none\">https:\/\/www.inegi.org.mx\/contenidos\/programas\/encig\/2019\/doc\/30_veracruz<\/span><span data-contrast=\"none\">.<\/span><span data-contrast=\"none\">pdf<\/span><\/a><span data-contrast=\"auto\">), las universidades p\u00fablicas del estado obtuvieron 84.7 de satisfacci\u00f3n entre los servicios p\u00fablicos bajo demanda, por encima de <\/span><span data-contrast=\"auto\">la media nacional y por arriba de actores como <\/span><span data-contrast=\"auto\">la educaci\u00f3n p\u00fablica obligatoria o los servicios de salud, por citar dos ejemplos<\/span><span data-contrast=\"auto\">.<\/span><span data-ccp-props=\"{&quot;335559731&quot;:708}\">\u00a0<\/span><\/p>\n<p><span data-contrast=\"auto\">Tambi\u00e9n <\/span><span data-contrast=\"auto\">a <\/span><span data-contrast=\"auto\">nivel nacional, las universidades p\u00fablicas se ubicaron a la cabeza del \u00edndice de satisfacci\u00f3n entre los servicios p\u00fablicos del pa\u00eds, con 79.8.<\/span><span data-ccp-props=\"{&quot;335559731&quot;:708}\">\u00a0<\/span><\/p>\n<p><span data-contrast=\"auto\">En Veracruz, la Universidad Veracruzana (UV) atiende a uno de cada cuatro estudiantes en el nivel de educaci\u00f3n p\u00fablica superior, seg\u00fan se puede consultar en <\/span><a href=\"https:\/\/www.uv.mx\/informacion-estadistica\/files\/2019\/06\/UV-en-numeros.pdf\"><span data-contrast=\"none\">https:\/\/www.uv.mx\/informacion-estadistica\/files\/2019\/06\/UV-en-numer<\/span><span data-contrast=\"none\">o<\/span><span data-contrast=\"none\">s.pdf<\/span><\/a><span data-ccp-props=\"{&quot;335559731&quot;:708}\">\u00a0<\/span><\/p>\n<p><span data-contrast=\"auto\">En t\u00e9rminos de confianza, las universidades p\u00fablicas del estado se ubican por debajo de los familiares, las escuelas p\u00fablicas de nivel b\u00e1sico y los compa\u00f1eros de trabajo<\/span><span data-contrast=\"auto\">,<\/span><span data-contrast=\"auto\"> pero por encima de los vecinos, el <\/span><span data-contrast=\"auto\">ej\u00e9rcito y la marina, organismos p\u00fablicos desconcentrados, hospitales, instituciones<\/span><span data-contrast=\"auto\"> religiosas y otros actores.<\/span><span data-ccp-props=\"{&quot;335559731&quot;:708}\">\u00a0<\/span><\/p>\n<p><span data-contrast=\"auto\">Las universidades p\u00fablicas estatales de Veracruz alcanzaron un \u00edndice de confianza del 75.5, medio punto porcentual por encima de la media nacion<\/span><span data-contrast=\"auto\">al, que en 2019 se ubic\u00f3 en 75.<\/span><span data-ccp-props=\"{}\">\u00a0<\/span><\/p>\n<p><span data-contrast=\"auto\">De acuerdo con la <\/span><i><span data-contrast=\"auto\">web<\/span><\/i><span data-contrast=\"auto\"> de la ENCIG<\/span> <span data-contrast=\"auto\">2019, el objetivo de esta encuesta es \u201cobtener <\/span><span data-contrast=\"auto\">informaci\u00f3n que permita generar estimaciones con representatividad a nivel nacional y estatal sobre las experiencias, percepciones y evaluaci\u00f3n de la poblaci\u00f3n de 18 a\u00f1os y m\u00e1s en ciudades de 100 mil habitantes y m\u00e1s sobre los tr\u00e1mites, pagos, solicitudes de servicios p\u00fablicos y otros contactos con autoridades, as\u00ed como los servicios que proporcionaron los diferentes \u00e1mbitos de gobierno durante 2019<\/span><span data-contrast=\"auto\">\u201d<\/span><span data-contrast=\"auto\">.<\/span><span data-ccp-props=\"{&quot;335559731&quot;:708}\">\u00a0<\/span><\/p>\n<p><span data-contrast=\"auto\">Adem\u00e1s, siguiendo con la propia p\u00e1gina <\/span><i><span data-contrast=\"auto\">web<\/span><\/i><span data-contrast=\"auto\">, <\/span><span data-contrast=\"auto\">se busca <\/span><span data-contrast=\"auto\">\u201cm<\/span><span data-contrast=\"auto\">edir la satisfacci\u00f3n de los usuarios de servicios p\u00fablicos b\u00e1sicos y bajo demanda durante 2019<\/span><span data-contrast=\"auto\">\u201d y \u201cmedir <\/span><span data-contrast=\"auto\">la percepci\u00f3n sobre el grado de confianza que la poblaci\u00f3n tiene tanto en personas presentes en su entorno, como en instituciones p\u00fablicas y de la sociedad civil<\/span><span data-contrast=\"auto\">\u201d.<\/span><span data-ccp-props=\"{&quot;335559731&quot;:708}\">\u00a0<\/span><\/p>\n<p><span data-contrast=\"auto\">El per<\/span><span data-contrast=\"auto\">i<\/span><span data-contrast=\"auto\">odo de referencia de la informaci\u00f3n es de enero a diciembre de 2019<\/span><span data-contrast=\"auto\">.<\/span><span data-ccp-props=\"{&quot;335559731&quot;:708}\">\u00a0<\/span><\/p>\n","protected":false},"excerpt":{"rendered":"<p>De acuerdo con los resultados para Veracruz de la Encuesta Nacional de Calidad e Impacto Gubernamental (ENCIG) 2019, del Inegi\u00a0<\/p>\n","protected":false},"author":1869,"featured_media":82069,"comment_status":"closed","ping_status":"closed","sticky":false,"template":"","format":"standard","meta":{"footnotes":""},"categories":[61],"tags":[],"class_list":["post-83979","post","type-post","status-publish","format-standard","has-post-thumbnail","hentry","category-banner"],"_links":{"self":[{"href":"https:\/\/www.uv.mx\/prensa\/wp-json\/wp\/v2\/posts\/83979","targetHints":{"allow":["GET"]}}],"collection":[{"href":"https:\/\/www.uv.mx\/prensa\/wp-json\/wp\/v2\/posts"}],"about":[{"href":"https:\/\/www.uv.mx\/prensa\/wp-json\/wp\/v2\/types\/post"}],"author":[{"embeddable":true,"href":"https:\/\/www.uv.mx\/prensa\/wp-json\/wp\/v2\/users\/1869"}],"replies":[{"embeddable":true,"href":"https:\/\/www.uv.mx\/prensa\/wp-json\/wp\/v2\/comments?post=83979"}],"version-history":[{"count":0,"href":"https:\/\/www.uv.mx\/prensa\/wp-json\/wp\/v2\/posts\/83979\/revisions"}],"wp:featuredmedia":[{"embeddable":true,"href":"https:\/\/www.uv.mx\/prensa\/wp-json\/wp\/v2\/media\/82069"}],"wp:attachment":[{"href":"https:\/\/www.uv.mx\/prensa\/wp-json\/wp\/v2\/media?parent=83979"}],"wp:term":[{"taxonomy":"category","embeddable":true,"href":"https:\/\/www.uv.mx\/prensa\/wp-json\/wp\/v2\/categories?post=83979"},{"taxonomy":"post_tag","embeddable":true,"href":"https:\/\/www.uv.mx\/prensa\/wp-json\/wp\/v2\/tags?post=83979"}],"curies":[{"name":"wp","href":"https:\/\/api.w.org\/{rel}","templated":true}]}}