{"id":83589,"date":"2020-05-11T14:50:48","date_gmt":"2020-05-11T19:50:48","guid":{"rendered":"https:\/\/www.uv.mx\/prensa\/?p=83589"},"modified":"2020-05-12T14:40:37","modified_gmt":"2020-05-12T19:40:37","slug":"conocimiento-de-los-riesgos-a-la-salud-no-basta-juan-jose-sanchez","status":"publish","type":"post","link":"https:\/\/www.uv.mx\/prensa\/banner\/conocimiento-de-los-riesgos-a-la-salud-no-basta-juan-jose-sanchez\/","title":{"rendered":"Conocimiento de los riesgos a la salud no basta: Juan Jos\u00e9 S\u00e1nchez"},"content":{"rendered":"<ul>\n<li data-leveltext=\"\uf0b7\" data-font=\"Symbol\" data-listid=\"1\" data-aria-posinset=\"1\" data-aria-level=\"1\"><i><span data-contrast=\"auto\">El distinguido psic\u00f3logo hizo hincapi\u00e9 en la necesidad de implementar campa\u00f1as preventivas del cuidado de la salud desde el nivel <\/span><\/i><i><span data-contrast=\"auto\">educativo inicial<\/span><\/i><span data-ccp-props=\"{&quot;134233279&quot;:true}\">\u00a0<\/span><\/li>\n<li data-leveltext=\"\uf0b7\" data-font=\"Symbol\" data-listid=\"1\" data-aria-posinset=\"2\" data-aria-level=\"1\"><i><span data-contrast=\"auto\">Particip\u00f3 en <\/span><\/i><i><span data-contrast=\"auto\">Tetraedro, foro para revisitar y discutir cr\u00edticamente, desde las dimensiones filos\u00f3fica, geopol\u00edtica, psicol\u00f3gica y biol\u00f3gica, la crisis que vivimos hoy a nivel global: la pandemia Covid-19<\/span><\/i><\/li>\n<\/ul>\n<div id=\"attachment_83591\" style=\"width: 1010px\" class=\"wp-caption aligncenter\"><a href=\"https:\/\/www.uv.mx\/prensa\/files\/2020\/05\/110520Principales-Tetredro-II.jpg\"><img loading=\"lazy\" decoding=\"async\" aria-describedby=\"caption-attachment-83591\" class=\"size-full wp-image-83591\" src=\"https:\/\/www.uv.mx\/prensa\/files\/2020\/05\/110520Principales-Tetredro-II.jpg\" alt=\"\" width=\"1000\" height=\"350\" srcset=\"https:\/\/www.uv.mx\/prensa\/files\/2020\/05\/110520Principales-Tetredro-II.jpg 1000w, https:\/\/www.uv.mx\/prensa\/files\/2020\/05\/110520Principales-Tetredro-II-300x105.jpg 300w, https:\/\/www.uv.mx\/prensa\/files\/2020\/05\/110520Principales-Tetredro-II-768x269.jpg 768w\" sizes=\"auto, (max-width: 1000px) 100vw, 1000px\" \/><\/a><p id=\"caption-attachment-83591\" class=\"wp-caption-text\">Alejandro Le\u00f3n y Juan Jos\u00e9 S\u00e1nchez durante la segunda sesi\u00f3n de Tetraedro<\/p><\/div>\n<blockquote><p><span class=\"TextRun Highlight BCX2 SCXW175153018\" lang=\"ES-MX\" xml:lang=\"ES-MX\" data-contrast=\"auto\"><span class=\"NormalTextRun BCX2 SCXW175153018\">\u201cEl conocimiento de los riesgos a la salud no basta<\/span><\/span><span class=\"TextRun Highlight BCX2 SCXW175153018\" lang=\"ES-MX\" xml:lang=\"ES-MX\" data-contrast=\"auto\"><span class=\"NormalTextRun BCX2 SCXW175153018\">. Hay mucho<\/span><\/span><span class=\"TextRun Highlight BCX2 SCXW175153018\" lang=\"ES-MX\" xml:lang=\"ES-MX\" data-contrast=\"auto\"><span class=\"NormalTextRun BCX2 SCXW175153018\">s<\/span><\/span><span class=\"TextRun Highlight BCX2 SCXW175153018\" lang=\"ES-MX\" xml:lang=\"ES-MX\" data-contrast=\"auto\"><span class=\"NormalTextRun BCX2 SCXW175153018\"> ejemplos, uno que uso es si la informaci\u00f3n, solita, modificara el comportamiento<\/span><\/span><span class=\"TextRun Highlight BCX2 SCXW175153018\" lang=\"ES-MX\" xml:lang=\"ES-MX\" data-contrast=\"auto\"><span class=\"NormalTextRun BCX2 SCXW175153018\">, en todo el mundo no habr\u00eda un solo m\u00e9dico que fumara. Obviamente no es as\u00ed, la informaci\u00f3n por s\u00ed sola no cambia la conducta<\/span><\/span><span class=\"TextRun Highlight BCX2 SCXW175153018\" lang=\"ES-MX\" xml:lang=\"ES-MX\" data-contrast=\"auto\"><span class=\"NormalTextRun BCX2 SCXW175153018\">. <\/span><\/span><span class=\"TextRun Highlight BCX2 SCXW175153018\" lang=\"ES-MX\" xml:lang=\"ES-MX\" data-contrast=\"auto\"><span class=\"NormalTextRun BCX2 SCXW175153018\">La actitud solita no se convierte en comportamiento, \u00e9ste requiere cambiar condiciones<\/span><\/span><span class=\"TextRun Highlight BCX2 SCXW175153018\" lang=\"ES-MX\" xml:lang=\"ES-MX\" data-contrast=\"auto\"><span class=\"NormalTextRun BCX2 SCXW175153018\">\u201d<\/span><\/span><\/p><\/blockquote>\n<p><b><i><span data-contrast=\"auto\">Karina de la Paz Reyes D\u00edaz<\/span><\/i><\/b><span data-ccp-props=\"{}\">\u00a0<\/span><\/p>\n<p><b><i><span data-contrast=\"auto\">11\/05\/2020, Xalapa, <\/span><\/i><\/b><b><i><span data-contrast=\"auto\">Ver.-<\/span><\/i><\/b> <span data-contrast=\"auto\">La segunda<\/span> <span data-contrast=\"auto\">edici\u00f3n de<\/span><span data-contrast=\"auto\">l<\/span><span data-contrast=\"auto\"> Foro <\/span><span data-contrast=\"auto\">V<\/span><span data-contrast=\"auto\">irtual <\/span><span data-contrast=\"auto\">\u201c<\/span><span data-contrast=\"auto\">Tetraedro. Un an\u00e1lisis cr\u00edtico y multidimensional sobre la pandemia<\/span><span data-contrast=\"auto\">\u201d<\/span><span data-contrast=\"auto\">, que aloja la <a href=\"https:\/\/www.uv.mx\/investigacion\/\" target=\"_blank\" rel=\"noopener noreferrer\">Direcci\u00f3n General de Investigaciones<\/a> de la Universidad Veracruzana (UV), vers<\/span><span data-contrast=\"auto\">\u00f3 sobre la arista psicol\u00f3gica y estuvo a cargo de<\/span> <span data-contrast=\"auto\">Juan Jos\u00e9 S\u00e1nchez Sosa<\/span><span data-contrast=\"auto\">,<\/span> <span data-contrast=\"auto\">Profesor Em\u00e9rito de la Universidad Nacional Aut\u00f3noma de M\u00e9xico<\/span><span data-contrast=\"auto\"> (UNAM)<\/span><span data-contrast=\"auto\">.<\/span><span data-ccp-props=\"{}\">\u00a0<\/span><\/p>\n<p><span data-contrast=\"auto\">El t\u00edtulo de su presentaci\u00f3n fue \u201c<\/span><span data-contrast=\"auto\">El distanciamiento social y los trastornos psicol\u00f3gicos del encierro\u201d<\/span><span data-contrast=\"auto\">. <\/span><span data-contrast=\"auto\">En ese marco, el <\/span><span data-contrast=\"auto\">miembro del Sistema <\/span><span data-contrast=\"auto\">Nacional <\/span><span data-contrast=\"auto\">de <\/span><span data-contrast=\"auto\">Investigador<\/span><span data-contrast=\"auto\">es<\/span><span data-contrast=\"auto\"> Nivel III<\/span><span data-contrast=\"auto\"> enlist\u00f3 criterios<\/span><span data-contrast=\"auto\"> de<\/span> <span data-contrast=\"auto\">anormalidad <\/span><span data-contrast=\"auto\">del comportamiento humano<\/span><span data-contrast=\"auto\"> y tambi\u00e9n<\/span><span data-contrast=\"auto\"> componentes<\/span><span data-contrast=\"auto\">, uno de ellos fue el psicosom\u00e1tico.<\/span><span data-ccp-props=\"{}\">\u00a0<\/span><\/p>\n<p><span data-contrast=\"auto\">\u201c<\/span><span data-contrast=\"auto\">Hace <\/span><span data-contrast=\"auto\">40<\/span><span data-contrast=\"auto\"> o <\/span><span data-contrast=\"auto\">50<\/span><span data-contrast=\"auto\"> a\u00f1os no <\/span><span data-contrast=\"auto\">conoc\u00edamos los mecanismos que hac\u00edan que un estr\u00e9s sostenido<\/span><span data-contrast=\"auto\">, mal manejado, se convirtiera en una gripa o un tumor; no quiere decir que los cau<\/span><span data-contrast=\"auto\">s<\/span><span data-contrast=\"auto\">e, <\/span><span data-contrast=\"auto\">sino que ocasiona estados <\/span><span data-contrast=\"auto\">psicofisiol\u00f3gicos<\/span> <span data-contrast=\"auto\">que interact\u00faan con propensiones heredadas, con historias org\u00e1nicas<\/span><span data-contrast=\"auto\"> \u2013<\/span><span data-contrast=\"auto\">de nutrici\u00f3n, salud, entre otras.<\/span><span data-contrast=\"auto\">\u201d<\/span><span data-ccp-props=\"{}\">\u00a0<\/span><\/p>\n<p><span data-contrast=\"auto\">Para \u00e9l, <\/span><span data-contrast=\"auto\">lo <\/span><span data-contrast=\"auto\">que se ha denominado estr\u00e9s<\/span><span data-contrast=\"auto\"> \u2013<\/span><span data-contrast=\"auto\">y que se <\/span><span data-contrast=\"auto\">remonta<\/span><span data-contrast=\"auto\"> hasta los <\/span><span data-contrast=\"auto\">tiempos de <\/span><span data-contrast=\"auto\">Hans Se<\/span><span data-contrast=\"auto\">lye<\/span><span data-contrast=\"auto\">,<\/span><span data-contrast=\"auto\"> el primero que lo propuso<\/span><span data-contrast=\"auto\">\u2013<\/span><span data-contrast=\"auto\"> se parece en <\/span><span data-contrast=\"auto\">todo<\/span><span data-contrast=\"auto\"> a lo que actualmente se vive. <\/span><span data-contrast=\"auto\">\u201cEstamos viviendo una situaci\u00f3n de tal naturaleza <\/span><span data-contrast=\"auto\">riesgosa, amenazante, <\/span><span data-contrast=\"auto\">que tenemos<\/span><span data-contrast=\"auto\"> que adaptarnos r\u00e1pido, \u00bfC\u00f3mo? <\/span><span data-contrast=\"auto\">En principio, tenemos acceso a lo que nos dicen <\/span><span data-contrast=\"auto\">los expertos <\/span><span data-contrast=\"auto\">\u2013<\/span><span data-contrast=\"auto\">no salir de casa, no tocarse la cara, lavarse las manos frecuentemente, <\/span><span data-contrast=\"auto\">entre otras\u201d.<\/span><span data-ccp-props=\"{}\">\u00a0<\/span><\/p>\n<p><span data-contrast=\"auto\">Sin embargo, los lineamientos no cubren la historia personal <\/span><span data-contrast=\"auto\">y sus antecede<\/span><span data-contrast=\"auto\">nte<\/span><span data-contrast=\"auto\">s, que <\/span><span data-contrast=\"auto\">nos <\/span><span data-contrast=\"auto\">colocan en un riesgo aumentado,<\/span><span data-contrast=\"auto\"> subray\u00f3 el<\/span> <span data-contrast=\"auto\">Doctor Honoris Causa por la Universidad de Ottawa<\/span><span data-contrast=\"auto\">.<\/span><span data-ccp-props=\"{}\">\u00a0<\/span><\/p>\n<p><span data-contrast=\"auto\">Uno de los ejemplos comentados fue e<\/span><span data-contrast=\"auto\">l <\/span><span data-contrast=\"auto\">de una persona que ya ten\u00eda problemas con el consumo de alcohol<\/span><span data-contrast=\"auto\"> o drogas<\/span> <span data-contrast=\"auto\">y<\/span><span data-contrast=\"auto\"> qu<\/span><span data-contrast=\"auto\">e,<\/span><span data-contrast=\"auto\"> bajo las condiciones de<\/span><span data-contrast=\"auto\"> esta pandemia<\/span><span data-contrast=\"auto\">,<\/span> <span data-contrast=\"auto\">lo <\/span><span data-contrast=\"auto\">increment<\/span><span data-contrast=\"auto\">a para<\/span><span data-contrast=\"auto\"> sentirse mejor.<\/span><span data-ccp-props=\"{}\">\u00a0<\/span><\/p>\n<p><span data-contrast=\"auto\">\u201cAh\u00ed entra la parte emocional<\/span><span data-contrast=\"auto\">: al sentirse mejor est\u00e1 m\u00e1s tranquilo y tiene la sensaci\u00f3n de que el riesgo ha aminorado. Ese es el problema de la confluencia <\/span><span data-contrast=\"auto\">de todas estas variables<\/span> <span data-contrast=\"auto\">\u2013<\/span><span data-contrast=\"auto\">emocional, cognitiv<\/span><span data-contrast=\"auto\">a<\/span><span data-contrast=\"auto\">, instrumental y psicosom\u00e1tic<\/span><span data-contrast=\"auto\">a<\/span><span data-contrast=\"auto\">. Si a m\u00ed me preguntaran <\/span><span data-contrast=\"auto\">cu\u00e1l de ellas predomina <\/span><span data-contrast=\"auto\">yo dir\u00eda <\/span><span data-contrast=\"auto\">que <\/span><span data-contrast=\"auto\">son componentes que se est\u00e1n afectando mutuamente<\/span><span data-contrast=\"auto\">,<\/span> <span data-contrast=\"auto\">todo el tiempo<\/span><span data-contrast=\"auto\">.<\/span><span data-contrast=\"auto\">\u201d<\/span><span data-ccp-props=\"{}\">\u00a0<\/span><\/p>\n<p><span data-contrast=\"auto\">La situaci\u00f3n demanda conductas que no<\/span> <span data-contrast=\"auto\">todas las personas tienen <\/span><span data-contrast=\"auto\">o <\/span><span data-contrast=\"auto\">son capaces de sostener<\/span><span data-contrast=\"auto\">. <\/span><span data-contrast=\"auto\">Por ello, no se reduce el riesgo, las infecciones y las muertes siguen aumentando<\/span><span data-contrast=\"auto\"> o por lo menos no disminuyen <\/span><span data-contrast=\"auto\">como<\/span><span data-contrast=\"auto\"> se espera. \u201cEsto es un resultado del comportamiento humano<\/span><span data-contrast=\"auto\">\u201d<\/span><span data-contrast=\"auto\">, remarc\u00f3.<\/span><span data-ccp-props=\"{}\">\u00a0<\/span><\/p>\n<p><span data-contrast=\"auto\">El <\/span><span data-contrast=\"auto\">Coordinador de la Maestr\u00eda en Medicina Conductual de la UNAM<\/span><span data-contrast=\"auto\">, <\/span><span data-contrast=\"auto\">recomend\u00f3<\/span><span data-contrast=\"auto\"> que <\/span><span data-contrast=\"auto\">en esta situaci\u00f3n<\/span><span data-contrast=\"auto\"> se debe<\/span> <span data-contrast=\"auto\">poner atenci\u00f3n a extremos <\/span><span data-contrast=\"auto\">de situaci\u00f3n emocional<\/span><span data-contrast=\"auto\">, en lo individual y con relaci\u00f3n a las personas con quienes se vive<\/span><span data-contrast=\"auto\">: enojo, <\/span><span data-contrast=\"auto\">tristeza, miedo.<\/span><span data-ccp-props=\"{}\">\u00a0<\/span><\/p>\n<p><span data-contrast=\"auto\">\u00a0\u201c<\/span><span data-contrast=\"auto\">El ser humano<\/span><span data-contrast=\"auto\"> pr\u00e1cticamente no est\u00e1 entrenado, en condiciones normales<\/span><span data-contrast=\"auto\">,<\/span><span data-contrast=\"auto\"> para ponerse atenci\u00f3n<\/span><span data-contrast=\"auto\">, no s<\/span><span data-contrast=\"auto\">\u00f3<\/span><span data-contrast=\"auto\">lo en la parte emocional\u201d<\/span><span data-contrast=\"auto\">, advirti\u00f3.<\/span><span data-ccp-props=\"{&quot;335559731&quot;:708}\">\u00a0<\/span><\/p>\n<p><span data-contrast=\"auto\">En opini\u00f3n<\/span><span data-contrast=\"auto\"> de <\/span><span data-contrast=\"auto\">Juan Jos\u00e9 S\u00e1nchez<\/span><span data-contrast=\"auto\">, <\/span><span data-contrast=\"auto\">con lo que actualmente sucede<\/span> <span data-contrast=\"auto\">se requieren <\/span><span data-contrast=\"auto\">destrezas <\/span><span data-contrast=\"auto\">de las <\/span><span data-contrast=\"auto\">que muchas personas carecen.<\/span> <span data-contrast=\"auto\">Por otro lado, aclar\u00f3 que <\/span><span data-contrast=\"auto\">son condiciones adicionales a la pandemia, <\/span><span data-contrast=\"auto\">circundantes, que complican las posibilidades reales de adaptaci\u00f3n psicol\u00f3gica<\/span><span data-contrast=\"auto\">.<\/span><span data-ccp-props=\"{}\">\u00a0<\/span><\/p>\n<p><span data-contrast=\"auto\">Tambi\u00e9n habl\u00f3 de la <\/span><span data-contrast=\"auto\">intersecci\u00f3n <\/span><span data-contrast=\"auto\">de<\/span><span data-contrast=\"auto\"> la psicolog\u00eda en la salud p\u00fablica<\/span><span data-contrast=\"auto\">. En ese <\/span><span data-contrast=\"auto\">sentido<\/span><span data-contrast=\"auto\">, <\/span><span data-contrast=\"auto\">subray\u00f3 la falta de campa\u00f1as preventivas de cuidado de la salud<\/span><span data-contrast=\"auto\">, en todos sus aspectos<\/span><span data-contrast=\"auto\">, <\/span><span data-contrast=\"auto\">con las cuales se puede<\/span><span data-contrast=\"auto\"> reducir <\/span><span data-contrast=\"auto\">la probabilidad de enfermarse.<\/span><span data-ccp-props=\"{}\">\u00a0<\/span><\/p>\n<p><span data-contrast=\"auto\">Las campa\u00f1as, dijo, ser\u00edan eficaces<\/span><span data-contrast=\"auto\"> si fueran <\/span><span data-contrast=\"auto\">permanentes y se renovaran constantemente<\/span><span data-contrast=\"auto\">, <\/span><span data-contrast=\"auto\">que<\/span><span data-contrast=\"auto\"> se<\/span><span data-contrast=\"auto\"> contemplaran <\/span><span data-contrast=\"auto\">desde los niveles iniciales de educaci\u00f3n<\/span><span data-contrast=\"auto\"> y <\/span><span data-contrast=\"auto\">como parte del curr\u00edculo<\/span><span data-contrast=\"auto\">, lo cual implicar\u00eda<\/span> <span data-contrast=\"auto\">que el<\/span><span data-contrast=\"auto\"> magisterio <\/span><span data-contrast=\"auto\">incluya los principales<\/span><span data-contrast=\"auto\"> comportamientos <\/span><span data-contrast=\"auto\">que protegen la salud<\/span><span data-contrast=\"auto\">.<\/span><span data-contrast=\"auto\"> Con<\/span><span data-contrast=\"auto\"> ellas <\/span><span data-contrast=\"auto\">prolongar<\/span><span data-contrast=\"auto\"> un periodo de <\/span><span data-contrast=\"auto\">prepatog\u00e9nesis<\/span><span data-contrast=\"auto\">, <\/span><span data-contrast=\"auto\">y morir en la<\/span><span data-contrast=\"auto\"> vejez<\/span><span data-contrast=\"auto\">,<\/span> <span data-contrast=\"auto\">con una enfermedad imposible del<\/span><span data-contrast=\"auto\"> controlar por ser hereditaria.<\/span><span data-ccp-props=\"{}\">\u00a0<\/span><\/p>\n<p><span data-contrast=\"auto\">\u201cEl conocimiento de los riesgos a la salud no basta<\/span><span data-contrast=\"auto\">. Hay mucho<\/span><span data-contrast=\"auto\">s<\/span><span data-contrast=\"auto\"> ejemplos, uno que uso es si la informaci\u00f3n, solita, modificara el comportamiento<\/span><span data-contrast=\"auto\">, en todo el mundo no habr\u00eda un solo m\u00e9dico que fumara. Obviamente no es as\u00ed, la informaci\u00f3n por s\u00ed sola no cambia la conducta<\/span><span data-contrast=\"auto\">. <\/span><span data-contrast=\"auto\">La actitud solita no se convierte en comportamiento, \u00e9ste requiere cambiar condiciones<\/span><span data-contrast=\"auto\">\u201d.<\/span><span data-ccp-props=\"{}\">\u00a0<\/span><\/p>\n<p><span data-contrast=\"auto\">Tetraedro es un foro para revisitar y discutir cr\u00edticamente, desde las dimensiones filos\u00f3fica, geopol\u00edtica, psicol\u00f3gica y biol\u00f3gica, la crisis que vivimos hoy a nivel global: la pandemia <\/span><span data-contrast=\"auto\">Covid<\/span><span data-contrast=\"auto\">&#8211;<\/span><span data-contrast=\"auto\">19<\/span><span data-contrast=\"auto\">.<\/span><span data-ccp-props=\"{&quot;335559731&quot;:708}\">\u00a0<\/span><\/p>\n<p><span data-contrast=\"auto\">Es<\/span><span data-contrast=\"auto\"> un programa coordinado y conducido por Alejandro Le\u00f3n, Investigador Titular en Ciencia del Comportamiento del Centro de Estudios e Investigaciones en Conocimiento y Aprendizaje Humano de la<\/span><span data-contrast=\"auto\"> UV.<\/span><span data-ccp-props=\"{&quot;335559731&quot;:708}\">\u00a0<\/span><\/p>\n<p><span data-contrast=\"auto\">Se desarrolla <\/span><span data-contrast=\"auto\">los jueves<\/span><span data-contrast=\"auto\">,<\/span> <span data-contrast=\"auto\">desde<\/span><span data-contrast=\"auto\"> el 30 de abril<\/span><span data-contrast=\"auto\">,<\/span> <span data-contrast=\"auto\">cuando<\/span><span data-contrast=\"auto\"> se analiz\u00f3 la<\/span> <span data-contrast=\"auto\">arista filos\u00f3fica<\/span><span data-contrast=\"auto\">;<\/span> <span data-contrast=\"auto\">la segunda sesi\u00f3n fue el <\/span><span data-contrast=\"auto\">7 de mayo<\/span> <span data-contrast=\"auto\">\u2013<\/span><span data-contrast=\"auto\">descrita l\u00edneas<\/span><span data-contrast=\"auto\"> arriba<\/span><span data-contrast=\"auto\">\u2013<\/span><span data-contrast=\"auto\"> y las siguientes dos ser\u00e1n el 14 y <\/span><span data-contrast=\"auto\">21 de mayo,<\/span> <span data-contrast=\"auto\">sobre <\/span><span data-contrast=\"auto\">la <\/span><span data-contrast=\"auto\">biolog\u00eda<\/span><span data-contrast=\"auto\">, y la<\/span><span data-contrast=\"auto\"> econ\u00f3mica y geopol\u00edtica<\/span><span data-contrast=\"auto\">, <\/span><span data-contrast=\"auto\">respectivamente.<\/span><span data-ccp-props=\"{&quot;335559731&quot;:708}\">\u00a0<\/span><\/p>\n<p><span data-contrast=\"auto\">Para ver las <\/span><span data-contrast=\"auto\">participaciones ya desarrolladas y las que est\u00e1n por venir consulte: <\/span><a href=\"https:\/\/www.uv.mx\/investigacion\/general\/covid-19-un-analisis-multidimensional\/\"><span data-contrast=\"none\">https:\/\/www.uv.mx\/investigacion\/general\/covid-19-un-analisis-multidimensional\/<\/span><\/a><span data-contrast=\"auto\">.<\/span><span data-ccp-props=\"{&quot;335559731&quot;:708}\">\u00a0<\/span><\/p>\n","protected":false},"excerpt":{"rendered":"<p>El Profesor Em\u00e9rito de la Universidad Nacional Aut\u00f3noma de M\u00e9xico particip\u00f3 en Tetraedro, foro virtual organizado por la UV, sobre la crisis generada por la pandemia de Covid-19<\/p>\n","protected":false},"author":1508,"featured_media":83591,"comment_status":"closed","ping_status":"closed","sticky":false,"template":"","format":"standard","meta":{"footnotes":""},"categories":[61],"tags":[],"class_list":["post-83589","post","type-post","status-publish","format-standard","has-post-thumbnail","hentry","category-banner"],"_links":{"self":[{"href":"https:\/\/www.uv.mx\/prensa\/wp-json\/wp\/v2\/posts\/83589","targetHints":{"allow":["GET"]}}],"collection":[{"href":"https:\/\/www.uv.mx\/prensa\/wp-json\/wp\/v2\/posts"}],"about":[{"href":"https:\/\/www.uv.mx\/prensa\/wp-json\/wp\/v2\/types\/post"}],"author":[{"embeddable":true,"href":"https:\/\/www.uv.mx\/prensa\/wp-json\/wp\/v2\/users\/1508"}],"replies":[{"embeddable":true,"href":"https:\/\/www.uv.mx\/prensa\/wp-json\/wp\/v2\/comments?post=83589"}],"version-history":[{"count":0,"href":"https:\/\/www.uv.mx\/prensa\/wp-json\/wp\/v2\/posts\/83589\/revisions"}],"wp:featuredmedia":[{"embeddable":true,"href":"https:\/\/www.uv.mx\/prensa\/wp-json\/wp\/v2\/media\/83591"}],"wp:attachment":[{"href":"https:\/\/www.uv.mx\/prensa\/wp-json\/wp\/v2\/media?parent=83589"}],"wp:term":[{"taxonomy":"category","embeddable":true,"href":"https:\/\/www.uv.mx\/prensa\/wp-json\/wp\/v2\/categories?post=83589"},{"taxonomy":"post_tag","embeddable":true,"href":"https:\/\/www.uv.mx\/prensa\/wp-json\/wp\/v2\/tags?post=83589"}],"curies":[{"name":"wp","href":"https:\/\/api.w.org\/{rel}","templated":true}]}}