{"id":83287,"date":"2020-05-03T07:55:23","date_gmt":"2020-05-03T12:55:23","guid":{"rendered":"https:\/\/www.uv.mx\/prensa\/?p=83287"},"modified":"2020-05-04T12:01:45","modified_gmt":"2020-05-04T17:01:45","slug":"comunidad-uv-apoya-campana-contra-agresiones-a-personal-de-salud","status":"publish","type":"post","link":"https:\/\/www.uv.mx\/prensa\/regiones\/poza-rica\/comunidad-uv-apoya-campana-contra-agresiones-a-personal-de-salud\/","title":{"rendered":"Comunidad UV apoya campa\u00f1a contra agresiones a personal de salud"},"content":{"rendered":"<ul>\n<li data-leveltext=\"\uf0b7\" data-font=\"Symbol\" data-listid=\"1\" data-aria-posinset=\"1\" data-aria-level=\"1\"><em>Se colocaron carteles en la Unidad de Ciencias de la Salud y la Vicerrector\u00eda de la regi\u00f3n Poza Rica-Tuxpan<\/em><\/li>\n<\/ul>\n<div id=\"attachment_83156\" style=\"width: 863px\" class=\"wp-caption aligncenter\"><a href=\"https:\/\/www.uv.mx\/prensa\/files\/2020\/04\/28042020-Enfermeria-2.jpg\"><img loading=\"lazy\" decoding=\"async\" aria-describedby=\"caption-attachment-83156\" class=\"size-full wp-image-83156\" src=\"https:\/\/www.uv.mx\/prensa\/files\/2020\/04\/28042020-Enfermeria-2.jpg\" alt=\"\" width=\"853\" height=\"480\" srcset=\"https:\/\/www.uv.mx\/prensa\/files\/2020\/04\/28042020-Enfermeria-2.jpg 853w, https:\/\/www.uv.mx\/prensa\/files\/2020\/04\/28042020-Enfermeria-2-300x169.jpg 300w, https:\/\/www.uv.mx\/prensa\/files\/2020\/04\/28042020-Enfermeria-2-768x432.jpg 768w\" sizes=\"auto, (max-width: 853px) 100vw, 853px\" \/><\/a><p id=\"caption-attachment-83156\" class=\"wp-caption-text\"><span class=\"TextRun SCXW243752843 BCX2\" lang=\"ES-419\" xml:lang=\"ES-419\" data-contrast=\"auto\"><span class=\"NormalTextRun SCXW243752843 BCX2\">E<\/span><\/span><span class=\"TextRun SCXW243752843 BCX2\" lang=\"ES-419\" xml:lang=\"ES-419\" data-contrast=\"auto\"><span class=\"NormalTextRun SCXW243752843 BCX2\">l personal de <\/span><\/span><span class=\"TextRun SCXW243752843 BCX2\" lang=\"ES-419\" xml:lang=\"ES-419\" data-contrast=\"auto\"><span class=\"NormalTextRun SCXW243752843 BCX2\">salud<\/span><\/span> <span class=\"TextRun SCXW243752843 BCX2\" lang=\"ES-419\" xml:lang=\"ES-419\" data-contrast=\"auto\"><span class=\"NormalTextRun SCXW243752843 BCX2\">no debe ser objeto de <\/span><\/span><span class=\"TextRun SCXW243752843 BCX2\" lang=\"ES-419\" xml:lang=\"ES-419\" data-contrast=\"auto\"><span class=\"NormalTextRun SCXW243752843 BCX2\">agresiones<\/span><\/span><\/p><\/div>\n<p><b><i><span data-contrast=\"auto\">Alma Celia San Mart\u00edn Cruz<\/span><\/i><\/b><span data-ccp-props=\"{&quot;201341983&quot;:0,&quot;335559739&quot;:160,&quot;335559740&quot;:240}\">\u00a0<\/span><\/p>\n<p><b><i><span data-contrast=\"auto\">03<\/span><\/i><\/b><b><i><span data-contrast=\"auto\">\/05\/20<\/span><\/i><\/b><b><i><span data-contrast=\"auto\">20, <\/span><\/i><\/b><b><i><span data-contrast=\"auto\">Poza Rica, Ver.- <\/span><\/i><\/b><span data-contrast=\"auto\">Fabiola Cruz N\u00fa\u00f1ez,<\/span><span data-contrast=\"auto\"> l\u00edder del <\/span><span data-contrast=\"auto\">c<\/span><span data-contrast=\"auto\">uerpo <\/span><span data-contrast=\"auto\">a<\/span><span data-contrast=\"auto\">cad\u00e9mico<\/span><span data-contrast=\"auto\"> (CA) Pr\u00e1cticas de Salud y Educaci\u00f3n, adscrito a<\/span><span data-contrast=\"auto\"> la <a href=\"https:\/\/www.uv.mx\/pozarica\/enfermeria\/\" target=\"_blank\" rel=\"noopener noreferrer\">Facultad de Enfermer\u00eda<\/a> de la Universidad <\/span><span data-contrast=\"auto\">Veracruzana (UV), <\/span><span data-contrast=\"auto\">dio a conocer que <\/span><span data-contrast=\"auto\">la <\/span><span data-contrast=\"auto\">campa\u00f1a <\/span><span data-contrast=\"auto\">en apoyo a<\/span><span data-contrast=\"auto\">l personal de <\/span><span data-contrast=\"auto\">salud<\/span> <span data-contrast=\"auto\">que trabaja para combatir la pandemia por Covid-19<\/span> <span data-contrast=\"auto\">ha sido bien recibida<\/span><span data-contrast=\"auto\"> por la comunidad de esta casa de estudios.<\/span><span data-ccp-props=\"{&quot;201341983&quot;:0,&quot;335551550&quot;:1,&quot;335551620&quot;:1,&quot;335559739&quot;:160,&quot;335559740&quot;:240}\">\u00a0<\/span><\/p>\n<p><span data-contrast=\"auto\">Inform\u00f3 <\/span><span data-contrast=\"auto\">que desde que el CA present\u00f3 la propuesta al vicerrector Jos\u00e9 Luis Alan\u00eds M\u00e9ndez, quien ofreci\u00f3 <\/span><span data-contrast=\"auto\">dar difusi\u00f3n a los materiales y apoyar en la edici\u00f3n de<\/span><span data-contrast=\"auto\"> un <\/span><span data-contrast=\"auto\">video<\/span><span data-contrast=\"auto\"> que aparecer\u00e1 pr\u00f3ximamente.<\/span><span data-ccp-props=\"{&quot;201341983&quot;:0,&quot;335559731&quot;:708,&quot;335559739&quot;:160,&quot;335559740&quot;:240}\">\u00a0<\/span><\/p>\n<p><span data-contrast=\"auto\">Asimismo, coment\u00f3 que <\/span><span data-contrast=\"auto\">ya se colocan <\/span><span data-contrast=\"auto\">carteles en la Unidad de Ciencias de la Salud y la Vicerrector\u00eda<\/span><span data-contrast=\"auto\">, para darle mayor <\/span><span data-contrast=\"auto\">visibilidad a los mensajes que<\/span><span data-contrast=\"auto\"> hacen hincapi\u00e9 en el<\/span><span data-contrast=\"auto\"> trabajo <\/span><span data-contrast=\"auto\">y contribuciones <\/span><span data-contrast=\"auto\">que realiza el<\/span><span data-contrast=\"auto\"> personal de salud<\/span><span data-contrast=\"auto\"> en estos momentos.<\/span><span data-ccp-props=\"{&quot;201341983&quot;:0,&quot;335559731&quot;:708,&quot;335559739&quot;:160,&quot;335559740&quot;:240}\">\u00a0<\/span><\/p>\n<p><span data-contrast=\"auto\">L<\/span><span data-contrast=\"auto\">a idea de <\/span><span data-contrast=\"auto\">esta <\/span><span data-contrast=\"auto\">campa\u00f1a<\/span><span data-contrast=\"auto\">, agreg\u00f3,<\/span><span data-contrast=\"auto\"> e<\/span><span data-contrast=\"auto\">s informar<\/span> <span data-contrast=\"auto\">a la poblaci\u00f3n <\/span><span data-contrast=\"auto\">que el personal de <\/span><span data-contrast=\"auto\">enfermer\u00eda est\u00e1<\/span><span data-contrast=\"auto\"> para cuidarles <\/span><span data-contrast=\"auto\">y atenderles <\/span><span data-contrast=\"auto\">cuando se requ<\/span><span data-contrast=\"auto\">iera <\/span><span data-contrast=\"auto\">y <\/span><span data-contrast=\"auto\">de la mejor manera posible.<\/span><span data-ccp-props=\"{&quot;201341983&quot;:0,&quot;335551550&quot;:1,&quot;335551620&quot;:1,&quot;335559731&quot;:708,&quot;335559739&quot;:160,&quot;335559740&quot;:240}\">\u00a0<\/span><\/p>\n<p><span data-contrast=\"auto\">\u201c<\/span><span data-contrast=\"auto\">N<\/span><span data-contrast=\"auto\">os dimos a la tarea de <\/span><span data-contrast=\"auto\">elaborar una serie de carteles y un vi<\/span><span data-contrast=\"auto\">deo que est\u00e1 por salir, co<\/span><span data-contrast=\"auto\">n la finalidad de erradicar <\/span><span data-contrast=\"auto\">la falsa idea de que estamos contaminados por estar en contacto con este tipo de <\/span><span data-contrast=\"auto\">pacientes.\u201d<\/span><span data-ccp-props=\"{&quot;201341983&quot;:0,&quot;335559731&quot;:708,&quot;335559739&quot;:160,&quot;335559740&quot;:240}\">\u00a0<\/span><\/p>\n<p><span data-contrast=\"auto\">Cruz N\u00fa\u00f1ez <\/span><span data-contrast=\"auto\">e<\/span><span data-contrast=\"auto\">xplic<\/span><span data-contrast=\"auto\">\u00f3<\/span> <span data-contrast=\"auto\">que algunas de las acad\u00e9micas de <\/span><span data-contrast=\"auto\">la<\/span><span data-contrast=\"auto\"> Facultad <\/span><span data-contrast=\"auto\">de Enfermer\u00eda <\/span><span data-contrast=\"auto\">tambi\u00e9n laboran en instituciones hospitalarias<\/span><span data-contrast=\"auto\">. E<\/span><span data-contrast=\"auto\">n estos momentos presta<\/span><span data-contrast=\"auto\">n<\/span><span data-contrast=\"auto\"> sus servicios<\/span> <span data-contrast=\"auto\">y pueden ser v\u00edctimas de agresiones por parte de la poblaci\u00f3n.<\/span><span data-ccp-props=\"{&quot;201341983&quot;:0,&quot;335559731&quot;:708,&quot;335559739&quot;:160,&quot;335559740&quot;:240}\">\u00a0<\/span><\/p>\n<p><span data-contrast=\"auto\">\u201c<\/span><span data-contrast=\"auto\">En nuestro caso<\/span><span data-contrast=\"auto\">,<\/span><span data-contrast=\"auto\"> las compa\u00f1eras no <\/span><span data-contrast=\"auto\">han sufrido agresiones directas;<\/span><span data-contrast=\"auto\"> desafortunadamente algunas personas hacen comentarios sobre ellas cuando portan su uniforme.<\/span><span data-contrast=\"auto\"> E<\/span><span data-contrast=\"auto\">s algo muy lamentable porque como especialistas de la salud est\u00e1n cumpliendo con su trabajo.<\/span><span data-contrast=\"auto\">\u201d<\/span><span data-ccp-props=\"{&quot;201341983&quot;:0,&quot;335559731&quot;:708,&quot;335559739&quot;:160,&quot;335559740&quot;:240}\">\u00a0<\/span><\/p>\n<p><span data-contrast=\"auto\">La entrevistada <\/span><span data-contrast=\"auto\">e<\/span><span data-contrast=\"auto\">xpres\u00f3 que la campa\u00f1a ya es<\/span><span data-contrast=\"auto\">t\u00e1 en redes<\/span><span data-contrast=\"auto\"> sociales y que <\/span><span data-contrast=\"auto\">esperan tener una <\/span><span data-contrast=\"auto\">buena respuesta de la poblaci\u00f3n.<\/span><span data-ccp-props=\"{&quot;201341983&quot;:0,&quot;335559731&quot;:708,&quot;335559739&quot;:160,&quot;335559740&quot;:240}\">\u00a0<\/span><\/p>\n<div id=\"attachment_83155\" style=\"width: 863px\" class=\"wp-caption aligncenter\"><a href=\"https:\/\/www.uv.mx\/prensa\/files\/2020\/04\/28042020-Enfermeria-3.jpg\"><img loading=\"lazy\" decoding=\"async\" aria-describedby=\"caption-attachment-83155\" class=\"size-full wp-image-83155\" src=\"https:\/\/www.uv.mx\/prensa\/files\/2020\/04\/28042020-Enfermeria-3.jpg\" alt=\"\" width=\"853\" height=\"480\" srcset=\"https:\/\/www.uv.mx\/prensa\/files\/2020\/04\/28042020-Enfermeria-3.jpg 853w, https:\/\/www.uv.mx\/prensa\/files\/2020\/04\/28042020-Enfermeria-3-300x169.jpg 300w, https:\/\/www.uv.mx\/prensa\/files\/2020\/04\/28042020-Enfermeria-3-768x432.jpg 768w\" sizes=\"auto, (max-width: 853px) 100vw, 853px\" \/><\/a><p id=\"caption-attachment-83155\" class=\"wp-caption-text\"><span data-contrast=\"auto\">L<\/span><span data-contrast=\"auto\">a finalidad <\/span><span data-contrast=\"auto\">es<\/span><span data-contrast=\"auto\"> erradicar la<\/span><span data-contrast=\"auto\"> idea de que el personal de salu est<\/span><span data-contrast=\"auto\">\u00e1 <\/span><span data-contrast=\"auto\">contaminado por tener contacto con <\/span><span data-contrast=\"auto\">pacientes<\/span><span data-contrast=\"auto\"> de Covid-19<\/span><span data-ccp-props=\"{&quot;201341983&quot;:0,&quot;335559739&quot;:160,&quot;335559740&quot;:240}\">\u00a0<\/span><\/p><\/div>\n","protected":false},"excerpt":{"rendered":"<p>El vicerrector de la regi\u00f3n Poza Rica-Tuxpan, Jos\u00e9 Luis Alan\u00eds M\u00e9ndez, ofreci\u00f3 dar difusi\u00f3n a los materiales generados por el cuerpo acad\u00e9mico Pr\u00e1cticas de Salud y Educaci\u00f3n, as\u00ed como apoyar la producci\u00f3n de un video<\/p>\n","protected":false},"author":1508,"featured_media":83156,"comment_status":"closed","ping_status":"closed","sticky":false,"template":"","format":"standard","meta":{"footnotes":""},"categories":[54],"tags":[],"class_list":["post-83287","post","type-post","status-publish","format-standard","has-post-thumbnail","hentry","category-poza-rica"],"_links":{"self":[{"href":"https:\/\/www.uv.mx\/prensa\/wp-json\/wp\/v2\/posts\/83287","targetHints":{"allow":["GET"]}}],"collection":[{"href":"https:\/\/www.uv.mx\/prensa\/wp-json\/wp\/v2\/posts"}],"about":[{"href":"https:\/\/www.uv.mx\/prensa\/wp-json\/wp\/v2\/types\/post"}],"author":[{"embeddable":true,"href":"https:\/\/www.uv.mx\/prensa\/wp-json\/wp\/v2\/users\/1508"}],"replies":[{"embeddable":true,"href":"https:\/\/www.uv.mx\/prensa\/wp-json\/wp\/v2\/comments?post=83287"}],"version-history":[{"count":0,"href":"https:\/\/www.uv.mx\/prensa\/wp-json\/wp\/v2\/posts\/83287\/revisions"}],"wp:featuredmedia":[{"embeddable":true,"href":"https:\/\/www.uv.mx\/prensa\/wp-json\/wp\/v2\/media\/83156"}],"wp:attachment":[{"href":"https:\/\/www.uv.mx\/prensa\/wp-json\/wp\/v2\/media?parent=83287"}],"wp:term":[{"taxonomy":"category","embeddable":true,"href":"https:\/\/www.uv.mx\/prensa\/wp-json\/wp\/v2\/categories?post=83287"},{"taxonomy":"post_tag","embeddable":true,"href":"https:\/\/www.uv.mx\/prensa\/wp-json\/wp\/v2\/tags?post=83287"}],"curies":[{"name":"wp","href":"https:\/\/api.w.org\/{rel}","templated":true}]}}