{"id":83271,"date":"2020-05-02T06:59:22","date_gmt":"2020-05-02T11:59:22","guid":{"rendered":"https:\/\/www.uv.mx\/prensa\/?p=83271"},"modified":"2020-05-02T09:47:18","modified_gmt":"2020-05-02T14:47:18","slug":"camas-capilares-de-cultivo-opcion-para-producir-hortalizas-en-casa","status":"publish","type":"post","link":"https:\/\/www.uv.mx\/prensa\/general\/camas-capilares-de-cultivo-opcion-para-producir-hortalizas-en-casa\/","title":{"rendered":"Camas capilares de cultivo, opci\u00f3n  para producir hortalizas en casa"},"content":{"rendered":"<ul>\n<li data-leveltext=\"\uf0b7\" data-font=\"Symbol\" data-listid=\"5\" data-aria-posinset=\"1\" data-aria-level=\"1\"><i><span data-contrast=\"auto\">Esta t\u00e9cnica agr\u00edcola permite producir hortalizas de hasta 40 cent\u00edmetros de tama\u00f1o en recipientes peque\u00f1os, con un ahorro significativo de agua respecto a los m\u00e9todos tradicionales<\/span><\/i><span data-ccp-props=\"{}\">\u00a0<\/span><\/li>\n<li data-leveltext=\"\uf0b7\" data-font=\"Symbol\" data-listid=\"5\" data-aria-posinset=\"2\" data-aria-level=\"1\"><i><span data-contrast=\"auto\">El proyecto Siembra UV ofrece asesor\u00eda al respecto<\/span><\/i><span data-ccp-props=\"{}\">\u00a0<\/span><\/li>\n<\/ul>\n<div id=\"attachment_83272\" style=\"width: 732px\" class=\"wp-caption aligncenter\"><a href=\"https:\/\/www.uv.mx\/prensa\/files\/2020\/05\/280420-Camas-capilares-de-cultivo-1.jpg\"><img aria-describedby=\"caption-attachment-83272\" decoding=\"async\" loading=\"lazy\" class=\"size-full wp-image-83272\" src=\"https:\/\/www.uv.mx\/prensa\/files\/2020\/05\/280420-Camas-capilares-de-cultivo-1.jpg\" alt=\"\" width=\"722\" height=\"481\" srcset=\"https:\/\/www.uv.mx\/prensa\/files\/2020\/05\/280420-Camas-capilares-de-cultivo-1.jpg 722w, https:\/\/www.uv.mx\/prensa\/files\/2020\/05\/280420-Camas-capilares-de-cultivo-1-300x200.jpg 300w\" sizes=\"(max-width: 722px) 100vw, 722px\" \/><\/a><p id=\"caption-attachment-83272\" class=\"wp-caption-text\">En las camas capilares de cultivo se pueden sembrar gran variedad de hortalizas<\/p><\/div>\n<p><b><i><span data-contrast=\"auto\">Carlos Hugo Hermida Rosales<\/span><\/i><\/b><span data-ccp-props=\"{}\">\u00a0<\/span><\/p>\n<p><b><i><span data-contrast=\"auto\">02<\/span><\/i><\/b><b><i><span data-contrast=\"auto\">\/05\/<\/span><\/i><\/b><b><i><span data-contrast=\"auto\">2020<\/span><\/i><\/b><b><i><span data-contrast=\"auto\">,<\/span><\/i><\/b> <b><i><span data-contrast=\"auto\">Xalapa, Ver.<\/span><\/i><\/b> <span data-contrast=\"auto\">Citlali<\/span><span data-contrast=\"auto\"> Aguilera Lira<\/span><span data-contrast=\"auto\">, coordinadora del proyecto Siembra<\/span> <span data-contrast=\"auto\">UV <\/span><span data-contrast=\"auto\">\u201cE<\/span><span data-contrast=\"auto\">ducaci\u00f3n y comunicaci\u00f3n para la sustentabilidad\u201d<\/span> <span data-contrast=\"auto\">de la Universidad Veracruzana (UV), <\/span><span data-contrast=\"auto\">explic\u00f3 c\u00f3mo crear camas capilares de cultivo caseras<\/span><span data-contrast=\"auto\">, en una pl\u00e1tica virtual que ofreci\u00f3 <\/span><span data-contrast=\"auto\">el 27 de abril a trav\u00e9s de la <\/span><span data-contrast=\"auto\">p\u00e1gina de <\/span><i><span data-contrast=\"auto\">Facebook<\/span><\/i> <span data-contrast=\"auto\">de la <\/span><a href=\"https:\/\/www.facebook.com\/sustentabilidaduv\/\" target=\"_blank\" rel=\"noopener noreferrer\"><span data-contrast=\"none\">Coordinaci\u00f3n Universitaria para la Sustentabilidad (<em>CoSustenta<\/em>)<\/span><\/a><span data-contrast=\"auto\">.<\/span><span data-ccp-props=\"{}\">\u00a0<\/span><\/p>\n<p><span data-contrast=\"auto\">Citlali<\/span><span data-contrast=\"auto\"> Aguilera<\/span> <span data-contrast=\"auto\">mencion\u00f3 que las camas <\/span><span data-contrast=\"auto\">capilares de cultivo manejan<\/span><span data-contrast=\"auto\"> una t\u00e9cnica agr\u00edcola que permite ahorrar desde un 40<\/span><span data-contrast=\"auto\"> hasta un 60 por ciento de agua<\/span><span data-contrast=\"auto\"> en la producci\u00f3n de hortalizas.\u00a0<\/span><span data-ccp-props=\"{&quot;335559731&quot;:708}\">\u00a0<\/span><\/p>\n<p><span data-contrast=\"auto\">Destac\u00f3 que el 70 por ciento del agua dulce se destina a la agricultura a nivel mundial, por lo que ante la crisis h\u00eddrica que atraviesa el planeta<\/span> <span data-contrast=\"auto\">se debe usar una forma de producir alimentos<\/span><span data-contrast=\"auto\"> en la<\/span><span data-contrast=\"auto\"> que <\/span><span data-contrast=\"auto\">se <\/span><span data-contrast=\"auto\">ahorre <\/span><span data-contrast=\"auto\">tal <\/span><span data-contrast=\"auto\">l\u00edquido.\u00a0<\/span><span data-ccp-props=\"{&quot;335559731&quot;:708}\">\u00a0<\/span><\/p>\n<p><span data-contrast=\"auto\">Explic\u00f3 que para realizar una cama capilar de cultivo casera se requiere de un recipiente impermeable que <\/span><span data-contrast=\"auto\">a\u00edsle la tierra que contiene<\/span><span data-contrast=\"auto\"> del entorno, funci\u00f3n que un gal\u00f3n de <\/span><span data-contrast=\"auto\">pl\u00e1stico reciclado con capacidad de <\/span><span data-contrast=\"auto\">cinco <\/span><span data-contrast=\"auto\">o 10 litros cumple perfectamente.\u00a0<\/span><span data-ccp-props=\"{&quot;335559731&quot;:708}\">\u00a0<\/span><\/p>\n<p><span data-contrast=\"auto\">Este recipiente debe contener una cama de gravilla, sobre la que se pondr\u00e1 una capa de tierra<\/span><span data-contrast=\"auto\"> en la que se siembra la planta<\/span><span data-contrast=\"auto\">; la gravilla ser\u00e1 atravesada por un tubo de PVC que <\/span><span data-contrast=\"auto\">se encargar\u00e1 <\/span><span data-contrast=\"auto\">de distribuir el agua, que es suministrada por una botella peque\u00f1a de pl\u00e1stico usada.\u00a0<\/span><span data-ccp-props=\"{&quot;335559731&quot;:708}\">\u00a0<\/span><\/p>\n<p><span data-contrast=\"auto\">Citlali<\/span><span data-contrast=\"auto\"> Aguilera<\/span> <span data-contrast=\"auto\">coment\u00f3 que cuando sembramos<\/span> <span data-contrast=\"auto\">plantas en la tierra o en macetas se pierde mucha agua al regarlas debido a la filtraci\u00f3n, por lo que las camas <\/span><span data-contrast=\"auto\">capilares de cultivo<\/span><span data-contrast=\"auto\"> son una excelente<\/span><span data-contrast=\"auto\"> opci\u00f3n para ahorrarla, ya que \u00e9<\/span><span data-contrast=\"auto\">sta siempre se encuentra regulada.<\/span><span data-ccp-props=\"{&quot;335559731&quot;:708}\">\u00a0<\/span><\/p>\n<p><span data-contrast=\"auto\">Dentro de esta t\u00e9cnica el agua asciende desde el tubo<\/span><span data-contrast=\"auto\"> introducido en la gravilla<\/span><span data-contrast=\"auto\"> hasta la planta gracias a la capilaridad, propiedad f\u00edsica <\/span><span data-contrast=\"auto\">de los l\u00edquidos <\/span><span data-contrast=\"auto\">que le<\/span><span data-contrast=\"auto\">s<\/span><span data-contrast=\"auto\"> permite avanzar a trav\u00e9s de un canal min\u00fasculo<\/span> <span data-contrast=\"auto\">siempre y cuando entre en contacto con sus paredes y <\/span><span data-contrast=\"auto\">\u00e9stas<\/span><span data-contrast=\"auto\"> se encuentren lo suficientemente juntas.\u00a0<\/span><span data-ccp-props=\"{&quot;335559731&quot;:708}\">\u00a0<\/span><\/p>\n<p><span data-contrast=\"auto\">Detall\u00f3 que los galones de <\/span><span data-contrast=\"auto\">cinco<\/span><span data-contrast=\"auto\"> y 10 litro sirven para sembrar hortalizas de hasta 40 cent\u00edmetros de altura como acelgas, espinacas y diversas hierbas arom\u00e1ticas<\/span><span data-contrast=\"auto\">,<\/span><span data-contrast=\"auto\"> entre otras.\u00a0<\/span><span data-ccp-props=\"{&quot;335559731&quot;:708}\">\u00a0<\/span><\/p>\n<p><span data-contrast=\"auto\">Enfatiz\u00f3 que el cultivo de hortalizas en casa requier<\/span><span data-contrast=\"auto\">e de mucha creatividad, ya que \u00e9<\/span><span data-contrast=\"auto\">sta ser\u00e1 indispensable al momento de enfrentar los retos que esta actividad implica, y <\/span><span data-contrast=\"auto\">para <\/span><span data-contrast=\"auto\">resolver las dudas que surgen.<\/span><span data-contrast=\"auto\">\u00a0<\/span><span data-ccp-props=\"{&quot;335559731&quot;:708}\">\u00a0<\/span><\/p>\n<p><span data-contrast=\"auto\">Mencion\u00f3 que <\/span><span data-contrast=\"auto\">quien desee crear camas capilares de cultivo en su hogar, puede pedir asesor\u00eda a trav\u00e9s del <em>Facebook<\/em> de <\/span><a href=\"https:\/\/www.facebook.com\/siembrauv\/\" target=\"_blank\" rel=\"noopener noreferrer\"><span data-contrast=\"none\">Sie<\/span><span data-contrast=\"none\">m<\/span><span data-contrast=\"none\">bra UV<\/span><\/a><span data-contrast=\"auto\">.<\/span><span data-ccp-props=\"{&quot;335559731&quot;:708}\">\u00a0<\/span><\/p>\n<div id=\"attachment_79654\" style=\"width: 732px\" class=\"wp-caption aligncenter\"><a href=\"https:\/\/www.uv.mx\/prensa\/files\/2020\/01\/280120-CO2-100k.jpg\"><img aria-describedby=\"caption-attachment-79654\" decoding=\"async\" loading=\"lazy\" class=\"size-full wp-image-79654\" src=\"https:\/\/www.uv.mx\/prensa\/files\/2020\/01\/280120-CO2-100k.jpg\" alt=\"Citlali Aguilera Lira\" width=\"722\" height=\"509\" srcset=\"https:\/\/www.uv.mx\/prensa\/files\/2020\/01\/280120-CO2-100k.jpg 722w, https:\/\/www.uv.mx\/prensa\/files\/2020\/01\/280120-CO2-100k-300x211.jpg 300w\" sizes=\"(max-width: 722px) 100vw, 722px\" \/><\/a><p id=\"caption-attachment-79654\" class=\"wp-caption-text\">Citlali Aguilera Lira<\/p><\/div>\n","protected":false},"excerpt":{"rendered":"<p>Ante la crisis h\u00eddrica que atraviesa el planeta, se debe usar una forma de producir alimentos en la que se ahorre agua, sugiri\u00f3 Citlali Aguilera, de Siembra UV<\/p>\n","protected":false},"author":1508,"featured_media":83272,"comment_status":"closed","ping_status":"closed","sticky":false,"template":"","format":"standard","meta":[],"categories":[1],"tags":[],"_links":{"self":[{"href":"https:\/\/www.uv.mx\/prensa\/wp-json\/wp\/v2\/posts\/83271"}],"collection":[{"href":"https:\/\/www.uv.mx\/prensa\/wp-json\/wp\/v2\/posts"}],"about":[{"href":"https:\/\/www.uv.mx\/prensa\/wp-json\/wp\/v2\/types\/post"}],"author":[{"embeddable":true,"href":"https:\/\/www.uv.mx\/prensa\/wp-json\/wp\/v2\/users\/1508"}],"replies":[{"embeddable":true,"href":"https:\/\/www.uv.mx\/prensa\/wp-json\/wp\/v2\/comments?post=83271"}],"version-history":[{"count":0,"href":"https:\/\/www.uv.mx\/prensa\/wp-json\/wp\/v2\/posts\/83271\/revisions"}],"wp:featuredmedia":[{"embeddable":true,"href":"https:\/\/www.uv.mx\/prensa\/wp-json\/wp\/v2\/media\/83272"}],"wp:attachment":[{"href":"https:\/\/www.uv.mx\/prensa\/wp-json\/wp\/v2\/media?parent=83271"}],"wp:term":[{"taxonomy":"category","embeddable":true,"href":"https:\/\/www.uv.mx\/prensa\/wp-json\/wp\/v2\/categories?post=83271"},{"taxonomy":"post_tag","embeddable":true,"href":"https:\/\/www.uv.mx\/prensa\/wp-json\/wp\/v2\/tags?post=83271"}],"curies":[{"name":"wp","href":"https:\/\/api.w.org\/{rel}","templated":true}]}}