{"id":83228,"date":"2020-05-01T08:00:31","date_gmt":"2020-05-01T13:00:31","guid":{"rendered":"https:\/\/www.uv.mx\/prensa\/?p=83228"},"modified":"2020-05-04T12:27:51","modified_gmt":"2020-05-04T17:27:51","slug":"tras-pandemia-intereses-economicos-nos-retornaran-a-la-cotidianidad","status":"publish","type":"post","link":"https:\/\/www.uv.mx\/prensa\/banner\/tras-pandemia-intereses-economicos-nos-retornaran-a-la-cotidianidad\/","title":{"rendered":"Tras pandemia, intereses econ\u00f3micos nos retornar\u00e1n a la cotidianidad\u00a0"},"content":{"rendered":"<ul>\n<li data-leveltext=\"\uf0b7\" data-font=\"Symbol\" data-listid=\"1\" data-aria-posinset=\"1\" data-aria-level=\"1\"><i><span data-contrast=\"auto\">Expres\u00f3 Pedro Pablo Guti\u00e9rrez Gonz\u00e1lez, profesor titular de la Facultad de Ciencias Sociales de la Universidad de Vigo<\/span><\/i><span data-ccp-props=\"{&quot;134233279&quot;:true,&quot;201341983&quot;:0,&quot;335559739&quot;:160,&quot;335559740&quot;:240}\">\u00a0<\/span><\/li>\n<li data-leveltext=\"\uf0b7\" data-font=\"Symbol\" data-listid=\"1\" data-aria-posinset=\"2\" data-aria-level=\"1\"><i><span data-contrast=\"auto\">El viernes 24 de abril imparti\u00f3 la ponencia \u201cNuevas claves para la informaci\u00f3n ambiental\u201d<\/span><\/i><i><span data-contrast=\"auto\">, en <\/span><\/i><i><span data-contrast=\"auto\">el Seminario Internacional \u201cIntegraci\u00f3n de lo ambiental en las pol\u00edticas de recuperaci\u00f3n tras el Covid-19\u201d<\/span><\/i><span data-ccp-props=\"{&quot;134233279&quot;:true,&quot;201341983&quot;:0,&quot;335559739&quot;:160,&quot;335559740&quot;:240}\"><br \/>\n<\/span><\/li>\n<\/ul>\n<div id=\"attachment_83226\" style=\"width: 732px\" class=\"wp-caption aligncenter\"><a href=\"https:\/\/www.uv.mx\/prensa\/files\/2020\/04\/270420-COMUNICACION-AMBIENTAL.jpg\"><img loading=\"lazy\" decoding=\"async\" aria-describedby=\"caption-attachment-83226\" class=\"size-full wp-image-83226\" src=\"https:\/\/www.uv.mx\/prensa\/files\/2020\/04\/270420-COMUNICACION-AMBIENTAL.jpg\" alt=\"\" width=\"722\" height=\"482\" srcset=\"https:\/\/www.uv.mx\/prensa\/files\/2020\/04\/270420-COMUNICACION-AMBIENTAL.jpg 722w, https:\/\/www.uv.mx\/prensa\/files\/2020\/04\/270420-COMUNICACION-AMBIENTAL-300x200.jpg 300w\" sizes=\"auto, (max-width: 722px) 100vw, 722px\" \/><\/a><p id=\"caption-attachment-83226\" class=\"wp-caption-text\">Pedro Pablo Guti\u00e9rrez Gonz\u00e1lez, profesor titular en la Facultad de Ciencias Sociales de la Universidad de Vigo, Espa\u00f1a<\/p><\/div>\n<p><b><i><span data-contrast=\"auto\">Claudia Peralta V\u00e1zquez<\/span><\/i><\/b><span data-ccp-props=\"{&quot;201341983&quot;:0,&quot;335559739&quot;:160,&quot;335559740&quot;:240}\">\u00a0<\/span><\/p>\n<p><b><i><span data-contrast=\"auto\">01<\/span><\/i><\/b><b><i><span data-contrast=\"auto\">\/<\/span><\/i><\/b><b><i><span data-contrast=\"auto\">0<\/span><\/i><\/b><b><i><span data-contrast=\"auto\">5<\/span><\/i><\/b><b><i><span data-contrast=\"auto\">\/<\/span><\/i><\/b><b><i><span data-contrast=\"auto\">20<\/span><\/i><\/b><b><i><span data-contrast=\"auto\">20<\/span><\/i><\/b><b><i><span data-contrast=\"auto\">, Xalapa, Ver.- <\/span><\/i><\/b><span data-contrast=\"auto\">Pedro Pablo Guti\u00e9rrez Gonz\u00e1lez<\/span><span data-contrast=\"auto\">, <\/span><span data-contrast=\"auto\">profesor titular en la Facultad de Ciencias Sociales de la Universidad de Vigo, <\/span><span data-contrast=\"auto\">habl\u00f3 de<\/span> <span data-contrast=\"auto\">la recuperaci\u00f3n de la naturaleza y <\/span><span data-contrast=\"auto\">los cambios ambientales ocurridos en el planeta <\/span><span data-contrast=\"auto\">debido al paro de actividades por la actual pandemia<\/span><span data-contrast=\"auto\"> y<\/span><span data-contrast=\"auto\"> descart\u00f3 que<\/span><span data-contrast=\"auto\"> despu\u00e9s de este periodo<\/span><span data-contrast=\"auto\"> llegue a hacer<\/span><span data-contrast=\"auto\">se<\/span><span data-contrast=\"auto\"> algo por protegerla y preservarla, <\/span><span data-contrast=\"auto\">porque tarde o temprano los intereses econ\u00f3micos volver\u00e1n a arrastrarnos a la vor\u00e1gine de la vida cotidiana.<\/span><span data-ccp-props=\"{&quot;201341983&quot;:0,&quot;335559739&quot;:160,&quot;335559740&quot;:240}\">\u00a0<\/span><\/p>\n<p><span data-contrast=\"auto\">El 24 de abril, el <\/span><span data-contrast=\"auto\">D<\/span><span data-contrast=\"auto\">octor en Ciencias de la Informaci\u00f3n imparti\u00f3 la videoconferencia \u201cNuevas claves para la informaci\u00f3n ambiental\u201d, en el marco del <\/span><span data-contrast=\"auto\">Seminario Internacional \u201cIntegraci\u00f3n de lo ambiental en las pol\u00edticas de recuperaci\u00f3n tras el Covid-19\u201d<\/span><span data-contrast=\"auto\">.<\/span><span data-ccp-props=\"{&quot;201341983&quot;:0,&quot;335559739&quot;:160,&quot;335559740&quot;:240}\">\u00a0<\/span><\/p>\n<p><span data-contrast=\"auto\">En <\/span><span data-contrast=\"auto\">la segunda semana de actividades del <\/span><span data-contrast=\"auto\">foro organizado <\/span><span data-contrast=\"auto\">por el cuerpo acad\u00e9mico (CA) <a href=\"https:\/\/www.uv.mx\/cq\/gestion-y-politicas-publicas-ambientales\/\" target=\"_blank\" rel=\"noopener noreferrer\">Gesti\u00f3n y Pol\u00edticas P\u00fablicas Ambientales<\/a><\/span><span data-contrast=\"auto\">, <\/span><span data-contrast=\"auto\">destac\u00f3<\/span><span data-contrast=\"auto\"> lo f\u00e1cil que la naturaleza ha recuperado su territorio ante la contingencia que mantiene en <\/span><span data-contrast=\"auto\">cuarentena a la especie humana.<\/span><span data-ccp-props=\"{&quot;201341983&quot;:0,&quot;335559739&quot;:160,&quot;335559740&quot;:240}\">\u00a0<\/span><\/p>\n<p><span data-contrast=\"auto\">\u201cS<\/span><span data-contrast=\"auto\">e ha vuelto m\u00e1s confiada, hemos visto lo f\u00e1cil que perdona todo el da\u00f1o que le hemos hecho<\/span><span data-contrast=\"auto\">\u201d, dijo el profesor universitario<\/span><span data-contrast=\"auto\">,<\/span><span data-contrast=\"auto\"> quien asegur\u00f3 que tras este fen\u00f3meno no pasar\u00e1 nada<\/span><span data-contrast=\"auto\"> pues ser\u00e1 como un nuevo a\u00f1o de prop\u00f3sitos que no se cumplir\u00e1n.<\/span><span data-ccp-props=\"{&quot;201341983&quot;:0,&quot;335559731&quot;:708,&quot;335559739&quot;:160,&quot;335559740&quot;:240}\">\u00a0<\/span><\/p>\n<p><span data-contrast=\"auto\">De<\/span><span data-contrast=\"auto\"> este modo<\/span><span data-contrast=\"auto\">,<\/span> <span data-contrast=\"auto\">declar\u00f3 que la comunicaci\u00f3<\/span><span data-contrast=\"auto\">n ambiental y la pol\u00edtica medio<\/span><span data-contrast=\"auto\">ambiental <\/span><span data-contrast=\"auto\">en alg\u00fan momento deber\u00e1n fundirse, trabajar y caminar juntas, no <\/span><span data-contrast=\"auto\">una<\/span><span data-contrast=\"auto\"> primero y la otra despu\u00e9s<\/span><span data-contrast=\"auto\">. La<\/span><span data-contrast=\"auto\"> primera <\/span><span data-contrast=\"auto\">plantea actuaciones<\/span><span data-contrast=\"auto\">, mientras que la segunda, <\/span><span data-contrast=\"auto\">las<\/span><span data-contrast=\"auto\"> cuenta y<\/span><span data-contrast=\"auto\"> difunde<\/span><span data-contrast=\"auto\">.<\/span><span data-ccp-props=\"{&quot;201341983&quot;:0,&quot;335559731&quot;:708,&quot;335559739&quot;:160,&quot;335559740&quot;:240}\">\u00a0<\/span><\/p>\n<p><span data-contrast=\"auto\">El especialista en educaci\u00f3n ambiental reconoci\u00f3 que el campo de actividades relacionado con el medio ambiente se ha convertido en <\/span><span data-contrast=\"auto\">un espacio inabarcable que se diversifica interminablemente y, a cada paso, se encuentra con un nuevo frente que defender.<\/span><span data-ccp-props=\"{&quot;201341983&quot;:0,&quot;335559731&quot;:708,&quot;335559739&quot;:160,&quot;335559740&quot;:240}\">\u00a0<\/span><\/p>\n<p><span data-contrast=\"auto\">Es decir, se ha elevado la importancia de la comunicaci\u00f3n a una categor\u00eda imprescindible, en una disciplina cuyo objetivo fundamental ha de ser la concienciaci\u00f3n de la sociedad para poder obtener resultados eficaces y sostenibles.<\/span><span data-ccp-props=\"{&quot;201341983&quot;:0,&quot;335559739&quot;:160,&quot;335559740&quot;:240}\">\u00a0<\/span><\/p>\n<p><span data-contrast=\"auto\">Seguramente lo es en todos los campos, subray\u00f3, pero en el del medio ambiente aporta difusi\u00f3n, comprensi\u00f3n, concienciaci\u00f3n, demanda de colaboraci\u00f3n y, en ocasiones, la implementaci\u00f3n de medidas coercitivas sin las cuales no se puede ni pensar en su completo desarrollo.<\/span><span data-ccp-props=\"{&quot;201341983&quot;:0,&quot;335559731&quot;:708,&quot;335559739&quot;:160,&quot;335559740&quot;:240}\">\u00a0<\/span><\/p>\n<p><span data-contrast=\"auto\">Por esa raz\u00f3n, es dif\u00edcil encontrar una norma general de instrucciones, pues los m\u00faltiples casos y situaciones que se generan obligan a una constante renovaci\u00f3n de ideas y a un esfuerzo de creatividad superior del que se da a la publicidad del producto o de las organizaciones.<\/span><span data-ccp-props=\"{&quot;201341983&quot;:0,&quot;335559739&quot;:160,&quot;335559740&quot;:240}\">\u00a0<\/span><\/p>\n<p><span data-contrast=\"auto\">\u201cAl hablar de la comunicaci\u00f3n y el medio ambiente entramos en un campo donde los par\u00e1metros pr\u00e1cticamente se reinventan cada d\u00eda\u201d, expres\u00f3.<\/span><span data-ccp-props=\"{&quot;201341983&quot;:0,&quot;335559731&quot;:708,&quot;335559739&quot;:160,&quot;335559740&quot;:240}\">\u00a0<\/span><\/p>\n<p><span data-contrast=\"auto\">Asimismo, explic\u00f3 cinco campos espec\u00edficos en donde normalmente se desenv<\/span><span data-contrast=\"auto\">uelve la comunicaci\u00f3n ambiental<\/span><span data-contrast=\"auto\">: protecci\u00f3n de la naturaleza (deforestaci\u00f3n, incendios forestales, biodiversidad, suelo, espacios protegidos, flora);<\/span> <span data-contrast=\"auto\">agua (contaminaci\u00f3n de r\u00edos, mares, etc<\/span><span data-contrast=\"auto\">\u00e9tera<\/span><span data-contrast=\"auto\">); contaminaci\u00f3n (agr\u00edcola, ac\u00fastica, atmosf\u00e9rica, capa de ozono, efecto invernadero, cambio clim\u00e1tico, vertidos)<\/span><span data-contrast=\"auto\">.<\/span><span data-ccp-props=\"{&quot;201341983&quot;:0,&quot;335559731&quot;:708,&quot;335559739&quot;:160,&quot;335559740&quot;:240}\">\u00a0<\/span><\/p>\n<p><span data-contrast=\"auto\">A<\/span><span data-contrast=\"auto\">dem\u00e1s<\/span><span data-contrast=\"auto\">,<\/span> <span data-contrast=\"auto\">los<\/span><span data-contrast=\"auto\"> residuos (urbanos, t\u00f3xicos, atmosf\u00e9ricos, incineraci\u00f3n, reciclaje, vertederos); <\/span><span data-contrast=\"auto\">y <\/span><span data-contrast=\"auto\">desarrollo sostenible (turismo rural, problemas de poblaci\u00f3n, salud y educaci\u00f3n ambiental, desarrollo econ\u00f3mico<\/span><span data-contrast=\"auto\"> y<\/span><span data-contrast=\"auto\"> protecci\u00f3n del medio).<\/span><span data-ccp-props=\"{&quot;201341983&quot;:0,&quot;335559731&quot;:708,&quot;335559739&quot;:160,&quot;335559740&quot;:240}\">\u00a0<\/span><\/p>\n<p><span data-contrast=\"auto\">Otro<\/span><span data-contrast=\"auto\">s<\/span><span data-contrast=\"auto\"> campos importantes<\/span><span data-contrast=\"auto\"> son<\/span><span data-contrast=\"auto\">:<\/span><span data-contrast=\"auto\"> la <\/span><span data-contrast=\"auto\">investigaci\u00f3n, nuevas tecnolog\u00edas, energ\u00edas renovables, estudio de impacto ambiental<\/span><span data-contrast=\"auto\">,<\/span><span data-contrast=\"auto\"> y todo lo <\/span><span data-contrast=\"auto\">relacionado con <\/span><span data-contrast=\"auto\">la administraci\u00f3n ambiental<\/span><span data-contrast=\"auto\"> y<\/span><span data-contrast=\"auto\"> organizaciones ecologistas.<\/span><span data-ccp-props=\"{&quot;201341983&quot;:0,&quot;335559739&quot;:160,&quot;335559740&quot;:240}\">\u00a0<\/span><\/p>\n<p><span data-contrast=\"auto\">Aqu\u00ed, las empresa<\/span><span data-contrast=\"auto\">s<\/span><span data-contrast=\"auto\">, instituciones oficiales, sociedad civil y los comunicadores son los actores que intervienen<\/span><span data-contrast=\"auto\">; <\/span><span data-contrast=\"auto\">lo malo es que cada uno de estos campos necesitar\u00eda de un periodismo especializado, puntualiz\u00f3.<\/span><span data-ccp-props=\"{&quot;201341983&quot;:0,&quot;335559731&quot;:708,&quot;335559739&quot;:160,&quot;335559740&quot;:240}\">\u00a0<\/span><\/p>\n<p><span data-contrast=\"auto\">Desde <\/span><span data-contrast=\"auto\">toda <\/span><span data-contrast=\"auto\">es<\/span><span data-contrast=\"auto\">t<\/span><span data-contrast=\"auto\">a \u00f3ptica<\/span><span data-contrast=\"auto\">,<\/span><span data-contrast=\"auto\"> cit\u00f3 cinco nuevas claves para la informaci\u00f3n ambiental, mismas que d<\/span><span data-contrast=\"auto\">eber\u00e1n acompa\u00f1arse de pol\u00edticas <\/span><span data-contrast=\"auto\">p\u00fablicas <\/span><span data-contrast=\"auto\">que las propicien<\/span><span data-contrast=\"auto\">.<\/span><span data-ccp-props=\"{&quot;201341983&quot;:0,&quot;335559731&quot;:708,&quot;335559739&quot;:160,&quot;335559740&quot;:240}\">\u00a0<\/span><\/p>\n<p><span data-contrast=\"auto\">En primer t\u00e9rmino, <\/span><span data-contrast=\"auto\">coloc\u00f3<\/span><span data-contrast=\"auto\"> a las <\/span><span data-contrast=\"auto\">estrategias previas, pues muchas veces las empresas buscan a un comunicador cuando ya es demasiado tarde<\/span><span data-contrast=\"auto\">,<\/span><span data-contrast=\"auto\"> y tratan de minimizar los efectos negativos de su imagen tras haber sufrido una sanci\u00f3n por transgredir normas o por provocar da\u00f1os a la naturaleza.<\/span><span data-ccp-props=\"{&quot;201341983&quot;:0,&quot;335559731&quot;:708,&quot;335559739&quot;:160,&quot;335559740&quot;:240}\">\u00a0<\/span><\/p>\n<p><span data-contrast=\"auto\">Otra clave es la actitud de<\/span><span data-contrast=\"auto\">l<\/span><span data-contrast=\"auto\"> comunicador <\/span><span data-contrast=\"auto\">y, en este sentido, habl\u00f3 de la complicidad bajo la <\/span><span data-contrast=\"auto\">cual<\/span><span data-contrast=\"auto\"> se rigen los comunicadores, actitud que debe cambiarse por la de <\/span><span data-contrast=\"auto\">asesores ambientales<\/span><span data-contrast=\"auto\">, y hacer que las empresas e instituciones entiendan que el gasto <\/span><span data-contrast=\"auto\">medioambiental es rentable.<\/span><span data-ccp-props=\"{&quot;201341983&quot;:0,&quot;335559739&quot;:160,&quot;335559740&quot;:240}\">\u00a0<\/span><\/p>\n<p><span data-contrast=\"auto\">Al tercero de los puntos lo titul\u00f3<\/span><span data-contrast=\"auto\">:<\/span><span data-contrast=\"auto\"> \u201cel medio es el mensaje\u201d, <\/span><span data-contrast=\"auto\">frase atribuida al fil\u00f3sofo y profesor de teor\u00eda de la comunicaci\u00f3n <\/span><span data-contrast=\"auto\">Marshall <\/span><span data-contrast=\"auto\">Mc<\/span><span data-contrast=\"auto\">L<\/span><span data-contrast=\"auto\">uhan<\/span><span data-contrast=\"auto\">, que incluy\u00f3 en su libro <\/span><i><span data-contrast=\"auto\">Comprender los medios de comunicaci\u00f3n<\/span><\/i><span data-contrast=\"auto\">, de 1964.<\/span><span data-ccp-props=\"{&quot;201341983&quot;:0,&quot;335559739&quot;:160,&quot;335559740&quot;:240}\">\u00a0<\/span><\/p>\n<p><span data-contrast=\"auto\">\u201c<\/span><span data-contrast=\"auto\">Cuando dijo esta frase pensaba en los medios de comunicaci\u00f3n tradicionales, <\/span><span data-contrast=\"auto\">sobre todo porque<\/span><span data-contrast=\"auto\"> un peri\u00f3dico de provincia no tiene el mismo impacto que el <\/span><i><span data-contrast=\"auto\">New York Times<\/span><\/i><span data-contrast=\"auto\">, adem\u00e1s de que el medio transmite su prestigio al mensaje<\/span><span data-contrast=\"auto\">, el<\/span><span data-contrast=\"auto\"> producto se empapa de ese prestigio<\/span><span data-contrast=\"auto\">.<\/span><span data-contrast=\"auto\">\u201d<\/span><span data-ccp-props=\"{&quot;201341983&quot;:0,&quot;335559731&quot;:708,&quot;335559739&quot;:160,&quot;335559740&quot;:240}\">\u00a0<\/span><\/p>\n<p><span data-contrast=\"auto\">Resalt\u00f3 que, hoy en d\u00eda, con el uso de las redes sociales cualquiera puede ser un medio<\/span><span data-contrast=\"auto\">;<\/span> <span data-contrast=\"auto\">sin embargo,<\/span><span data-contrast=\"auto\"> es muy importante lo que <\/span><span data-contrast=\"auto\">diga un presidente de gobierno, un actor, cantante o <\/span><span data-contrast=\"auto\">l\u00edder religioso como el Papa<\/span><span data-contrast=\"auto\">.<\/span><span data-ccp-props=\"{&quot;201341983&quot;:0,&quot;335559731&quot;:708,&quot;335559739&quot;:160,&quot;335559740&quot;:240}\">\u00a0<\/span><\/p>\n<p><span data-contrast=\"auto\">El cuarto de los puntos <\/span><span data-contrast=\"auto\">es<\/span><span data-contrast=\"auto\"> la comunicaci\u00f3n coactiva,<\/span><span data-contrast=\"auto\"> ya que sin ella los seres humanos no son capaces de asimilar las normativas que se hayan puesto en funcionamiento<\/span><span data-contrast=\"auto\">. L<\/span><span data-contrast=\"auto\">a quinta e<\/span><span data-contrast=\"auto\">s<\/span><span data-contrast=\"auto\"> la educaci\u00f3n<\/span><span data-contrast=\"auto\">,<\/span><span data-contrast=\"auto\"> cuyos logros en este campo se ver\u00e1<\/span><span data-contrast=\"auto\">n<\/span><span data-contrast=\"auto\"> reflejad<\/span><span data-contrast=\"auto\">os<\/span><span data-contrast=\"auto\"> en la ni\u00f1ez.<\/span><span data-ccp-props=\"{&quot;201341983&quot;:0,&quot;335559739&quot;:160,&quot;335559740&quot;:240}\">\u00a0<\/span><\/p>\n<p><span data-contrast=\"auto\">En su ponencia, <\/span><span data-contrast=\"auto\">Pedro Pablo Guti\u00e9rrez <\/span><span data-contrast=\"auto\">tambi\u00e9n expuso que el<\/span><span data-contrast=\"auto\"> estudio del<\/span><span data-contrast=\"auto\"> medio ambiente es <\/span><span data-contrast=\"auto\">al<\/span><span data-contrast=\"auto\">g<\/span><span data-contrast=\"auto\">o <\/span><span data-contrast=\"auto\">relativamente novedos<\/span><span data-contrast=\"auto\">o<\/span><span data-contrast=\"auto\">, surgid<\/span><span data-contrast=\"auto\">o<\/span><span data-contrast=\"auto\"> hace aproximadamente 50 a\u00f1os; y que los medios de comunicaci\u00f3n se han dedicado a la selecci\u00f3n de informaci\u00f3n estandarizada, generalmente basada en cat\u00e1strofes naturales que incorporan <\/span><span data-contrast=\"auto\">el lado dram\u00e1tico del problema, <\/span><span data-contrast=\"auto\">pero no su origen ni su fondo<\/span><span data-contrast=\"auto\">.<\/span><span data-ccp-props=\"{&quot;201341983&quot;:0,&quot;335559739&quot;:160,&quot;335559740&quot;:240}\">\u00a0<\/span><\/p>\n<p><span data-contrast=\"auto\">Lo anterior, impide que la<\/span><span data-contrast=\"auto\"> informaci\u00f3n ambiental cale hondo en la sociedad<\/span><span data-contrast=\"auto\">, ya que el<\/span><span data-contrast=\"auto\"> car\u00e1cter duro de los contenidos como: contaminaci\u00f3n, residuos, basura nuclear, sequ\u00edas, son noticias desagradables y las personas intentan no exponerse a ellas.<\/span><span data-ccp-props=\"{&quot;201341983&quot;:0,&quot;335559731&quot;:708,&quot;335559739&quot;:160,&quot;335559740&quot;:240}\">\u00a0<\/span><\/p>\n","protected":false},"excerpt":{"rendered":"<p>Pedro Guti\u00e9rrez, de la U. de Vigo, descart\u00f3 que tras este fen\u00f3meno se haga algo por preservar la naturaleza, a pesar de los cambios ambientales observados durante el perdiodo de aislamiento\u00a0\u00a0<\/p>\n","protected":false},"author":1869,"featured_media":82760,"comment_status":"closed","ping_status":"closed","sticky":false,"template":"","format":"standard","meta":{"footnotes":""},"categories":[61],"tags":[],"class_list":["post-83228","post","type-post","status-publish","format-standard","has-post-thumbnail","hentry","category-banner"],"_links":{"self":[{"href":"https:\/\/www.uv.mx\/prensa\/wp-json\/wp\/v2\/posts\/83228","targetHints":{"allow":["GET"]}}],"collection":[{"href":"https:\/\/www.uv.mx\/prensa\/wp-json\/wp\/v2\/posts"}],"about":[{"href":"https:\/\/www.uv.mx\/prensa\/wp-json\/wp\/v2\/types\/post"}],"author":[{"embeddable":true,"href":"https:\/\/www.uv.mx\/prensa\/wp-json\/wp\/v2\/users\/1869"}],"replies":[{"embeddable":true,"href":"https:\/\/www.uv.mx\/prensa\/wp-json\/wp\/v2\/comments?post=83228"}],"version-history":[{"count":0,"href":"https:\/\/www.uv.mx\/prensa\/wp-json\/wp\/v2\/posts\/83228\/revisions"}],"wp:featuredmedia":[{"embeddable":true,"href":"https:\/\/www.uv.mx\/prensa\/wp-json\/wp\/v2\/media\/82760"}],"wp:attachment":[{"href":"https:\/\/www.uv.mx\/prensa\/wp-json\/wp\/v2\/media?parent=83228"}],"wp:term":[{"taxonomy":"category","embeddable":true,"href":"https:\/\/www.uv.mx\/prensa\/wp-json\/wp\/v2\/categories?post=83228"},{"taxonomy":"post_tag","embeddable":true,"href":"https:\/\/www.uv.mx\/prensa\/wp-json\/wp\/v2\/tags?post=83228"}],"curies":[{"name":"wp","href":"https:\/\/api.w.org\/{rel}","templated":true}]}}