{"id":82248,"date":"2020-04-02T08:00:10","date_gmt":"2020-04-02T14:00:10","guid":{"rendered":"https:\/\/www.uv.mx\/prensa\/?p=82248"},"modified":"2020-04-02T08:43:13","modified_gmt":"2020-04-02T14:43:13","slug":"ansiedad-y-depresion-se-asocian-a-personalidad-y-aspectos-biologicos","status":"publish","type":"post","link":"https:\/\/www.uv.mx\/prensa\/banner\/ansiedad-y-depresion-se-asocian-a-personalidad-y-aspectos-biologicos\/","title":{"rendered":"Ansiedad y depresi\u00f3n se asocian a personalidad y aspectos biol\u00f3gicos"},"content":{"rendered":"<ul>\n<li data-leveltext=\"\uf0b7\" data-font=\"Symbol\" data-listid=\"2\" data-aria-posinset=\"1\" data-aria-level=\"1\"><i><span data-contrast=\"auto\">Lo determin\u00f3 un estudio hecho por <\/span><\/i><i><span data-contrast=\"auto\">Yoshimar<\/span><\/i><i><span data-contrast=\"auto\"> Rodr\u00edguez M\u00e9ndez<\/span><\/i><b><i><span data-contrast=\"auto\">, <\/span><\/i><\/b><i><span data-contrast=\"auto\">egresada de la Facultad de Psicolog\u00eda de la UV<\/span><\/i><span data-ccp-props=\"{&quot;134233279&quot;:true,&quot;201341983&quot;:0,&quot;335559739&quot;:160,&quot;335559740&quot;:240}\">\u00a0<\/span><\/li>\n<li data-leveltext=\"\uf0b7\" data-font=\"Symbol\" data-listid=\"2\" data-aria-posinset=\"2\" data-aria-level=\"1\"><i><span data-contrast=\"auto\">La funcionalidad, disfuncionalidad o cohesi\u00f3n familiar no influyen en estas alteraciones<\/span><\/i><span data-ccp-props=\"{&quot;134233279&quot;:true,&quot;201341983&quot;:0,&quot;335559739&quot;:160,&quot;335559740&quot;:240}\">\u00a0<\/span><\/li>\n<li data-leveltext=\"\uf0b7\" data-font=\"Symbol\" data-listid=\"2\" data-aria-posinset=\"3\" data-aria-level=\"1\"><i><span data-contrast=\"auto\">Por el contrario, la<\/span><\/i><i><span data-contrast=\"auto\"> familia es fuente de bienestar con respecto a la calidad de vida, asegur\u00f3\u00a0<\/span><\/i><\/li>\n<\/ul>\n<div id=\"attachment_82247\" style=\"width: 730px\" class=\"wp-caption aligncenter\"><a href=\"https:\/\/www.uv.mx\/prensa\/files\/2020\/03\/250320-ANSIEDAD-Y-DEPRESION-1.jpg\"><img loading=\"lazy\" decoding=\"async\" aria-describedby=\"caption-attachment-82247\" class=\"size-full wp-image-82247\" src=\"https:\/\/www.uv.mx\/prensa\/files\/2020\/03\/250320-ANSIEDAD-Y-DEPRESION-1.jpg\" alt=\"Yoshimar Rodr\u00edguez M\u00e9ndez realiz\u00f3 el trabajo recepcional \u201cCohesi\u00f3n y adaptabilidad familiar, y su relaci\u00f3n con respecto a la calidad de vida y la sintomatolog\u00eda ansiosa y depresiva\u201d \" width=\"720\" height=\"480\" srcset=\"https:\/\/www.uv.mx\/prensa\/files\/2020\/03\/250320-ANSIEDAD-Y-DEPRESION-1.jpg 720w, https:\/\/www.uv.mx\/prensa\/files\/2020\/03\/250320-ANSIEDAD-Y-DEPRESION-1-300x200.jpg 300w\" sizes=\"auto, (max-width: 720px) 100vw, 720px\" \/><\/a><p id=\"caption-attachment-82247\" class=\"wp-caption-text\">Yoshimar Rodr\u00edguez M\u00e9ndez realiz\u00f3 el trabajo recepcional \u201cCohesi\u00f3n y adaptabilidad familiar, y su relaci\u00f3n con respecto a la calidad de vida y la sintomatolog\u00eda ansiosa y depresiva\u201d<\/p><\/div>\n<p><b><i><span data-contrast=\"auto\">Claudia Peralta V\u00e1zquez<\/span><\/i><\/b><span data-ccp-props=\"{&quot;201341983&quot;:0,&quot;335559739&quot;:160,&quot;335559740&quot;:240}\">\u00a0<\/span><\/p>\n<p><b><i><span data-contrast=\"auto\">02<\/span><\/i><\/b><b><i><span data-contrast=\"auto\">\/<\/span><\/i><\/b><b><i><span data-contrast=\"auto\">04<\/span><\/i><\/b><b><i><span data-contrast=\"auto\">\/<\/span><\/i><\/b><b><i><span data-contrast=\"auto\">2<\/span><\/i><\/b><b><i><span data-contrast=\"auto\">02<\/span><\/i><\/b><b><i><span data-contrast=\"auto\">0, Xalapa, <\/span><\/i><\/b><b><i><span data-contrast=\"auto\">Ver.-<\/span><\/i><\/b> <span data-contrast=\"auto\">Contrario a lo que se pensaba, la<\/span><span data-contrast=\"auto\"> funcionalidad, disfuncionalidad o cohesi\u00f3n familiar no <\/span><span data-contrast=\"auto\">est\u00e1n relacionados <\/span><span data-contrast=\"auto\">ni influyen <\/span><span data-contrast=\"auto\">directamente<\/span><span data-contrast=\"auto\"> en los<\/span> <span data-contrast=\"auto\">trastornos<\/span><span data-contrast=\"auto\"> de<\/span><span data-contrast=\"auto\"> ansiedad y depresi\u00f3n<\/span><span data-contrast=\"auto\"> que afectan a una persona, <\/span><span data-contrast=\"auto\">pues m\u00e1s bien<\/span><span data-contrast=\"auto\"> \u00e9stos se asocian a <\/span><span data-contrast=\"auto\">cuestiones de personalidad y aspectos biol\u00f3gicos.<\/span><span data-ccp-props=\"{&quot;201341983&quot;:0,&quot;335559739&quot;:160,&quot;335559740&quot;:240}\">\u00a0<\/span><\/p>\n<p><span data-contrast=\"auto\">As\u00ed lo expuso <\/span><span data-contrast=\"auto\">Yoshimar<\/span> <span data-contrast=\"auto\">Rodr\u00edguez<\/span><span data-contrast=\"auto\"> M\u00e9ndez, egresada de la <a href=\"https:\/\/www.uv.mx\/veracruz\/psicologia\/\" target=\"_blank\" rel=\"noopener noreferrer\">Facultad de Psicolog\u00eda<\/a> de la Universidad Veracruzana (UV), al referirse a su trabajo de tesis<\/span> <span data-contrast=\"auto\">\u201c<\/span><span data-contrast=\"auto\">Cohesi\u00f3n y adaptabilidad familiar<\/span><span data-contrast=\"auto\">,<\/span> <span data-contrast=\"auto\">y su relaci\u00f3n con respecto a la calidad de vida y la sintomatolog\u00eda ansiosa y depresiva<\/span><span data-contrast=\"auto\">\u201d<\/span><span data-contrast=\"auto\">.<\/span><span data-ccp-props=\"{&quot;201341983&quot;:0,&quot;335559739&quot;:160,&quot;335559740&quot;:240}\">\u00a0<\/span><\/p>\n<p><span data-contrast=\"auto\">Coment\u00f3 que a nivel mundial ha habido un incremento considerable de <\/span><span data-contrast=\"auto\">padecimientos neuropsiqui\u00e1tricos<\/span><span data-contrast=\"auto\">,<\/span><span data-contrast=\"auto\"> entre los que se encuentran la ansiedad y depresi\u00f3n.<\/span><span data-ccp-props=\"{&quot;201341983&quot;:0,&quot;335559731&quot;:708,&quot;335559739&quot;:160,&quot;335559740&quot;:240}\">\u00a0<\/span><\/p>\n<p><span data-contrast=\"auto\">Por ello, <\/span><span data-contrast=\"auto\">a trav\u00e9s de <\/span><span data-contrast=\"auto\">su proyecto de investigaci\u00f3n<\/span><span data-contrast=\"auto\"> quiso abonar a la ciencia y determinar <\/span><span data-contrast=\"auto\">cu<\/span><span data-contrast=\"auto\">\u00e1<\/span><span data-contrast=\"auto\">les son los aspectos familiares que repercu<\/span><span data-contrast=\"auto\">ten<\/span><span data-contrast=\"auto\"> en esta sintomatolog\u00eda ansiosa y depresiva, sobre todo en poblaci\u00f3n<\/span><span data-contrast=\"auto\"> comunitaria,<\/span><span data-contrast=\"auto\"> no hospitalaria<\/span><span data-contrast=\"auto\"> y sin un <\/span><span data-contrast=\"auto\">trastorno definido<\/span><span data-contrast=\"auto\">.<\/span><span data-ccp-props=\"{&quot;201341983&quot;:0,&quot;335559731&quot;:708,&quot;335559739&quot;:160,&quot;335559740&quot;:240}\">\u00a0<\/span><\/p>\n<p><span data-contrast=\"auto\">El cuestionamiento que se hizo fue<\/span><span data-contrast=\"auto\">:<\/span><span data-contrast=\"auto\"> \u00bf<\/span><span data-contrast=\"auto\">qu\u00e9 tanto esa poblaci\u00f3n tiende a padecer esos s\u00edntomas y qu\u00e9 tanto est\u00e1n relacionados con el aspecto familiar y calidad de vida<\/span><span data-contrast=\"auto\">?<\/span><span data-ccp-props=\"{&quot;201341983&quot;:0,&quot;335559731&quot;:708,&quot;335559739&quot;:160,&quot;335559740&quot;:240}\">\u00a0<\/span><\/p>\n<p><span data-contrast=\"auto\">Dio a conocer que dentro del estudio participaron 250 usuarios del Centro de Salud <\/span><span data-contrast=\"auto\">\u201c<\/span><span data-contrast=\"auto\">Gast\u00f3n Melo<\/span><span data-contrast=\"auto\">\u201d<\/span><span data-contrast=\"auto\"> de esta ciudad. Del total, 134 eran <\/span><span data-contrast=\"auto\">mujeres y 116 hombres.\u00a0<\/span><span data-ccp-props=\"{&quot;201341983&quot;:0,&quot;335559731&quot;:708,&quot;335559739&quot;:160,&quot;335559740&quot;:240}\">\u00a0<\/span><\/p>\n<p><span data-contrast=\"auto\">El objetivo <\/span><span data-contrast=\"auto\">principal<\/span><span data-contrast=\"auto\">, dijo, <\/span><span data-contrast=\"auto\">fue reportar la relaci\u00f3n que guardan la calidad de vida, frecuencia e intensidad de s\u00edntomas ansiosos y <\/span><span data-contrast=\"auto\">depresivos, con los tipos de cohesi\u00f3n y adaptabilidad familiar reportados por una muestra de adultos<\/span><span data-contrast=\"auto\"> entre los 18 y 60 a\u00f1os.<\/span><span data-ccp-props=\"{&quot;201341983&quot;:0,&quot;335559731&quot;:708,&quot;335559739&quot;:160,&quot;335559740&quot;:240}\">\u00a0<\/span><\/p>\n<p><span data-contrast=\"auto\">Mediante<\/span><span data-contrast=\"auto\"> un taller al que se les invit\u00f3 a participar, se emplearon ciertos instrumentos como la aplicaci\u00f3n de cuestionarios para medir la funcionalidad familiar, la cual <\/span><span data-contrast=\"auto\">est\u00e1 dividida en<\/span><span data-contrast=\"auto\">:<\/span><span data-contrast=\"auto\"> cohesi\u00f3n y adaptabilidad familiar.\u00a0<\/span><span data-ccp-props=\"{&quot;201341983&quot;:0,&quot;335559731&quot;:708,&quot;335559739&quot;:160,&quot;335559740&quot;:240}\">\u00a0<\/span><\/p>\n<p><span data-contrast=\"auto\">La primera se refiere a<\/span><span data-contrast=\"auto\"> los v\u00ednculos o relaciones emocionales entre los miembros<\/span><span data-contrast=\"auto\">; mientras que la segunda es entendida como una <\/span><span data-contrast=\"auto\">habilidad del sistema familiar para cambiar su estructura, roles y las reglas, en respuesta al estr\u00e9s ante situaciones de crisis propi<\/span><span data-contrast=\"auto\">a<\/span><span data-contrast=\"auto\">s de ciclo de vida<\/span><span data-contrast=\"auto\">.<\/span><span data-ccp-props=\"{&quot;201341983&quot;:0,&quot;335559731&quot;:708,&quot;335559739&quot;:160,&quot;335559740&quot;:240}\">\u00a0<\/span><\/p>\n<p><span data-contrast=\"auto\">\u201c<\/span><span data-contrast=\"auto\">Medimos qu\u00e9 tanto esos s\u00edntomas est\u00e1n presentes en la poblaci\u00f3n y los relacionamos con la estad\u00edstica<\/span><span data-contrast=\"auto\">.<\/span><span data-contrast=\"auto\">\u201d<\/span><span data-ccp-props=\"{&quot;201341983&quot;:0,&quot;335559731&quot;:708,&quot;335559739&quot;:160,&quot;335559740&quot;:240}\">\u00a0<\/span><\/p>\n<p><span data-contrast=\"auto\">Yoshimar<\/span><span data-contrast=\"auto\"> Rodr\u00edguez expres\u00f3 que, de acuerdo con la literatura, la familia<\/span> <span data-contrast=\"auto\">es la encargada de brindar protecci\u00f3n y apoyo ante una situaci\u00f3n de alteraci\u00f3n psicol\u00f3gica, o en dado caso puede ser la encargada de ese malestar.<\/span><span data-ccp-props=\"{&quot;201341983&quot;:0,&quot;335559731&quot;:708,&quot;335559739&quot;:160,&quot;335559740&quot;:240}\">\u00a0<\/span><\/p>\n<p><span data-contrast=\"auto\">Es as\u00ed como los resultados del estudio, tambi\u00e9n <\/span><span data-contrast=\"auto\">expuestos como \u00abtrabajo libre\u00bb <\/span><span data-contrast=\"auto\">dentro del<\/span><span data-contrast=\"auto\"> Congreso Colombiano de Psicolog\u00eda<\/span><span data-contrast=\"auto\">,<\/span><span data-contrast=\"auto\"> en septiembre de 2019<\/span><span data-contrast=\"auto\">, arrojaron que no importa el grado de disfuncionalidad o funcionalidad familia<\/span><span data-contrast=\"auto\">r<\/span><span data-contrast=\"auto\">, si tiene cohesi\u00f3n o adaptabilidad<\/span><span data-contrast=\"auto\">.<\/span><span data-ccp-props=\"{&quot;201341983&quot;:0,&quot;335559731&quot;:708,&quot;335559739&quot;:160,&quot;335559740&quot;:240}\">\u00a0<\/span><\/p>\n<p><span data-contrast=\"auto\">\u201cNo<\/span><span data-contrast=\"auto\"> importa porque no es fuente de ese malestar psicol\u00f3gico<\/span><span data-contrast=\"auto\"> ni de la <\/span><span data-contrast=\"auto\">sintomatolog\u00eda ansiosa y depresiva<\/span><span data-contrast=\"auto\">,<\/span><span data-contrast=\"auto\"> igual puedes padecer o no s\u00edntomas ansiosos o depresivos<\/span><span data-contrast=\"auto\">.<\/span><span data-contrast=\"auto\">\u201d<\/span><span data-ccp-props=\"{&quot;201341983&quot;:0,&quot;335559731&quot;:708,&quot;335559739&quot;:160,&quot;335559740&quot;:240}\">\u00a0<\/span><\/p>\n<p><span data-contrast=\"auto\">La egresada de la UV<\/span><span data-contrast=\"auto\"> subray\u00f3 <\/span><span data-contrast=\"auto\">que estas alteraciones est\u00e1n m\u00e1s <\/span><span data-contrast=\"auto\">relacionad<\/span><span data-contrast=\"auto\">a<\/span><span data-contrast=\"auto\">s a cuestiones de personalidad o <\/span><span data-contrast=\"auto\">a alg\u00fan<\/span><span data-contrast=\"auto\"> aspecto biol\u00f3gico<\/span><span data-contrast=\"auto\">.<\/span><span data-ccp-props=\"{&quot;201341983&quot;:0,&quot;335559731&quot;:708,&quot;335559739&quot;:160,&quot;335559740&quot;:240}\">\u00a0<\/span><\/p>\n<p><span data-contrast=\"auto\">Sin embargo, la investigaci\u00f3n permiti\u00f3 observar que la <\/span><span data-contrast=\"auto\">familia s\u00ed es fuente de bienestar con respecto a la calidad de vida.<\/span><span data-contrast=\"auto\"> Es decir, la<\/span><span data-contrast=\"auto\"> cohesi\u00f3n<\/span><span data-contrast=\"auto\">, <\/span><span data-contrast=\"auto\">uni\u00f3n familiar y la relaci\u00f3n entre <\/span><span data-contrast=\"auto\">sus<\/span><span data-contrast=\"auto\"> miembros <\/span><span data-contrast=\"auto\">deriva en sensaciones y relaciones m\u00e1s estables.<\/span><span data-ccp-props=\"{&quot;201341983&quot;:0,&quot;335559731&quot;:708,&quot;335559739&quot;:160,&quot;335559740&quot;:240}\">\u00a0<\/span><\/p>\n<p><span data-contrast=\"auto\">Por lo tanto, la<\/span><span data-contrast=\"auto\"> familia no es <\/span><span data-contrast=\"auto\">predictora<\/span><span data-contrast=\"auto\"> de malestar<\/span><span data-contrast=\"auto\">,<\/span><span data-contrast=\"auto\"> pero s\u00ed de bienestar para las personas.<\/span><span data-ccp-props=\"{&quot;201341983&quot;:0,&quot;335559731&quot;:708,&quot;335559739&quot;:160,&quot;335559740&quot;:240}\">\u00a0<\/span><\/p>\n<p><span data-contrast=\"auto\">Asever\u00f3 que en realidad no esperaba esos resultados, pues en un principio pens\u00f3 que la din\u00e1mica familia<\/span><span data-contrast=\"auto\">r<\/span><span data-contrast=\"auto\"> influye en la sintomatolog\u00eda psicol\u00f3gica, pero result\u00f3 ser lo contrario.<\/span><span data-ccp-props=\"{&quot;201341983&quot;:0,&quot;335559739&quot;:160,&quot;335559740&quot;:240}\">\u00a0<\/span><\/p>\n<p><span data-contrast=\"auto\">Aunque dentro del estudio no se registraron s\u00edntomas elevados de ansiedad y depresi\u00f3n, los que se identificaron fueron canalizados al mismo centro de salud para su <\/span><span data-contrast=\"auto\">valoraci\u00f3n psicol\u00f3gica.<\/span><span data-ccp-props=\"{&quot;201341983&quot;:0,&quot;335559731&quot;:708,&quot;335559739&quot;:160,&quot;335559740&quot;:240}\">\u00a0<\/span><\/p>\n","protected":false},"excerpt":{"rendered":"<p>Lo determin\u00f3 un estudio hecho por Yoshimar Rodr\u00edguez M\u00e9ndez, egresada de la Facultad de Psicolog\u00eda de la UV <\/p>\n","protected":false},"author":1775,"featured_media":82250,"comment_status":"closed","ping_status":"closed","sticky":false,"template":"","format":"standard","meta":{"footnotes":""},"categories":[61],"tags":[],"class_list":["post-82248","post","type-post","status-publish","format-standard","has-post-thumbnail","hentry","category-banner"],"_links":{"self":[{"href":"https:\/\/www.uv.mx\/prensa\/wp-json\/wp\/v2\/posts\/82248","targetHints":{"allow":["GET"]}}],"collection":[{"href":"https:\/\/www.uv.mx\/prensa\/wp-json\/wp\/v2\/posts"}],"about":[{"href":"https:\/\/www.uv.mx\/prensa\/wp-json\/wp\/v2\/types\/post"}],"author":[{"embeddable":true,"href":"https:\/\/www.uv.mx\/prensa\/wp-json\/wp\/v2\/users\/1775"}],"replies":[{"embeddable":true,"href":"https:\/\/www.uv.mx\/prensa\/wp-json\/wp\/v2\/comments?post=82248"}],"version-history":[{"count":0,"href":"https:\/\/www.uv.mx\/prensa\/wp-json\/wp\/v2\/posts\/82248\/revisions"}],"wp:featuredmedia":[{"embeddable":true,"href":"https:\/\/www.uv.mx\/prensa\/wp-json\/wp\/v2\/media\/82250"}],"wp:attachment":[{"href":"https:\/\/www.uv.mx\/prensa\/wp-json\/wp\/v2\/media?parent=82248"}],"wp:term":[{"taxonomy":"category","embeddable":true,"href":"https:\/\/www.uv.mx\/prensa\/wp-json\/wp\/v2\/categories?post=82248"},{"taxonomy":"post_tag","embeddable":true,"href":"https:\/\/www.uv.mx\/prensa\/wp-json\/wp\/v2\/tags?post=82248"}],"curies":[{"name":"wp","href":"https:\/\/api.w.org\/{rel}","templated":true}]}}