{"id":82185,"date":"2020-03-30T08:00:50","date_gmt":"2020-03-30T14:00:50","guid":{"rendered":"https:\/\/www.uv.mx\/prensa\/?p=82185"},"modified":"2020-03-30T10:56:17","modified_gmt":"2020-03-30T16:56:17","slug":"mariachi-universitario-ofrecio-concierto-a-puerta-cerrada","status":"publish","type":"post","link":"https:\/\/www.uv.mx\/prensa\/cultura\/mariachi-universitario-ofrecio-concierto-a-puerta-cerrada\/","title":{"rendered":"Mariachi Universitario ofreci\u00f3 concierto a puerta cerrada"},"content":{"rendered":"<ul>\n<li data-leveltext=\"\uf0b7\" data-font=\"Symbol\" data-listid=\"1\" data-aria-posinset=\"1\" data-aria-level=\"1\"><i><span data-contrast=\"auto\">Ocurri\u00f3 e<\/span><\/i><i><span data-contrast=\"auto\">l 19 de marzo<\/span><\/i><i><span data-contrast=\"auto\"> y fue<\/span><\/i><i><span data-contrast=\"auto\"> transmitido v\u00eda Internet por los canales <\/span><\/i><i><span data-contrast=\"auto\">de la Universidad Veracruzana<\/span><\/i><span data-ccp-props=\"{&quot;134233279&quot;:true}\">\u00a0<\/span><\/li>\n<\/ul>\n<div id=\"attachment_82186\" style=\"width: 732px\" class=\"wp-caption aligncenter\"><a href=\"https:\/\/www.uv.mx\/prensa\/files\/2020\/03\/240320-Mariachi-concierto-a-puerta-cerrada-100k.jpg\"><img loading=\"lazy\" decoding=\"async\" aria-describedby=\"caption-attachment-82186\" class=\"size-full wp-image-82186\" src=\"https:\/\/www.uv.mx\/prensa\/files\/2020\/03\/240320-Mariachi-concierto-a-puerta-cerrada-100k.jpg\" alt=\"El Mariachi Universitario en el Concierto rom\u00e1ntico; sin fronteras \" width=\"722\" height=\"450\" srcset=\"https:\/\/www.uv.mx\/prensa\/files\/2020\/03\/240320-Mariachi-concierto-a-puerta-cerrada-100k.jpg 722w, https:\/\/www.uv.mx\/prensa\/files\/2020\/03\/240320-Mariachi-concierto-a-puerta-cerrada-100k-300x187.jpg 300w, https:\/\/www.uv.mx\/prensa\/files\/2020\/03\/240320-Mariachi-concierto-a-puerta-cerrada-100k-200x125.jpg 200w\" sizes=\"auto, (max-width: 722px) 100vw, 722px\" \/><\/a><p id=\"caption-attachment-82186\" class=\"wp-caption-text\">El Mariachi Universitario en el <em>Concierto rom\u00e1ntico<\/em>; sin fronteras<\/p><\/div>\n<p><b><i><span data-contrast=\"auto\">Jorge V\u00e1zquez Pacheco<\/span><\/i><\/b><span data-ccp-props=\"{}\">\u00a0<\/span><\/p>\n<p><b><i><span data-contrast=\"auto\">30<\/span><\/i><\/b><b><i><span data-contrast=\"auto\">\/03\/2020<\/span><\/i><\/b><b><i><span data-contrast=\"auto\">, <\/span><\/i><\/b><b><i><span data-contrast=\"auto\">Xalapa, Ver.-<\/span><\/i><\/b> <span data-contrast=\"auto\">Ante la emergencia sanitaria <\/span><span data-contrast=\"auto\">por el coronavirus Covid-19<\/span><span data-contrast=\"auto\">, el <a href=\"https:\/\/www.uv.mx\/difusioncultural\/grupos-artisticos\/mariachi-universitario\/\" target=\"_blank\" rel=\"noopener noreferrer\">Mariachi Universitario<\/a><\/span> <span data-contrast=\"auto\">ofreci\u00f3 <\/span><span data-contrast=\"auto\">a puerta cerrada la audici\u00f3n <\/span><span data-contrast=\"auto\">denominada <\/span><i><span data-contrast=\"auto\">Concierto rom\u00e1ntico; <\/span><\/i><i><span data-contrast=\"auto\">s<\/span><\/i><i><span data-contrast=\"auto\">in <\/span><\/i><i><span data-contrast=\"auto\">f<\/span><\/i><i><span data-contrast=\"auto\">ronteras<\/span><\/i><span data-contrast=\"auto\">,<\/span> <span data-contrast=\"auto\">el pasado 19 de marzo en las instalaciones de la Direcci\u00f3n de Difusi\u00f3n Cultural de la Universidad Veracruzana (UV).\u00a0<\/span><span data-ccp-props=\"{}\">\u00a0<\/span><\/p>\n<p><span data-contrast=\"auto\">El evento se <\/span><span data-contrast=\"auto\">transmi<\/span><span data-contrast=\"auto\">t<\/span><span data-contrast=\"auto\">i\u00f3 a trav\u00e9s de los canales de difusi\u00f3n v\u00eda Internet de la UV<\/span><span data-contrast=\"auto\">, ya que estaba programado<\/span><span data-contrast=\"auto\"> inicialmente <\/span><span data-contrast=\"auto\">para llevarse a cabo <\/span><span data-contrast=\"auto\">en el auditorio IMAC<\/span><span data-contrast=\"auto\"> del A<\/span><span data-contrast=\"auto\">yuntamiento de Xalapa<\/span><span data-contrast=\"auto\">.<\/span><span data-ccp-props=\"{&quot;335559731&quot;:708}\">\u00a0<\/span><\/p>\n<p><span data-contrast=\"auto\">El<\/span><span data-contrast=\"auto\"> ensamble que encabeza <\/span><span data-contrast=\"auto\">el arpista <\/span><span data-contrast=\"auto\">Iv\u00e1n Velasco <\/span><span data-contrast=\"auto\">ofreci\u00f3<\/span><span data-contrast=\"auto\"> un programa integrado por temas variado<\/span><span data-contrast=\"auto\">s<\/span> <span data-contrast=\"auto\">que incluyeron <\/span><span data-contrast=\"auto\">jazz, boleros, <\/span><span data-contrast=\"auto\">tango, <\/span><span data-contrast=\"auto\">m\u00fasica vern\u00e1cula mexicana y<\/span> <span data-contrast=\"auto\">\u00f3pera.<\/span><span data-ccp-props=\"{&quot;335559731&quot;:708}\">\u00a0<\/span><\/p>\n<p><span data-contrast=\"auto\">E<\/span><span data-contrast=\"auto\">l Mariachi Universitario <\/span><span data-contrast=\"auto\">inici\u00f3<\/span><span data-contrast=\"auto\"> con un popurr\u00ed de huapangos <\/span><span data-contrast=\"auto\">de Rub\u00e9n M\u00e9ndez;<\/span><span data-contrast=\"auto\"> sorprendi<\/span><span data-contrast=\"auto\">\u00f3 <\/span><span data-contrast=\"auto\">con su recreaci\u00f3n al Preludio para la \u00f3pera <\/span><i><span data-contrast=\"auto\">Carmen<\/span><\/i><span data-contrast=\"auto\"> de Georges Bizet y el Brindis del acto I de <\/span><i><span data-contrast=\"auto\">La Traviata<\/span><\/i><span data-contrast=\"auto\"> de Giuseppe Verdi, con participaci\u00f3n de <\/span><span data-contrast=\"auto\">la <\/span><span data-contrast=\"auto\">violinista <\/span><span data-contrast=\"auto\">y <\/span><span data-contrast=\"auto\">soprano Katya Ruiz Co<\/span><span data-contrast=\"auto\">ntreras<\/span><span data-contrast=\"auto\"> y el tenor Jos\u00e9 Domingo <\/span><span data-contrast=\"auto\">Maximiliano.<\/span><span data-ccp-props=\"{&quot;335559731&quot;:708}\">\u00a0<\/span><\/p>\n<p><span data-contrast=\"auto\">Siguieron <\/span><i><span data-contrast=\"auto\">Adoro<\/span><\/i><span data-contrast=\"auto\"> de Armando Manzanero, <\/span><i><span data-contrast=\"auto\">Por una cabeza<\/span><\/i><span data-contrast=\"auto\"> de Carlos Gardel y Alfredo Le Pera<\/span><span data-contrast=\"auto\">, <\/span><i><span data-contrast=\"auto\">Misty<\/span><\/i><span data-contrast=\"auto\"> del norteamericano Erroll Garner \u2013con Vladimir Gabriel a la trompeta solista\u2013, <\/span><i><span data-contrast=\"auto\">Amorcito coraz\u00f3n<\/span><\/i><span data-contrast=\"auto\"> \u2013letra de Pedro de Urdimalas con m\u00fasica de Manuel Esper\u00f3n\u2013 y <\/span><i><span data-contrast=\"auto\">Fuga con pajarillo<\/span><\/i><span data-contrast=\"auto\"> del venezolano Aldemaro Romero<\/span><span data-contrast=\"auto\">, entre otras tonadas<\/span><span data-contrast=\"auto\">.<\/span><span data-ccp-props=\"{&quot;335559731&quot;:708}\">\u00a0<\/span><\/p>\n<p><span data-contrast=\"auto\">D<\/span><span data-contrast=\"auto\">estacar<\/span><span data-contrast=\"auto\">on<\/span><span data-contrast=\"auto\"> las habilidades de <\/span><span data-contrast=\"auto\">Katya Ruiz<\/span><span data-contrast=\"auto\">, cuyas virtudes se manifiestan en los complicados \u201csolos\u201d<\/span><span data-contrast=\"auto\"> para el tango <\/span><i><span data-contrast=\"auto\">Por una cabeza<\/span><\/i> <span data-contrast=\"auto\">y en la obra de <\/span><span data-contrast=\"auto\">Aldemaro<\/span><span data-contrast=\"auto\"> Romero<\/span><span data-contrast=\"auto\">.<\/span><span data-ccp-props=\"{&quot;335559731&quot;:708}\">\u00a0<\/span><\/p>\n<p><span data-contrast=\"auto\">Menci\u00f3n especial merece la ejecutante de arpa Yolotzin Campos Loyo, <\/span><span data-contrast=\"auto\">s\u00f3lida en su <\/span><span data-contrast=\"auto\">desempe\u00f1o <\/span><span data-contrast=\"auto\">para las <\/span><span data-contrast=\"auto\">complejas participaciones, <\/span><span data-contrast=\"auto\">as\u00ed como el <\/span><span data-contrast=\"auto\">timbre canoro de Jos\u00e9 Domingo Maximiliano y su capacidad para alcanzar los agudos que exige Verdi para su Brindis.<\/span><span data-ccp-props=\"{&quot;335559731&quot;:708}\">\u00a0<\/span><\/p>\n<p><span data-contrast=\"auto\">Iv\u00e1n <\/span><span data-contrast=\"auto\">Velasco y la Direcci\u00f3n de Grupos Art\u00edsticos de la UV <\/span><span data-contrast=\"auto\">anuncia<\/span><span data-contrast=\"auto\">ron<\/span> <span data-contrast=\"auto\">un<\/span><span data-contrast=\"auto\"> receso de toda actividad art\u00edstic<\/span><span data-contrast=\"auto\">a en <\/span><span data-contrast=\"auto\">esta casa de estudios<\/span><span data-contrast=\"auto\">, <\/span><span data-contrast=\"auto\">hasta superar la contingencia.<\/span><span data-ccp-props=\"{&quot;335559731&quot;:708}\">\u00a0<\/span><\/p>\n","protected":false},"excerpt":{"rendered":"<p>La Direcci\u00f3n de Grupos Art\u00edsticos de la UV anunci\u00f3 un receso de toda actividad art\u00edstica en esta casa de estudios, hasta superar la contingencia por el Covid-19 <\/p>\n","protected":false},"author":1775,"featured_media":82186,"comment_status":"closed","ping_status":"closed","sticky":false,"template":"","format":"standard","meta":{"footnotes":""},"categories":[11],"tags":[],"class_list":["post-82185","post","type-post","status-publish","format-standard","has-post-thumbnail","hentry","category-cultura"],"_links":{"self":[{"href":"https:\/\/www.uv.mx\/prensa\/wp-json\/wp\/v2\/posts\/82185","targetHints":{"allow":["GET"]}}],"collection":[{"href":"https:\/\/www.uv.mx\/prensa\/wp-json\/wp\/v2\/posts"}],"about":[{"href":"https:\/\/www.uv.mx\/prensa\/wp-json\/wp\/v2\/types\/post"}],"author":[{"embeddable":true,"href":"https:\/\/www.uv.mx\/prensa\/wp-json\/wp\/v2\/users\/1775"}],"replies":[{"embeddable":true,"href":"https:\/\/www.uv.mx\/prensa\/wp-json\/wp\/v2\/comments?post=82185"}],"version-history":[{"count":0,"href":"https:\/\/www.uv.mx\/prensa\/wp-json\/wp\/v2\/posts\/82185\/revisions"}],"wp:featuredmedia":[{"embeddable":true,"href":"https:\/\/www.uv.mx\/prensa\/wp-json\/wp\/v2\/media\/82186"}],"wp:attachment":[{"href":"https:\/\/www.uv.mx\/prensa\/wp-json\/wp\/v2\/media?parent=82185"}],"wp:term":[{"taxonomy":"category","embeddable":true,"href":"https:\/\/www.uv.mx\/prensa\/wp-json\/wp\/v2\/categories?post=82185"},{"taxonomy":"post_tag","embeddable":true,"href":"https:\/\/www.uv.mx\/prensa\/wp-json\/wp\/v2\/tags?post=82185"}],"curies":[{"name":"wp","href":"https:\/\/api.w.org\/{rel}","templated":true}]}}