{"id":82175,"date":"2020-03-29T08:00:46","date_gmt":"2020-03-29T14:00:46","guid":{"rendered":"https:\/\/www.uv.mx\/prensa\/?p=82175"},"modified":"2020-03-30T11:04:30","modified_gmt":"2020-03-30T17:04:30","slug":"importante-conocer-historia-de-las-enfermedades-academica","status":"publish","type":"post","link":"https:\/\/www.uv.mx\/prensa\/banner\/importante-conocer-historia-de-las-enfermedades-academica\/","title":{"rendered":"Importante conocer historia de las enfermedades: acad\u00e9mica"},"content":{"rendered":"<ul>\n<li data-leveltext=\"\uf0b7\" data-font=\"Symbol\" data-listid=\"1\" data-aria-posinset=\"1\" data-aria-level=\"1\"><i><span data-contrast=\"auto\">Su estudio puede ayudar a sobrellevar el brote de una enfermedad infecciosa para evitar que se convierta en una pandemia <\/span><\/i><span data-ccp-props=\"{&quot;134233279&quot;:true}\">\u00a0<\/span><\/li>\n<li data-leveltext=\"\uf0b7\" data-font=\"Symbol\" data-listid=\"1\" data-aria-posinset=\"2\" data-aria-level=\"1\"><i><span data-contrast=\"auto\">Ejemplo de ello es la <\/span><\/i><i><span data-contrast=\"auto\">s\u00edfilis, que<\/span><\/i> <i><span data-contrast=\"auto\">se<\/span><\/i><i><span data-contrast=\"auto\"> desarroll<\/span><\/i><i><span data-contrast=\"auto\">\u00f3<\/span><\/i><i><span data-contrast=\"auto\"> desde el siglo XVI, pero fue hasta 1865 que afect\u00f3 a gran parte del mundo<\/span><\/i><i><\/i><span data-ccp-props=\"{&quot;134233279&quot;:true}\"><br \/>\n<\/span><\/li>\n<\/ul>\n<div id=\"attachment_82022\" style=\"width: 732px\" class=\"wp-caption aligncenter\"><a href=\"https:\/\/www.uv.mx\/prensa\/files\/2020\/03\/240320-Margarita-Meza-1.jpg\"><img loading=\"lazy\" decoding=\"async\" aria-describedby=\"caption-attachment-82022\" class=\"size-full wp-image-82022\" src=\"https:\/\/www.uv.mx\/prensa\/files\/2020\/03\/240320-Margarita-Meza-1.jpg\" alt=\"\" width=\"722\" height=\"481\" srcset=\"https:\/\/www.uv.mx\/prensa\/files\/2020\/03\/240320-Margarita-Meza-1.jpg 722w, https:\/\/www.uv.mx\/prensa\/files\/2020\/03\/240320-Margarita-Meza-1-300x200.jpg 300w\" sizes=\"auto, (max-width: 722px) 100vw, 722px\" \/><\/a><p id=\"caption-attachment-82022\" class=\"wp-caption-text\">Margarita Meza Manzanilla, investigadora <span data-contrast=\"auto\"> del Instituto de Antropolog\u00eda<\/span><\/p><\/div>\n<p><b><i><span data-contrast=\"auto\">Karina de la Paz Reyes D\u00edaz<\/span><\/i><\/b><span data-ccp-props=\"{}\">\u00a0<\/span><\/p>\n<p><b><i><span data-contrast=\"auto\">2<\/span><\/i><\/b><b><i><span data-contrast=\"auto\">9<\/span><\/i><\/b><b><i><span data-contrast=\"auto\">\/03\/2020, Xalapa, <\/span><\/i><\/b><b><i><span data-contrast=\"auto\">Ver.<\/span><\/i><\/b><b><i><span data-contrast=\"auto\">&#8211;<\/span><\/i><\/b><span data-contrast=\"auto\"> La investigadora del <a href=\"https:\/\/www.uv.mx\/ida\/\" target=\"_blank\" rel=\"noopener noreferrer\">Instituto de Antropolog\u00eda<\/a> de la Universidad Veracruzana (UV), Margarita Me<\/span><span data-contrast=\"auto\">za Manzanilla<\/span><span data-contrast=\"auto\">, desarrolla el proyecto \u201c<\/span><span data-contrast=\"auto\">Estudio <\/span><span data-contrast=\"auto\">b<\/span><span data-contrast=\"auto\">iosociocultural<\/span><span data-contrast=\"auto\"> de las poblaciones del <\/span><span data-contrast=\"auto\">e<\/span><span data-contrast=\"auto\">stado de Veracruz, del pasado al presente<\/span><span data-contrast=\"auto\">\u201d.<\/span><\/p>\n<p><span data-contrast=\"auto\">Para la acad\u00e9mica es<\/span><span data-contrast=\"auto\"> importante, como sociedad, conocer de las caracter\u00edsticas biol\u00f3gicas (sexo, edad, estatura, filiaci\u00f3n biol\u00f3gica, indicadores de salud, enfermedad y pr\u00e1cticas culturales<\/span><span data-contrast=\"auto\">, entre otras<\/span><span data-contrast=\"auto\">) de las poblaciones antiguas<\/span><span data-contrast=\"auto\">.<\/span><span data-ccp-props=\"{}\">\u00a0<\/span><\/p>\n<p><span data-contrast=\"auto\">En lo que respecta al e<\/span><span data-contrast=\"auto\">stado de Veracruz<\/span><span data-contrast=\"auto\">, explic\u00f3,<\/span><span data-contrast=\"auto\"> es una regi\u00f3n <\/span><span data-contrast=\"auto\">con abundantes <\/span><span data-contrast=\"auto\">recursos naturales, <\/span><span data-contrast=\"auto\">mismos que<\/span> <span data-contrast=\"auto\">propicia<\/span><span data-contrast=\"auto\">ron<\/span><span data-contrast=\"auto\">,<\/span><span data-contrast=\"auto\"> en<\/span><span data-contrast=\"auto\"> tiempos muy tempranos<\/span><span data-contrast=\"auto\">,<\/span><span data-contrast=\"auto\"> el desarrollo de diferentes grupos de cazadores recolectores<\/span><span data-contrast=\"auto\">; <\/span><span data-contrast=\"auto\">para la \u00e9poca prehisp\u00e1nica el establecimiento de tres culturas fundamentales: Olmeca, Huasteca y Totonaca <\/span><span data-contrast=\"auto\">\u2013<\/span><span data-contrast=\"auto\">la primera de \u00e9stas <\/span><span data-contrast=\"auto\">de gran importancia por tratarse de los fundadores de los pueblos mesoamericanos.<\/span><span data-ccp-props=\"{&quot;335559731&quot;:708}\">\u00a0<\/span><\/p>\n<p><span data-contrast=\"auto\">La investigaci\u00f3n est\u00e1 centrada en a<\/span><span data-contrast=\"auto\">nalizar las caracter\u00edsticas f\u00edsicas, biol\u00f3gicas, demogr\u00e1ficas, los recursos con los que se alimentaron, algunos padecimientos que tuvieron y c\u00f3mo los curaron<\/span><span data-contrast=\"auto\">;<\/span><span data-contrast=\"auto\"> c\u00f3mo y d\u00f3nde enterraban a sus muertos<\/span><span data-contrast=\"auto\">;<\/span><span data-contrast=\"auto\"> as<\/span><span data-contrast=\"auto\">imismo,<\/span><span data-contrast=\"auto\"> proporcionar datos sobre migraci\u00f3n y sus contactos entre grupos.\u00a0<\/span><span data-ccp-props=\"{&quot;335559731&quot;:708}\">\u00a0<\/span><\/p>\n<p><span data-contrast=\"auto\">\u201c<\/span><span data-contrast=\"auto\">Tiene la finalidad de comprender las condiciones de vida, salud-enfermed<\/span><span data-contrast=\"auto\">ad, as\u00ed como los procesos <\/span><span data-contrast=\"auto\">micro<\/span><span data-contrast=\"auto\">evolutivos<\/span><span data-contrast=\"auto\"> e hist\u00f3ricos de las personas que dieron origen a las ciudades antiguas y actuales del estado de Veracruz.<\/span><span data-contrast=\"auto\">\u201d<\/span><span data-ccp-props=\"{&quot;335559731&quot;:708}\">\u00a0<\/span><\/p>\n<p><span data-contrast=\"auto\">Al preguntarle por<\/span> <span data-contrast=\"auto\">qu\u00e9 deber\u00edamos saber sobre las enfermedades que se han padecido en otros tiempos<\/span><span data-contrast=\"auto\">,<\/span> <span data-contrast=\"auto\">argument\u00f3 que \u00e9stas <\/span><span data-contrast=\"auto\">han sido parte de la vida del <\/span><span data-contrast=\"auto\">ser humano<\/span><span data-contrast=\"auto\"> desde los primeros ti<\/span><span data-contrast=\"auto\">empos de su historia evolutiva.<\/span><span data-ccp-props=\"{&quot;335559731&quot;:708}\">\u00a0<\/span><\/p>\n<p><span data-contrast=\"auto\">No obstante, aclar\u00f3<\/span><span data-contrast=\"auto\"> que<\/span><span data-contrast=\"auto\"> la aparici\u00f3n de las epidemias se asocia al surgimiento de las grandes urbes, al desarrollo industrial, a la <\/span><span data-contrast=\"auto\">expansi\u00f3n de las poblaciones, al comercio y actualmente a la globalizaci\u00f3n.<\/span><span data-ccp-props=\"{&quot;335559731&quot;:708}\">\u00a0<\/span><\/p>\n<p><span data-contrast=\"auto\">\u201c<\/span><span data-contrast=\"auto\">A<\/span><span data-contrast=\"auto\">nalizar la historia de las enfermedades permite reflexionar sobre los factores demogr\u00e1ficos, econ\u00f3micos y ambientales que han condicionado la aparici\u00f3n de algunos padecimientos, la importancia que \u00e9stos tuvieron en las condiciones de vida de las poblaciones antiguas, as\u00ed como la implicaci\u00f3n social, econ\u00f3mica<\/span><span data-contrast=\"auto\"> y<\/span><span data-contrast=\"auto\"> pol\u00edtica en su resoluci\u00f3n<\/span><span data-contrast=\"auto\">.\u201d<\/span><span data-ccp-props=\"{&quot;335559731&quot;:708}\">\u00a0<\/span><\/p>\n<p><span data-contrast=\"auto\">Pero lo m\u00e1s <\/span><span data-contrast=\"auto\">importante,<\/span><span data-contrast=\"auto\"> subray\u00f3, <\/span><span data-contrast=\"auto\">recae <\/span><span data-contrast=\"auto\">en que <\/span><span data-contrast=\"auto\">conocer las enfermedades<\/span> <span data-contrast=\"auto\">de la antig\u00fcedad aporta informaci\u00f3n de c\u00f3mo podr\u00edamos sobrellevarla, para que una enfermedad infecciosa no llegue a convertirse en una pandemia y la psicosis no limite<\/span><span data-contrast=\"auto\"> a la poblaci\u00f3n,<\/span><span data-contrast=\"auto\"> por el miedo a morir.<\/span><span data-ccp-props=\"{&quot;335559731&quot;:708}\">\u00a0<\/span><\/p>\n<div id=\"attachment_82026\" style=\"width: 732px\" class=\"wp-caption aligncenter\"><a href=\"https:\/\/www.uv.mx\/prensa\/files\/2020\/03\/240320-Margarita-Meza-3.jpg\"><img loading=\"lazy\" decoding=\"async\" aria-describedby=\"caption-attachment-82026\" class=\"size-full wp-image-82026\" src=\"https:\/\/www.uv.mx\/prensa\/files\/2020\/03\/240320-Margarita-Meza-3.jpg\" alt=\"\" width=\"722\" height=\"481\" srcset=\"https:\/\/www.uv.mx\/prensa\/files\/2020\/03\/240320-Margarita-Meza-3.jpg 722w, https:\/\/www.uv.mx\/prensa\/files\/2020\/03\/240320-Margarita-Meza-3-300x200.jpg 300w\" sizes=\"auto, (max-width: 722px) 100vw, 722px\" \/><\/a><p id=\"caption-attachment-82026\" class=\"wp-caption-text\">Analizar la historia de las enfermedades permite reflexionar sobre los factores demogr\u00e1ficos, econ\u00f3micos y ambientales, explic\u00f3 Margarita Meza<\/p><\/div>\n<p><b><span data-contrast=\"auto\">S\u00edfilis en la Ciudad de M\u00e9xico<\/span><\/b><span data-ccp-props=\"{}\">\u00a0<\/span><\/p>\n<p><span data-contrast=\"auto\">En 2014, siendo coordinadora del Posgrado en la Escuela Nacional de Antropolog\u00eda <\/span><span data-contrast=\"auto\">e Historia<\/span><span data-contrast=\"auto\"> (ENAH)<\/span><span data-contrast=\"auto\">, desarroll\u00f3 una investigaci\u00f3n<\/span><span data-contrast=\"auto\"> de la propagaci\u00f3n de la s\u00edfilis en la<\/span><span data-contrast=\"auto\"> Ciudad de M\u00e9xico<\/span><span data-contrast=\"auto\"> en 1865<\/span><span data-contrast=\"auto\">, <\/span><span data-contrast=\"auto\">misma que cit\u00f3 como ejemplo.<\/span><span data-ccp-props=\"{}\">\u00a0<\/span><\/p>\n<p><span data-contrast=\"auto\">E<\/span><span data-contrast=\"auto\">xplic\u00f3<\/span><span data-contrast=\"auto\"> que<\/span> <span data-contrast=\"auto\">en<\/span><span data-contrast=\"auto\"> las investigaciones sobre poblaciones antiguas<\/span><span data-contrast=\"auto\">,<\/span><span data-contrast=\"auto\"> a trav\u00e9s de los restos \u00f3seos y el contra<\/span><span data-contrast=\"auto\">ste<\/span><span data-contrast=\"auto\"> con documentos hist\u00f3ricos<\/span><span data-contrast=\"auto\">,<\/span><span data-contrast=\"auto\"> se puede obtener informaci\u00f3n de gran relevancia sobre algunas enfermedades que marcaron un momento y que muchas veces se a<\/span><span data-contrast=\"auto\">tribuy\u00f3 <\/span><span data-contrast=\"auto\">el<\/span><span data-contrast=\"auto\"> origen <\/span><span data-contrast=\"auto\">a <\/span><span data-contrast=\"auto\">las poblaciones nativas de Am\u00e9rica y <\/span><span data-contrast=\"auto\">se <\/span><span data-contrast=\"auto\">culp\u00f3<\/span><span data-contrast=\"auto\"> a las <\/span><span data-contrast=\"auto\">sexoservidoras<\/span><span data-contrast=\"auto\"> por ser las <\/span><span data-contrast=\"auto\">transmisora<\/span><span data-contrast=\"auto\">s<\/span><span data-contrast=\"auto\"> de dicha enfermedad.<\/span><span data-ccp-props=\"{}\">\u00a0<\/span><\/p>\n<p><span data-contrast=\"auto\">\u201c<\/span><span data-contrast=\"auto\">Un an\u00e1lisis <\/span><span data-contrast=\"auto\">osteopatol\u00f3gico<\/span><span data-contrast=\"auto\"> realizado a una serie esquel\u00e9tica procedente del Hospital San Juan de Dios<\/span><span data-contrast=\"auto\">,<\/span><span data-contrast=\"auto\"> en el cual fueron recluidas las sexoservidoras a partir de 1865, confirm\u00f3 que para esas fechas la s\u00edfilis era una endemia en la Ciudad de M\u00e9xico, que afectaba al 70 <\/span><span data-contrast=\"auto\">por ciento<\/span><span data-contrast=\"auto\"> de su poblaci\u00f3n<\/span><span data-contrast=\"auto\"> \u2013<\/span><span data-contrast=\"auto\">hombre<\/span><span data-contrast=\"auto\">s<\/span><span data-contrast=\"auto\"> y mujeres y no s\u00f3lo a quienes ejerc\u00edan la prostituci\u00f3n, ya que en este mismo lugar se encontraron hombres (de escasos recursos y soldados) que tambi\u00e9n fueron recluidos por el mismo padecimiento.<\/span><span data-contrast=\"auto\">\u201d<\/span><span data-ccp-props=\"{&quot;335559731&quot;:708}\">\u00a0<\/span><\/p>\n<p><span data-contrast=\"auto\">Aclar\u00f3 que si<\/span><span data-contrast=\"auto\"> bien la enfermedad tuvo su desarrollo desde el siglo XVI, fue hasta 1865 que afect\u00f3 a gran parte del mundo<\/span><span data-contrast=\"auto\">,<\/span><span data-contrast=\"auto\"> y de <\/span><span data-contrast=\"auto\">manera<\/span><span data-contrast=\"auto\"> particular a la Ciudad de M\u00e9xico<\/span><span data-contrast=\"auto\">.<\/span><span data-ccp-props=\"{&quot;335559731&quot;:708}\">\u00a0<\/span><\/p>\n<p><span data-contrast=\"auto\">Asimismo,<\/span><span data-contrast=\"auto\"> por se<\/span><span data-contrast=\"auto\">r el<\/span> <i><span data-contrast=\"auto\">Treponema <\/span><\/i><i><span data-contrast=\"auto\">Pallidum<\/span><\/i> <span data-contrast=\"auto\">(<\/span><span data-contrast=\"auto\">agente causal de la s\u00edfilis<\/span><span data-contrast=\"auto\">) <\/span><span data-contrast=\"auto\">de origen bacteriol\u00f3gico<\/span><span data-contrast=\"auto\">,<\/span> <span data-contrast=\"auto\">todos<\/span><span data-contrast=\"auto\"> los medicamentos para su cura s<\/span><span data-contrast=\"auto\">\u00f3<\/span><span data-contrast=\"auto\">lo fueron <\/span><span data-contrast=\"auto\">paliativos<\/span> <span data-contrast=\"auto\">que evitaban<\/span><span data-contrast=\"auto\"> el dolor<\/span><span data-contrast=\"auto\"> y<\/span><span data-contrast=\"auto\"> el mercurio<\/span><span data-contrast=\"auto\"> figur\u00f3 como<\/span><span data-contrast=\"auto\"> uno<\/span><span data-contrast=\"auto\"> de los m\u00e1s utilizado en sus diferentes presentaciones<\/span><span data-contrast=\"auto\"> \u2013<\/span><span data-contrast=\"auto\">inyecciones, ung\u00fcentos hasta vapores<\/span><span data-contrast=\"auto\">\u2013<\/span><span data-contrast=\"auto\">, lo <\/span><span data-contrast=\"auto\">que<\/span><span data-contrast=\"auto\"> ocasion<\/span><span data-contrast=\"auto\">\u00f3<\/span><span data-contrast=\"auto\"> un envenenamiento <\/span><span data-contrast=\"auto\">que llev\u00f3<\/span><span data-contrast=\"auto\"> a las personas a la muerte.<\/span><span data-ccp-props=\"{&quot;335559731&quot;:708}\">\u00a0<\/span><\/p>\n<p><span data-contrast=\"auto\">En la actualidad<\/span><span data-contrast=\"auto\">,<\/span><span data-contrast=\"auto\"> la s\u00edfilis sigue afectando a un n\u00famero amplio de personas (<\/span><span data-contrast=\"auto\">se calculan <\/span><span data-contrast=\"auto\">10 millones de casos a nivel mundial), pero con el descubri<\/span><span data-contrast=\"auto\">miento<\/span><span data-contrast=\"auto\"> de la penicilina<\/span><span data-contrast=\"auto\">,<\/span><span data-contrast=\"auto\"> en 1928<\/span><span data-contrast=\"auto\">,<\/span> <span data-contrast=\"auto\">ahora <\/span><span data-contrast=\"auto\">es una enfermedad curable.<\/span><span data-ccp-props=\"{&quot;335559731&quot;:708}\">\u00a0<\/span><\/p>\n<div id=\"attachment_82025\" style=\"width: 732px\" class=\"wp-caption aligncenter\"><a href=\"https:\/\/www.uv.mx\/prensa\/files\/2020\/03\/240320-Margarita-Meza-2.jpg\"><img loading=\"lazy\" decoding=\"async\" aria-describedby=\"caption-attachment-82025\" class=\"size-full wp-image-82025\" src=\"https:\/\/www.uv.mx\/prensa\/files\/2020\/03\/240320-Margarita-Meza-2.jpg\" alt=\"\" width=\"722\" height=\"481\" srcset=\"https:\/\/www.uv.mx\/prensa\/files\/2020\/03\/240320-Margarita-Meza-2.jpg 722w, https:\/\/www.uv.mx\/prensa\/files\/2020\/03\/240320-Margarita-Meza-2-300x200.jpg 300w\" sizes=\"auto, (max-width: 722px) 100vw, 722px\" \/><\/a><p id=\"caption-attachment-82025\" class=\"wp-caption-text\">La investigaci\u00f3n est\u00e1 centrada en las caracter\u00edsticas f\u00edsicas, biol\u00f3gicas y demogr\u00e1ficas<\/p><\/div>\n<p><b><span data-contrast=\"auto\">Antropolog\u00eda forense en la UV<\/span><\/b><span data-ccp-props=\"{}\">\u00a0<\/span><\/p>\n<p><span data-contrast=\"auto\">La acad\u00e9mica tambi\u00e9n habl\u00f3 del <\/span><span data-contrast=\"auto\">Laboratorio de <\/span><span data-contrast=\"auto\">Bioarqueolog\u00ed<\/span><span data-contrast=\"auto\">a<\/span> <span data-contrast=\"auto\">y<\/span><span data-contrast=\"auto\"> Antropolog\u00eda Forense<\/span><span data-contrast=\"auto\">,<\/span><span data-contrast=\"auto\"> que es parte del proyecto <\/span><span data-contrast=\"auto\">de investigaci\u00f3n <\/span><span data-contrast=\"auto\">ya<\/span><span data-contrast=\"auto\"> citado, y fue posible <\/span><span data-contrast=\"auto\">en la gesti\u00f3n de<\/span><span data-contrast=\"auto\"> la investigadora<\/span><span data-contrast=\"auto\"> Sof\u00eda Larios<\/span><span data-contrast=\"auto\"> como director<\/span><span data-contrast=\"auto\">a del Instituto<\/span><span data-contrast=\"auto\"> de<\/span> <span data-contrast=\"auto\">Antropolog\u00eda<\/span><span data-contrast=\"auto\">.<\/span><span data-ccp-props=\"{}\">\u00a0<\/span><\/p>\n<p><span data-contrast=\"auto\">La<\/span><span data-contrast=\"auto\"> finalidad <\/span><span data-contrast=\"auto\">del l<\/span><span data-contrast=\"auto\">aboratorio es<\/span><span data-contrast=\"auto\"> proporcionar las bases te\u00f3ricas y metodol\u00f3gicas para el estudio de las poblaciones antigua<\/span><span data-contrast=\"auto\">s y metodolog\u00edas b\u00e1sicas de la a<\/span><span data-contrast=\"auto\">ntropolog\u00eda <\/span><span data-contrast=\"auto\">f<\/span><span data-contrast=\"auto\">orense, espec\u00edficamente para la identificaci\u00f3n humana.<\/span><span data-ccp-props=\"{&quot;335559731&quot;:708}\">\u00a0<\/span><\/p>\n<p><span data-contrast=\"auto\">\u00a0<\/span><span data-contrast=\"auto\">E<\/span><span data-contrast=\"auto\">sto<\/span><span data-contrast=\"auto\"> \u201c<\/span><span data-contrast=\"auto\">lamentablemente en la actualidad es un campo emergente en todo el pa\u00eds y donde se est\u00e1n incorporando <\/span><span data-contrast=\"auto\">a<\/span><span data-contrast=\"auto\">ntrop\u00f3logos y <\/span><span data-contrast=\"auto\">a<\/span><span data-contrast=\"auto\">rque\u00f3logos egresado<\/span><span data-contrast=\"auto\">s<\/span><span data-contrast=\"auto\"> de la <\/span><span data-contrast=\"auto\">UV\u201d<\/span><span data-contrast=\"auto\">, refiri\u00f3 la entrevistada.<\/span><span data-ccp-props=\"{&quot;335559731&quot;:708}\">\u00a0<\/span><\/p>\n<p><span data-contrast=\"auto\">Si bien<\/span><span data-contrast=\"auto\"> est\u00e1 dirigido par<\/span><span data-contrast=\"auto\">a<\/span><span data-contrast=\"auto\"> la docencia e investigaci\u00f3n<\/span><span data-contrast=\"auto\"> de la comunidad UV,<\/span><span data-contrast=\"auto\"> desde 2019<\/span><span data-contrast=\"auto\"> el <\/span><span data-contrast=\"auto\">l<\/span><span data-contrast=\"auto\">aboratorio<\/span> <span data-contrast=\"auto\">ha<\/span><span data-contrast=\"auto\"> recibido alumnos de otras instituciones, <\/span><span data-contrast=\"auto\">tal es el caso de la ENAH<\/span><span data-contrast=\"auto\"> y <\/span><span data-contrast=\"auto\">de la Licenciatura <\/span><span data-contrast=\"auto\">en<\/span><span data-contrast=\"auto\"> Criminolog\u00eda y Criminal\u00edstica de la <\/span><span data-contrast=\"auto\">Universidad Popular Aut\u00f3noma de Veracruz.<\/span><span data-ccp-props=\"{&quot;335559731&quot;:708}\">\u00a0<\/span><\/p>\n<p><span data-contrast=\"auto\">A la fecha<\/span><span data-contrast=\"auto\">, dos estudiantes de la UV <\/span><span data-contrast=\"auto\">desarrolla<\/span><span data-contrast=\"auto\">n<\/span><span data-contrast=\"auto\"> servicio social y tesis sobre las condiciones de vida, salud y enfermedad de las poblaciones antiguas d<\/span><span data-contrast=\"auto\">e la entidad veracruzana<\/span><span data-contrast=\"auto\">.<\/span><span data-ccp-props=\"{&quot;335559731&quot;:708}\">\u00a0<\/span><\/p>\n","protected":false},"excerpt":{"rendered":"<p>A trav\u00e9s de restos \u00f3seos y documentos se pueden obtener datos de gran relevancia sobre padecimientos que marcaron un momento hist\u00f3rico: Margarita Meza <\/p>\n","protected":false},"author":1508,"featured_media":82177,"comment_status":"closed","ping_status":"closed","sticky":false,"template":"","format":"standard","meta":{"footnotes":""},"categories":[61],"tags":[],"class_list":["post-82175","post","type-post","status-publish","format-standard","has-post-thumbnail","hentry","category-banner"],"_links":{"self":[{"href":"https:\/\/www.uv.mx\/prensa\/wp-json\/wp\/v2\/posts\/82175","targetHints":{"allow":["GET"]}}],"collection":[{"href":"https:\/\/www.uv.mx\/prensa\/wp-json\/wp\/v2\/posts"}],"about":[{"href":"https:\/\/www.uv.mx\/prensa\/wp-json\/wp\/v2\/types\/post"}],"author":[{"embeddable":true,"href":"https:\/\/www.uv.mx\/prensa\/wp-json\/wp\/v2\/users\/1508"}],"replies":[{"embeddable":true,"href":"https:\/\/www.uv.mx\/prensa\/wp-json\/wp\/v2\/comments?post=82175"}],"version-history":[{"count":0,"href":"https:\/\/www.uv.mx\/prensa\/wp-json\/wp\/v2\/posts\/82175\/revisions"}],"wp:featuredmedia":[{"embeddable":true,"href":"https:\/\/www.uv.mx\/prensa\/wp-json\/wp\/v2\/media\/82177"}],"wp:attachment":[{"href":"https:\/\/www.uv.mx\/prensa\/wp-json\/wp\/v2\/media?parent=82175"}],"wp:term":[{"taxonomy":"category","embeddable":true,"href":"https:\/\/www.uv.mx\/prensa\/wp-json\/wp\/v2\/categories?post=82175"},{"taxonomy":"post_tag","embeddable":true,"href":"https:\/\/www.uv.mx\/prensa\/wp-json\/wp\/v2\/tags?post=82175"}],"curies":[{"name":"wp","href":"https:\/\/api.w.org\/{rel}","templated":true}]}}