{"id":82050,"date":"2020-03-29T10:30:31","date_gmt":"2020-03-29T16:30:31","guid":{"rendered":"https:\/\/www.uv.mx\/prensa\/?p=82050"},"modified":"2020-03-30T10:58:44","modified_gmt":"2020-03-30T16:58:44","slug":"investigadores-de-la-uv-estudian-murcielagos-de-zonas-aridas","status":"publish","type":"post","link":"https:\/\/www.uv.mx\/prensa\/ciencia\/investigadores-de-la-uv-estudian-murcielagos-de-zonas-aridas\/","title":{"rendered":"Investigadores de la UV estudian murci\u00e9lagos de zonas \u00e1ridas"},"content":{"rendered":"<ul>\n<li data-leveltext=\"\uf0b7\" data-font=\"Symbol\" data-listid=\"2\" data-aria-posinset=\"1\" data-aria-level=\"1\"><i><span data-contrast=\"auto\">El trabajo fue <\/span><\/i><i><span data-contrast=\"auto\">realizado en Aguascalientes y Jalisco<\/span><\/i><i><span data-contrast=\"auto\">, entre 2012 y 2013<\/span><\/i><span data-ccp-props=\"{&quot;134233279&quot;:true}\">\u00a0<\/span><\/li>\n<li data-leveltext=\"\uf0b7\" data-font=\"Symbol\" data-listid=\"2\" data-aria-posinset=\"2\" data-aria-level=\"1\"><i><span data-contrast=\"auto\">Los resultados se publicaron recientemente<\/span><\/i><i><span data-contrast=\"auto\"> en la revista <\/span><\/i><span data-contrast=\"auto\">Therya<\/span><span data-ccp-props=\"{&quot;134233279&quot;:true}\">\u00a0<\/span><\/li>\n<\/ul>\n<div id=\"attachment_82015\" style=\"width: 732px\" class=\"wp-caption aligncenter\"><a href=\"https:\/\/www.uv.mx\/prensa\/files\/2020\/03\/200320-Cristina-MacSwiney-1.jpg\"><img aria-describedby=\"caption-attachment-82015\" decoding=\"async\" loading=\"lazy\" class=\"size-full wp-image-82015\" src=\"https:\/\/www.uv.mx\/prensa\/files\/2020\/03\/200320-Cristina-MacSwiney-1.jpg\" alt=\"\" width=\"722\" height=\"481\" srcset=\"https:\/\/www.uv.mx\/prensa\/files\/2020\/03\/200320-Cristina-MacSwiney-1.jpg 722w, https:\/\/www.uv.mx\/prensa\/files\/2020\/03\/200320-Cristina-MacSwiney-1-300x200.jpg 300w\" sizes=\"(max-width: 722px) 100vw, 722px\" \/><\/a><p id=\"caption-attachment-82015\" class=\"wp-caption-text\">Mar\u00eda Cristina Mac Swiney y Rafael \u00c1vila<\/p><\/div>\n<p><b><i><span data-contrast=\"auto\">Paola Cort\u00e9s P\u00e9rez<\/span><\/i><\/b><span data-ccp-props=\"{}\">\u00a0<\/span><\/p>\n<p><b><i><span data-contrast=\"auto\">2<\/span><\/i><\/b><b><i><span data-contrast=\"auto\">9<\/span><\/i><\/b><b><i><span data-contrast=\"auto\">\/03\/2020, Xalapa, Ver.-<\/span><\/i><\/b> <span data-contrast=\"auto\">Mar\u00eda Cristina Mac<\/span> <span data-contrast=\"auto\">Swiney Gonz\u00e1lez<\/span><span data-contrast=\"auto\">, investigadora adscrita al <a href=\"https:\/\/www.uv.mx\/citro\/\" target=\"_blank\" rel=\"noopener noreferrer\">Centro de Investigaciones Tropicales<\/a> (<\/span><i><span data-contrast=\"auto\">Citro<\/span><\/i><span data-contrast=\"auto\">) de la Universidad Veracruzana (UV), <\/span><span data-contrast=\"auto\">en<\/span><span data-contrast=\"auto\"> conjunto con <\/span><span data-contrast=\"auto\">Juan Manuel P<\/span><span data-contrast=\"auto\">ech Canch\u00e9, investigador de la r<\/span><span data-contrast=\"auto\">egi\u00f3n Poza Rica-Tuxpan<\/span><span data-contrast=\"auto\">,<\/span><span data-contrast=\"auto\"> y Rafael \u00c1vila Flores, investigador de la Universidad Ju\u00e1rez Aut\u00f3noma d<\/span><span data-contrast=\"auto\">e<\/span><span data-contrast=\"auto\"> Tabasc<\/span><span data-contrast=\"auto\">o (UJAT), publicaron en la r<\/span><span data-contrast=\"auto\">evista <\/span><span data-contrast=\"auto\">electr\u00f3nica <\/span><i><span data-contrast=\"auto\">Therya<\/span><\/i> <span data-contrast=\"auto\">un <\/span><span data-contrast=\"auto\">estudio sobre murci\u00e9lagos.<\/span><span data-ccp-props=\"{}\">\u00a0<\/span><\/p>\n<p><span data-contrast=\"auto\">La revista<\/span><span data-contrast=\"auto\">, que<\/span><span data-contrast=\"auto\"> pertenece a<\/span><span data-contrast=\"auto\"> la Asociaci\u00f3n Mexicana de Mastozoolog\u00eda<\/span><span data-contrast=\"auto\">,<\/span><span data-contrast=\"auto\"> A.C.<\/span><span data-contrast=\"auto\">,<\/span> <span data-contrast=\"auto\">tiene por objetivo y alcance ser de circulaci\u00f3n internacional dedicada a la publicaci\u00f3n de art\u00edculos<\/span><span data-contrast=\"auto\">, especialmente<\/span><span data-contrast=\"auto\"> los relacionados con los mam\u00edferos.<\/span><span data-ccp-props=\"{&quot;335559731&quot;:708}\">\u00a0<\/span><\/p>\n<p><span data-contrast=\"auto\">Mencion\u00f3 que el art\u00edculo<\/span><span data-contrast=\"auto\">,<\/span><span data-contrast=\"auto\"> publicado a principios de este a\u00f1o<\/span><span data-contrast=\"auto\">,<\/span> <span data-contrast=\"auto\">se remonta a un trabajo realizado entre 2012 y 2013, en el que <\/span><span data-contrast=\"auto\">colaboran<\/span><span data-contrast=\"auto\"> varios investigadores, principalmente R<\/span><span data-contrast=\"auto\">afael \u00c1vila y Juan Manuel Pech.<\/span><span data-ccp-props=\"{&quot;335559731&quot;:708}\">\u00a0<\/span><\/p>\n<div id=\"attachment_82016\" style=\"width: 732px\" class=\"wp-caption aligncenter\"><a href=\"https:\/\/www.uv.mx\/prensa\/files\/2020\/03\/200320-Cristina-MacSwiney-2.jpg\"><img aria-describedby=\"caption-attachment-82016\" decoding=\"async\" loading=\"lazy\" class=\"size-full wp-image-82016\" src=\"https:\/\/www.uv.mx\/prensa\/files\/2020\/03\/200320-Cristina-MacSwiney-2.jpg\" alt=\"\" width=\"722\" height=\"481\" srcset=\"https:\/\/www.uv.mx\/prensa\/files\/2020\/03\/200320-Cristina-MacSwiney-2.jpg 722w, https:\/\/www.uv.mx\/prensa\/files\/2020\/03\/200320-Cristina-MacSwiney-2-300x200.jpg 300w\" sizes=\"(max-width: 722px) 100vw, 722px\" \/><\/a><p id=\"caption-attachment-82016\" class=\"wp-caption-text\">El estudio se desarroll\u00f3 en la zona \u00e1rida de Aguascalientes (Foto: Jos\u00e9 Arturo Garc\u00eda)<\/p><\/div>\n<p><span data-contrast=\"auto\">E<\/span><span data-contrast=\"auto\">l proyecto se llev\u00f3 a cabo en una zona \u00e1rida<\/span> <span data-contrast=\"auto\">de <\/span><span data-contrast=\"auto\">Aguascalientes y Jalisco<\/span><span data-contrast=\"auto\"> que no tiene muchos estudios sobre murci\u00e9lagos, y particularmente sobre <\/span><span data-contrast=\"auto\">los <\/span><span data-contrast=\"auto\">insect\u00edvoros <\/span><span data-contrast=\"auto\">que son dif\u00edcil<\/span><span data-contrast=\"auto\">es <\/span><span data-contrast=\"auto\">de atrapar <\/span><span data-contrast=\"auto\">porque vuelan muy alto, <\/span><span data-contrast=\"auto\">adem\u00e1s de que <\/span><span data-contrast=\"auto\">son \u00e1reas muy abiertas con mucho viento por las noches<\/span><span data-contrast=\"auto\">, <\/span><span data-contrast=\"auto\">por lo que la captura con <\/span><span data-contrast=\"auto\">las redes no <\/span><span data-contrast=\"auto\">es muy exitosa<\/span><span data-contrast=\"auto\">.<\/span><span data-ccp-props=\"{&quot;335559731&quot;:708}\">\u00a0<\/span><\/p>\n<p><span data-contrast=\"auto\">\u201cEl trabajo est\u00e1 hecho con grabaciones ultras\u00f3nicas, con diferentes t\u00e9cnicas, en transe<\/span><span data-contrast=\"auto\">c<\/span><span data-contrast=\"auto\">to<\/span><span data-contrast=\"auto\">s<\/span><span data-contrast=\"auto\"> y puntos fijos; relacionamos esta actividad de los murci\u00e9lagos insect\u00edvoros en zonas \u00e1ridas con variables ambientales.\u201d<\/span><span data-ccp-props=\"{&quot;335559731&quot;:708}\">\u00a0<\/span><\/p>\n<p><span data-contrast=\"auto\">Este estudio arroj\u00f3 que en esta zona hay una actividad relativamente muy baja en c<\/span><span data-contrast=\"auto\">omparaci\u00f3n con otros ambientes; <\/span><span data-contrast=\"auto\">se <\/span><span data-contrast=\"auto\">encontra<\/span><span data-contrast=\"auto\">r<\/span><span data-contrast=\"auto\">o<\/span><span data-contrast=\"auto\">n<\/span><span data-contrast=\"auto\"> siete especies grabadas ac\u00fasticamente y atraparon dos en unas redes \u2013en un a\u00f1o de trabajo\u2013<\/span><span data-contrast=\"auto\">. Tambi\u00e9n mostr\u00f3 que el uso de redes no es suficiente en un clima \u00e1rido, al menos que haya cuerpos de agua o abrevaderos.<\/span><span data-ccp-props=\"{&quot;335559731&quot;:708}\">\u00a0<\/span><\/p>\n<p><span data-contrast=\"auto\">Asimismo, observaron la presencia de dos picos de actividad<\/span><span data-contrast=\"auto\">: uno muy marcado en mayo \u2013\u00e9poca de secas\u2013 y en noviembre. La especie de murci\u00e9lago m\u00e1s abundante fue una insect\u00edvora, <\/span><i><span data-contrast=\"auto\">Tadarida<\/span><\/i> <i><span data-contrast=\"auto\">brasiliensis<\/span><\/i><span data-contrast=\"auto\">, <\/span><span data-contrast=\"auto\">conocida por su valor como controlador de plagas y en diferentes trabajos ha sido abordado su importante papel ecol\u00f3gico y econ\u00f3mico.<\/span><span data-ccp-props=\"{&quot;335559731&quot;:708}\">\u00a0<\/span><\/p>\n<p><span data-contrast=\"auto\">\u201c<\/span><span data-contrast=\"auto\">La<\/span><span data-contrast=\"auto\"> abundancia de <\/span><span data-contrast=\"auto\">esta <\/span><span data-contrast=\"auto\">especie nos sugiere que hay un pico migratorio, pero tenemos poca informaci\u00f3n, aunque sean datos con bajas abundancias porque es un sitio donde n<\/span><span data-contrast=\"auto\">o hay muchos murci\u00e9lagos, pero e<\/span><span data-contrast=\"auto\">sta especie s<\/span><span data-contrast=\"auto\">\u00ed<\/span><span data-contrast=\"auto\"> tiene un proceso migratorio en abril-mayo y otr<\/span><span data-contrast=\"auto\">o<\/span><span data-contrast=\"auto\"> cerca de octubre-noviembre.\u201d<\/span><span data-ccp-props=\"{&quot;335559731&quot;:708}\">\u00a0<\/span><\/p>\n<div id=\"attachment_82017\" style=\"width: 732px\" class=\"wp-caption aligncenter\"><a href=\"https:\/\/www.uv.mx\/prensa\/files\/2020\/03\/200320-Cristina-MacSwiney-3.jpg\"><img aria-describedby=\"caption-attachment-82017\" decoding=\"async\" loading=\"lazy\" class=\"size-full wp-image-82017\" src=\"https:\/\/www.uv.mx\/prensa\/files\/2020\/03\/200320-Cristina-MacSwiney-3.jpg\" alt=\"\" width=\"722\" height=\"481\" srcset=\"https:\/\/www.uv.mx\/prensa\/files\/2020\/03\/200320-Cristina-MacSwiney-3.jpg 722w, https:\/\/www.uv.mx\/prensa\/files\/2020\/03\/200320-Cristina-MacSwiney-3-300x200.jpg 300w\" sizes=\"(max-width: 722px) 100vw, 722px\" \/><\/a><p id=\"caption-attachment-82017\" class=\"wp-caption-text\">Colocaci\u00f3n de estaciones de monitoreo en Aguascalientes (Foto: Cristina Mac Swiney)<\/p><\/div>\n","protected":false},"excerpt":{"rendered":"<p>Mar\u00eda Mac Swiney y Juan Manuel Pech, de la UV, y Rafael \u00c1vila Flores, de la UJAT, publicaron en la revista <em>Therya<\/em> los resultados de una investigaci\u00f3n realizada en Aguascalientes y Jalisco, entre 2012 y 2013<\/p>\n","protected":false},"author":1508,"featured_media":82015,"comment_status":"closed","ping_status":"closed","sticky":false,"template":"","format":"standard","meta":[],"categories":[45],"tags":[],"_links":{"self":[{"href":"https:\/\/www.uv.mx\/prensa\/wp-json\/wp\/v2\/posts\/82050"}],"collection":[{"href":"https:\/\/www.uv.mx\/prensa\/wp-json\/wp\/v2\/posts"}],"about":[{"href":"https:\/\/www.uv.mx\/prensa\/wp-json\/wp\/v2\/types\/post"}],"author":[{"embeddable":true,"href":"https:\/\/www.uv.mx\/prensa\/wp-json\/wp\/v2\/users\/1508"}],"replies":[{"embeddable":true,"href":"https:\/\/www.uv.mx\/prensa\/wp-json\/wp\/v2\/comments?post=82050"}],"version-history":[{"count":0,"href":"https:\/\/www.uv.mx\/prensa\/wp-json\/wp\/v2\/posts\/82050\/revisions"}],"wp:featuredmedia":[{"embeddable":true,"href":"https:\/\/www.uv.mx\/prensa\/wp-json\/wp\/v2\/media\/82015"}],"wp:attachment":[{"href":"https:\/\/www.uv.mx\/prensa\/wp-json\/wp\/v2\/media?parent=82050"}],"wp:term":[{"taxonomy":"category","embeddable":true,"href":"https:\/\/www.uv.mx\/prensa\/wp-json\/wp\/v2\/categories?post=82050"},{"taxonomy":"post_tag","embeddable":true,"href":"https:\/\/www.uv.mx\/prensa\/wp-json\/wp\/v2\/tags?post=82050"}],"curies":[{"name":"wp","href":"https:\/\/api.w.org\/{rel}","templated":true}]}}