{"id":8165,"date":"2016-03-15T13:04:06","date_gmt":"2016-03-15T19:04:06","guid":{"rendered":"https:\/\/www.uv.mx\/prensa\/?p=8165"},"modified":"2017-10-30T10:20:27","modified_gmt":"2017-10-30T16:20:27","slug":"universitarios-emprenden-acciones-de-cuidado-y-proteccion-del-parque-natura","status":"publish","type":"post","link":"https:\/\/www.uv.mx\/prensa\/general\/universitarios-emprenden-acciones-de-cuidado-y-proteccion-del-parque-natura\/","title":{"rendered":"Universitarios emprenden acciones de cuidado y protecci\u00f3n del Parque Natura"},"content":{"rendered":"<p>&nbsp;<\/p>\n<ul>\n<li><em>De la Facultad de Pedagog\u00eda<\/em><\/li>\n<li><em>Respaldados por <\/em>CoSustenta<em> UV y <\/em>Sedema<em>, en una primera etapa recolectar\u00e1n residuos s\u00f3lidos<\/em><\/li>\n<li><em>Posteriormente adoptar\u00e1n una hect\u00e1rea e integrar\u00e1n a otros sectores de la sociedad<\/em><\/li>\n<\/ul>\n<p>&nbsp;<\/p>\n<p><strong><em>Claudia Peralta V\u00e1zquez<\/em><\/strong><\/p>\n<p>&nbsp;<\/p>\n<p>Como parte de su formaci\u00f3n acad\u00e9mica y humana, estudiantes de la Facultad de Pedagog\u00eda\u00a0 de la Universidad Veracruzana (UV) iniciaron acciones de cuidado, conservaci\u00f3n y protecci\u00f3n del medio ambiente, en el \u00c1rea Natural Protegida (ANP) conocida como Parque Natura, en la ciudad de Xalapa, donde llevaron a cabo la recolecci\u00f3n de residuos s\u00f3lidos.<\/p>\n<p>Elena del Carmen Arano Leal, acad\u00e9mica de la Facultad, encabez\u00f3 esta actividad en la que participaron alrededor de 30 alumnos de la experiencia educativa (EE) Desarrollo Humano, respaldados por personal de la Secretar\u00eda de Medio Ambiente (<em>Sedema<\/em>) y la Coordinaci\u00f3n Universitaria para la Sustentabilidad (<em>CoSustenta<\/em>).<\/p>\n<p>Dio a conocer que dicha iniciativa surge de una serie de gestiones entre la Facultad de Pedagog\u00eda regi\u00f3n Xalapa y la <em>Sedema<\/em>, con el prop\u00f3sito de transformar la cultura de respeto hacia el entorno ambiental y las ANP.<\/p>\n<div id=\"attachment_8167\" style=\"width: 310px\" class=\"wp-caption aligncenter\"><a href=\"https:\/\/www.uv.mx\/prensa\/files\/2016\/03\/Colecta-residuos-1.jpg\"><img loading=\"lazy\" decoding=\"async\" aria-describedby=\"caption-attachment-8167\" class=\"size-medium wp-image-8167\" src=\"https:\/\/www.uv.mx\/prensa\/files\/2016\/03\/Colecta-residuos-1-300x200.jpg\" alt=\"Estudiantes de Pedagog\u00eda realizaron acciones de recolecci\u00f3n de residuos en el Parque Natura \" width=\"300\" height=\"200\" srcset=\"https:\/\/www.uv.mx\/prensa\/files\/2016\/03\/Colecta-residuos-1-300x200.jpg 300w, https:\/\/www.uv.mx\/prensa\/files\/2016\/03\/Colecta-residuos-1-1024x684.jpg 1024w\" sizes=\"auto, (max-width: 300px) 100vw, 300px\" \/><\/a><p id=\"caption-attachment-8167\" class=\"wp-caption-text\">Estudiantes de Pedagog\u00eda realizaron acciones de recolecci\u00f3n de residuos en el Parque Natura<\/p><\/div>\n<p>En este sentido, dentro del programa \u201cCoexistencia sustentable: el Parque Natura como espacio educativo para la poblaci\u00f3n estudiantil y comunitaria\u201d, se acord\u00f3 realizar diversas tareas de limpieza, cuidado y preservaci\u00f3n de esta ANP.<\/p>\n<p>Arano Leal resalt\u00f3 la disposici\u00f3n e inter\u00e9s de ambas instancias por inculcar en los estudiantes en formaci\u00f3n, la atenci\u00f3n de esta urgente problem\u00e1tica que conlleva alteraciones y contaminaci\u00f3n del medio ambiente.<\/p>\n<p>Precis\u00f3 que el proyecto contempla tres etapas, que se pondr\u00e1n en marcha a lo largo de igual n\u00famero de periodos escolares. Es decir, como parte de esta primera edici\u00f3n, los alumnos se concretaron a labores de recolecci\u00f3n de residuos s\u00f3lidos, desde la entrada del parque hasta la zona de canchas, que comprende una distancia de alrededor de un kil\u00f3metro. Sin embargo, esta misma labor la repetir\u00e1n las veces que sea necesario, en los pr\u00f3ximos d\u00edas y meses.<\/p>\n<p>Posteriormente, en el siguiente periodo escolar (agosto-enero) corresponder\u00e1 a otro grupo que curse la EE atender toda una hect\u00e1rea de este espacio verde bajo el compromiso de preservarlo.<\/p>\n<div id=\"attachment_8168\" style=\"width: 310px\" class=\"wp-caption aligncenter\"><a href=\"https:\/\/www.uv.mx\/prensa\/files\/2016\/03\/Colecta-residuos-2.jpg\"><img loading=\"lazy\" decoding=\"async\" aria-describedby=\"caption-attachment-8168\" class=\"size-medium wp-image-8168\" src=\"https:\/\/www.uv.mx\/prensa\/files\/2016\/03\/Colecta-residuos-2-300x200.jpg\" alt=\"Elena del Carmen Arano Leal, titular de la EE Desarrollo Humano\" width=\"300\" height=\"200\" srcset=\"https:\/\/www.uv.mx\/prensa\/files\/2016\/03\/Colecta-residuos-2-300x200.jpg 300w, https:\/\/www.uv.mx\/prensa\/files\/2016\/03\/Colecta-residuos-2-1024x684.jpg 1024w\" sizes=\"auto, (max-width: 300px) 100vw, 300px\" \/><\/a><p id=\"caption-attachment-8168\" class=\"wp-caption-text\">Elena del Carmen Arano Leal, titular de la EE Desarrollo Humano<\/p><\/div>\n<p>En el tercer periodo (febrero-junio de 2017), la actividad se extender\u00e1 a la comunidad en general, a trav\u00e9s de la conformaci\u00f3n de un club de personas interesadas en proteger el medio ambiente.<\/p>\n<p>Elena Arano, quien tambi\u00e9n es integrante del cuerpo acad\u00e9mico (CA) Tecnolog\u00edas e Innovaci\u00f3n en Educaci\u00f3n para la Sustentabilidad, adscrito a la Facultad de Pedagog\u00eda, puntualiz\u00f3 que estas acciones no se agotan ni tampoco se catalogan como metas a corto o mediano plazo.<\/p>\n<p>Por ello, una vez que concluya el proyecto llevar\u00e1n a cabo un an\u00e1lisis, evaluaci\u00f3n y reformulaci\u00f3n de lo realizado, con el fin de dar continuidad, ampliar los objetivos y favorecer la integraci\u00f3n de grupos interesados en el cuidado y protecci\u00f3n del entorno ambiental, as\u00ed como de estudiantes de otras disciplinas.<\/p>\n<p>Salvador V\u00e1zquez Cornejo, representante de la <em>Sedema<\/em>, coment\u00f3 que esta actividad se desarrolla en el marco del programa \u201cAdopta una hect\u00e1rea\u201d, implementada por esta dependencia y en la que participan diferentes organismos p\u00fablicos y privados.<\/p>\n<p>Destac\u00f3 la participaci\u00f3n de estudiantes de la Facultad de Pedagog\u00eda de la UV en el cuidado del Parque Natura, cuyo nombre real es \u00c1rea Natural Protegida Tejar Garnica, lugar donde son protegidas alrededor de 133 hect\u00e1reas de bosque mes\u00f3filo y donde viven muchas especies de fauna silvestre como: zorro gris, ardillas, tlacuaches y mapaches, entre otras.<\/p>\n<p>Dijo que esta informaci\u00f3n ha sido recabada gracias a la colaboraci\u00f3n de alumnos de la Universidad, quienes realizan trabajos de investigaci\u00f3n en esta zona, ya sea de nivel licenciatura o maestr\u00eda.<\/p>\n<p>\u201cEn esta ocasi\u00f3n son estudiantes de Pedagog\u00eda, que en un futuro ser\u00e1n maestros y trabajar\u00e1n en alguna dependencia y podr\u00e1n transmitir el mensaje a la sociedad, pero principalmente a los ni\u00f1os.\u201d<\/p>\n<p>Por ello, resalt\u00f3 la importancia de esta iniciativa, toda vez que es imposible darle mantenimiento a 133 hect\u00e1reas, lo que se traduce a m\u00e1s de 10 kil\u00f3metros de senderos, donde los costados requieren del chapeo y recolecci\u00f3n de basura. Adem\u00e1s, estas acciones peri\u00f3dicas tambi\u00e9n coadyuvan a la protecci\u00f3n de la fauna silvestre, dijo.<\/p>\n<div id=\"attachment_8170\" style=\"width: 310px\" class=\"wp-caption aligncenter\"><a href=\"https:\/\/www.uv.mx\/prensa\/files\/2016\/03\/Colecta-residuos-3.jpg\"><img loading=\"lazy\" decoding=\"async\" aria-describedby=\"caption-attachment-8170\" class=\"size-medium wp-image-8170\" src=\"https:\/\/www.uv.mx\/prensa\/files\/2016\/03\/Colecta-residuos-3-300x200.jpg\" alt=\"Alumnos de la Facultad fomentan cultura y cuidado de protecci\u00f3n al ambiente\" width=\"300\" height=\"200\" srcset=\"https:\/\/www.uv.mx\/prensa\/files\/2016\/03\/Colecta-residuos-3-300x200.jpg 300w, https:\/\/www.uv.mx\/prensa\/files\/2016\/03\/Colecta-residuos-3-1024x684.jpg 1024w, https:\/\/www.uv.mx\/prensa\/files\/2016\/03\/Colecta-residuos-3.jpg 1685w\" sizes=\"auto, (max-width: 300px) 100vw, 300px\" \/><\/a><p id=\"caption-attachment-8170\" class=\"wp-caption-text\">Alumnos de la Facultad fomentan cultura y cuidado de protecci\u00f3n al ambiente<\/p><\/div>\n<p>A\u00f1adi\u00f3 que previo a esta tarea, la <em>Sedema<\/em> brind\u00f3 a los j\u00f3venes ecologistas capacitaci\u00f3n en torno a la importancia de los recursos naturales y de las ANP del estado de Veracruz.<\/p>\n<p>Tambi\u00e9n coment\u00f3 que se pretende hacer un acceso directo desde la Facultad de Pedagog\u00eda hasta el Parque Natura, con el objetivo de que sea m\u00e1s factible para los alumnos desarrollar esta actividad y poner en pr\u00e1ctica su preparaci\u00f3n en materia ambiental.<\/p>\n<p>Jos\u00e9 Antonio Rosas Hern\u00e1ndez, alumno de octavo semestre, expres\u00f3 que es importante preservar el medio ambiente, ya que ha sido rezagado y descuidado. \u201cEn un futuro ser\u00eda necesario abarcar todo el parque, ya que todos tenemos ganas e iniciativa\u201d.<\/p>\n<p>En tanto, Daniela Fernanda Arroyo Beristain, tambi\u00e9n del octavo semestre, apunt\u00f3 que la idea es recolectar y separar residuos, colocar se\u00f1al\u00e9ticas para los visitantes, as\u00ed como dar mantenimiento a sanitarios, ba\u00f1os, canchas deportivas y bancas.<\/p>\n<p>Dijo que esta actividad va de la mano con la formaci\u00f3n de los pedagogos, porque no s\u00f3lo es el aspecto educativo sino la parte humana que se requiere para esta profesi\u00f3n.<\/p>\n<p>Durante el recorrido por el Parque Natura, Freya Olivares Saucedo, estudiante del sexto semestre, dijo estar muy motivada de contribuir a la limpieza y conservaci\u00f3n de esta \u00e1rea, por lo que espera que la poblaci\u00f3n en general se sume a dicha iniciativa.<\/p>\n","protected":false},"excerpt":{"rendered":"<p><strong><em>Claudia Peralta.-<\/em><\/strong>Como parte de su formaci\u00f3n acad\u00e9mica y humana, estudiantes de la Facultad de Pedagog\u00eda  de la Universidad Veracruzana (UV) iniciaron acciones de cuidado, conservaci\u00f3n y protecci\u00f3n del medio ambiente, en el \u00c1rea Natural Protegida (ANP) conocida como Parque Natura, en la ciudad de Xalapa, donde llevaron a cabo la recolecci\u00f3n de residuos s\u00f3lidos.<\/p>\n","protected":false},"author":1810,"featured_media":8167,"comment_status":"closed","ping_status":"closed","sticky":false,"template":"","format":"standard","meta":{"footnotes":""},"categories":[1],"tags":[3],"class_list":["post-8165","post","type-post","status-publish","format-standard","has-post-thumbnail","hentry","category-general","tag-secundarias"],"_links":{"self":[{"href":"https:\/\/www.uv.mx\/prensa\/wp-json\/wp\/v2\/posts\/8165","targetHints":{"allow":["GET"]}}],"collection":[{"href":"https:\/\/www.uv.mx\/prensa\/wp-json\/wp\/v2\/posts"}],"about":[{"href":"https:\/\/www.uv.mx\/prensa\/wp-json\/wp\/v2\/types\/post"}],"author":[{"embeddable":true,"href":"https:\/\/www.uv.mx\/prensa\/wp-json\/wp\/v2\/users\/1810"}],"replies":[{"embeddable":true,"href":"https:\/\/www.uv.mx\/prensa\/wp-json\/wp\/v2\/comments?post=8165"}],"version-history":[{"count":0,"href":"https:\/\/www.uv.mx\/prensa\/wp-json\/wp\/v2\/posts\/8165\/revisions"}],"wp:featuredmedia":[{"embeddable":true,"href":"https:\/\/www.uv.mx\/prensa\/wp-json\/wp\/v2\/media\/8167"}],"wp:attachment":[{"href":"https:\/\/www.uv.mx\/prensa\/wp-json\/wp\/v2\/media?parent=8165"}],"wp:term":[{"taxonomy":"category","embeddable":true,"href":"https:\/\/www.uv.mx\/prensa\/wp-json\/wp\/v2\/categories?post=8165"},{"taxonomy":"post_tag","embeddable":true,"href":"https:\/\/www.uv.mx\/prensa\/wp-json\/wp\/v2\/tags?post=8165"}],"curies":[{"name":"wp","href":"https:\/\/api.w.org\/{rel}","templated":true}]}}