{"id":8160,"date":"2016-03-15T12:53:49","date_gmt":"2016-03-15T18:53:49","guid":{"rendered":"https:\/\/www.uv.mx\/prensa\/?p=8160"},"modified":"2016-03-15T12:53:49","modified_gmt":"2016-03-15T18:53:49","slug":"uv-y-dif-trabajan-en-propuesta-para-albergue-infantil","status":"publish","type":"post","link":"https:\/\/www.uv.mx\/prensa\/general\/uv-y-dif-trabajan-en-propuesta-para-albergue-infantil\/","title":{"rendered":"UV y DIF trabajan en propuesta para albergue infantil"},"content":{"rendered":"<p>&nbsp;<\/p>\n<p>&nbsp;<\/p>\n<p><strong><em>Eduardo Ca\u00f1edo Lom\u00e1n<\/em><\/strong><\/p>\n<p>&nbsp;<\/p>\n<p><strong><em>Ixtaczoquitl\u00e1n, Ver.-<\/em><\/strong> Autoridades universitarias, acad\u00e9micos y estudiantes de la regi\u00f3n se reunieron con representantes del Sistema para el Desarrollo Integral de la Familia (DIF) de distintos municipios de la zona, para trabajar en una propuesta para que ni\u00f1os en situaciones de riesgo cuenten con un albergue temporal.<\/p>\n<p>El tema central fue el desarrollo de un proyecto arquitect\u00f3nico que d\u00e9 certidumbre a la propuesta de construcci\u00f3n de un albergue regional para ni\u00f1os, para lo cual fueron convocados en esta ocasi\u00f3n acad\u00e9micos y estudiantes de la Facultad de Arquitectura de la regi\u00f3n Orizaba-C\u00f3rdoba.<\/p>\n<div id=\"attachment_8162\" style=\"width: 310px\" class=\"wp-caption aligncenter\"><a href=\"https:\/\/www.uv.mx\/prensa\/files\/2016\/03\/UV-DIF-1.jpg\"><img loading=\"lazy\" decoding=\"async\" aria-describedby=\"caption-attachment-8162\" class=\"size-medium wp-image-8162\" src=\"https:\/\/www.uv.mx\/prensa\/files\/2016\/03\/UV-DIF-1-300x200.jpg\" alt=\"Patricia Ch\u00e1vez de Herrera, presidenta del DIF de Ixtaczoquitl\u00e1n\" width=\"300\" height=\"200\" srcset=\"https:\/\/www.uv.mx\/prensa\/files\/2016\/03\/UV-DIF-1-300x200.jpg 300w, https:\/\/www.uv.mx\/prensa\/files\/2016\/03\/UV-DIF-1.jpg 1024w\" sizes=\"auto, (max-width: 300px) 100vw, 300px\" \/><\/a><p id=\"caption-attachment-8162\" class=\"wp-caption-text\">Patricia Ch\u00e1vez de Herrera, presidenta del DIF de Ixtaczoquitl\u00e1n<\/p><\/div>\n<p>Cabe mencionar que la iniciativa surgi\u00f3 en una reuni\u00f3n entre presidentas de los distintos DIF, quienes externaron su preocupaci\u00f3n por contar con un albergue en donde puedan permanecer los ni\u00f1os de forma temporal en tanto se resuelve su situaci\u00f3n jur\u00eddica, es por ello que se tom\u00f3 la decisi\u00f3n de acercarse a la UV a fin de que se sume a la elaboraci\u00f3n del proyecto ejecutivo, coment\u00f3 Patricia Ch\u00e1vez de Herrera, presidenta del DIF de Ixtaczoquitl\u00e1n.<\/p>\n<p>\u201cReconozco el liderazgo de la vicerrectora Beatriz Rodr\u00edguez Villafuerte y de la rectora Sara Ladr\u00f3n de Guevara al frente de esta gran instituci\u00f3n; he sido testigo de su compromiso, participaci\u00f3n y apoyo en diversos proyectos sociales. Hoy queremos involucrarlos nuevamente para que puedan aportarnos ideas y sugerencias que nos ayuden a desarrollar una propuesta factible\u201d, enfatiz\u00f3 Ch\u00e1vez de Herrera.<\/p>\n<p>Asimismo, Patricia Reyes Ben\u00edtez, presidenta del DIF de Rafael Delgado, coincidi\u00f3 con la importancia de trabajar de manera colaborativa con la Veracruzana: \u201cQueremos cambiar la situaci\u00f3n de descuido y abandono que desafortunadamente presentan muchos ni\u00f1os en nuestros municipios, y qu\u00e9 mejor que con el acompa\u00f1amiento de la UV, sumando fortalezas en beneficio de la sociedad\u201d.<\/p>\n<div id=\"attachment_8163\" style=\"width: 310px\" class=\"wp-caption aligncenter\"><a href=\"https:\/\/www.uv.mx\/prensa\/files\/2016\/03\/UV-DIF-2.jpg\"><img loading=\"lazy\" decoding=\"async\" aria-describedby=\"caption-attachment-8163\" class=\"size-medium wp-image-8163\" src=\"https:\/\/www.uv.mx\/prensa\/files\/2016\/03\/UV-DIF-2-300x200.jpg\" alt=\"Patricia Reyes Ben\u00edtez, presidenta del DIF de Rafael Delgado\" width=\"300\" height=\"200\" srcset=\"https:\/\/www.uv.mx\/prensa\/files\/2016\/03\/UV-DIF-2-300x200.jpg 300w, https:\/\/www.uv.mx\/prensa\/files\/2016\/03\/UV-DIF-2.jpg 1024w\" sizes=\"auto, (max-width: 300px) 100vw, 300px\" \/><\/a><p id=\"caption-attachment-8163\" class=\"wp-caption-text\">Patricia Reyes Ben\u00edtez, presidenta del DIF de Rafael Delgado<\/p><\/div>\n<p>Por su parte, Sim\u00f3n Rahme Escobedo, director de la Facultad de Arquitectura, destac\u00f3 la importancia de establecer prioridades de atenci\u00f3n, necesidades espec\u00edficas de los usuarios, as\u00ed como las estad\u00edsticas y un diagn\u00f3stico de atenci\u00f3n, mismo que como parte de los acuerdos ser\u00e1 entregado posteriormente, buscando con ello tener elementos para una mejor planificaci\u00f3n del inmueble.<\/p>\n<p>Los DIF que tuvieron representaci\u00f3n en la reuni\u00f3n fueron: Ixtaczoquitl\u00e1n, R\u00edo Blanco, C\u00f3rdoba, Rafael Delgado, Huiloapan, Atzacan, La Perla, Mariano Escobedo, Camerino Z. Mendoza, Fort\u00edn de las Flores, Ixhuatlancillo, Tlilapan y Nogales.<\/p>\n","protected":false},"excerpt":{"rendered":"<p><strong><em>Eduardo Ca\u00f1edo.-<\/em><\/strong>Ixtaczoquitl\u00e1n, Ver.- Autoridades universitarias, acad\u00e9micos y estudiantes de la regi\u00f3n se reunieron con representantes del Sistema para el Desarrollo Integral de la Familia (DIF) de distintos municipios de la zona, para trabajar en una propuesta para que ni\u00f1os en situaciones de riesgo cuenten con un albergue temporal.<\/p>\n","protected":false},"author":1810,"featured_media":8161,"comment_status":"closed","ping_status":"closed","sticky":false,"template":"","format":"standard","meta":{"footnotes":""},"categories":[1],"tags":[3],"class_list":["post-8160","post","type-post","status-publish","format-standard","has-post-thumbnail","hentry","category-general","tag-secundarias"],"_links":{"self":[{"href":"https:\/\/www.uv.mx\/prensa\/wp-json\/wp\/v2\/posts\/8160","targetHints":{"allow":["GET"]}}],"collection":[{"href":"https:\/\/www.uv.mx\/prensa\/wp-json\/wp\/v2\/posts"}],"about":[{"href":"https:\/\/www.uv.mx\/prensa\/wp-json\/wp\/v2\/types\/post"}],"author":[{"embeddable":true,"href":"https:\/\/www.uv.mx\/prensa\/wp-json\/wp\/v2\/users\/1810"}],"replies":[{"embeddable":true,"href":"https:\/\/www.uv.mx\/prensa\/wp-json\/wp\/v2\/comments?post=8160"}],"version-history":[{"count":0,"href":"https:\/\/www.uv.mx\/prensa\/wp-json\/wp\/v2\/posts\/8160\/revisions"}],"wp:featuredmedia":[{"embeddable":true,"href":"https:\/\/www.uv.mx\/prensa\/wp-json\/wp\/v2\/media\/8161"}],"wp:attachment":[{"href":"https:\/\/www.uv.mx\/prensa\/wp-json\/wp\/v2\/media?parent=8160"}],"wp:term":[{"taxonomy":"category","embeddable":true,"href":"https:\/\/www.uv.mx\/prensa\/wp-json\/wp\/v2\/categories?post=8160"},{"taxonomy":"post_tag","embeddable":true,"href":"https:\/\/www.uv.mx\/prensa\/wp-json\/wp\/v2\/tags?post=8160"}],"curies":[{"name":"wp","href":"https:\/\/api.w.org\/{rel}","templated":true}]}}