{"id":815,"date":"2015-06-30T14:49:29","date_gmt":"2015-06-30T19:49:29","guid":{"rendered":"https:\/\/www.uv.mx\/prensa\/?p=815"},"modified":"2015-06-30T15:15:40","modified_gmt":"2015-06-30T20:15:40","slug":"universidades-de-al-crearan-un-consorcio-para-investigar-primates","status":"publish","type":"post","link":"https:\/\/www.uv.mx\/prensa\/general\/universidades-de-al-crearan-un-consorcio-para-investigar-primates\/","title":{"rendered":"Universidades de AL crear\u00e1n un consorcio para investigar primates"},"content":{"rendered":"<p>&nbsp;<\/p>\n<ul>\n<li><em>El objetivo principal es la realizaci\u00f3n de un posgrado internacional<\/em><\/li>\n<\/ul>\n<p>&nbsp;<\/p>\n<p><strong><em>Alma Mart\u00ednez y Aracely Hern\u00e1ndez<\/em><\/strong><\/p>\n<p>&nbsp;<\/p>\n<p><strong><em>Boca del R\u00edo, Ver.-<\/em><\/strong> El V Congreso Mexicano de Primatolog\u00eda \u201cEl progreso y los retos de la primatolog\u00eda en M\u00e9xico y Latinoam\u00e9rica\u201d, organizado por la Universidad Veracruzana (UV) y la Asociaci\u00f3n Mexicana de Primatolog\u00eda, dio inicio la ma\u00f1ana del lunes 29 de junio. El evento re\u00fane hasta el 2 de julio a primat\u00f3logos de Argentina, Brasil, Estados Unidos, Per\u00fa, Venezuela, Inglaterra, Espa\u00f1a y M\u00e9xico.<\/p>\n<p>En la inauguraci\u00f3n se anunci\u00f3 la creaci\u00f3n de un consorcio de universidades de Am\u00e9rica Latina (AL) con el prop\u00f3sito de estructurar un posgrado internacional que redunde en beneficio de los primates, su h\u00e1bitat, su mundo, su preservaci\u00f3n y su estudio. Participan representantes de M\u00e9xico, Brasil, Argentina, Per\u00fa y Venezuela.<\/p>\n<p>Domingo Canales Espinosa, director general del \u00c1rea Acad\u00e9mica Biol\u00f3gico-Agropecuaria de la UV y presidente de la Asociaci\u00f3n Mexicana de Primatolog\u00eda, mencion\u00f3 que en Latinoam\u00e9rica existen alrededor de 200 especies y que este congreso se centra en las investigaciones de tres de ellas existentes en M\u00e9xico.<\/p>\n<p>La rectora Sara Ladr\u00f3n de Guevara celebr\u00f3 que los especialistas mexicanos en este terreno sigan estudiando el comportamiento de los primates como \u201cuna manera de conocer y entender las especies m\u00e1s cercanas a la humana, pero tambi\u00e9n, y sobre todo, como una manera de develar nuestro propio comportamiento\u201d.<\/p>\n<p>Utilizando las palabras del primat\u00f3logo y et\u00f3logo holand\u00e9s Frans de Waal, la Rectora puntualiz\u00f3: \u201cPara mirarnos al espejo y ayudarnos a construir un mundo mejor\u201d.<\/p>\n<p>&nbsp;<\/p>\n<div id=\"attachment_816\" style=\"width: 310px\" class=\"wp-caption aligncenter\"><a href=\"https:\/\/www.uv.mx\/prensa\/files\/2015\/06\/Congreso-primatologia-2.jpg\"><img aria-describedby=\"caption-attachment-816\" decoding=\"async\" loading=\"lazy\" class=\"size-medium wp-image-816\" src=\"https:\/\/www.uv.mx\/prensa\/files\/2015\/06\/Congreso-primatologia-2-300x225.jpg\" alt=\"El V Congreso Mexicano de Primatolog\u00eda re\u00fane a especialistas internacionales.\" width=\"300\" height=\"225\" srcset=\"https:\/\/www.uv.mx\/prensa\/files\/2015\/06\/Congreso-primatologia-2-300x225.jpg 300w, https:\/\/www.uv.mx\/prensa\/files\/2015\/06\/Congreso-primatologia-2-1024x768.jpg 1024w, https:\/\/www.uv.mx\/prensa\/files\/2015\/06\/Congreso-primatologia-2.jpg 1782w\" sizes=\"(max-width: 300px) 100vw, 300px\" \/><\/a><p id=\"caption-attachment-816\" class=\"wp-caption-text\">El V Congreso Mexicano de Primatolog\u00eda re\u00fane a especialistas internacionales.<\/p><\/div>\n<p>&nbsp;<\/p>\n<p>En este sentido, el vicerrector Alfonso P\u00e9rez Morales coment\u00f3 que de 150 especies de primates s\u00f3lo queda una tercera parte, raz\u00f3n por la cual el congreso adquiere relevancia.<\/p>\n<p>Sostuvo que el evento realizado por la Asociaci\u00f3n Mexicana de Primatolog\u00eda es un foro acad\u00e9mico multidisciplinario donde convergen varias disciplinas encaminadas a mostrar las problem\u00e1ticas actuales de los primates y las soluciones para afrontarlas.<\/p>\n<p>Al respecto, Canales Espinosa explic\u00f3 que por parte de la UV el Instituto de Neuroetolog\u00eda, el Instituto de Investigaciones Biol\u00f3gicas y el Centro de Investigaci\u00f3n Tropical (<em>Citro<\/em>) trabajan en el estudio de los primates.<\/p>\n<p>Las actividades del congreso est\u00e1n integradas por conferencias magistrales que abordar\u00e1n temas de ecolog\u00eda, fisiolog\u00eda, manejo y conservaci\u00f3n. Tambi\u00e9n se realizar\u00e1n exposici\u00f3n de carteles y simposios que abordar\u00e1n la perspectiva y los retos de la primatolog\u00eda en AL, as\u00ed como la educaci\u00f3n ambiental.<\/p>\n","protected":false},"excerpt":{"rendered":"<p><strong><em>Alma Mart\u00ednez y Aracely Hern\u00e1ndez, Boca del R\u00edo, Ver.-<\/em><\/strong> El V Congreso Mexicano de Primatolog\u00eda \u201cEl progreso y los retos de la primatolog\u00eda en M\u00e9xico y Latinoam\u00e9rica\u201d, organizado por la Universidad Veracruzana (UV) y la Asociaci\u00f3n Mexicana de Primatolog\u00eda, dio inicio la ma\u00f1ana del lunes 29 de junio. El evento re\u00fane hasta el 2 de julio a primat\u00f3logos de Argentina, Brasil, Estados Unidos, Per\u00fa, Venezuela, Inglaterra, Espa\u00f1a y M\u00e9xico.<\/p>\n","protected":false},"author":1810,"featured_media":820,"comment_status":"closed","ping_status":"closed","sticky":false,"template":"","format":"standard","meta":[],"categories":[1],"tags":[2],"_links":{"self":[{"href":"https:\/\/www.uv.mx\/prensa\/wp-json\/wp\/v2\/posts\/815"}],"collection":[{"href":"https:\/\/www.uv.mx\/prensa\/wp-json\/wp\/v2\/posts"}],"about":[{"href":"https:\/\/www.uv.mx\/prensa\/wp-json\/wp\/v2\/types\/post"}],"author":[{"embeddable":true,"href":"https:\/\/www.uv.mx\/prensa\/wp-json\/wp\/v2\/users\/1810"}],"replies":[{"embeddable":true,"href":"https:\/\/www.uv.mx\/prensa\/wp-json\/wp\/v2\/comments?post=815"}],"version-history":[{"count":0,"href":"https:\/\/www.uv.mx\/prensa\/wp-json\/wp\/v2\/posts\/815\/revisions"}],"wp:featuredmedia":[{"embeddable":true,"href":"https:\/\/www.uv.mx\/prensa\/wp-json\/wp\/v2\/media\/820"}],"wp:attachment":[{"href":"https:\/\/www.uv.mx\/prensa\/wp-json\/wp\/v2\/media?parent=815"}],"wp:term":[{"taxonomy":"category","embeddable":true,"href":"https:\/\/www.uv.mx\/prensa\/wp-json\/wp\/v2\/categories?post=815"},{"taxonomy":"post_tag","embeddable":true,"href":"https:\/\/www.uv.mx\/prensa\/wp-json\/wp\/v2\/tags?post=815"}],"curies":[{"name":"wp","href":"https:\/\/api.w.org\/{rel}","templated":true}]}}