{"id":80898,"date":"2020-02-23T14:28:56","date_gmt":"2020-02-23T20:28:56","guid":{"rendered":"https:\/\/www.uv.mx\/prensa\/?p=80898"},"modified":"2020-03-02T12:42:58","modified_gmt":"2020-03-02T18:42:58","slug":"uv-invita-a-un-verano-de-investigacion-con-apoyo-del-programa-delfin","status":"publish","type":"post","link":"https:\/\/www.uv.mx\/prensa\/general\/uv-invita-a-un-verano-de-investigacion-con-apoyo-del-programa-delfin\/","title":{"rendered":"UV invita a un Verano de Investigaci\u00f3n, con apoyo del Programa Delf\u00edn"},"content":{"rendered":"<ul>\n<li data-leveltext=\"\uf0b7\" data-font=\"Symbol\" data-listid=\"1\" data-aria-posinset=\"1\" data-aria-level=\"1\"><i><span data-contrast=\"auto\">Desde hace cuatro a\u00f1os, esta casa de estudios participa en la convocatoria internacional a favor de los estudiantes de licenciatura<\/span><\/i><i><span data-contrast=\"auto\">, disponible en<\/span><\/i> <a href=\"https:\/\/www.programadelfin.org.mx\/\"><i><span data-contrast=\"none\">www.programadelfin.org.mx\/<\/span><\/i><\/a><span data-ccp-props=\"{&quot;134233279&quot;:true}\">\u00a0<\/span><\/li>\n<li data-leveltext=\"\uf0b7\" data-font=\"Symbol\" data-listid=\"1\" data-aria-posinset=\"2\" data-aria-level=\"1\"><i><span data-contrast=\"auto\">La Coordinaci\u00f3n de Movilidad Estudiantil y Acad\u00e9mica de la DGRI acompa\u00f1a el proceso de los aspirantes<\/span><\/i><span data-ccp-props=\"{&quot;134233279&quot;:true}\">\u00a0<\/span><\/li>\n<\/ul>\n<div id=\"attachment_70095\" style=\"width: 732px\" class=\"wp-caption aligncenter\"><a href=\"https:\/\/www.uv.mx\/prensa\/files\/2019\/06\/240619-Programa-DELFIN-1.jpg\"><img loading=\"lazy\" decoding=\"async\" aria-describedby=\"caption-attachment-70095\" class=\"size-full wp-image-70095\" src=\"https:\/\/www.uv.mx\/prensa\/files\/2019\/06\/240619-Programa-DELFIN-1.jpg\" alt=\"\" width=\"722\" height=\"453\" srcset=\"https:\/\/www.uv.mx\/prensa\/files\/2019\/06\/240619-Programa-DELFIN-1.jpg 722w, https:\/\/www.uv.mx\/prensa\/files\/2019\/06\/240619-Programa-DELFIN-1-300x188.jpg 300w\" sizes=\"auto, (max-width: 722px) 100vw, 722px\" \/><\/a><p id=\"caption-attachment-70095\" class=\"wp-caption-text\"><span class=\"TextRun SCXW139278182 BCX2\" lang=\"ES-MX\" xml:lang=\"ES-MX\" data-contrast=\"auto\"><span class=\"NormalTextRun SCXW139278182 BCX2\">La UV recibi\u00f3 a 29 universitarios nacionales y extranjeros en la convocatoria de 2019<\/span><\/span><\/p><\/div>\n<blockquote><p><span class=\"TextRun Highlight SCXW201211665 BCX2\" lang=\"ES-MX\" xml:lang=\"ES-MX\" data-contrast=\"auto\"><span class=\"NormalTextRun SCXW201211665 BCX2\">El apoyo econ\u00f3mico que reciben los estudiantes proviene de las direcciones generales de \u00e1reas acad\u00e9micas, de la DGRI<\/span><\/span><span class=\"TextRun Highlight SCXW201211665 BCX2\" lang=\"ES-MX\" xml:lang=\"ES-MX\" data-contrast=\"auto\"><span class=\"NormalTextRun SCXW201211665 BCX2\">,<\/span><\/span><span class=\"TextRun Highlight SCXW201211665 BCX2\" lang=\"ES-MX\" xml:lang=\"ES-MX\" data-contrast=\"auto\"><span class=\"NormalTextRun SCXW201211665 BCX2\"> as\u00ed como de los Comit\u00e9s Pro-Mejoras de las facultades<\/span><\/span><\/p>\n<p><span data-contrast=\"auto\"> Los interesados pueden acudir a la <\/span><span data-contrast=\"auto\">Coordinaci\u00f3n de Movilidad Estudiantil y Acad\u00e9mica,<\/span><span data-contrast=\"auto\"> ubicada en la Es<\/span><span data-contrast=\"auto\">cuela para Estudiantes Extranjero<\/span><span data-contrast=\"auto\">,<\/span> <span data-contrast=\"auto\">los l<\/span><span data-contrast=\"auto\">unes, <\/span><span data-contrast=\"auto\">mi\u00e9rcoles<\/span><span data-contrast=\"auto\"> y <\/span><span data-contrast=\"auto\">viernes<\/span><span data-contrast=\"auto\"> de 10<\/span><span data-contrast=\"auto\">:00<\/span><span data-contrast=\"auto\"> a 14<\/span><span data-contrast=\"auto\">:00<\/span> <span data-contrast=\"auto\">horas<\/span><span data-contrast=\"auto\"> y los m<\/span><span data-contrast=\"auto\">artes y<\/span><span data-contrast=\"auto\"> j<\/span><span data-contrast=\"auto\">ueves de 16:30 a 17:30<\/span><\/p><\/blockquote>\n<p><b><i><span data-contrast=\"auto\">David Sandoval Rodr\u00edguez<\/span><\/i><\/b><span data-ccp-props=\"{}\">\u00a0<\/span><\/p>\n<p><b><i><span data-contrast=\"auto\">23\/02\/20<\/span><\/i><\/b><b><i><span data-contrast=\"auto\">20,<\/span><\/i><\/b><b><i><span data-contrast=\"auto\"> Xalapa, Ver.-<\/span><\/i><\/b><span data-contrast=\"auto\"> Por cuarto a\u00f1o consecutivo, la <\/span><span data-contrast=\"auto\"><a href=\"https:\/\/www.uv.mx\/\" target=\"_blank\" rel=\"noopener noreferrer\">Universidad Veracruzana<\/a> (UV)<\/span><span data-contrast=\"auto\"> invita a los estudiantes de licenciatura a realizar una estancia de investigaci\u00f3n<\/span><span data-contrast=\"auto\">,<\/span><span data-contrast=\"auto\"> como parte de la convocatoria del <\/span><a href=\"https:\/\/www.programadelfin.org.mx\/\"><span data-contrast=\"none\">Programa Interinstitucional para el Fortalecimiento de la Investigaci\u00f3n y el Posgrado del Pac\u00edfico<\/span><\/a><span data-contrast=\"auto\">, conocido como Delf\u00edn.<\/span><span data-ccp-props=\"{}\">\u00a0<\/span><\/p>\n<p><span data-contrast=\"auto\">Actualmente 230 instituciones de educaci\u00f3n superior y centros de in<\/span><span data-contrast=\"auto\">vestigaci\u00f3n est\u00e1n dentro del programa:<\/span><span data-contrast=\"auto\"> 133 de M\u00e9xico, 87 de Colombia, siete de Per\u00fa, tres de Costa Rica y una representaci\u00f3n en la Universidad de Nebraska, Estados Unidos.<\/span><span data-ccp-props=\"{}\">\u00a0<\/span><\/p>\n<p><span data-contrast=\"auto\">Jos\u00e9 Domingo V\u00e1zquez Condado, responsable de Admisiones Internacionales\/Programas de Verano de la Coordinaci\u00f3n de Movilidad Estudiantil y Acad\u00e9mica, adscrito a la Direcci\u00f3n General de Relaciones Internacionales (DGRI) de la UV<\/span><span data-contrast=\"auto\">, <\/span><span data-contrast=\"auto\">precis\u00f3<\/span><span data-contrast=\"auto\"> que a <\/span><span data-contrast=\"auto\">la fecha 139 estudiantes de un total de 188 han sido aceptados en el programa; 113 recibieron apoyo econ\u00f3mico de <\/span><span data-contrast=\"auto\">esta casa de estudios<\/span><span data-contrast=\"auto\"> y 26 lo hicieron con rec<\/span><span data-contrast=\"auto\">ursos propios;<\/span><span data-contrast=\"auto\"> 118 cursaron el Verano de Investigaci\u00f3n Cient\u00edfica en instituciones m<\/span><span data-contrast=\"auto\">exicanas y 21 en el extranjero.<\/span><span data-ccp-props=\"{&quot;335559731&quot;:708}\">\u00a0<\/span><\/p>\n<p><span data-contrast=\"auto\">El apoyo econ\u00f3mico que reciben los estudiantes proviene de las direcciones generales de \u00e1reas acad\u00e9micas, de la DGRI<\/span><span data-contrast=\"auto\">,<\/span><span data-contrast=\"auto\"> as\u00ed como de los Comit\u00e9s Pro-Mejoras de las facultades.<\/span><span data-ccp-props=\"{}\">\u00a0<\/span><\/p>\n<p><span data-contrast=\"auto\">En esta XXV edici\u00f3n del Programa Delf\u00edn, la estancia abarcar\u00e1 del 15 de junio al 31 de julio y el cierre oficial de la<\/span><span data-contrast=\"auto\"> convocatoria es el 13 de marzo;<\/span><span data-contrast=\"auto\"> no obstante<\/span><span data-contrast=\"auto\">,<\/span><span data-contrast=\"auto\"> el funcionario recalc\u00f3 que para efectuar un mejor acompa\u00f1amiento del proceso a realizar por los estudiantes se les solicita que env\u00eden sus documentos por correo electr\u00f3nico antes del 10 de marzo.<\/span><span data-ccp-props=\"{}\">\u00a0<\/span><\/p>\n<p><span data-contrast=\"auto\">V\u00e1zquez Condado<\/span> <span data-contrast=\"auto\">aclar\u00f3 que no es una experiencia en la que se cursen materias como ocurre con el Programa de Movilidad (<\/span><i><span data-contrast=\"auto\">Promuv<\/span><\/i><span data-contrast=\"auto\">), <\/span><span data-contrast=\"auto\">sino que se promueve la actividad cient\u00edfica a trav\u00e9s del contacto directo con investigadores en sus respectivos proyectos y entidades donde laboran.<\/span><span data-ccp-props=\"{&quot;335559731&quot;:708}\">\u00a0<\/span><\/p>\n<div id=\"attachment_80900\" style=\"width: 732px\" class=\"wp-caption aligncenter\"><a href=\"https:\/\/www.uv.mx\/prensa\/files\/2020\/02\/200220-programa-Delfin-2.jpg\"><img loading=\"lazy\" decoding=\"async\" aria-describedby=\"caption-attachment-80900\" class=\"size-full wp-image-80900\" src=\"https:\/\/www.uv.mx\/prensa\/files\/2020\/02\/200220-programa-Delfin-2.jpg\" alt=\"\" width=\"722\" height=\"481\" srcset=\"https:\/\/www.uv.mx\/prensa\/files\/2020\/02\/200220-programa-Delfin-2.jpg 722w, https:\/\/www.uv.mx\/prensa\/files\/2020\/02\/200220-programa-Delfin-2-300x200.jpg 300w\" sizes=\"auto, (max-width: 722px) 100vw, 722px\" \/><\/a><p id=\"caption-attachment-80900\" class=\"wp-caption-text\">Los estudiantes beneficiados por el Programa Delf\u00edn realizan diversas actividades, como visitas al MAX<\/p><\/div>\n<p><span data-contrast=\"auto\">La idea es que el universitario colabore con un investigador en una entidad receptora durante el periodo de verano, en la que trabajar\u00e1n un tema de inter\u00e9s para el alumno, que previamente ha<\/span><span data-contrast=\"auto\"> sido aprobado por el acad\u00e9mico, detall\u00f3.<\/span><span data-ccp-props=\"{&quot;335559731&quot;:708}\">\u00a0<\/span><\/p>\n<p><span data-contrast=\"auto\">En el mismo sentido<\/span><span data-contrast=\"auto\">,<\/span><span data-contrast=\"auto\"> la UV ha recibido a estudiantes de otras instituciones nacionales y del extranjero, inclusive se ha recibido en la regi\u00f3n Xalapa a universitarios de otras regiones de la UV <\/span><span data-contrast=\"auto\">y<\/span><span data-contrast=\"auto\"> de la Universidad Veracruzana Intercultural (UVI)<\/span><span data-contrast=\"auto\">,<\/span><span data-contrast=\"auto\"> a quienes se les acompa\u00f1a durante su estancia con diversas actividades como visitas al Museo de Antropolog\u00eda de Xalapa (MAX).<\/span><span data-ccp-props=\"{}\">\u00a0<\/span><\/p>\n<p><span data-contrast=\"auto\">E<\/span><span data-contrast=\"auto\">n la convocatoria pasada <\/span><span data-contrast=\"auto\">l<\/span><span data-contrast=\"auto\">a m\u00e1xima casa de estudio<\/span><span data-contrast=\"auto\">s<\/span><span data-contrast=\"auto\"> recibi\u00f3 a 29 estudiantes mexicanos y extranjeros<\/span><span data-contrast=\"auto\">,<\/span><span data-contrast=\"auto\"> quienes colaboraron con <\/span><span data-contrast=\"auto\">10<\/span><span data-contrast=\"auto\"> investigadores de <\/span><span data-contrast=\"auto\">diferentes centros e institutos y \u201ccualquier inquietud o duda que tienen aqu\u00ed estamos para apoyarlos\u201d, agreg\u00f3.<\/span><span data-ccp-props=\"{}\">\u00a0<\/span><\/p>\n<p><span data-contrast=\"auto\">\u201cEn colaboraci\u00f3n con la Direcci\u00f3n General de Investigaciones (DGI), m\u00e1s de 50 investigadores participa<\/span><span data-contrast=\"auto\">r\u00e1<\/span><span data-contrast=\"auto\">n<\/span> <span data-contrast=\"auto\">en la edici\u00f3n de este a\u00f1o y esperan recibir estudiantes de otras instituciones para trabajar con proyectos de investigaci\u00f3n\u201d, precis\u00f3.<\/span><span data-ccp-props=\"{&quot;335559731&quot;:708}\">\u00a0<\/span><\/p>\n<p><span data-contrast=\"auto\">Record\u00f3 que el 6 de febrero <\/span><span data-contrast=\"auto\">la UV <\/span><span data-contrast=\"auto\">celebr\u00f3 la<\/span><span data-contrast=\"auto\"> primera asamblea ordinaria del <\/span><span data-contrast=\"auto\">Programa Delf\u00edn, que marc\u00f3 su 25 aniversario<\/span><span data-contrast=\"auto\">;<\/span><span data-contrast=\"auto\"> se espera que por segundo a\u00f1o consecutivo una delegaci\u00f3n de la UV participe en el Congreso Internacional del Programa Delf\u00edn<\/span><span data-contrast=\"auto\">, <\/span><span data-contrast=\"auto\">al que <\/span><span data-contrast=\"auto\">el a\u00f1o pasado <\/span><span data-contrast=\"auto\">acudieron cuatro estudiantes, dos de la regi\u00f3n Xalapa y dos de la regi\u00f3n Coatzacoalcos-Minatitl\u00e1n.<\/span><span data-ccp-props=\"{}\">\u00a0<\/span><\/p>\n<p><span data-contrast=\"auto\">El funcionario <\/span><span data-contrast=\"auto\">record\u00f3 que se puede atender personalmente a los interesados en la <\/span><span data-contrast=\"auto\">Coordinaci\u00f3n de Movilidad Estudiantil y Acad\u00e9mica<\/span><span data-contrast=\"auto\"> ubicada en la Es<\/span><span data-contrast=\"auto\">cuela para Estudiantes Extranjeros (EEE)<\/span><span data-contrast=\"auto\">,<\/span> <span data-contrast=\"auto\">los l<\/span><span data-contrast=\"auto\">unes, <\/span><span data-contrast=\"auto\">mi\u00e9rcoles<\/span><span data-contrast=\"auto\"> y <\/span><span data-contrast=\"auto\">viernes<\/span><span data-contrast=\"auto\"> de 10<\/span><span data-contrast=\"auto\">:00<\/span><span data-contrast=\"auto\"> a 14<\/span><span data-contrast=\"auto\">:00<\/span> <span data-contrast=\"auto\">horas<\/span><span data-contrast=\"auto\"> y los m<\/span><span data-contrast=\"auto\">artes y<\/span><span data-contrast=\"auto\"> j<\/span><span data-contrast=\"auto\">ueves de 16:30 a 17:30.<\/span><span data-ccp-props=\"{}\">\u00a0<\/span><\/p>\n<div id=\"attachment_80899\" style=\"width: 732px\" class=\"wp-caption aligncenter\"><a href=\"https:\/\/www.uv.mx\/prensa\/files\/2020\/02\/200220-programa-Delfin-3.jpg\"><img loading=\"lazy\" decoding=\"async\" aria-describedby=\"caption-attachment-80899\" class=\"size-full wp-image-80899\" src=\"https:\/\/www.uv.mx\/prensa\/files\/2020\/02\/200220-programa-Delfin-3.jpg\" alt=\"\" width=\"722\" height=\"481\" srcset=\"https:\/\/www.uv.mx\/prensa\/files\/2020\/02\/200220-programa-Delfin-3.jpg 722w, https:\/\/www.uv.mx\/prensa\/files\/2020\/02\/200220-programa-Delfin-3-300x200.jpg 300w\" sizes=\"auto, (max-width: 722px) 100vw, 722px\" \/><\/a><p id=\"caption-attachment-80899\" class=\"wp-caption-text\">Jos\u00e9 Domingo V\u00e1zquez, responsable de Admisiones Internacionales\/Programas de Verano de la DGRI<\/p><\/div>\n","protected":false},"excerpt":{"rendered":"<p>Desde hace cuatro a\u00f1os, esta casa de estudios participa en la convocatoria internacional a favor de los estudiantes de licenciatura, disponible en www.programadelfin.org.mx\/\u00a0<\/p>\n","protected":false},"author":1508,"featured_media":70095,"comment_status":"closed","ping_status":"closed","sticky":false,"template":"","format":"standard","meta":{"footnotes":""},"categories":[1],"tags":[],"class_list":["post-80898","post","type-post","status-publish","format-standard","has-post-thumbnail","hentry","category-general"],"_links":{"self":[{"href":"https:\/\/www.uv.mx\/prensa\/wp-json\/wp\/v2\/posts\/80898","targetHints":{"allow":["GET"]}}],"collection":[{"href":"https:\/\/www.uv.mx\/prensa\/wp-json\/wp\/v2\/posts"}],"about":[{"href":"https:\/\/www.uv.mx\/prensa\/wp-json\/wp\/v2\/types\/post"}],"author":[{"embeddable":true,"href":"https:\/\/www.uv.mx\/prensa\/wp-json\/wp\/v2\/users\/1508"}],"replies":[{"embeddable":true,"href":"https:\/\/www.uv.mx\/prensa\/wp-json\/wp\/v2\/comments?post=80898"}],"version-history":[{"count":0,"href":"https:\/\/www.uv.mx\/prensa\/wp-json\/wp\/v2\/posts\/80898\/revisions"}],"wp:featuredmedia":[{"embeddable":true,"href":"https:\/\/www.uv.mx\/prensa\/wp-json\/wp\/v2\/media\/70095"}],"wp:attachment":[{"href":"https:\/\/www.uv.mx\/prensa\/wp-json\/wp\/v2\/media?parent=80898"}],"wp:term":[{"taxonomy":"category","embeddable":true,"href":"https:\/\/www.uv.mx\/prensa\/wp-json\/wp\/v2\/categories?post=80898"},{"taxonomy":"post_tag","embeddable":true,"href":"https:\/\/www.uv.mx\/prensa\/wp-json\/wp\/v2\/tags?post=80898"}],"curies":[{"name":"wp","href":"https:\/\/api.w.org\/{rel}","templated":true}]}}