{"id":80875,"date":"2020-02-25T08:00:34","date_gmt":"2020-02-25T14:00:34","guid":{"rendered":"https:\/\/www.uv.mx\/prensa\/?p=80875"},"modified":"2020-03-02T12:25:39","modified_gmt":"2020-03-02T18:25:39","slug":"estudiante-de-psicologia-realizo-movilidad-en-irlanda","status":"publish","type":"post","link":"https:\/\/www.uv.mx\/prensa\/banner\/estudiante-de-psicologia-realizo-movilidad-en-irlanda\/","title":{"rendered":"Estudiante de Psicolog\u00eda realiz\u00f3 movilidad en Irlanda"},"content":{"rendered":"<ul>\n<li data-leveltext=\"\uf0b7\" data-font=\"Symbol\" data-listid=\"1\" data-aria-posinset=\"1\" data-aria-level=\"1\"><i><span data-contrast=\"auto\"><span class=\"TextRun BCX2 SCXW81220250\" lang=\"ES-MX\" xml:lang=\"ES-MX\" data-contrast=\"auto\"><span class=\"NormalTextRun BCX2 SCXW81220250\">Julieta <\/span><\/span><span class=\"TextRun BCX2 SCXW81220250\" lang=\"ES-MX\" xml:lang=\"ES-MX\" data-contrast=\"auto\"><span class=\"NormalTextRun BCX2 SCXW81220250\">Sarah\u00ed<\/span><\/span><span class=\"TextRun BCX2 SCXW81220250\" lang=\"ES-MX\" xml:lang=\"ES-MX\" data-contrast=\"auto\"><span class=\"NormalTextRun BCX2 SCXW81220250\"> Flores Lara,<\/span><\/span> de la Facultad de Psicolog\u00eda de la <\/span><\/i><i><span data-contrast=\"auto\">UV,<\/span><\/i><i><span data-contrast=\"auto\"> curs\u00f3 un semestre en la<\/span><\/i> <i><span data-contrast=\"auto\">University<\/span><\/i> <i><span data-contrast=\"auto\">College<\/span><\/i><i><span data-contrast=\"auto\"> Cork<\/span><\/i><i><span data-contrast=\"auto\">, <\/span><\/i><i><span data-contrast=\"auto\">entre agosto y diciembre de 2019<\/span><\/i><span data-ccp-props=\"{&quot;134233279&quot;:true,&quot;201341983&quot;:0,&quot;335559739&quot;:160,&quot;335559740&quot;:240}\"><br \/>\n<\/span><\/li>\n<\/ul>\n<div id=\"attachment_80937\" style=\"width: 732px\" class=\"wp-caption aligncenter\"><a href=\"https:\/\/www.uv.mx\/prensa\/files\/2020\/02\/200220-MOVILIDAD-IRLANDA-1.jpg\"><img loading=\"lazy\" decoding=\"async\" aria-describedby=\"caption-attachment-80937\" class=\"size-full wp-image-80937\" src=\"https:\/\/www.uv.mx\/prensa\/files\/2020\/02\/200220-MOVILIDAD-IRLANDA-1.jpg\" alt=\"\" width=\"722\" height=\"481\" srcset=\"https:\/\/www.uv.mx\/prensa\/files\/2020\/02\/200220-MOVILIDAD-IRLANDA-1.jpg 722w, https:\/\/www.uv.mx\/prensa\/files\/2020\/02\/200220-MOVILIDAD-IRLANDA-1-300x200.jpg 300w\" sizes=\"auto, (max-width: 722px) 100vw, 722px\" \/><\/a><p id=\"caption-attachment-80937\" class=\"wp-caption-text\"><span data-contrast=\"auto\">\u201cL<\/span><span data-contrast=\"auto\">os conocimientos <\/span><span data-contrast=\"auto\">con los que<\/span><span data-contrast=\"auto\"> la UV<\/span> <span data-contrast=\"auto\">me ha formado <\/span><span data-contrast=\"auto\">fueron suficientes para hacer la movilidad<\/span>\u00ab, subray\u00f3 la universitaria<\/p><\/div>\n<p><b><i><span data-contrast=\"auto\">Claudia Peralta V\u00e1zquez<\/span><\/i><\/b><span data-ccp-props=\"{&quot;201341983&quot;:0,&quot;335559739&quot;:160,&quot;335559740&quot;:240}\">\u00a0<\/span><\/p>\n<p><b><i><span data-contrast=\"auto\">25<\/span><\/i><\/b><b><i><span data-contrast=\"auto\">\/<\/span><\/i><\/b><b><i><span data-contrast=\"auto\">02<\/span><\/i><\/b><b><i><span data-contrast=\"auto\">\/<\/span><\/i><\/b><b><i><span data-contrast=\"auto\">20<\/span><\/i><\/b><b><i><span data-contrast=\"auto\">20<\/span><\/i><\/b><b><i><span data-contrast=\"auto\">, Xalapa, Ver.- <\/span><\/i><\/b><span data-contrast=\"auto\">A unas semanas de haber retornado de Irlanda,<\/span> <span data-contrast=\"auto\">donde <\/span><span data-contrast=\"auto\">realiz\u00f3<\/span><span data-contrast=\"auto\"> una estancia de movilidad en la <\/span><span data-contrast=\"auto\">University<\/span> <span data-contrast=\"auto\">College<\/span><span data-contrast=\"auto\"> Cork,<\/span> <span data-contrast=\"auto\">Julieta <\/span><span data-contrast=\"auto\">Sarah\u00ed<\/span><span data-contrast=\"auto\"> Flores Lara, <\/span><span data-contrast=\"auto\">estudiante<\/span><span data-contrast=\"auto\"> de la <a href=\"https:\/\/www.uv.mx\/psicologia\/\" target=\"_blank\" rel=\"noopener noreferrer\">Facultad de Psicolog\u00eda<\/a> de la Universidad Veracruzana (UV), expres\u00f3 que<\/span><span data-contrast=\"auto\"> gracias al nivel acad\u00e9mico de esta casa<\/span><span data-contrast=\"auto\"> de estudios <\/span><span data-contrast=\"auto\">nunca se sinti\u00f3 en desventaja al momento de demostrar sus conocimiento<\/span><span data-contrast=\"auto\">s<\/span><span data-contrast=\"auto\"> y habilidades.<\/span><span data-ccp-props=\"{&quot;201341983&quot;:0,&quot;335559739&quot;:160,&quot;335559740&quot;:240}\">\u00a0<\/span><\/p>\n<p><span data-contrast=\"auto\">Agradec<\/span><span data-contrast=\"auto\">ida con la UV por otorgarle este beneficio,<\/span><span data-contrast=\"auto\"> Julieta eligi\u00f3 esa instituci\u00f3n de la Uni\u00f3n Europea para cursar el s\u00e9ptimo sem<\/span><span data-contrast=\"auto\">estre de su carrera profesional, <\/span><span data-contrast=\"auto\">pues quer\u00eda superar el reto de enfrentarse a una cultura e idioma distinto<\/span><span data-contrast=\"auto\">s<\/span><span data-contrast=\"auto\">.<\/span><span data-ccp-props=\"{&quot;201341983&quot;:0,&quot;335559739&quot;:160,&quot;335559740&quot;:240}\">\u00a0<\/span><\/p>\n<p><span data-contrast=\"auto\">\u201cL<\/span><span data-contrast=\"auto\">os conocimientos <\/span><span data-contrast=\"auto\">con los que<\/span><span data-contrast=\"auto\"> la UV<\/span> <span data-contrast=\"auto\">me ha formado <\/span><span data-contrast=\"auto\">fueron suficientes para hacer la movilidad<\/span><span data-contrast=\"auto\">, estamos en un buen nivel pero siempre es importante completar tu formaci\u00f3n<\/span><span data-contrast=\"auto\">.\u201d<\/span><span data-ccp-props=\"{&quot;201341983&quot;:0,&quot;335559739&quot;:160,&quot;335559740&quot;:240}\">\u00a0<\/span><\/p>\n<p><span data-contrast=\"auto\">En la University College Cork, considera<\/span><span data-contrast=\"auto\">da la segunda m\u00e1s importante de Irlanda<\/span><span data-contrast=\"auto\">, <\/span><span data-contrast=\"auto\">Julieta <\/span><span data-contrast=\"auto\">Sarah\u00ed<\/span> <span data-contrast=\"auto\">estudi\u00f3 el programa educativo (PE) de Psicolog\u00eda A<\/span><span data-contrast=\"auto\">plicada, acorde al enfoque y <\/span><span data-contrast=\"auto\">m\u00e9todo de ense\u00f1anza in<\/span><span data-contrast=\"auto\">stituido, que a decir de la joven<\/span><span data-contrast=\"auto\"> no es muy distinto al Modelo <\/span><span data-contrast=\"auto\">Educativo Integral y Fl<\/span><span data-contrast=\"auto\">exible (MEIF)<\/span><span data-contrast=\"auto\">.<\/span><span data-ccp-props=\"{&quot;201341983&quot;:0,&quot;335559731&quot;:708,&quot;335559739&quot;:160,&quot;335559740&quot;:240}\">\u00a0<\/span><\/p>\n<p><span data-contrast=\"auto\">Aunque disfrut\u00f3 de muchas experiencias, sin duda el trabajo en equipo y directo con las personas, desarrollo de entrevistas y relaci\u00f3n de los temas que cursaba con lo que hac\u00eda, abon\u00f3 lo suficiente a su formaci\u00f3n.<\/span><span data-ccp-props=\"{&quot;201341983&quot;:0,&quot;335559739&quot;:160,&quot;335559740&quot;:240}\">\u00a0<\/span><\/p>\n<p><span data-contrast=\"auto\">\u201cLos maestros no tienen tanta conexi\u00f3n con nosotros, m\u00e1s <\/span><span data-contrast=\"auto\">bien <\/span><span data-contrast=\"auto\">son <\/span><span data-contrast=\"auto\">proyectos <\/span><span data-contrast=\"auto\">muy interesantes<\/span> <span data-contrast=\"auto\">los que se reali<\/span><span data-contrast=\"auto\">za<\/span><span data-contrast=\"auto\">n<\/span><span data-contrast=\"auto\">.\u201d<\/span><span data-ccp-props=\"{&quot;201341983&quot;:0,&quot;335559731&quot;:708,&quot;335559739&quot;:160,&quot;335559740&quot;:240}\">\u00a0<\/span><\/p>\n<p><span data-contrast=\"auto\">Comparti\u00f3 que previo a su viaje pensaba q<\/span><span data-contrast=\"auto\">ue su ingl\u00e9s no ser\u00eda tan bueno;<\/span><span data-contrast=\"auto\"> sin embargo, al estar all\u00e1 descubri\u00f3 que es m\u00e1s sencillo de lo que imaginaba, pues las personas trababan de entenderle.<\/span><span data-ccp-props=\"{&quot;201341983&quot;:0,&quot;335559731&quot;:708,&quot;335559739&quot;:160,&quot;335559740&quot;:240}\">\u00a0<\/span><\/p>\n<p><span data-contrast=\"auto\">\u201cMe gust\u00f3 desarrollar mis habilidades tanto sociales como acad\u00e9micas\u201d, expres\u00f3 <\/span><span data-contrast=\"auto\">Julieta <\/span><span data-contrast=\"auto\">Sarah\u00ed<\/span><span data-contrast=\"auto\">, quien hoy cursa el octavo semestre de Psicolog\u00eda.<\/span><span data-ccp-props=\"{&quot;201341983&quot;:0,&quot;335559731&quot;:708,&quot;335559739&quot;:160,&quot;335559740&quot;:240}\">\u00a0<\/span><\/p>\n<p><span data-contrast=\"auto\">Tambi\u00e9n, dijo que en Irlanda las personas se comunican en ingl\u00e9s, pero realizan muchas acciones por el rescate del ga\u00e9lico <\/span><span data-contrast=\"auto\">irland\u00e9s<\/span><span data-contrast=\"auto\">. Fue as\u00ed que durante su estancia tom\u00f3 clases de ese idioma, lo cual permiti\u00f3 conocer m\u00e1s acerca de su cultura y a estudiantes de otras naciones.<\/span><span data-ccp-props=\"{&quot;201341983&quot;:0,&quot;335559731&quot;:708,&quot;335559739&quot;:160,&quot;335559740&quot;:240}\">\u00a0<\/span><\/p>\n<p><span data-contrast=\"auto\">Sobre esta oportunidad, resalt\u00f3 que fue fruto de su esfuerzo, dedicaci\u00f3n y alto aprovechamiento mostrado a lo largo de su formaci\u00f3n profesional, pues a la fecha mantiene un promedio de 9.86.<\/span><span data-ccp-props=\"{&quot;201341983&quot;:0,&quot;335559739&quot;:160,&quot;335559740&quot;:240}\">\u00a0<\/span><\/p>\n<p><span data-contrast=\"auto\">Asimismo, antes de la movilidad valid\u00f3 todas sus materias y una vez que tuvo todo en regla, solicit\u00f3 el apoyo a la UV, a trav\u00e9s del Programa de Movilidad (<\/span><i><span data-contrast=\"auto\">Promuv<\/span><\/i><span data-contrast=\"auto\">).<\/span><span data-ccp-props=\"{&quot;201341983&quot;:0,&quot;335559739&quot;:160,&quot;335559740&quot;:240}\">\u00a0<\/span><\/p>\n<p><span data-contrast=\"auto\">\u00a0<\/span><span data-contrast=\"auto\">\u201c<\/span><span data-contrast=\"auto\">Estoy muy orgullo<\/span><span data-contrast=\"auto\">sa, realmente agradezco a la UV pues<\/span> <span data-contrast=\"auto\">tuve la fortuna de tener beca, me ayud<\/span><span data-contrast=\"auto\">\u00f3 a desarrollarme como persona y <\/span><span data-contrast=\"auto\">descubrir las habilidades que<\/span><span data-contrast=\"auto\"> poseo.<\/span> <span data-contrast=\"auto\">La<\/span><span data-contrast=\"auto\"> movilidad es muy <\/span><span data-contrast=\"auto\">importante, es una oportunidad <\/span><span data-contrast=\"auto\">que<\/span><span data-contrast=\"auto\"> debemos aprovechar porque representa un gran <\/span><span data-contrast=\"auto\">enriquecimiento personal<\/span><span data-contrast=\"auto\">\u201d, agreg\u00f3.<\/span><span data-ccp-props=\"{&quot;201341983&quot;:0,&quot;335559731&quot;:708,&quot;335559739&quot;:160,&quot;335559740&quot;:240}\">\u00a0<\/span><\/p>\n","protected":false},"excerpt":{"rendered":"<p>Julieta Sarah\u00ed Flores Lara, de la Facultad de Psicolog\u00eda de la UV, curs\u00f3 un semestre en la University College Cork, entre agosto y diciembre de 2019\u00a0<\/p>\n","protected":false},"author":1508,"featured_media":80877,"comment_status":"closed","ping_status":"closed","sticky":false,"template":"","format":"standard","meta":{"footnotes":""},"categories":[61],"tags":[],"class_list":["post-80875","post","type-post","status-publish","format-standard","has-post-thumbnail","hentry","category-banner"],"_links":{"self":[{"href":"https:\/\/www.uv.mx\/prensa\/wp-json\/wp\/v2\/posts\/80875","targetHints":{"allow":["GET"]}}],"collection":[{"href":"https:\/\/www.uv.mx\/prensa\/wp-json\/wp\/v2\/posts"}],"about":[{"href":"https:\/\/www.uv.mx\/prensa\/wp-json\/wp\/v2\/types\/post"}],"author":[{"embeddable":true,"href":"https:\/\/www.uv.mx\/prensa\/wp-json\/wp\/v2\/users\/1508"}],"replies":[{"embeddable":true,"href":"https:\/\/www.uv.mx\/prensa\/wp-json\/wp\/v2\/comments?post=80875"}],"version-history":[{"count":0,"href":"https:\/\/www.uv.mx\/prensa\/wp-json\/wp\/v2\/posts\/80875\/revisions"}],"wp:featuredmedia":[{"embeddable":true,"href":"https:\/\/www.uv.mx\/prensa\/wp-json\/wp\/v2\/media\/80877"}],"wp:attachment":[{"href":"https:\/\/www.uv.mx\/prensa\/wp-json\/wp\/v2\/media?parent=80875"}],"wp:term":[{"taxonomy":"category","embeddable":true,"href":"https:\/\/www.uv.mx\/prensa\/wp-json\/wp\/v2\/categories?post=80875"},{"taxonomy":"post_tag","embeddable":true,"href":"https:\/\/www.uv.mx\/prensa\/wp-json\/wp\/v2\/tags?post=80875"}],"curies":[{"name":"wp","href":"https:\/\/api.w.org\/{rel}","templated":true}]}}