{"id":80868,"date":"2020-02-21T18:54:55","date_gmt":"2020-02-22T00:54:55","guid":{"rendered":"https:\/\/www.uv.mx\/prensa\/?p=80868"},"modified":"2020-03-02T13:01:43","modified_gmt":"2020-03-02T19:01:43","slug":"uv-abrio-convocatoria-de-ingreso-a-posgrado","status":"publish","type":"post","link":"https:\/\/www.uv.mx\/prensa\/banner\/uv-abrio-convocatoria-de-ingreso-a-posgrado\/","title":{"rendered":"UV abri\u00f3 convocatoria de ingreso a posgrado"},"content":{"rendered":"<p>&nbsp;<\/p>\n<div id=\"attachment_80869\" style=\"width: 1010px\" class=\"wp-caption aligncenter\"><a href=\"https:\/\/www.uv.mx\/prensa\/files\/2020\/02\/210220-Principales-Convocatoria-posgrado.jpg\"><img loading=\"lazy\" decoding=\"async\" aria-describedby=\"caption-attachment-80869\" class=\"size-full wp-image-80869\" src=\"https:\/\/www.uv.mx\/prensa\/files\/2020\/02\/210220-Principales-Convocatoria-posgrado.jpg\" alt=\"\" width=\"1000\" height=\"350\" srcset=\"https:\/\/www.uv.mx\/prensa\/files\/2020\/02\/210220-Principales-Convocatoria-posgrado.jpg 1000w, https:\/\/www.uv.mx\/prensa\/files\/2020\/02\/210220-Principales-Convocatoria-posgrado-300x105.jpg 300w, https:\/\/www.uv.mx\/prensa\/files\/2020\/02\/210220-Principales-Convocatoria-posgrado-768x269.jpg 768w\" sizes=\"auto, (max-width: 1000px) 100vw, 1000px\" \/><\/a><p id=\"caption-attachment-80869\" class=\"wp-caption-text\"><span data-contrast=\"auto\">Los interesados podr\u00e1n realizar su registro en l\u00ednea del 20 de febrero y hasta el 24 de abril en las p\u00e1ginas <\/span><a href=\"https:\/\/www.uv.mx\/posgrado\/\"><span data-contrast=\"none\">www.uv.mx\/posgrado\/<\/span><\/a><span data-contrast=\"auto\"> y <\/span><a href=\"https:\/\/www.uv.mx\/escolar\/posgrado2020\/\"><span data-contrast=\"none\">www.uv.mx\/escolar\/posgrado2020\/<\/span><\/a><span data-ccp-props=\"{&quot;201341983&quot;:0,&quot;335559739&quot;:200,&quot;335559740&quot;:240}\">\u00a0<\/span><\/p><\/div>\n<p><b><i><span data-contrast=\"auto\">21\/02\/2020, Xalapa, Ver.- <\/span><\/i><\/b><span data-contrast=\"auto\">La Universidad Veracruzana<\/span><span data-contrast=\"auto\"> (UV)<\/span><span data-contrast=\"auto\">, a trav\u00e9s de la<\/span> <a href=\"https:\/\/www.uv.mx\/posgrado\/\" target=\"_blank\" rel=\"noopener noreferrer\"><span data-contrast=\"auto\">Direcci\u00f3n General de la Unidad de Estudios de Posgrado<\/span> <\/a><span data-contrast=\"auto\">(DGUEP), public\u00f3 e<\/span><span data-contrast=\"auto\">l <\/span><span data-contrast=\"auto\">19<\/span><span data-contrast=\"auto\"> de febrero la\u202f<\/span><a href=\"https:\/\/www.uv.mx\/escolar\/posgrado2019\/\"><span data-contrast=\"auto\">convocatoria oficial<\/span><\/a> <span data-contrast=\"auto\">para participar en el proceso de admisi\u00f3n en los niveles de especializaci\u00f3n, maestr\u00eda y doctorado, <\/span><span data-contrast=\"auto\">correspondiente a<\/span><span data-contrast=\"auto\">l ciclo escolar que inicia en agosto 2020.<\/span><span data-ccp-props=\"{&quot;201341983&quot;:0,&quot;335559739&quot;:200,&quot;335559740&quot;:240}\">\u00a0<\/span><\/p>\n<p><span data-contrast=\"auto\">Los interesados <\/span><span data-contrast=\"auto\">podr\u00e1n realizar su registro en l\u00ednea<\/span><span data-contrast=\"auto\"> del 20<\/span><span data-contrast=\"auto\"> d<\/span><span data-contrast=\"auto\">e febrero y hasta el 24<\/span><span data-contrast=\"auto\"> de abril <\/span><span data-contrast=\"auto\">en<\/span><span data-contrast=\"auto\"> las p\u00e1ginas<\/span> <a href=\"https:\/\/www.uv.mx\/posgrado\/\"><span data-contrast=\"none\">www.uv.<\/span><span data-contrast=\"none\">m<\/span><span data-contrast=\"none\">x\/posgrado\/<\/span><\/a> <span data-contrast=\"auto\">y<\/span> <a href=\"https:\/\/www.uv.mx\/escolar\/posgrado2020\/\"><span data-contrast=\"none\">www.uv.mx\/esc<\/span><span data-contrast=\"none\">o<\/span><span data-contrast=\"none\">lar\/posgrado2020\/<\/span><\/a><span data-ccp-props=\"{&quot;201341983&quot;:0,&quot;335559731&quot;:708,&quot;335559739&quot;:200,&quot;335559740&quot;:240}\">\u00a0<\/span><\/p>\n<p><span data-contrast=\"auto\">La <\/span><span data-contrast=\"auto\">convocatoria se divide en dos <\/span><span data-contrast=\"auto\">segmentos<\/span><span data-contrast=\"auto\">: aspirantes <\/span><span data-contrast=\"auto\">que radican en M\u00e9xico <\/span><span data-contrast=\"auto\">y <\/span><span data-contrast=\"auto\">aspirantes que radican en el <\/span><span data-contrast=\"auto\">extranjero<\/span><span data-contrast=\"auto\">.<\/span> <span data-contrast=\"auto\">C<\/span><span data-contrast=\"auto\">ada una<\/span> <span data-contrast=\"auto\">atiende<\/span><span data-contrast=\"auto\"> criterios<\/span><span data-contrast=\"auto\"> espec\u00edficos para cada tipo de aspirante, por ello se les invita a<\/span> <span data-contrast=\"auto\">leer<\/span><span data-contrast=\"auto\">las<\/span><span data-contrast=\"auto\"> detalladamente <\/span><span data-contrast=\"auto\">y<\/span><span data-contrast=\"auto\">,<\/span><span data-contrast=\"auto\"> en caso de alguna duda<\/span><span data-contrast=\"auto\">,<\/span><span data-contrast=\"auto\"> consultar con la Coordinaci\u00f3n del Programa de Posgrado de su inter\u00e9s o a los contactos establecidos en la convocatoria<\/span><span data-contrast=\"auto\">.<\/span><span data-ccp-props=\"{&quot;201341983&quot;:0,&quot;335559731&quot;:708,&quot;335559739&quot;:200,&quot;335559740&quot;:240}\">\u00a0<\/span><\/p>\n<p><span data-contrast=\"auto\">Las fechas importantes a tener en cuenta son: para ex\u00e1menes especiales <\/span><span data-contrast=\"auto\">(<\/span><span data-contrast=\"auto\">establecidas por cada programa de posgrado<\/span><span data-contrast=\"auto\">)<\/span><span data-contrast=\"auto\"> dentro del per<\/span><span data-contrast=\"auto\">i<\/span><span data-contrast=\"auto\">odo del 11 de mayo al 9 de junio<\/span><span data-contrast=\"auto\">, as\u00ed como <\/span><span data-contrast=\"auto\">l<\/span><span data-contrast=\"auto\">a fecha de aplicaci\u00f3n del EXANI-III<\/span><span data-contrast=\"auto\">, que<\/span><span data-contrast=\"auto\"> ser\u00e1 el <\/span><span data-contrast=\"auto\">1<\/span><span data-contrast=\"auto\">3<\/span><span data-contrast=\"auto\"> de <\/span><span data-contrast=\"auto\">junio<\/span><span data-contrast=\"auto\">.<\/span><span data-ccp-props=\"{&quot;201341983&quot;:0,&quot;335559731&quot;:708,&quot;335559739&quot;:200,&quot;335559740&quot;:240}\">\u00a0<\/span><\/p>\n<p><span data-contrast=\"auto\">La UV oferta<\/span> <span data-contrast=\"auto\">en esta ocasi\u00f3n<\/span> <span data-contrast=\"auto\">20 <\/span><span data-contrast=\"auto\">d<\/span><span data-contrast=\"auto\">octorados, 44 maestr\u00edas y <\/span><span data-contrast=\"auto\">nueve e<\/span><span data-contrast=\"auto\">specializaciones<\/span><span data-contrast=\"auto\">, <\/span><span data-contrast=\"auto\">en las diferentes regiones universitarias y \u00e1reas acad\u00e9micas universitarias;<\/span> <span data-contrast=\"auto\">47 <\/span><span data-contrast=\"auto\">de ellos<\/span><span data-contrast=\"auto\"> cuentan con el reconocimiento d<\/span><span data-contrast=\"auto\">el Programa Nacional de Posgrados de Calidad (PNPC) del Consejo Nacional de Ciencia y Tecnolog\u00eda (<\/span><i><span data-contrast=\"auto\">C<\/span><\/i><i><span data-contrast=\"auto\">onacyt<\/span><\/i><span data-contrast=\"auto\">)<\/span><span data-contrast=\"auto\">.<\/span><span data-ccp-props=\"{&quot;201341983&quot;:0,&quot;335559731&quot;:708,&quot;335559739&quot;:200,&quot;335559740&quot;:240}\">\u00a0<\/span><\/p>\n<p><span data-contrast=\"auto\">Los programas que se convocan en la <\/span><span data-contrast=\"auto\">regi\u00f3n Xalapa son<\/span> <span data-contrast=\"auto\">d<\/span><span data-contrast=\"auto\">octorados en:<\/span> <span data-contrast=\"auto\">Alta Direcci\u00f3n de Organizaciones; Ciencias del Comportamiento<\/span><span data-contrast=\"auto\">; <\/span><span data-contrast=\"auto\">Investigaci\u00f3n Psicol\u00f3gica en Educaci\u00f3n Incluyente<\/span><span data-contrast=\"auto\">;<\/span><span data-contrast=\"auto\"> Psicolog\u00eda<\/span><span data-contrast=\"auto\">; <\/span><span data-contrast=\"auto\">Ciencias Biom\u00e9dicas<\/span><span data-contrast=\"auto\">; <\/span><span data-contrast=\"auto\">Ciencias de la Salud;<\/span> <span data-contrast=\"auto\">Ciencias en <\/span><span data-contrast=\"auto\">Ecolog\u00eda y Biotecnolog\u00eda<\/span><span data-contrast=\"auto\">; <\/span><span data-contrast=\"auto\">Estudios de Lenguaje y Ling\u00fc\u00edstica Aplicada<\/span><span data-contrast=\"auto\">;<\/span><span data-contrast=\"auto\"> Innovaci\u00f3n en Educaci\u00f3n Superior<\/span><span data-contrast=\"auto\">;<\/span><span data-contrast=\"auto\"> Investigaci\u00f3n Educativa<\/span><span data-contrast=\"auto\">; <\/span><span data-contrast=\"auto\">Ingenier\u00eda<\/span><span data-contrast=\"auto\">;<\/span> <span data-contrast=\"auto\">Ciencias de la Computaci\u00f3n<\/span><span data-contrast=\"auto\">; <\/span><span data-contrast=\"auto\">Inteligencia Artificial<\/span><span data-contrast=\"auto\">, y <\/span><span data-contrast=\"auto\">Matem\u00e1ticas<\/span><span data-contrast=\"auto\">.<\/span><span data-ccp-props=\"{&quot;201341983&quot;:0,&quot;335559731&quot;:708,&quot;335559739&quot;:200,&quot;335559740&quot;:240}\">\u00a0<\/span><\/p>\n<p><span data-contrast=\"auto\">Maestr\u00edas en: Estudios Musicales<\/span><span data-contrast=\"auto\">; <\/span><span data-contrast=\"auto\">Pedagog\u00eda de las Artes;<\/span> <span data-contrast=\"auto\">Administraci\u00f3n<\/span><span data-contrast=\"auto\">; <\/span><span data-contrast=\"auto\">Administraci\u00f3n Fiscal<\/span><span data-contrast=\"auto\">; <\/span><span data-contrast=\"auto\">Arquitectura<\/span><span data-contrast=\"auto\">; <\/span><span data-contrast=\"auto\">Derechos Humanos y Justicia Constitucional<\/span><span data-contrast=\"auto\">; <\/span><span data-contrast=\"auto\">Did\u00e1ctica del Franc\u00e9s<\/span><span data-contrast=\"auto\">;<\/span><span data-contrast=\"auto\"> Ense\u00f1anza del Ingl\u00e9s como Lengua Extranjera<\/span><span data-contrast=\"auto\">;<\/span><span data-contrast=\"auto\"> Ciencias de la Salud<\/span><span data-contrast=\"auto\">; <\/span><span data-contrast=\"auto\">Prevenci\u00f3n<\/span> <span data-contrast=\"auto\">Integral <\/span><span data-contrast=\"auto\">d<\/span><span data-contrast=\"auto\">el Consumo de Drogas<\/span><span data-contrast=\"auto\">;<\/span><span data-contrast=\"auto\"> Seguridad Alimentaria y Nutricional<\/span><span data-contrast=\"auto\">;<\/span><span data-contrast=\"auto\"> Ecolog\u00eda Tropical<\/span><span data-contrast=\"auto\">;<\/span><span data-contrast=\"auto\"> Econom\u00eda Ambiental y Ecol\u00f3gica<\/span><span data-contrast=\"auto\">;<\/span><span data-contrast=\"auto\"> Ciencias en Ecolog\u00eda Forestal<\/span><span data-contrast=\"auto\">; <\/span><span data-contrast=\"auto\">Ciencias en Ecolog\u00eda y Biotecnolog\u00eda<\/span><span data-contrast=\"auto\">;<\/span> <span data-contrast=\"auto\">Neuroetolog\u00eda<\/span><span data-contrast=\"auto\">;<\/span> <span data-contrast=\"auto\">Farmacia Cl\u00ednica<\/span><span data-contrast=\"auto\">;<\/span><span data-contrast=\"auto\"> Qu\u00edmica <\/span><span data-contrast=\"auto\">Bioorg\u00e1nica<\/span><span data-contrast=\"auto\">;<\/span><span data-contrast=\"auto\"> Ciencias Alimentarias<\/span><span data-contrast=\"auto\">; <\/span><span data-contrast=\"auto\">Ingenier\u00eda Qu\u00edmica<\/span><span data-contrast=\"auto\">; <\/span><span data-contrast=\"auto\">Ingenier\u00eda de la Calidad<\/span><span data-contrast=\"auto\">;<\/span> <span data-contrast=\"auto\">Ingenier\u00eda Electr\u00f3nica y Computaci\u00f3n<\/span><span data-contrast=\"auto\">;<\/span> <span data-contrast=\"auto\">Inteligencia Artificial<\/span><span data-contrast=\"auto\">;<\/span><span data-contrast=\"auto\"> Matem\u00e1ticas<\/span><span data-contrast=\"auto\">;<\/span><span data-contrast=\"auto\"> Sistemas Interactivos Centrados en el Usuario<\/span><span data-contrast=\"auto\">; <\/span><span data-contrast=\"auto\">V\u00edas Terrestres<\/span><span data-contrast=\"auto\">;<\/span><span data-contrast=\"auto\"> Gesti\u00f3n de Recursos Humanos<\/span><span data-contrast=\"auto\">; <\/span><span data-contrast=\"auto\">Trabajo y Organizaciones<\/span><span data-contrast=\"auto\">;<\/span><span data-contrast=\"auto\"> y Gesti\u00f3n de las Tecnolog\u00edas de la Informaci\u00f3n en la Organizaciones<\/span><span data-contrast=\"auto\">.<\/span><span data-ccp-props=\"{&quot;201341983&quot;:0,&quot;335559731&quot;:708,&quot;335559739&quot;:200,&quot;335559740&quot;:240}\">\u00a0<\/span><\/p>\n<p><span data-contrast=\"auto\">Especializaciones en:<\/span> <span data-contrast=\"auto\">Administraci\u00f3n del Comercio Exterior<\/span><span data-contrast=\"auto\">;<\/span><span data-contrast=\"auto\"> Administraci\u00f3n Fiscal<\/span><span data-contrast=\"auto\">;<\/span><span data-contrast=\"auto\"> Diagn\u00f3stico y Gesti\u00f3n Ambiental<\/span><span data-contrast=\"auto\">;<\/span><span data-contrast=\"auto\"> Dise\u00f1o de Cartel<\/span><span data-contrast=\"auto\">;<\/span><span data-contrast=\"auto\"> Estudios de Opini\u00f3n<\/span><span data-contrast=\"auto\">; <\/span><span data-contrast=\"auto\">M\u00e9todos Estad\u00edsticos<\/span><span data-contrast=\"auto\"> y<\/span><span data-contrast=\"auto\"> Promoci\u00f3n de la Lectura<\/span><span data-contrast=\"auto\">.<\/span><span data-ccp-props=\"{&quot;201341983&quot;:0,&quot;335559731&quot;:708,&quot;335559739&quot;:200,&quot;335559740&quot;:240}\">\u00a0<\/span><\/p>\n<p><span data-contrast=\"auto\">En la regi\u00f3n Veracruz se ofrecen<\/span> <span data-contrast=\"auto\">los <\/span><span data-contrast=\"auto\">d<\/span><span data-contrast=\"auto\">octorados<\/span><span data-contrast=\"auto\"> en: <\/span><span data-contrast=\"auto\">Ciencias Agropecuarias<\/span><span data-contrast=\"auto\">;<\/span> <span data-contrast=\"auto\">Ecolog\u00eda y Pesquer\u00edas<\/span><span data-contrast=\"auto\">;<\/span> <span data-contrast=\"auto\">Sistemas y Ambientes Educativos. <\/span><span data-contrast=\"auto\">Las m<\/span><span data-contrast=\"auto\">aestr\u00edas en:<\/span> <span data-contrast=\"auto\">Administraci\u00f3n de Sistemas de Salud<\/span><span data-contrast=\"auto\">; <\/span><span data-contrast=\"auto\">Ciencia Animal<\/span><span data-contrast=\"auto\">; <\/span><span data-contrast=\"auto\">Ecolog\u00eda y Pesquer\u00edas<\/span><span data-contrast=\"auto\">;<\/span><span data-contrast=\"auto\"> Derechos Humanos y Justicia Constitucional<\/span><span data-contrast=\"auto\">;<\/span><span data-contrast=\"auto\"> Gesti\u00f3n de Negocios<\/span><span data-contrast=\"auto\">;<\/span><span data-contrast=\"auto\"> Finanzas Empresariales<\/span><span data-contrast=\"auto\">;<\/span> <span data-contrast=\"auto\">Ciencias en <\/span><span data-contrast=\"auto\">Micro y <\/span><span data-contrast=\"auto\">Nanosistemas<\/span><span data-contrast=\"auto\">,<\/span><span data-contrast=\"auto\"> y Medicina<\/span> <span data-contrast=\"auto\">Forense<\/span><span data-contrast=\"auto\">. <\/span><span data-contrast=\"auto\">Y las e<\/span><span data-contrast=\"auto\">specializaci<\/span><span data-contrast=\"auto\">ones<\/span> <span data-contrast=\"auto\">en: Administraci\u00f3n del Comercio Exterior<\/span><span data-contrast=\"auto\"> y <\/span><span data-contrast=\"auto\">Promoci\u00f3n de la Lectura<\/span><span data-contrast=\"auto\">.<\/span><span data-ccp-props=\"{&quot;201341983&quot;:0,&quot;335559731&quot;:708,&quot;335559739&quot;:200,&quot;335559740&quot;:240}\">\u00a0<\/span><\/p>\n<p><span data-contrast=\"auto\">En la regi\u00f3n Orizaba<\/span><span data-contrast=\"auto\">-C\u00f3rdoba <\/span><span data-contrast=\"auto\">se <\/span><span data-contrast=\"auto\">ofrece<\/span><span data-contrast=\"auto\"> el <\/span><span data-contrast=\"auto\">Doctorado en Ciencias Agropecuarias<\/span><span data-contrast=\"auto\"> y<\/span> <span data-contrast=\"auto\">l<\/span><span data-contrast=\"auto\">as m<\/span><span data-contrast=\"auto\">aestr\u00edas en<\/span> <span data-contrast=\"auto\">Direcci\u00f3n Estrat\u00e9gica e Innovaci\u00f3n Tecnol\u00f3gica<\/span><span data-contrast=\"auto\">;<\/span><span data-contrast=\"auto\"> Horticultura Tropical<\/span><span data-contrast=\"auto\">; <\/span><span data-contrast=\"auto\">Manejo y Explotaci\u00f3n de <\/span><span data-contrast=\"auto\">los<\/span> <span data-contrast=\"auto\">Agrosistemas<\/span><span data-contrast=\"auto\"> de la Ca\u00f1a de Az\u00facar.<\/span><span data-ccp-props=\"{&quot;201341983&quot;:0,&quot;335559731&quot;:708,&quot;335559739&quot;:200,&quot;335559740&quot;:240}\">\u00a0<\/span><\/p>\n<p><span data-contrast=\"auto\">En <\/span><span data-contrast=\"auto\">la regi\u00f3n Poza Rica<\/span><span data-contrast=\"auto\">&#8211;<\/span><span data-contrast=\"auto\">Tuxpan se ofertan<\/span><span data-contrast=\"auto\"> el <\/span><span data-contrast=\"auto\">Doctorado en Ciencias Marinas y Costeras<\/span><span data-contrast=\"auto\">, y las<\/span> <span data-contrast=\"auto\">m<\/span><span data-contrast=\"auto\">aestr\u00edas<\/span><span data-contrast=\"auto\"> en <\/span><span data-contrast=\"auto\">Ciencias del Ambiente<\/span><span data-contrast=\"auto\">; <\/span><span data-contrast=\"auto\">Manejo de Ecosistemas Marinos y Costeros<\/span><span data-contrast=\"auto\">;<\/span><span data-contrast=\"auto\"> Direcci<\/span><span data-contrast=\"auto\">\u00f3n Empresarial,<\/span> <span data-contrast=\"auto\">y <\/span><span data-contrast=\"auto\">Gesti\u00f3n del Aprend<\/span><span data-contrast=\"auto\">izaje.<\/span><span data-ccp-props=\"{&quot;201341983&quot;:0,&quot;335559731&quot;:708,&quot;335559739&quot;:200,&quot;335559740&quot;:240}\">\u00a0<\/span><\/p>\n<p><span data-contrast=\"auto\">En la regi\u00f3n Coatzacoalcos-Minatitl\u00e1n<\/span><span data-contrast=\"auto\">: <\/span><span data-contrast=\"auto\">el Doctorado en<\/span> <span data-contrast=\"auto\">Ingenier\u00eda Qu\u00edmica<\/span><span data-contrast=\"auto\"> y la <\/span><span data-contrast=\"auto\">Maestr\u00eda en Ingenier\u00eda de Pr<\/span><span data-contrast=\"auto\">ocesos<\/span><span data-contrast=\"auto\">.<\/span><span data-ccp-props=\"{&quot;201341983&quot;:0,&quot;335559731&quot;:708,&quot;335559739&quot;:200,&quot;335559740&quot;:240}\">\u00a0<\/span><\/p>\n<p><span data-contrast=\"auto\">Para mayores informes, en la regi\u00f3n Xalapa contactar a Guillermo Cruz Gonz\u00e1lez al t<\/span><span data-contrast=\"auto\">el\u00e9fono (228) 8421700, extensi\u00f3n 13137, o dirigirse al correo electr\u00f3nico guicruz@uv.mx; en Veracruz, con Miriam del Carmen Flores, (229) 7752000, extensi\u00f3n 22031, correo mirflores@uv.mx; en Poza Rica-Tuxpan, Angelita Colunga <\/span><span data-contrast=\"auto\">Chua<\/span><span data-contrast=\"auto\">, (782) 8241540, extensi\u00f3n 41213, <\/span><a href=\"mailto:ancolunga@uv.mx\"><span data-contrast=\"auto\">ancolunga@uv.mx<\/span><\/a><span data-contrast=\"auto\">; en Orizaba-C\u00f3rdoba, Francisco Josu\u00e9 Esp\u00edritu, (272) 7259417, extensi\u00f3n 33151, <\/span><a href=\"mailto:sanchezfespiritu@hotmail.com\"><span data-contrast=\"auto\">sanchezfespiritu@hotmail.com<\/span><\/a><span data-contrast=\"auto\">, y en Coatzacoalcos-Minatitl\u00e1n, Leticia <\/span><span data-contrast=\"auto\">Cortaza<\/span><span data-contrast=\"auto\"> Ram\u00edrez, (921) 2115700, extensi\u00f3n 59202, <\/span><span data-contrast=\"auto\">lcortaza@uv.mx<\/span><span data-contrast=\"auto\">.<\/span><span data-ccp-props=\"{&quot;201341983&quot;:0,&quot;335559731&quot;:708,&quot;335559739&quot;:200,&quot;335559740&quot;:240}\">\u00a0<\/span><\/p>\n","protected":false},"excerpt":{"rendered":"<p>Los interesados podr\u00e1n realizar su registro en l\u00ednea del 20 de febrero y hasta el 24 de abril en las p\u00e1ginas www.uv.mx\/posgrado\/ y www.uv.mx\/escolar\/posgrado2020\/ <\/p>\n","protected":false},"author":1508,"featured_media":80869,"comment_status":"closed","ping_status":"closed","sticky":false,"template":"","format":"standard","meta":{"footnotes":""},"categories":[61],"tags":[],"class_list":["post-80868","post","type-post","status-publish","format-standard","has-post-thumbnail","hentry","category-banner"],"_links":{"self":[{"href":"https:\/\/www.uv.mx\/prensa\/wp-json\/wp\/v2\/posts\/80868","targetHints":{"allow":["GET"]}}],"collection":[{"href":"https:\/\/www.uv.mx\/prensa\/wp-json\/wp\/v2\/posts"}],"about":[{"href":"https:\/\/www.uv.mx\/prensa\/wp-json\/wp\/v2\/types\/post"}],"author":[{"embeddable":true,"href":"https:\/\/www.uv.mx\/prensa\/wp-json\/wp\/v2\/users\/1508"}],"replies":[{"embeddable":true,"href":"https:\/\/www.uv.mx\/prensa\/wp-json\/wp\/v2\/comments?post=80868"}],"version-history":[{"count":0,"href":"https:\/\/www.uv.mx\/prensa\/wp-json\/wp\/v2\/posts\/80868\/revisions"}],"wp:featuredmedia":[{"embeddable":true,"href":"https:\/\/www.uv.mx\/prensa\/wp-json\/wp\/v2\/media\/80869"}],"wp:attachment":[{"href":"https:\/\/www.uv.mx\/prensa\/wp-json\/wp\/v2\/media?parent=80868"}],"wp:term":[{"taxonomy":"category","embeddable":true,"href":"https:\/\/www.uv.mx\/prensa\/wp-json\/wp\/v2\/categories?post=80868"},{"taxonomy":"post_tag","embeddable":true,"href":"https:\/\/www.uv.mx\/prensa\/wp-json\/wp\/v2\/tags?post=80868"}],"curies":[{"name":"wp","href":"https:\/\/api.w.org\/{rel}","templated":true}]}}