{"id":80849,"date":"2020-02-22T08:00:08","date_gmt":"2020-02-22T14:00:08","guid":{"rendered":"https:\/\/www.uv.mx\/prensa\/?p=80849"},"modified":"2020-03-02T12:57:53","modified_gmt":"2020-03-02T18:57:53","slug":"egresada-del-doctorado-en-ciencias-de-la-salud-hizo-movilidad-en-china","status":"publish","type":"post","link":"https:\/\/www.uv.mx\/prensa\/banner\/egresada-del-doctorado-en-ciencias-de-la-salud-hizo-movilidad-en-china\/","title":{"rendered":"Egresada del Doctorado en Ciencias de la Salud hizo movilidad en China"},"content":{"rendered":"<ul>\n<li data-leveltext=\"\uf0b7\" data-font=\"Symbol\" data-listid=\"1\" data-aria-posinset=\"1\" data-aria-level=\"1\"><i><span data-contrast=\"auto\">Amayrani<\/span><\/i><i><span data-contrast=\"auto\"> \u00c1brego Peredo particip\u00f3 en el 17\u00ba Congre<\/span><\/i><i><span data-contrast=\"auto\">so Internacional de Inmunolog\u00eda<\/span><\/i><i><span data-contrast=\"auto\">, <\/span><\/i><i><span data-contrast=\"auto\">d<\/span><\/i><i><span data-contrast=\"auto\">el 19 al 23 de octubre<\/span><\/i><i><span data-contrast=\"auto\"> de 2019<\/span><\/i><i><span data-contrast=\"auto\">, en Beijing<\/span><\/i><span data-ccp-props=\"{&quot;134233279&quot;:true,&quot;201341983&quot;:0,&quot;335559739&quot;:160,&quot;335559740&quot;:240}\">\u00a0<\/span><\/li>\n<li data-leveltext=\"\uf0b7\" data-font=\"Symbol\" data-listid=\"1\" data-aria-posinset=\"2\" data-aria-level=\"1\"><i><span data-contrast=\"auto\">Agradeci\u00f3 el respaldo de la UV y del Programa de <\/span><\/i><i><span data-contrast=\"auto\">Movilidad<\/span><\/i><span data-ccp-props=\"{&quot;134233279&quot;:true,&quot;201341983&quot;:0,&quot;335559739&quot;:160,&quot;335559740&quot;:240}\">\u00a0<\/span><\/li>\n<\/ul>\n<div id=\"attachment_80851\" style=\"width: 732px\" class=\"wp-caption aligncenter\"><a href=\"https:\/\/www.uv.mx\/prensa\/files\/2020\/02\/220220-MOVILIDAD-CHINA-1.jpg\"><img loading=\"lazy\" decoding=\"async\" aria-describedby=\"caption-attachment-80851\" class=\"size-full wp-image-80851\" src=\"https:\/\/www.uv.mx\/prensa\/files\/2020\/02\/220220-MOVILIDAD-CHINA-1.jpg\" alt=\"\" width=\"722\" height=\"481\" srcset=\"https:\/\/www.uv.mx\/prensa\/files\/2020\/02\/220220-MOVILIDAD-CHINA-1.jpg 722w, https:\/\/www.uv.mx\/prensa\/files\/2020\/02\/220220-MOVILIDAD-CHINA-1-300x200.jpg 300w\" sizes=\"auto, (max-width: 722px) 100vw, 722px\" \/><\/a><p id=\"caption-attachment-80851\" class=\"wp-caption-text\">La universitaria conoci\u00f3 avances en materia de inmunolog\u00eda e intercambi\u00f3 hallazgos cient\u00edficos con estudiantes de otras universidades<\/p><\/div>\n<p><b><i><span data-contrast=\"auto\">Claudia Peralta V\u00e1zquez<\/span><\/i><\/b><span data-ccp-props=\"{&quot;201341983&quot;:0,&quot;335559739&quot;:160,&quot;335559740&quot;:240}\">\u00a0<\/span><\/p>\n<p><b><i><span data-contrast=\"auto\">22<\/span><\/i><\/b><b><i><span data-contrast=\"auto\">\/<\/span><\/i><\/b><b><i><span data-contrast=\"auto\">02<\/span><\/i><\/b><b><i><span data-contrast=\"auto\">\/<\/span><\/i><\/b><b><i><span data-contrast=\"auto\">20<\/span><\/i><\/b><b><i><span data-contrast=\"auto\">20<\/span><\/i><\/b><b><i><span data-contrast=\"auto\">, Xalapa, Ver.-<\/span><\/i><\/b> <span data-contrast=\"auto\">Amay<\/span><span data-contrast=\"auto\">rani<\/span><span data-contrast=\"auto\"> \u00c1brego Peredo,<\/span> <span data-contrast=\"auto\">reci\u00e9n egresada del Do<\/span><span data-contrast=\"auto\">ctorado en Ciencias de la Salud<\/span> <span data-contrast=\"auto\">de la Universidad Veracruzana<\/span><span data-contrast=\"auto\"> (UV), reconoci\u00f3 el apoyo de esta casa de estudios, a trav\u00e9s del<a href=\"https:\/\/www.uv.mx\/movilidad\/\" target=\"_blank\" rel=\"noopener noreferrer\"> Programa de Movilidad<\/a> (<\/span><i><span data-contrast=\"auto\">Promuv<\/span><\/i><span data-contrast=\"auto\">), que le permiti\u00f3 participar en el<\/span> <span data-contrast=\"auto\">17\u00ba Congreso Inter<\/span><span data-contrast=\"auto\">nacional de Inmunolog\u00eda 2019, efectuado <\/span><span data-contrast=\"auto\">del 19 al 23 de octubre en Beijing, China.<\/span><span data-ccp-props=\"{&quot;201341983&quot;:0,&quot;335559739&quot;:160,&quot;335559740&quot;:240}\">\u00a0<\/span><\/p>\n<p><span data-contrast=\"auto\">En el marco de la ceremonia de bienvenida a los j\u00f3venes de movilidad nacional e internacional, que tuvo lugar el 5 de febrero en la Unidad de Servicios Bibliotecarios y de Informaci\u00f3n (USBI), <\/span><span data-contrast=\"auto\">Amayrani<\/span><span data-contrast=\"auto\"> hizo extensivo este agradecimiento a su director de tesis, <\/span><span data-contrast=\"auto\">Juan Carlos Rodr\u00edguez Alba, investigador del <\/span><span data-contrast=\"auto\">Instituto de Ciencias de la Salud (ICS), al que est\u00e1 adscrito su Doctorado.<\/span><span data-ccp-props=\"{&quot;201341983&quot;:0,&quot;335559739&quot;:160,&quot;335559740&quot;:240}\">\u00a0<\/span><\/p>\n<p><span data-contrast=\"auto\">Gracias a esta movilidad <\/span><span data-contrast=\"auto\">Amayrani <\/span><span data-contrast=\"auto\">pudo conocer los avances generados del otro lado del mundo <\/span><span data-contrast=\"auto\">en materia de <\/span><span data-contrast=\"auto\">inmunolog\u00eda, as\u00ed como compartir e intercambiar conocimiento<\/span><span data-contrast=\"auto\">s<\/span><span data-contrast=\"auto\"> con cient\u00edficos y estudiantes de otras universidades.<\/span><span data-ccp-props=\"{&quot;201341983&quot;:0,&quot;335559731&quot;:708,&quot;335559739&quot;:160,&quot;335559740&quot;:240}\">\u00a0<\/span><\/p>\n<p><span data-contrast=\"auto\">La joven egresada de la Facultad de <\/span><span data-contrast=\"auto\">Bioan\u00e1lisis<\/span><span data-contrast=\"auto\"> de la UV y con<\/span><span data-contrast=\"auto\"> Maestr\u00eda en Ciencias Alimentarias<\/span><span data-contrast=\"auto\">, coment\u00f3 que durante el foro ofreci\u00f3 una presentaci\u00f3n oral de su proy<\/span><span data-contrast=\"auto\">ecto doctoral, relacionado con <\/span><span data-contrast=\"auto\">el uso terap\u00e9utico del flavonoide <\/span><span data-contrast=\"auto\">Naringenina<\/span><span data-contrast=\"auto\"> para el control de lupus eritematoso sist<\/span><span data-contrast=\"auto\">\u00e9mico<\/span><span data-contrast=\"auto\">, mismo que sustent\u00f3 hace unos d\u00edas y con el cual obtuvo menci\u00f3n honor\u00edfica.<\/span><span data-ccp-props=\"{&quot;201341983&quot;:0,&quot;335559739&quot;:160,&quot;335559740&quot;:240}\">\u00a0<\/span><\/p>\n<p><span data-contrast=\"auto\">La importancia de su estudio, realizado en la Unidad de <\/span><span data-contrast=\"auto\">Citometr\u00eda<\/span><span data-contrast=\"auto\"> de Flujo, radica en la evaluaci\u00f3n de compuestos naturales en el desarrollo de enfermedades autoinmunes.<\/span><span data-ccp-props=\"{&quot;201341983&quot;:0,&quot;335559739&quot;:160,&quot;335559740&quot;:240}\">\u00a0<\/span><\/p>\n<p><span data-contrast=\"auto\">Asimismo, como parte del congreso <\/span><span data-contrast=\"auto\">coorganizado por la Uni\u00f3n Internacional de Sociedades de Inmunolog\u00eda y la<\/span><span data-contrast=\"auto\"> Socieda<\/span><span data-contrast=\"auto\">d China de Inmunolog\u00eda, presenci\u00f3 las ponencias de ganadores de premios Nobel<\/span><span data-contrast=\"auto\">, lo que<\/span><span data-contrast=\"auto\"> gener\u00f3<\/span><span data-contrast=\"auto\"> en ella<\/span><span data-contrast=\"auto\"> la <\/span><span data-contrast=\"auto\">expectativa de realizar una<\/span><span data-contrast=\"auto\"> futura<\/span> <span data-contrast=\"auto\">estancia pos<\/span><span data-contrast=\"auto\">doctoral<\/span><span data-contrast=\"auto\"> en alguna instituci\u00f3n de educaci\u00f3n superior internacional y al lado de investigadores reconocidos dentro de<\/span><span data-contrast=\"auto\"> este<\/span><span data-contrast=\"auto\"> campo de estudio.<\/span><span data-ccp-props=\"{&quot;201341983&quot;:0,&quot;335559731&quot;:708,&quot;335559739&quot;:160,&quot;335559740&quot;:240}\">\u00a0<\/span><\/p>\n<p><span data-contrast=\"auto\">Adem\u00e1s de considerar esta experiencia como un privilegio y orgullo, se mostr\u00f3 complacida de que en ese evento se haya reconocido la calidad de su trabajo y la de sus compa\u00f1eros que tambi\u00e9n asistieron.<\/span><span data-ccp-props=\"{&quot;201341983&quot;:0,&quot;335559731&quot;:708,&quot;335559739&quot;:160,&quot;335559740&quot;:240}\">\u00a0<\/span><\/p>\n<p><span data-contrast=\"auto\">Por ello, exhort\u00f3 a los universitarios que cursan actualmente una licenciatura o posgrado, a tomar la decisi\u00f3n y aventurarse en una actividad<\/span><span data-contrast=\"auto\"> de movilidad.<\/span> <span data-contrast=\"auto\">\u201cE<\/span><span data-contrast=\"auto\">s una <\/span><span data-contrast=\"auto\">buen<\/span><span data-contrast=\"auto\">a<\/span> <span data-contrast=\"auto\">experiencia<\/span><span data-contrast=\"auto\">, <\/span><span data-contrast=\"auto\">sobre todo<\/span><span data-contrast=\"auto\"> si es en otro pa\u00eds <\/span><span data-contrast=\"auto\">porque<\/span><span data-contrast=\"auto\"> conocer\u00e1n cu<\/span><span data-contrast=\"auto\">lturas diferentes a la nuestra.\u201d<\/span><span data-ccp-props=\"{&quot;201341983&quot;:0,&quot;335559731&quot;:708,&quot;335559739&quot;:160,&quot;335559740&quot;:240}\">\u00a0<\/span><\/p>\n<p><span data-contrast=\"auto\">De esta forma, los alumnos pueden demostrar su capacidad y darse cuenta <\/span><span data-contrast=\"auto\">de <\/span><span data-contrast=\"auto\">que es factible competir con pares de cualquier universi<\/span><span data-contrast=\"auto\">dad del mundo si se lo proponen, agreg\u00f3.<\/span><span data-ccp-props=\"{&quot;201341983&quot;:0,&quot;335559731&quot;:708,&quot;335559739&quot;:160,&quot;335559740&quot;:240}\">\u00a0<\/span><\/p>\n","protected":false},"excerpt":{"rendered":"<p>Amayrani \u00c1brego particip\u00f3 en el 17\u00ba Congreso Internacional de Inmunolog\u00eda, donde conoci\u00f3 los avances generados en materia de inmunolog\u00eda e intercambi\u00f3 conocimientos con cient\u00edficos y estudiantes de otras universidades<\/p>\n","protected":false},"author":1508,"featured_media":80850,"comment_status":"closed","ping_status":"closed","sticky":false,"template":"","format":"standard","meta":{"footnotes":""},"categories":[61],"tags":[],"class_list":["post-80849","post","type-post","status-publish","format-standard","has-post-thumbnail","hentry","category-banner"],"_links":{"self":[{"href":"https:\/\/www.uv.mx\/prensa\/wp-json\/wp\/v2\/posts\/80849","targetHints":{"allow":["GET"]}}],"collection":[{"href":"https:\/\/www.uv.mx\/prensa\/wp-json\/wp\/v2\/posts"}],"about":[{"href":"https:\/\/www.uv.mx\/prensa\/wp-json\/wp\/v2\/types\/post"}],"author":[{"embeddable":true,"href":"https:\/\/www.uv.mx\/prensa\/wp-json\/wp\/v2\/users\/1508"}],"replies":[{"embeddable":true,"href":"https:\/\/www.uv.mx\/prensa\/wp-json\/wp\/v2\/comments?post=80849"}],"version-history":[{"count":0,"href":"https:\/\/www.uv.mx\/prensa\/wp-json\/wp\/v2\/posts\/80849\/revisions"}],"wp:featuredmedia":[{"embeddable":true,"href":"https:\/\/www.uv.mx\/prensa\/wp-json\/wp\/v2\/media\/80850"}],"wp:attachment":[{"href":"https:\/\/www.uv.mx\/prensa\/wp-json\/wp\/v2\/media?parent=80849"}],"wp:term":[{"taxonomy":"category","embeddable":true,"href":"https:\/\/www.uv.mx\/prensa\/wp-json\/wp\/v2\/categories?post=80849"},{"taxonomy":"post_tag","embeddable":true,"href":"https:\/\/www.uv.mx\/prensa\/wp-json\/wp\/v2\/tags?post=80849"}],"curies":[{"name":"wp","href":"https:\/\/api.w.org\/{rel}","templated":true}]}}