{"id":80837,"date":"2020-02-21T14:53:45","date_gmt":"2020-02-21T20:53:45","guid":{"rendered":"https:\/\/www.uv.mx\/prensa\/?p=80837"},"modified":"2020-02-21T17:56:38","modified_gmt":"2020-02-21T23:56:38","slug":"una-catedra-de-excelencia-puede-despertar-una-vocacion-rectora","status":"publish","type":"post","link":"https:\/\/www.uv.mx\/prensa\/banner\/una-catedra-de-excelencia-puede-despertar-una-vocacion-rectora\/","title":{"rendered":"\u201cUna C\u00e1tedra de Excelencia puede despertar una vocaci\u00f3n\u201d: Rectora"},"content":{"rendered":"<ul>\n<li data-leveltext=\"\uf0b7\" data-font=\"Symbol\" data-listid=\"1\" data-aria-posinset=\"1\" data-aria-level=\"1\"><i><span data-contrast=\"auto\">La Rectora de la UV encabez\u00f3 la primera sesi\u00f3n ordi<\/span><\/i><i><span data-contrast=\"auto\">naria<\/span><\/i><i><span data-contrast=\"auto\"> del <\/span><\/i><i><span data-contrast=\"auto\">Consejo Consu<\/span><\/i><i><span data-contrast=\"auto\">ltivo de C\u00e1tedras de Excelencia<\/span><\/i><span data-ccp-props=\"{&quot;134233279&quot;:true,&quot;201341983&quot;:0,&quot;335559739&quot;:160,&quot;335559740&quot;:240}\">\u00a0<\/span><\/li>\n<li data-leveltext=\"\uf0b7\" data-font=\"Symbol\" data-listid=\"1\" data-aria-posinset=\"2\" data-aria-level=\"1\"><i><span data-contrast=\"auto\">Reconoci\u00f3 el quehacer de los miembros del organismo para mantener <\/span><\/i><i><span data-contrast=\"auto\">la calidad de<\/span><\/i><i><span data-contrast=\"auto\"> cada programa<\/span><\/i><span data-ccp-props=\"{&quot;134233279&quot;:true,&quot;201341983&quot;:0,&quot;335559739&quot;:160,&quot;335559740&quot;:240}\">\u00a0<\/span><\/li>\n<li data-leveltext=\"\uf0b7\" data-font=\"Symbol\" data-listid=\"1\" data-aria-posinset=\"3\" data-aria-level=\"1\"><i><span data-contrast=\"auto\">Norma Ang\u00e9lica Cuevas Velasco, secretaria Ejecutiva del Consejo, habl\u00f3 de lo<\/span><\/i><i><span data-contrast=\"auto\">s proyectos a impulsar durante <\/span><\/i><i><span data-contrast=\"auto\">2020<\/span><\/i><span data-ccp-props=\"{&quot;134233279&quot;:true,&quot;201341983&quot;:0,&quot;335559739&quot;:160,&quot;335559740&quot;:240}\">\u00a0<\/span><\/li>\n<\/ul>\n<div id=\"attachment_80841\" style=\"width: 732px\" class=\"wp-caption aligncenter\"><a href=\"https:\/\/www.uv.mx\/prensa\/files\/2020\/02\/210220-CONSEJO-CATEDRAS-DE-EXCELENCIA-1.jpg\"><img loading=\"lazy\" decoding=\"async\" aria-describedby=\"caption-attachment-80841\" class=\"size-full wp-image-80841\" src=\"https:\/\/www.uv.mx\/prensa\/files\/2020\/02\/210220-CONSEJO-CATEDRAS-DE-EXCELENCIA-1.jpg\" alt=\"\" width=\"722\" height=\"481\" srcset=\"https:\/\/www.uv.mx\/prensa\/files\/2020\/02\/210220-CONSEJO-CATEDRAS-DE-EXCELENCIA-1.jpg 722w, https:\/\/www.uv.mx\/prensa\/files\/2020\/02\/210220-CONSEJO-CATEDRAS-DE-EXCELENCIA-1-300x200.jpg 300w\" sizes=\"auto, (max-width: 722px) 100vw, 722px\" \/><\/a><p id=\"caption-attachment-80841\" class=\"wp-caption-text\">El Consejo Consultivo de C\u00e1tedras de Excelencia UV en su primera sesi\u00f3n de 2020<\/p><\/div>\n<p><b><i><span data-contrast=\"auto\">Claudia Peralta V\u00e1zquez<\/span><\/i><\/b><span data-ccp-props=\"{&quot;201341983&quot;:0,&quot;335559739&quot;:160,&quot;335559740&quot;:240}\">\u00a0<\/span><\/p>\n<p><b><i><span data-contrast=\"auto\">21<\/span><\/i><\/b><b><i><span data-contrast=\"auto\">\/<\/span><\/i><\/b><b><i><span data-contrast=\"auto\">02<\/span><\/i><\/b><b><i><span data-contrast=\"auto\">\/<\/span><\/i><\/b><b><i><span data-contrast=\"auto\">20<\/span><\/i><\/b><b><i><span data-contrast=\"auto\">20<\/span><\/i><\/b><b><i><span data-contrast=\"auto\">, Xalapa, Ver.-<\/span><\/i><\/b> <span data-contrast=\"auto\">L<\/span><span data-contrast=\"auto\">a celebraci\u00f3n <\/span><span data-contrast=\"auto\">de una C<\/span><span data-contrast=\"auto\">\u00e1tedra<\/span><span data-contrast=\"auto\"> de Excelencia o la<\/span><span data-contrast=\"auto\"> presencia de un acad\u00e9mico<\/span><span data-contrast=\"auto\"> o intelectual<\/span><span data-contrast=\"auto\"> destacado puede despertar una vocaci\u00f3n, inici<\/span><span data-contrast=\"auto\">ar un proyecto de investigaci\u00f3n, as\u00ed como <\/span><span data-contrast=\"auto\">cambiar y transformar las vidas<\/span><span data-contrast=\"auto\"> de miembros de la comunidad, <\/span><span data-contrast=\"auto\">incluso externos<\/span><span data-contrast=\"auto\">, expres\u00f3 Sara Ladr\u00f3n de Guevara, rectora de la <\/span><span data-contrast=\"auto\">Universidad Veracruzana (UV), al presidir<\/span><span data-contrast=\"auto\"> la primera sesi\u00f3n ordinaria 2020 del Consejo Consultivo de C\u00e1tedras de Excelencia<\/span><span data-contrast=\"auto\">.<\/span><span data-ccp-props=\"{&quot;201341983&quot;:0,&quot;335559739&quot;:160,&quot;335559740&quot;:240}\">\u00a0<\/span><\/p>\n<p><span data-contrast=\"auto\">Este viernes, en la Sala de Juntas de Rector\u00eda, <\/span><span data-contrast=\"auto\">Sara <\/span><span data-contrast=\"auto\">Ladr\u00f3n de Guevara reconoci\u00f3 el quehacer de quienes integran este organismo, centrado en mantener la calidad y excelencia de los programas que propiamente inciden en la docencia, la investigaci\u00f3n<\/span><span data-contrast=\"auto\"> y<\/span><span data-contrast=\"auto\"> el desarrollo cient\u00edfico y tecnol\u00f3gico.<\/span><span data-ccp-props=\"{&quot;201341983&quot;:0,&quot;335559739&quot;:160,&quot;335559740&quot;:240}\">\u00a0<\/span><\/p>\n<p><span data-contrast=\"auto\">En presencia de <\/span><span data-contrast=\"auto\">los titulares de las secretar\u00edas Acad\u00e9mica y<\/span><span data-contrast=\"auto\"> de Administraci\u00f3n y Finanzas (SAF),<\/span> <span data-contrast=\"auto\">Magdalena Hern\u00e1ndez Alarc\u00f3n y Salvador Tapia <\/span><span data-contrast=\"auto\">Spinoso<\/span><span data-contrast=\"auto\">, respectivamente; y del<\/span><span data-contrast=\"auto\"> aboga<\/span><span data-contrast=\"auto\">do general, Alberto Islas Reyes,<\/span><span data-contrast=\"auto\"> dijo <\/span><span data-contrast=\"auto\">que<\/span><span data-contrast=\"auto\"> gracias a este trabajo<\/span> <span data-contrast=\"auto\">hoy en d\u00eda las C\u00e1tedras de Excelencia se han consolidado y hecho m\u00e1s visibles.<\/span><span data-ccp-props=\"{&quot;201341983&quot;:0,&quot;335559739&quot;:160,&quot;335559740&quot;:240}\">\u00a0<\/span><\/p>\n<p><span data-contrast=\"auto\">Subray\u00f3 que muchas de ellas han sido renovadas e inauguradas y otras, a pesar de los esfuerzos institucionales<\/span><span data-contrast=\"auto\">,<\/span><span data-contrast=\"auto\"> han desaparecido porque no eran<\/span><span data-contrast=\"auto\"> lo suficientemente aprovechadas.<\/span><span data-ccp-props=\"{&quot;201341983&quot;:0,&quot;335559739&quot;:160,&quot;335559740&quot;:240}\">\u00a0<\/span><\/p>\n<p><span data-contrast=\"auto\">En la actualidad, d<\/span><span data-contrast=\"auto\">estac\u00f3, todas las c\u00e1tedras de la UV cuentan con un p\u00fablico receptor activo, entre estudiantes, acad\u00e9micos y poblaci\u00f3n en general.<\/span><span data-ccp-props=\"{&quot;201341983&quot;:0,&quot;335559731&quot;:708,&quot;335559739&quot;:160,&quot;335559740&quot;:240}\">\u00a0<\/span><\/p>\n<div id=\"attachment_80839\" style=\"width: 732px\" class=\"wp-caption aligncenter\"><a href=\"https:\/\/www.uv.mx\/prensa\/files\/2020\/02\/210220-CONSEJO-CATEDRAS-DE-EXCELENCIA-2.jpg\"><img loading=\"lazy\" decoding=\"async\" aria-describedby=\"caption-attachment-80839\" class=\"size-full wp-image-80839\" src=\"https:\/\/www.uv.mx\/prensa\/files\/2020\/02\/210220-CONSEJO-CATEDRAS-DE-EXCELENCIA-2.jpg\" alt=\"\" width=\"722\" height=\"481\" srcset=\"https:\/\/www.uv.mx\/prensa\/files\/2020\/02\/210220-CONSEJO-CATEDRAS-DE-EXCELENCIA-2.jpg 722w, https:\/\/www.uv.mx\/prensa\/files\/2020\/02\/210220-CONSEJO-CATEDRAS-DE-EXCELENCIA-2-300x200.jpg 300w\" sizes=\"auto, (max-width: 722px) 100vw, 722px\" \/><\/a><p id=\"caption-attachment-80839\" class=\"wp-caption-text\">La rectora Sara Ladr\u00f3n de Guevara presidi\u00f3 la sesi\u00f3n<\/p><\/div>\n<p><span data-contrast=\"auto\">\u201c<\/span><span data-contrast=\"auto\">Eso da mucho gusto, porqu<\/span><span data-contrast=\"auto\">e es cuesti\u00f3n de mantener la calidad y una estrecha comunicaci\u00f3n con la comunidad interesada en<\/span><span data-contrast=\"auto\"> las tem\u00e1ticas<\/span><span data-contrast=\"auto\">, lo que ustedes hacen por la Universidad y la academia es <\/span><span data-contrast=\"auto\">muy importante\u201d<\/span><span data-contrast=\"auto\">, manifest\u00f3 a los asistentes y re<\/span><span data-contrast=\"auto\">presentantes de dependencias y \u00e1<\/span><span data-contrast=\"auto\">reas <\/span><span data-contrast=\"auto\">a<\/span><span data-contrast=\"auto\">cad\u00e9micas.<\/span><span data-ccp-props=\"{&quot;201341983&quot;:0,&quot;335559731&quot;:708,&quot;335559739&quot;:160,&quot;335559740&quot;:240}\">\u00a0<\/span><\/p>\n<p><span data-contrast=\"auto\">En su intervenci\u00f3n, <\/span><span data-contrast=\"auto\">Norma Ang\u00e9lica Cuevas Velasco, secretaria Ejecutiva del Consejo<\/span><span data-contrast=\"auto\"> Consultivo<\/span><span data-contrast=\"auto\">,<\/span><span data-contrast=\"auto\"> habl\u00f3 de los proyectos <\/span><span data-contrast=\"auto\">a desarrollar durante <\/span><span data-contrast=\"auto\">2020; <\/span><span data-contrast=\"auto\">tambi\u00e9n<\/span><span data-contrast=\"auto\"> dio a conocer que el lunes 24 de febrero se cumplir\u00e1n cinco a\u00f1os de la conformaci\u00f3n de las C\u00e1tedras de Excelencia ante el Consejo Universitario General (CUG).<\/span><span data-ccp-props=\"{&quot;201341983&quot;:0,&quot;335559731&quot;:708,&quot;335559739&quot;:160,&quot;335559740&quot;:240}\">\u00a0<\/span><\/p>\n<p><span data-contrast=\"auto\">\u00a0<\/span><span data-contrast=\"auto\">En el marco de esta reuni\u00f3n, resalt\u00f3 dos nuevas iniciativas de la comunidad universitaria. Una es una c\u00e1tedra<\/span><span data-contrast=\"auto\"> especializada en <\/span><span data-contrast=\"auto\">e<\/span><span data-contrast=\"auto\">mprendimiento <\/span><span data-contrast=\"auto\">y la otra en cuestiones jur\u00eddicas y \u00e9ticas.<\/span> <span data-contrast=\"auto\">Asimismo, mencion\u00f3 el compromiso institucional con la C\u00e1tedra <\/span><span data-contrast=\"auto\">\u201c<\/span><span data-contrast=\"auto\">Mahatma Gandhi<\/span><span data-contrast=\"auto\">\u201d<\/span><span data-contrast=\"auto\">, que en breve ser\u00e1 puesta en marcha.<\/span><span data-ccp-props=\"{&quot;201341983&quot;:0,&quot;335559731&quot;:708,&quot;335559739&quot;:160,&quot;335559740&quot;:240}\">\u00a0<\/span><\/p>\n<p><span data-contrast=\"auto\">Cabe se\u00f1alar que durante este espacio de di\u00e1logo acad\u00e9mico, dichos puntos fueron analizados<\/span><span data-contrast=\"auto\"> y fortalecidos<\/span><span data-contrast=\"auto\"> por los integran<\/span><span data-contrast=\"auto\">tes del <\/span><span data-contrast=\"auto\">Consejo<\/span><span data-contrast=\"auto\"> Consultivo<\/span><span data-contrast=\"auto\"> y despu\u00e9s <\/span><span data-contrast=\"auto\">ser\u00e1n presentados ante <\/span><span data-contrast=\"auto\">el CUG<\/span><span data-contrast=\"auto\"> para su aprobaci\u00f3n<\/span><span data-contrast=\"auto\">.<\/span><span data-ccp-props=\"{&quot;201341983&quot;:0,&quot;335559731&quot;:708,&quot;335559739&quot;:160,&quot;335559740&quot;:240}\">\u00a0<\/span><\/p>\n<p><span data-contrast=\"auto\">Actualmente, la UV promueve las C\u00e1tedras <\/span><span data-contrast=\"auto\">\u201c<\/span><span data-contrast=\"auto\">Jos\u00e9 Mart\u00ed<\/span><span data-contrast=\"auto\">\u201d<\/span><span data-contrast=\"auto\">, <\/span><span data-contrast=\"auto\">\u201c<\/span><span data-contrast=\"auto\">Carlos Fuentes<\/span><span data-contrast=\"auto\">\u201d<\/span><span data-contrast=\"auto\">, <\/span><span data-contrast=\"auto\">\u201c<\/span><span data-contrast=\"auto\">Roberto Bravo Garz\u00f3n<\/span><span data-contrast=\"auto\">\u201d<\/span><span data-contrast=\"auto\">, <\/span><span data-contrast=\"auto\">\u201c<\/span><span data-contrast=\"auto\">Ruy P\u00e9rez Tamayo<\/span><span data-contrast=\"auto\">\u201d<\/span><span data-contrast=\"auto\">, <\/span><span data-contrast=\"auto\">\u201c<\/span><span data-contrast=\"auto\">Gonzalo Aguirre Beltr\u00e1n<\/span><span data-contrast=\"auto\">\u201d<\/span><span data-contrast=\"auto\">, <\/span><span data-contrast=\"auto\">\u201c<\/span><span data-contrast=\"auto\">Aureliano Hern\u00e1ndez Palacios<\/span><span data-contrast=\"auto\">\u201d<\/span><span data-contrast=\"auto\">, <\/span><span data-contrast=\"auto\">\u201c<\/span><span data-contrast=\"auto\">Ludwig Wittgenstein<\/span><span data-contrast=\"auto\">\u201d<\/span><span data-contrast=\"auto\"> y UNESCO.<\/span><span data-ccp-props=\"{&quot;201341983&quot;:0,&quot;335559731&quot;:708,&quot;335559739&quot;:160,&quot;335559740&quot;:240}\">\u00a0<\/span><\/p>\n<p><span data-contrast=\"auto\">En la reuni\u00f3n estuvieron los representantes de la Direcci\u00f3n General de Investigaciones (DGI), Diana P\u00e9rez Staples; \u00c1rea Acad\u00e9mica T\u00e9cnica (AAT), <\/span><span data-contrast=\"auto\">Noemi<\/span> <span data-contrast=\"auto\">Uehara<\/span><span data-contrast=\"auto\"> Guerrero<\/span><span data-contrast=\"auto\">; Humanidades, Marisol Luna Leal; SAF, Martha Imelda Lechuga Hern\u00e1ndez; Ciencias de la Salud, Rolando \u00c1lvarez<\/span><span data-contrast=\"auto\">,<\/span><span data-contrast=\"auto\"> y Artes, Domingo Adame Hern\u00e1ndez.<\/span><span data-ccp-props=\"{&quot;201341983&quot;:0,&quot;335559731&quot;:708,&quot;335559739&quot;:160,&quot;335559740&quot;:240}\">\u00a0<\/span><\/p>\n<p><span data-contrast=\"auto\">Asimismo, por parte de la Secretar\u00eda de Desarrollo Institucional asisti\u00f3 Rebeca Hern\u00e1ndez <\/span><span data-contrast=\"auto\">Ar\u00e1mburo<\/span><span data-contrast=\"auto\">; y el director <\/span><span data-contrast=\"auto\">general <\/span><span data-contrast=\"auto\">de Comunicaci\u00f3n Universitaria, <\/span><span data-contrast=\"auto\">Raciel<\/span> <span data-contrast=\"auto\">Dam\u00f3n<\/span><span data-contrast=\"auto\"> Mart\u00ednez G\u00f3mez<\/span><span data-contrast=\"auto\">.<\/span><span data-ccp-props=\"{&quot;201341983&quot;:0,&quot;335559731&quot;:708,&quot;335559739&quot;:160,&quot;335559740&quot;:240}\">\u00a0<\/span><\/p>\n<div id=\"attachment_80840\" style=\"width: 732px\" class=\"wp-caption aligncenter\"><a href=\"https:\/\/www.uv.mx\/prensa\/files\/2020\/02\/210220-CONSEJO-CATEDRAS-DE-EXCELENCIA-3.jpg\"><img loading=\"lazy\" decoding=\"async\" aria-describedby=\"caption-attachment-80840\" class=\"size-full wp-image-80840\" src=\"https:\/\/www.uv.mx\/prensa\/files\/2020\/02\/210220-CONSEJO-CATEDRAS-DE-EXCELENCIA-3.jpg\" alt=\"\" width=\"722\" height=\"481\" srcset=\"https:\/\/www.uv.mx\/prensa\/files\/2020\/02\/210220-CONSEJO-CATEDRAS-DE-EXCELENCIA-3.jpg 722w, https:\/\/www.uv.mx\/prensa\/files\/2020\/02\/210220-CONSEJO-CATEDRAS-DE-EXCELENCIA-3-300x200.jpg 300w\" sizes=\"auto, (max-width: 722px) 100vw, 722px\" \/><\/a><p id=\"caption-attachment-80840\" class=\"wp-caption-text\">Norma Ang\u00e9lica Cuevas Velasco, secretaria Ejecutiva del Consejo Consultivo, habl\u00f3 de los proyectos para este a\u00f1o<\/p><\/div>\n","protected":false},"excerpt":{"rendered":"<p>Todas las c\u00e1tedras de la UV cuentan con un p\u00fablico receptor activo, entre estudiantes, acad\u00e9micos y poblaci\u00f3n en general<\/p>\n","protected":false},"author":1508,"featured_media":80838,"comment_status":"closed","ping_status":"closed","sticky":false,"template":"","format":"standard","meta":{"footnotes":""},"categories":[61],"tags":[],"class_list":["post-80837","post","type-post","status-publish","format-standard","has-post-thumbnail","hentry","category-banner"],"_links":{"self":[{"href":"https:\/\/www.uv.mx\/prensa\/wp-json\/wp\/v2\/posts\/80837","targetHints":{"allow":["GET"]}}],"collection":[{"href":"https:\/\/www.uv.mx\/prensa\/wp-json\/wp\/v2\/posts"}],"about":[{"href":"https:\/\/www.uv.mx\/prensa\/wp-json\/wp\/v2\/types\/post"}],"author":[{"embeddable":true,"href":"https:\/\/www.uv.mx\/prensa\/wp-json\/wp\/v2\/users\/1508"}],"replies":[{"embeddable":true,"href":"https:\/\/www.uv.mx\/prensa\/wp-json\/wp\/v2\/comments?post=80837"}],"version-history":[{"count":0,"href":"https:\/\/www.uv.mx\/prensa\/wp-json\/wp\/v2\/posts\/80837\/revisions"}],"wp:featuredmedia":[{"embeddable":true,"href":"https:\/\/www.uv.mx\/prensa\/wp-json\/wp\/v2\/media\/80838"}],"wp:attachment":[{"href":"https:\/\/www.uv.mx\/prensa\/wp-json\/wp\/v2\/media?parent=80837"}],"wp:term":[{"taxonomy":"category","embeddable":true,"href":"https:\/\/www.uv.mx\/prensa\/wp-json\/wp\/v2\/categories?post=80837"},{"taxonomy":"post_tag","embeddable":true,"href":"https:\/\/www.uv.mx\/prensa\/wp-json\/wp\/v2\/tags?post=80837"}],"curies":[{"name":"wp","href":"https:\/\/api.w.org\/{rel}","templated":true}]}}