{"id":80830,"date":"2020-02-21T12:20:39","date_gmt":"2020-02-21T18:20:39","guid":{"rendered":"https:\/\/www.uv.mx\/prensa\/?p=80830"},"modified":"2020-02-25T11:06:53","modified_gmt":"2020-02-25T17:06:53","slug":"la-palabra-y-el-hombre-presento-numero-dedicado-a-la-osx-en-la-facultad-de-musica","status":"publish","type":"post","link":"https:\/\/www.uv.mx\/prensa\/cultura\/la-palabra-y-el-hombre-presento-numero-dedicado-a-la-osx-en-la-facultad-de-musica\/","title":{"rendered":"<em>La Palabra y El Hombre<\/em> present\u00f3 n\u00famero  dedicado a la OSX en la Facultad de M\u00fasica"},"content":{"rendered":"<ul>\n<li data-leveltext=\"\uf0b7\" data-font=\"Symbol\" data-listid=\"1\" data-aria-posinset=\"1\" data-aria-level=\"1\"><i><span data-contrast=\"auto\">Participaron 34 autores, entre escritores, m\u00fasicos, compositores, music\u00f3logos e investigadores de diferentes \u00e1reas<\/span><\/i><span data-ccp-props=\"{&quot;134233279&quot;:true}\">\u00a0<\/span><\/li>\n<li data-leveltext=\"\uf0b7\" data-font=\"Symbol\" data-listid=\"1\" data-aria-posinset=\"2\" data-aria-level=\"1\"><i><span data-contrast=\"auto\">\u201c<\/span><\/i><i><span data-contrast=\"auto\">Ni<\/span><\/i><i><span data-contrast=\"auto\"> as\u00ed alcanza la palabra para describir al hombre, a los hombres y a las mujeres de esta orquesta nonagenaria<\/span><\/i><i><span data-contrast=\"auto\">\u201d: Isabel Ladr\u00f3n de Guevara<\/span><\/i><span data-ccp-props=\"{&quot;134233279&quot;:true}\">\u00a0<\/span><\/li>\n<li data-leveltext=\"\uf0b7\" data-font=\"Symbol\" data-listid=\"1\" data-aria-posinset=\"2\" data-aria-level=\"1\"><i><span data-contrast=\"auto\">Emil <\/span><\/i><i><span data-contrast=\"auto\">Awad<\/span><\/i><i><span data-contrast=\"auto\"> dijo que es importante que los m\u00fasicos se responsabilicen de formar p\u00fablicos que aprecien el valor de la OSX<\/span><\/i><\/li>\n<\/ul>\n<div id=\"attachment_80832\" style=\"width: 732px\" class=\"wp-caption aligncenter\"><a href=\"https:\/\/www.uv.mx\/prensa\/files\/2020\/02\/200220-PAOLA-Palabra-y-Hombre-1-100k.jpg\"><img loading=\"lazy\" decoding=\"async\" aria-describedby=\"caption-attachment-80832\" class=\"wp-image-80832 size-full\" src=\"https:\/\/www.uv.mx\/prensa\/files\/2020\/02\/200220-PAOLA-Palabra-y-Hombre-1-100k.jpg\" alt=\"Emil Awad, Arturo Cuevas, Arisbe Mart\u00ednez e Isabel Ladr\u00f3n de Guevara comentaron el n\u00famero de la revista \" width=\"722\" height=\"481\" srcset=\"https:\/\/www.uv.mx\/prensa\/files\/2020\/02\/200220-PAOLA-Palabra-y-Hombre-1-100k.jpg 722w, https:\/\/www.uv.mx\/prensa\/files\/2020\/02\/200220-PAOLA-Palabra-y-Hombre-1-100k-300x200.jpg 300w\" sizes=\"auto, (max-width: 722px) 100vw, 722px\" \/><\/a><p id=\"caption-attachment-80832\" class=\"wp-caption-text\">Emil Awad, Arturo Cuevas, Arisbe Mart\u00ednez e Isabel Ladr\u00f3n de Guevara comentaron el n\u00famero de la revista<\/p><\/div>\n<p><b><i><span data-contrast=\"auto\">Paola Cort\u00e9s P\u00e9rez<\/span><\/i><\/b><\/p>\n<p><b><i><span data-contrast=\"auto\">21<\/span><\/i><\/b><b><i><span data-contrast=\"auto\">\/02\/2020, Xalapa, Ver.-<\/span><\/i><\/b> <span data-contrast=\"auto\">El n\u00famero doble (49 y 50) de la revista <\/span><a href=\"http:\/\/lapalabrayelhombre.uv.mx\/index.php\/palabrahombre\" target=\"_blank\" rel=\"noopener noreferrer\"><i><span data-contrast=\"auto\">La Palabra y <\/span><\/i><i><span data-contrast=\"auto\">e<\/span><\/i><i><span data-contrast=\"auto\">l Hombre<\/span><\/i><\/a><span data-contrast=\"auto\">, dedicada al 90 aniversario de la Orquesta Sinf\u00f3nica de Xalapa (OSX), se present\u00f3 la tarde del mi\u00e9rcoles 19 de febrero en el auditorio de la Facultad de M\u00fasica de la<\/span><span data-contrast=\"auto\"> Universidad Veracruzana (UV).<\/span><span data-ccp-props=\"{}\">\u00a0<\/span><\/p>\n<p><span data-contrast=\"auto\">Los comentarios sobre est<\/span><span data-contrast=\"auto\">a edici\u00f3n <\/span><span data-contrast=\"auto\">especial, <\/span><span data-contrast=\"auto\">cuya<\/span><span data-contrast=\"auto\"> portada y <\/span><i><span data-contrast=\"auto\">dossier<\/span><\/i><span data-contrast=\"auto\"> est\u00e1n dedicad<\/span><span data-contrast=\"auto\">o<\/span><span data-contrast=\"auto\">s a Rufino Tamayo, estuvieron a cargo de <\/span><span data-contrast=\"auto\">los <\/span><span data-contrast=\"auto\">profesores de la Facultad<\/span><span data-contrast=\"auto\">:<\/span><span data-contrast=\"auto\"> Isabel Ladr\u00f3n de Guevara Gonz\u00e1lez, Rosa <\/span><span data-contrast=\"auto\">Arisbe<\/span><span data-contrast=\"auto\"> Mart\u00ednez Cabrera, Arturo Cue<\/span><span data-contrast=\"auto\">vas <\/span><span data-contrast=\"auto\">Guillaumin<\/span><span data-contrast=\"auto\"> y Emil <\/span><span data-contrast=\"auto\">Awad<\/span> <span data-contrast=\"auto\">Abed<\/span><span data-contrast=\"auto\">.<\/span><span data-ccp-props=\"{&quot;335559731&quot;:708}\">\u00a0<\/span><\/p>\n<p><span data-contrast=\"auto\">Esta fue la<\/span><span data-contrast=\"auto\"> primera ocasi\u00f3n <\/span><span data-contrast=\"auto\">en que <\/span><span data-contrast=\"auto\">se present\u00f3 un n\u00famero de <\/span><i><span data-contrast=\"auto\">La Palabra y el Hombre<\/span><\/i><span data-contrast=\"auto\"> en la entidad acad\u00e9mica, lo que fue muy grato para estudiantes, profesores y p\u00fablico en general<\/span><span data-contrast=\"auto\">, entre quienes destac\u00f3 la presencia de <\/span><span data-contrast=\"auto\">Mario Mu\u00f1oz, director de la <\/span><span data-contrast=\"auto\">publicaci\u00f3n<\/span><span data-contrast=\"auto\">.<\/span><span data-ccp-props=\"{&quot;335559731&quot;:708}\">\u00a0<\/span><\/p>\n<p><span data-contrast=\"auto\">Isabel<\/span><span data-contrast=\"auto\"> Ladr\u00f3n de Guevara invit\u00f3 a los estudiantes de la entidad acad\u00e9mica a adquirir y leer este n\u00famero<\/span><span data-contrast=\"auto\">, <\/span><span data-contrast=\"auto\">\u201c<\/span><span data-contrast=\"auto\">ya que nos recuerda el quehacer que estudiamos y <\/span><span data-contrast=\"auto\">al que <\/span><span data-contrast=\"auto\">nos dedicamos.<\/span><span data-ccp-props=\"{&quot;335559731&quot;:708}\">\u00a0<\/span><\/p>\n<p><span data-contrast=\"auto\">\u201d<\/span><span data-contrast=\"auto\">Es un doble n\u00famero y ni as\u00ed alcanza la palabra para describir al hombre, a los hombres y a las mujeres de esta orquesta nonagenaria. Su \u00edndice me hace pensar en un gran programa de mano o en un fant\u00e1stico men\u00fa de la mejor comida para escoger entre m\u00fasica y orquesta, m\u00fasica y sus otras hermanas de las artes, m\u00fasica e historia.\u201d<\/span><span data-ccp-props=\"{&quot;335559731&quot;:708}\">\u00a0<\/span><\/p>\n<p><span data-contrast=\"auto\">En tanto, Arisbe Mart\u00ednez dijo que permite al lector trazar diferentes rutas de lectura que de una u otra forma terminan complement\u00e1ndose. En esta ocasi\u00f3n participaron <\/span><span data-contrast=\"auto\">34 autores, entre <\/span><span data-contrast=\"auto\">escritores, m\u00fasicos, compositores, music\u00f3logos e investigadores <\/span><span data-contrast=\"auto\">de<\/span><span data-contrast=\"auto\"> diferentes \u00e1reas.<\/span><span data-ccp-props=\"{&quot;335559731&quot;:708}\">\u00a0<\/span><\/p>\n<p><span data-contrast=\"auto\">\u201cLa rev<\/span><span data-contrast=\"auto\">ista es una red de experiencias<\/span><span data-contrast=\"auto\"> donde convergen \u00e9pocas, personajes, obras, int\u00e9rpretes y lugares. <\/span><span data-contrast=\"auto\">Al leer a todos los autores me viene a la cabeza la idea de crear un espacio de divulgaci\u00f3n musical, que se una a toda la vida musical <\/span><span data-contrast=\"auto\">xalape\u00f1a<\/span><span data-contrast=\"auto\">;<\/span> <span data-contrast=\"auto\">es parte de nuestro deber <\/span><span data-contrast=\"auto\">la divulgaci\u00f3n de la importancia y pertinencia de la m\u00fasica en nuestra sociedad.\u201d<\/span><span data-ccp-props=\"{&quot;335559731&quot;:708}\">\u00a0<\/span><\/p>\n<p><span data-contrast=\"auto\">Al tomar la palabra Arturo Cuevas, autor<\/span><span data-contrast=\"auto\"> d<\/span><span data-contrast=\"auto\">e <\/span><span data-contrast=\"auto\">uno de los <\/span><span data-contrast=\"auto\">art\u00edculos de <\/span><span data-contrast=\"auto\">la revista, dijo que es <\/span><span data-contrast=\"auto\">necesario que la OSX cuente<\/span><span data-contrast=\"auto\"> con un archivo hist\u00f3rico propio, ya que no existen testimonios o informaci\u00f3n que pueda consultarse f\u00e1cilmente.<\/span><span data-ccp-props=\"{&quot;335559731&quot;:708}\">\u00a0<\/span><\/p>\n<p><span data-contrast=\"auto\">\u201cCon varios amigos he comentado que<\/span><span data-contrast=\"auto\"> algo valioso de esta revista y libros qu<\/span><span data-contrast=\"auto\">e abordan el aniversario de la o<\/span><span data-contrast=\"auto\">rquesta, es que realmente no existen muchos testimonios que sean f\u00e1ciles de consultar sobre la historia de la OSX, as\u00ed que har\u00eda falta contar con un archivo propio.\u201d<\/span><span data-ccp-props=\"{&quot;335559731&quot;:708}\">\u00a0<\/span><\/p>\n<p><span data-contrast=\"auto\">Por \u00faltimo, Emil <\/span><span data-contrast=\"auto\">Awad<\/span><span data-contrast=\"auto\"> dijo que <\/span><span data-contrast=\"auto\">esta<\/span><span data-contrast=\"auto\"> revista provoca la reflexi\u00f3n sobre la importancia de contar con una orquesta sinf\u00f3nica y <\/span><span data-contrast=\"auto\">de formar a una nueva generaci\u00f3n de p\u00fablico que apoye en cada concierto a la OSX.<\/span><span data-ccp-props=\"{&quot;335559731&quot;:708}\">\u00a0<\/span><\/p>\n<p><span data-contrast=\"auto\">\u201cEs importante que como m\u00fasicos tomemos esa responsabilidad de formar p\u00fa<\/span><span data-contrast=\"auto\">blicos a los que no se les hable<\/span><span data-contrast=\"auto\"> de historia y se les oblig<\/span><span data-contrast=\"auto\">ue<\/span><span data-contrast=\"auto\"> a <\/span><span data-contrast=\"auto\">valorar, sino que aprecien el valor porque lo escuchan y lo sienten<\/span> <span data-contrast=\"auto\">pues <\/span><span data-contrast=\"auto\">verdaderamente quieren disfrutar un concierto y para ello se necesita de una formaci\u00f3n de apreciaci\u00f3n musical b<\/span><span data-contrast=\"auto\">asada en lo que tiene la m\u00fasica.<\/span> <span data-contrast=\"auto\">E<\/span><span data-contrast=\"auto\">sta labor nos toca a todos como m\u00fasicos, si queremos que Xalapa cuente con un p\u00fablico que siga asistiendo a la Sala Tlaqn\u00e1 y seguir festejando m\u00e1s aniversarios de la OSX.\u201d<\/span><\/p>\n<div id=\"attachment_80833\" style=\"width: 732px\" class=\"wp-caption aligncenter\"><a href=\"https:\/\/www.uv.mx\/prensa\/files\/2020\/02\/200220-PAOLA-Palabra-y-Hombre-2-100k.jpg\"><img loading=\"lazy\" decoding=\"async\" aria-describedby=\"caption-attachment-80833\" class=\"size-full wp-image-80833\" src=\"https:\/\/www.uv.mx\/prensa\/files\/2020\/02\/200220-PAOLA-Palabra-y-Hombre-2-100k.jpg\" alt=\"Por primera ocasi\u00f3n se present\u00f3 un n\u00famero de La Palabra y el Hombre en la Facultad de M\u00fasica \" width=\"722\" height=\"481\" srcset=\"https:\/\/www.uv.mx\/prensa\/files\/2020\/02\/200220-PAOLA-Palabra-y-Hombre-2-100k.jpg 722w, https:\/\/www.uv.mx\/prensa\/files\/2020\/02\/200220-PAOLA-Palabra-y-Hombre-2-100k-300x200.jpg 300w\" sizes=\"auto, (max-width: 722px) 100vw, 722px\" \/><\/a><p id=\"caption-attachment-80833\" class=\"wp-caption-text\">Por primera ocasi\u00f3n se present\u00f3 un n\u00famero de <em>La Palabra y el Hombre<\/em> en la Facultad de M\u00fasica<\/p><\/div>\n","protected":false},"excerpt":{"rendered":"<p>\u201cNi as\u00ed alcanza la palabra para describir al hombre, a los hombres y a las mujeres de esta orquesta nonagenaria\u201d: Isabel Ladr\u00f3n de Guevara <\/p>\n","protected":false},"author":1775,"featured_media":80832,"comment_status":"closed","ping_status":"closed","sticky":false,"template":"","format":"standard","meta":{"footnotes":""},"categories":[11],"tags":[],"class_list":["post-80830","post","type-post","status-publish","format-standard","has-post-thumbnail","hentry","category-cultura"],"_links":{"self":[{"href":"https:\/\/www.uv.mx\/prensa\/wp-json\/wp\/v2\/posts\/80830","targetHints":{"allow":["GET"]}}],"collection":[{"href":"https:\/\/www.uv.mx\/prensa\/wp-json\/wp\/v2\/posts"}],"about":[{"href":"https:\/\/www.uv.mx\/prensa\/wp-json\/wp\/v2\/types\/post"}],"author":[{"embeddable":true,"href":"https:\/\/www.uv.mx\/prensa\/wp-json\/wp\/v2\/users\/1775"}],"replies":[{"embeddable":true,"href":"https:\/\/www.uv.mx\/prensa\/wp-json\/wp\/v2\/comments?post=80830"}],"version-history":[{"count":0,"href":"https:\/\/www.uv.mx\/prensa\/wp-json\/wp\/v2\/posts\/80830\/revisions"}],"wp:featuredmedia":[{"embeddable":true,"href":"https:\/\/www.uv.mx\/prensa\/wp-json\/wp\/v2\/media\/80832"}],"wp:attachment":[{"href":"https:\/\/www.uv.mx\/prensa\/wp-json\/wp\/v2\/media?parent=80830"}],"wp:term":[{"taxonomy":"category","embeddable":true,"href":"https:\/\/www.uv.mx\/prensa\/wp-json\/wp\/v2\/categories?post=80830"},{"taxonomy":"post_tag","embeddable":true,"href":"https:\/\/www.uv.mx\/prensa\/wp-json\/wp\/v2\/tags?post=80830"}],"curies":[{"name":"wp","href":"https:\/\/api.w.org\/{rel}","templated":true}]}}