{"id":80800,"date":"2020-02-21T08:13:06","date_gmt":"2020-02-21T14:13:06","guid":{"rendered":"https:\/\/www.uv.mx\/prensa\/?p=80800"},"modified":"2020-02-21T10:32:48","modified_gmt":"2020-02-21T16:32:48","slug":"uv-analiza-area-de-oportunidad-para-posgrados-en-coatzacoalcos-minatitlan","status":"publish","type":"post","link":"https:\/\/www.uv.mx\/prensa\/regiones\/coatzacoalcos\/uv-analiza-area-de-oportunidad-para-posgrados-en-coatzacoalcos-minatitlan\/","title":{"rendered":"UV analiza \u00e1rea de oportunidad para posgrados en Coatzacoalcos-Minatitl\u00e1n"},"content":{"rendered":"<div id=\"attachment_80805\" style=\"width: 732px\" class=\"wp-caption aligncenter\"><a href=\"https:\/\/www.uv.mx\/prensa\/files\/2020\/02\/190220-Coatza-Posgrado1.jpg\"><img loading=\"lazy\" decoding=\"async\" aria-describedby=\"caption-attachment-80805\" class=\"size-full wp-image-80805\" src=\"https:\/\/www.uv.mx\/prensa\/files\/2020\/02\/190220-Coatza-Posgrado1.jpg\" alt=\"\" width=\"722\" height=\"481\" srcset=\"https:\/\/www.uv.mx\/prensa\/files\/2020\/02\/190220-Coatza-Posgrado1.jpg 722w, https:\/\/www.uv.mx\/prensa\/files\/2020\/02\/190220-Coatza-Posgrado1-300x200.jpg 300w\" sizes=\"auto, (max-width: 722px) 100vw, 722px\" \/><\/a><p id=\"caption-attachment-80805\" class=\"wp-caption-text\">El vicerrector Carlos Lamothe Zavaleta entreg\u00f3 un reconocimiento a Hugo P\u00e9rez Pastenes<\/p><\/div>\n<p><b><i><span data-contrast=\"auto\">Cecilia Escribano Reyes<\/span><\/i><\/b><span data-ccp-props=\"{&quot;201341983&quot;:0,&quot;335559739&quot;:160,&quot;335559740&quot;:240}\"><br \/>\n<\/span><\/p>\n<p><b><i><span data-contrast=\"auto\">21\/02\/2020, Coatzacoalcos, Ver.-<\/span><\/i><\/b><span data-contrast=\"auto\"> La <a href=\"https:\/\/www.uv.mx\/coatza\/\" target=\"_blank\" rel=\"noopener noreferrer\">regi\u00f3n Coatzacoalcos-Minatitl\u00e1n<\/a> de la Universidad Veracruzana (UV) realiz\u00f3 una reuni\u00f3n de posgrados para an<\/span><span data-contrast=\"auto\">alizar las \u00e1reas de oportunidad<\/span><span data-contrast=\"auto\"> en la materia<\/span><span data-contrast=\"auto\">, <\/span><span data-contrast=\"auto\">el <\/span><span data-contrast=\"auto\">martes <\/span><span data-contrast=\"auto\">18 de febrero<\/span> <span data-contrast=\"auto\">en la Sala de Usos M\u00faltiples de <\/span><span data-contrast=\"auto\">la Facultad de <\/span><span data-contrast=\"auto\">Ingenier\u00eda<\/span><span data-contrast=\"auto\"> del <\/span><i><span data-contrast=\"auto\">campus<\/span><\/i><span data-contrast=\"auto\"> Coatzacoalcos<\/span><span data-contrast=\"auto\">.<\/span><span data-ccp-props=\"{&quot;201341983&quot;:0,&quot;335559739&quot;:160,&quot;335559740&quot;:240}\">\u00a0<\/span><\/p>\n<p><span data-contrast=\"auto\">A la reuni\u00f3n asistieron<\/span><span data-contrast=\"auto\">: Carlos <\/span><span data-contrast=\"auto\">Lamothe<\/span><span data-contrast=\"auto\"> Zavaleta, v<\/span><span data-contrast=\"auto\">icerrector; F<\/span><span data-contrast=\"auto\">lorentino Cruz Mart\u00ednez, s<\/span><span data-contrast=\"auto\">ecretario Acad\u00e9mico r<\/span><span data-contrast=\"auto\">egio<\/span><span data-contrast=\"auto\">nal; Mar\u00eda In\u00e9s Quevedo L\u00f3pez, s<\/span><span data-contrast=\"auto\">ecretaria <\/span><span data-contrast=\"auto\">r<\/span><span data-contrast=\"auto\">egional de Administraci\u00f3n y Finanzas; Ligia Quintana Torres<\/span><span data-contrast=\"auto\">,<\/span> <span data-contrast=\"auto\">coordinadora de e<\/span><span data-contrast=\"auto\">specializacio<\/span><span data-contrast=\"auto\">nes, maestr\u00edas y d<\/span><span data-contrast=\"auto\">octorados de <\/span><span data-contrast=\"auto\">la Direcci\u00f3n General de Estudios de Posgrados; <\/span><span data-contrast=\"auto\">Leticia <\/span><span data-contrast=\"auto\">Cortaza<\/span><span data-contrast=\"auto\"> Ram\u00edrez, c<\/span><span data-contrast=\"auto\">oord<\/span><span data-contrast=\"auto\">inadora r<\/span><span data-contrast=\"auto\">egional de Posgrados, a<\/span><span data-contrast=\"auto\">s\u00ed como directivos y coordinadores de los distintos posgrados.<\/span><span data-ccp-props=\"{&quot;201341983&quot;:0,&quot;335559731&quot;:708,&quot;335559739&quot;:160,&quot;335559740&quot;:240}\">\u00a0<\/span><\/p>\n<p><span data-contrast=\"auto\">\u201c<\/span><span data-contrast=\"auto\">E<\/span><span data-contrast=\"auto\">l objetivo <\/span><span data-contrast=\"auto\">fue <\/span><span data-contrast=\"auto\">escuchar las propuestas de los posgrados que se pretenden ofertar en la regi\u00f3n, <\/span><span data-contrast=\"auto\">a fin de<\/span><span data-contrast=\"auto\"> tener un panorama de lo que ya se est\u00e1 haciendo y analizar la factibilidad <\/span><span data-contrast=\"auto\">de <\/span><span data-contrast=\"auto\">incorporar<\/span><span data-contrast=\"auto\"> nuevos programas<\/span><span data-contrast=\"auto\"> para aten<\/span><span data-contrast=\"auto\">der las necesidades del lugar<\/span><span data-contrast=\"auto\">\u201d,<\/span> <span data-contrast=\"auto\">se\u00f1al\u00f3 <\/span><span data-contrast=\"auto\">Ligia Quintana Torres<\/span><span data-contrast=\"auto\">.<\/span><span data-ccp-props=\"{&quot;201341983&quot;:0,&quot;335559731&quot;:708,&quot;335559739&quot;:160,&quot;335559740&quot;:240}\">\u00a0<\/span><\/p>\n<p><span data-contrast=\"auto\">Explic\u00f3 que la idea es fortalecer los n\u00facleos acad\u00e9micos<\/span><span data-contrast=\"auto\">,<\/span> <span data-contrast=\"auto\">a fin de que<\/span><span data-contrast=\"auto\"> se incorporen m\u00e1s<\/span><span data-contrast=\"auto\"> profesores que pertenezcan a<\/span><span data-contrast=\"auto\">l Sistema Nacional de Investigadores (SNI)<\/span><span data-contrast=\"auto\">.<\/span><span data-ccp-props=\"{&quot;201341983&quot;:0,&quot;335559731&quot;:708,&quot;335559739&quot;:160,&quot;335559740&quot;:240}\">\u00a0<\/span><\/p>\n<div id=\"attachment_80806\" style=\"width: 732px\" class=\"wp-caption aligncenter\"><a href=\"https:\/\/www.uv.mx\/prensa\/files\/2020\/02\/190220-Coatza-Posgrado2.jpg\"><img loading=\"lazy\" decoding=\"async\" aria-describedby=\"caption-attachment-80806\" class=\"size-full wp-image-80806\" src=\"https:\/\/www.uv.mx\/prensa\/files\/2020\/02\/190220-Coatza-Posgrado2.jpg\" alt=\"\" width=\"722\" height=\"481\" srcset=\"https:\/\/www.uv.mx\/prensa\/files\/2020\/02\/190220-Coatza-Posgrado2.jpg 722w, https:\/\/www.uv.mx\/prensa\/files\/2020\/02\/190220-Coatza-Posgrado2-300x200.jpg 300w\" sizes=\"auto, (max-width: 722px) 100vw, 722px\" \/><\/a><p id=\"caption-attachment-80806\" class=\"wp-caption-text\">Norma Flores Camacho tambi\u00e9n recibi\u00f3 un reconocimiento<\/p><\/div>\n<p><span data-contrast=\"auto\">En la reuni\u00f3n<\/span><span data-contrast=\"auto\"> se<\/span><span data-contrast=\"auto\"> presentaron los programas de: <\/span><span data-contrast=\"auto\">M<\/span><span data-contrast=\"auto\">aestr\u00eda en Ingenier\u00eda de Procesos<\/span><span data-contrast=\"auto\">,<\/span><span data-contrast=\"auto\"> a<\/span><span data-contrast=\"auto\"> cargo de Hugo P\u00e9rez <\/span><span data-contrast=\"auto\">Pastenes<\/span><span data-contrast=\"auto\">; D<\/span><span data-contrast=\"auto\">octorado en Ingenier\u00eda Qu\u00edmica<\/span><span data-contrast=\"auto\">,<\/span><span data-contrast=\"auto\"> por <\/span><span data-contrast=\"auto\">Benoit<\/span><span data-contrast=\"auto\"> Auguste Roger <\/span><span data-contrast=\"auto\">Fouconnier<\/span><span data-contrast=\"auto\">;<\/span> <span data-contrast=\"auto\">Maestr\u00eda en Desarrollo Agropecuario<\/span><span data-contrast=\"auto\">,<\/span><span data-contrast=\"auto\"> por <\/span><span data-contrast=\"auto\">Dinora V\u00e1zquez Luna<\/span><span data-contrast=\"auto\">; <\/span><span data-contrast=\"auto\">E<\/span><span data-contrast=\"auto\">specializaci\u00f3n en Endodoncia<\/span><span data-contrast=\"auto\">,<\/span> <span data-contrast=\"auto\">por<\/span><span data-contrast=\"auto\"> Norma Flores Camacho<\/span><span data-contrast=\"auto\">; <\/span><span data-contrast=\"auto\">E<\/span><span data-contrast=\"auto\">specializaci\u00f3n <\/span><span data-contrast=\"auto\">en<\/span> <span data-contrast=\"auto\">Odontopediatr\u00eda<\/span><span data-contrast=\"auto\">, <\/span><span data-contrast=\"auto\">por Gustavo Rosas Ortiz; <\/span><span data-contrast=\"auto\">Maestr\u00eda en Enfermer\u00eda<\/span><span data-contrast=\"auto\">,<\/span> <span data-contrast=\"auto\">por Martha P\u00e9rez Fonseca; <\/span><span data-contrast=\"auto\">Maestr\u00eda en Trabajo Social<\/span><span data-contrast=\"auto\">,<\/span><span data-contrast=\"auto\"> por <\/span><span data-contrast=\"auto\">Noem\u00ed Macedonio Toledo<\/span><span data-contrast=\"auto\">.<\/span> <span data-contrast=\"auto\">L<\/span><span data-contrast=\"auto\">os pos<\/span><span data-contrast=\"auto\">grados de la Facultad de Contadur\u00eda y Administraci\u00f3n fueron <\/span><span data-contrast=\"auto\">expuestos <\/span><span data-contrast=\"auto\">por Mar\u00eda<\/span><span data-contrast=\"auto\"> Teresa de la Luz Sainz Barajas.<\/span><span data-ccp-props=\"{&quot;201341983&quot;:0,&quot;335559731&quot;:708,&quot;335559739&quot;:160,&quot;335559740&quot;:240}\">\u00a0<\/span><\/p>\n<p><span data-contrast=\"auto\">Por su parte, <\/span><span data-contrast=\"auto\">Jos\u00e9 Antonio Vergara Camacho<\/span><span data-contrast=\"auto\"> y <\/span><span data-contrast=\"auto\">Dar\u00edo Colorado Garrido<\/span><span data-contrast=\"auto\"> presentaron<\/span><span data-contrast=\"auto\"> la<\/span><span data-contrast=\"auto\">s<\/span><span data-contrast=\"auto\"> propuesta<\/span><span data-contrast=\"auto\">s<\/span><span data-contrast=\"auto\"> de un posgrado de nueva creaci\u00f3n <\/span><span data-contrast=\"auto\">en la Facultad de Contadur\u00eda y <\/span><span data-contrast=\"auto\">en <\/span><span data-contrast=\"auto\">el Centro de Investigaci\u00f3n en Recursos Ene<\/span><span data-contrast=\"auto\">rg\u00e9ticos y Sustentables (CIRES), respectivamente.<\/span><span data-ccp-props=\"{&quot;201341983&quot;:0,&quot;335559731&quot;:708,&quot;335559739&quot;:160,&quot;335559740&quot;:240}\">\u00a0<\/span><\/p>\n<p><span data-contrast=\"auto\">En el evento, el V<\/span><span data-contrast=\"auto\">icerrector <\/span><span data-contrast=\"auto\">entreg\u00f3 <\/span><span data-contrast=\"auto\">los nombramient<\/span><span data-contrast=\"auto\">os a Hugo P\u00e9rez <\/span><span data-contrast=\"auto\">Pastenes<\/span><span data-contrast=\"auto\">, como c<\/span><span data-contrast=\"auto\">oordinador de la Maestr\u00eda en Ingenier\u00eda de Procesos<\/span><span data-contrast=\"auto\">,<\/span><span data-contrast=\"auto\"> y a Norma Flores Camacho,<\/span><span data-contrast=\"auto\"> como c<\/span><span data-contrast=\"auto\">oordinadora de la Especializaci\u00f3n en Endodoncia.<\/span><span data-ccp-props=\"{&quot;201341983&quot;:0,&quot;335559731&quot;:708,&quot;335559739&quot;:160,&quot;335559740&quot;:240}\">\u00a0<\/span><\/p>\n","protected":false},"excerpt":{"rendered":"<p>La idea es fortalecer los n\u00facleos acad\u00e9micos, a fin de que se incorporen m\u00e1s profesores que pertenezcan al Sistema Nacional de Investigadores <\/p>\n","protected":false},"author":1508,"featured_media":80805,"comment_status":"closed","ping_status":"closed","sticky":false,"template":"","format":"standard","meta":{"footnotes":""},"categories":[52],"tags":[],"class_list":["post-80800","post","type-post","status-publish","format-standard","has-post-thumbnail","hentry","category-coatzacoalcos"],"_links":{"self":[{"href":"https:\/\/www.uv.mx\/prensa\/wp-json\/wp\/v2\/posts\/80800","targetHints":{"allow":["GET"]}}],"collection":[{"href":"https:\/\/www.uv.mx\/prensa\/wp-json\/wp\/v2\/posts"}],"about":[{"href":"https:\/\/www.uv.mx\/prensa\/wp-json\/wp\/v2\/types\/post"}],"author":[{"embeddable":true,"href":"https:\/\/www.uv.mx\/prensa\/wp-json\/wp\/v2\/users\/1508"}],"replies":[{"embeddable":true,"href":"https:\/\/www.uv.mx\/prensa\/wp-json\/wp\/v2\/comments?post=80800"}],"version-history":[{"count":0,"href":"https:\/\/www.uv.mx\/prensa\/wp-json\/wp\/v2\/posts\/80800\/revisions"}],"wp:featuredmedia":[{"embeddable":true,"href":"https:\/\/www.uv.mx\/prensa\/wp-json\/wp\/v2\/media\/80805"}],"wp:attachment":[{"href":"https:\/\/www.uv.mx\/prensa\/wp-json\/wp\/v2\/media?parent=80800"}],"wp:term":[{"taxonomy":"category","embeddable":true,"href":"https:\/\/www.uv.mx\/prensa\/wp-json\/wp\/v2\/categories?post=80800"},{"taxonomy":"post_tag","embeddable":true,"href":"https:\/\/www.uv.mx\/prensa\/wp-json\/wp\/v2\/tags?post=80800"}],"curies":[{"name":"wp","href":"https:\/\/api.w.org\/{rel}","templated":true}]}}