{"id":80774,"date":"2020-02-21T08:00:14","date_gmt":"2020-02-21T14:00:14","guid":{"rendered":"https:\/\/www.uv.mx\/prensa\/?p=80774"},"modified":"2020-02-21T10:44:22","modified_gmt":"2020-02-21T16:44:22","slug":"indispensable-promover-el-voto-entre-los-jovenes-mario-miguel-ojeda","status":"publish","type":"post","link":"https:\/\/www.uv.mx\/prensa\/banner\/indispensable-promover-el-voto-entre-los-jovenes-mario-miguel-ojeda\/","title":{"rendered":"Indispensable promover el voto entre los j\u00f3venes: Mario Miguel Ojeda"},"content":{"rendered":"<ul>\n<li data-leveltext=\"\uf0b7\" data-font=\"Symbol\" data-listid=\"5\" data-aria-posinset=\"1\" data-aria-level=\"1\"><i><span data-contrast=\"auto\">Ciudadanos de la entidad entre los 20 y 29 a\u00f1os registraron los niveles m\u00e1s bajos de participaci\u00f3n<\/span><\/i> <i><span data-contrast=\"auto\">en las elecciones federales de 2018<\/span><\/i><span data-ccp-props=\"{}\">\u00a0<\/span><\/li>\n<\/ul>\n<div id=\"attachment_80775\" style=\"width: 732px\" class=\"wp-caption aligncenter\"><a href=\"https:\/\/www.uv.mx\/prensa\/files\/2020\/02\/180220-Estudio-sobre-la-participacion-ciudadana-2.jpg\"><img loading=\"lazy\" decoding=\"async\" aria-describedby=\"caption-attachment-80775\" class=\"size-full wp-image-80775\" src=\"https:\/\/www.uv.mx\/prensa\/files\/2020\/02\/180220-Estudio-sobre-la-participacion-ciudadana-2.jpg\" alt=\"\" width=\"722\" height=\"481\" srcset=\"https:\/\/www.uv.mx\/prensa\/files\/2020\/02\/180220-Estudio-sobre-la-participacion-ciudadana-2.jpg 722w, https:\/\/www.uv.mx\/prensa\/files\/2020\/02\/180220-Estudio-sobre-la-participacion-ciudadana-2-300x200.jpg 300w\" sizes=\"auto, (max-width: 722px) 100vw, 722px\" \/><\/a><p id=\"caption-attachment-80775\" class=\"wp-caption-text\">Mario Miguel Ojeda Ram\u00edrez<\/p><\/div>\n<p><b><i><span data-contrast=\"auto\">Carlos Hugo Hermida Rosales<\/span><\/i><\/b><span data-ccp-props=\"{}\">\u00a0<\/span><\/p>\n<p><b><i><span data-contrast=\"auto\">21\/02\/<\/span><\/i><\/b><b><i><span data-contrast=\"auto\">2020<\/span><\/i><\/b><b><i><span data-contrast=\"auto\">,<\/span><\/i><\/b> <b><i><span data-contrast=\"auto\">Xalapa, Ver.<\/span><\/i><\/b><b><i><span data-contrast=\"auto\">&#8211;<\/span><\/i><\/b> <span data-contrast=\"auto\">Mario Miguel Ojeda Ram\u00edrez, investigador de la <a href=\"https:\/\/www.uv.mx\/fei\/\" target=\"_blank\" rel=\"noopener noreferrer\">Facultad de Estad\u00edstica e Inform\u00e1tica<\/a> (FEI) de la Universidad Veracruzana (UV), <\/span><span data-contrast=\"auto\">dio a conocer<\/span><span data-contrast=\"auto\"> el comportamiento electoral de la ciudadan\u00eda veracruzana<\/span><span data-contrast=\"auto\"> en los \u00faltimos comicios<\/span><span data-contrast=\"auto\">, dentro de la conferencia \u201cEstudio <\/span><span data-contrast=\"auto\">muestral<\/span><span data-contrast=\"auto\"> sobre la participaci\u00f3n ciudadana en las elecciones federales 2018\u201d,<\/span> <span data-contrast=\"auto\">impartida el 18 de <\/span><span data-contrast=\"auto\">febrero <\/span><span data-contrast=\"auto\">en el auditorio de esta entidad acad\u00e9mica.<\/span><span data-contrast=\"auto\">\u00a0<\/span><span data-ccp-props=\"{}\">\u00a0<\/span><\/p>\n<p><span data-contrast=\"auto\">La conferencia <\/span><span data-contrast=\"auto\">fue parte<\/span><span data-contrast=\"auto\"> de <\/span><span data-contrast=\"auto\">la <\/span><span data-contrast=\"auto\">p<\/span><span data-contrast=\"auto\">resentaci\u00f3n de los resultados de estudios <\/span><span data-contrast=\"auto\">muestrales<\/span><span data-contrast=\"auto\"> sobre la \u201cParticipaci\u00f3n ciudadana y votos nulos\u201d en el<\/span> <span data-contrast=\"auto\">Proceso Electoral F<\/span><span data-contrast=\"auto\">ederal 2018, <\/span><span data-contrast=\"auto\">realizada <\/span><span data-contrast=\"auto\">por la UV y el Instituto Nacional Electoral (INE).<\/span><\/p>\n<p><span data-contrast=\"auto\">La <\/span><span data-contrast=\"auto\">inauguraci\u00f3n fue realizada por Josu\u00e9 Cervantes Mart\u00ednez, delegado del INE en el estado de <\/span><span data-contrast=\"auto\">Veracruz,<\/span> <span data-contrast=\"auto\">quien a<\/span><span data-contrast=\"auto\">gradeci\u00f3 la participaci\u00f3n de los que hicieron posible el evento.<\/span><span data-ccp-props=\"{&quot;335559731&quot;:708}\">\u00a0<\/span><\/p>\n<p><span data-contrast=\"auto\">Dentro de su intervenci\u00f3n<\/span><span data-contrast=\"auto\">,<\/span> <span data-contrast=\"auto\">Miguel Ojeda mencion\u00f3 que con un porcentaje de participaci\u00f3n ciudadana del 65.5 por ciento,<\/span> <span data-contrast=\"auto\">el estado de Veracruz rebas\u00f3 la media nacional de 63.4<\/span> <span data-contrast=\"auto\">en las elecciones federales de 2018.\u00a0<\/span><span data-ccp-props=\"{&quot;335559731&quot;:708}\">\u00a0<\/span><\/p>\n<p><span data-contrast=\"auto\">Detall\u00f3 que <\/span><span data-contrast=\"auto\">e<\/span><span data-contrast=\"auto\">xisti\u00f3 un mayor inter\u00e9s por parte del sector femenino, que represent\u00f3 el 52.7 por ciento de los votantes, por tan s<\/span><span data-contrast=\"auto\">\u00f3<\/span><span data-contrast=\"auto\">lo 47.3 de los hombres. <\/span><span data-ccp-props=\"{&quot;335559731&quot;:708}\">\u00a0<\/span><\/p>\n<p><span data-contrast=\"auto\">La poblaci\u00f3n entre los 20 y los 29 a\u00f1os fue la que ejerci\u00f3 su derecho a votar en menor medida; de las mujeres entre 20 y 24 a\u00f1os s<\/span><span data-contrast=\"auto\">\u00f3<\/span><span data-contrast=\"auto\">lo particip\u00f3 el 56.4 por ciento, mientras de l<\/span><span data-contrast=\"auto\">as que tienen de 25 a 29 s\u00f3<\/span><span data-contrast=\"auto\">lo lo hizo el 58.6 por ciento.<\/span><span data-ccp-props=\"{&quot;335559731&quot;:708}\"> D<\/span><span data-contrast=\"auto\">e <\/span><span data-contrast=\"auto\">los hombres que se encuentran en los mismos rangos<\/span><span data-contrast=\"auto\"> de edad<\/span> <span data-contrast=\"auto\">s\u00f3<\/span><span data-contrast=\"auto\">lo participaron el 46.4 y el 45.9 por ciento<\/span><span data-contrast=\"auto\">,<\/span> <span data-contrast=\"auto\">respectivamente.<\/span><\/p>\n<p><span data-contrast=\"auto\">S<\/span><span data-contrast=\"auto\">\u00f3<\/span><span data-contrast=\"auto\">lo las personas mayores de 85 a\u00f1os, de ambos sexos, presentaron un nivel de abstenci\u00f3n mayor. <\/span><span data-ccp-props=\"{&quot;335559731&quot;:708}\">\u00a0<\/span><\/p>\n<p><span data-contrast=\"auto\">\u201cEstos datos nos indican que <\/span><span data-contrast=\"auto\">es <\/span><span data-contrast=\"auto\">importante implementar medidas que fomenten la participaci\u00f3n en las votaciones entre los j\u00f3venes\u201d, enfatiz\u00f3.\u00a0<\/span><span data-ccp-props=\"{&quot;335559731&quot;:708}\">\u00a0<\/span><\/p>\n<p><span data-contrast=\"auto\">En cuanto a los distritos electorales federales de Veracruz, por su participaci\u00f3n ciudadana destac\u00f3 el de <\/span><span data-contrast=\"auto\">Tantoy<\/span><span data-contrast=\"auto\">u<\/span><span data-contrast=\"auto\">ca<\/span><span data-contrast=\"auto\">, que registr\u00f3 una votaci\u00f3n ma<\/span><span data-contrast=\"auto\">yor al 70 por ciento del padr\u00f3n.<\/span><span data-ccp-props=\"{&quot;335559731&quot;:708}\">\u00a0<\/span><\/p>\n<p><span data-contrast=\"auto\">Miguel Ojeda anim\u00f3 a los estudiantes de <\/span><span data-contrast=\"auto\">la FEI<\/span><span data-contrast=\"auto\"> a <\/span><span data-contrast=\"auto\">utilizar<\/span><span data-contrast=\"auto\"> los datos con los que cuenta el INE<\/span><span data-contrast=\"auto\"> para desarrollar dise\u00f1os que detallen de una mejor manera el comportamiento electoral de la poblaci\u00f3n veracruzana.<\/span><span data-ccp-props=\"{&quot;335559731&quot;:708}\">\u00a0<\/span><\/p>\n<div id=\"attachment_80776\" style=\"width: 732px\" class=\"wp-caption aligncenter\"><a href=\"https:\/\/www.uv.mx\/prensa\/files\/2020\/02\/180220-Estudio-sobre-la-participacion-ciudadana-1.jpg\"><img loading=\"lazy\" decoding=\"async\" aria-describedby=\"caption-attachment-80776\" class=\"size-full wp-image-80776\" src=\"https:\/\/www.uv.mx\/prensa\/files\/2020\/02\/180220-Estudio-sobre-la-participacion-ciudadana-1.jpg\" alt=\"\" width=\"722\" height=\"481\" srcset=\"https:\/\/www.uv.mx\/prensa\/files\/2020\/02\/180220-Estudio-sobre-la-participacion-ciudadana-1.jpg 722w, https:\/\/www.uv.mx\/prensa\/files\/2020\/02\/180220-Estudio-sobre-la-participacion-ciudadana-1-300x200.jpg 300w\" sizes=\"auto, (max-width: 722px) 100vw, 722px\" \/><\/a><p id=\"caption-attachment-80776\" class=\"wp-caption-text\">Josu\u00e9 Cervantes Mart\u00ednez<\/p><\/div>\n","protected":false},"excerpt":{"rendered":"<p>Durante el \u00faltimo proceso electoral en Veracruz, la poblaci\u00f3n de 20 a 29 a\u00f1os fue la que menos vot\u00f3; de las mujeres de 20 a 24 a\u00f1os s\u00f3lo particip\u00f3 el 56.4 por ciento y de las que tienen de 25 a 29 a\u00f1os, el 58.6 por ciento<\/p>\n","protected":false},"author":1508,"featured_media":80777,"comment_status":"closed","ping_status":"closed","sticky":false,"template":"","format":"standard","meta":{"footnotes":""},"categories":[61],"tags":[],"class_list":["post-80774","post","type-post","status-publish","format-standard","has-post-thumbnail","hentry","category-banner"],"_links":{"self":[{"href":"https:\/\/www.uv.mx\/prensa\/wp-json\/wp\/v2\/posts\/80774","targetHints":{"allow":["GET"]}}],"collection":[{"href":"https:\/\/www.uv.mx\/prensa\/wp-json\/wp\/v2\/posts"}],"about":[{"href":"https:\/\/www.uv.mx\/prensa\/wp-json\/wp\/v2\/types\/post"}],"author":[{"embeddable":true,"href":"https:\/\/www.uv.mx\/prensa\/wp-json\/wp\/v2\/users\/1508"}],"replies":[{"embeddable":true,"href":"https:\/\/www.uv.mx\/prensa\/wp-json\/wp\/v2\/comments?post=80774"}],"version-history":[{"count":0,"href":"https:\/\/www.uv.mx\/prensa\/wp-json\/wp\/v2\/posts\/80774\/revisions"}],"wp:featuredmedia":[{"embeddable":true,"href":"https:\/\/www.uv.mx\/prensa\/wp-json\/wp\/v2\/media\/80777"}],"wp:attachment":[{"href":"https:\/\/www.uv.mx\/prensa\/wp-json\/wp\/v2\/media?parent=80774"}],"wp:term":[{"taxonomy":"category","embeddable":true,"href":"https:\/\/www.uv.mx\/prensa\/wp-json\/wp\/v2\/categories?post=80774"},{"taxonomy":"post_tag","embeddable":true,"href":"https:\/\/www.uv.mx\/prensa\/wp-json\/wp\/v2\/tags?post=80774"}],"curies":[{"name":"wp","href":"https:\/\/api.w.org\/{rel}","templated":true}]}}