{"id":80748,"date":"2020-02-20T08:00:27","date_gmt":"2020-02-20T14:00:27","guid":{"rendered":"https:\/\/www.uv.mx\/prensa\/?p=80748"},"modified":"2020-02-21T11:42:12","modified_gmt":"2020-02-21T17:42:12","slug":"estudiantes-y-academia-distinguen-a-la-facultad-de-musica-julieta-gonzalez","status":"publish","type":"post","link":"https:\/\/www.uv.mx\/prensa\/general\/estudiantes-y-academia-distinguen-a-la-facultad-de-musica-julieta-gonzalez\/","title":{"rendered":"Estudiantes y academia distinguen a la Facultad de M\u00fasica: Julieta Gonz\u00e1lez"},"content":{"rendered":"<ul>\n<li data-leveltext=\"\uf0b7\" data-font=\"Symbol\" data-listid=\"1\" data-aria-posinset=\"1\" data-aria-level=\"1\"><i><span data-contrast=\"auto\">\u201c<\/span><\/i><i><span data-contrast=\"auto\">Un reto y un honor, haber sido directora de esta entidad<\/span><\/i><i><span data-contrast=\"auto\">\u201d<\/span><\/i><i><span data-contrast=\"auto\">, expres\u00f3 <\/span><\/i><i><span data-contrast=\"auto\">Julieta Varanasi <\/span><\/i><i><span data-contrast=\"auto\">Gonz\u00e1lez<\/span><\/i><span data-ccp-props=\"{&quot;134233279&quot;:true,&quot;201341983&quot;:0,&quot;335559739&quot;:160,&quot;335559740&quot;:240}\">\u00a0<\/span><\/li>\n<\/ul>\n<div id=\"attachment_80749\" style=\"width: 732px\" class=\"wp-caption aligncenter\"><a href=\"https:\/\/www.uv.mx\/prensa\/files\/2020\/02\/180220-Julieta-Gonzalez.jpg\"><img loading=\"lazy\" decoding=\"async\" aria-describedby=\"caption-attachment-80749\" class=\"size-full wp-image-80749\" src=\"https:\/\/www.uv.mx\/prensa\/files\/2020\/02\/180220-Julieta-Gonzalez.jpg\" alt=\"\" width=\"722\" height=\"482\" srcset=\"https:\/\/www.uv.mx\/prensa\/files\/2020\/02\/180220-Julieta-Gonzalez.jpg 722w, https:\/\/www.uv.mx\/prensa\/files\/2020\/02\/180220-Julieta-Gonzalez-300x200.jpg 300w\" sizes=\"auto, (max-width: 722px) 100vw, 722px\" \/><\/a><p id=\"caption-attachment-80749\" class=\"wp-caption-text\">Julieta Varanasi Gonz\u00e1lez dirigi\u00f3 la Facultad d<span data-contrast=\"auto\">urante el periodo fe<\/span><span data-contrast=\"auto\">brero 2016-febrero 2020<\/span><\/p><\/div>\n<p><b><i><span data-contrast=\"auto\">Karina de la Paz Reyes D\u00edaz<\/span><\/i><\/b><span data-ccp-props=\"{&quot;134233279&quot;:true,&quot;201341983&quot;:0,&quot;335559739&quot;:160,&quot;335559740&quot;:240}\">\u00a0<\/span><\/p>\n<p><b><i><span data-contrast=\"auto\">20\/02\/2020, Xalapa, Ver.- <\/span><\/i><\/b><span data-contrast=\"auto\">Julieta Varanasi Gonz\u00e1lez Garc\u00eda, ex directora de la <a href=\"https:\/\/www.uv.mx\/musica\/\" target=\"_blank\" rel=\"noopener noreferrer\">Facultad de M\u00fasica<\/a> de la Universidad Veracruzana (UV) durante el periodo fe<\/span><span data-contrast=\"auto\">brero 2016-febrero 2020, se\u00f1al\u00f3<\/span><span data-contrast=\"auto\"> que <\/span><span data-contrast=\"auto\">los<\/span> <span data-contrast=\"auto\">estudiantes<\/span><span data-contrast=\"auto\"> y <\/span><span data-contrast=\"auto\">la<\/span><span data-contrast=\"auto\"> planta acad\u00e9mica <\/span><span data-contrast=\"auto\">distinguen a <\/span><span data-contrast=\"auto\">esta entidad a nivel nacional e intern<\/span><span data-contrast=\"auto\">acional.<\/span><span data-ccp-props=\"{&quot;134233279&quot;:true,&quot;201341983&quot;:0,&quot;335559739&quot;:160,&quot;335559740&quot;:240}\"><br \/>\n<\/span><\/p>\n<p><span data-contrast=\"auto\">Gonz\u00e1lez Garc\u00eda <\/span><span data-contrast=\"auto\">habl\u00f3 de sus<\/span><span data-contrast=\"auto\"> principales<\/span><span data-contrast=\"auto\"> logros en los<\/span><span data-contrast=\"auto\"> cuatro a\u00f1o<\/span><span data-contrast=\"auto\">s que estuvo al<\/span><span data-contrast=\"auto\"> frente de la Facultad de M\u00fasica, entidad con <\/span><span data-contrast=\"auto\">cerca <\/span><span data-contrast=\"auto\">de 76 a\u00f1os de existe<\/span><span data-contrast=\"auto\">ncia,<\/span> <span data-contrast=\"auto\">alrededor de 56<\/span><span data-contrast=\"auto\">0<\/span><span data-contrast=\"auto\"> estudiantes y 137 acad\u00e9micos<\/span><span data-contrast=\"auto\">,<\/span><span data-contrast=\"auto\"> cuya oferta consiste en ciclos previos, T\u00e9cnico en M\u00fasica, las licenciaturas en M\u00fasica y en Educaci\u00f3n Musical, as\u00ed como las maestr\u00edas en M\u00fasica y en Estudios Musicales.<\/span><span data-ccp-props=\"{&quot;134233279&quot;:true,&quot;201341983&quot;:0,&quot;335559739&quot;:160,&quot;335559740&quot;:240}\">\u00a0<\/span><\/p>\n<p><span data-contrast=\"auto\">D<\/span><span data-contrast=\"auto\">estac\u00f3 que en este periodo se obtuvieron tres acr<\/span><span data-contrast=\"auto\">editaciones para programas educativos: el nivel 1 para Educaci\u00f3n Musical por part<\/span><span data-contrast=\"auto\">e<\/span><span data-contrast=\"auto\"> de los <\/span><span data-contrast=\"auto\">Comit\u00e9s Interinstitucionales para la Evaluaci\u00f3n de la Educaci\u00f3n Superior<\/span><span data-contrast=\"auto\"> (CIEES), se extendi\u00f3 la permanencia de la Maestr\u00eda en M\u00fasica en el P<\/span><span data-contrast=\"auto\">rograma <\/span><span data-contrast=\"auto\">Nacional de Posgrados de Calidad del Consejo Nacional de Ciencia y Tecnolog\u00eda, por cinco a\u00f1os.<\/span><span data-ccp-props=\"{&quot;134233279&quot;:true,&quot;201341983&quot;:0,&quot;335559739&quot;:160,&quot;335559740&quot;:240}\">\u00a0<\/span><\/p>\n<p><span data-contrast=\"auto\">Adem\u00e1s,<\/span> <span data-contrast=\"auto\">recientemente e<\/span><span data-contrast=\"auto\">l Consejo para la Acreditaci\u00f3n de la Educaci\u00f3n Superior de las Artes (CAESA)<\/span><span data-contrast=\"auto\"> reconoci\u00f3 la calidad <\/span><span data-contrast=\"auto\">d<\/span><span data-contrast=\"auto\">el programa educativo <\/span><span data-contrast=\"auto\">de la <\/span><span data-contrast=\"auto\">Licenciatura en M\u00fasica.<\/span><span data-ccp-props=\"{&quot;134233279&quot;:true,&quot;201341983&quot;:0,&quot;335559739&quot;:160,&quot;335559740&quot;:240}\">\u00a0<\/span><\/p>\n<p><span data-contrast=\"auto\">Adem\u00e1s, la<\/span><span data-contrast=\"auto\"> Facultad pas\u00f3 de tener dos cuerpos acad\u00e9micos (uno consolidado y otro en <\/span><span data-contrast=\"auto\">consolidaci\u00f3n) a tres (dos consolidados y uno en formaci\u00f3n): <\/span><span data-contrast=\"auto\">Investigaci\u00f3n Musical<\/span><span data-contrast=\"auto\">, <\/span><span data-contrast=\"auto\">Interpretaci\u00f3n e investigaci\u00f3n de la M\u00fasica<\/span><span data-contrast=\"auto\">,<\/span><span data-contrast=\"auto\"> y <\/span><span data-contrast=\"auto\">Formaci\u00f3n e investigaci\u00f3n en Educaci\u00f3n Musical<\/span><span data-contrast=\"auto\">, respectivamente.<\/span><span data-ccp-props=\"{&quot;134233279&quot;:true,&quot;201341983&quot;:0,&quot;335559739&quot;:160,&quot;335559740&quot;:240}\">\u00a0<\/span><\/p>\n<p><span data-contrast=\"auto\">Tambi\u00e9n destac\u00f3 que se <\/span><span data-contrast=\"auto\">dieron <\/span><span data-contrast=\"auto\">a los estudiantes<\/span> <span data-contrast=\"auto\">todos los apoyos parciales que fueron posibles, <\/span><span data-contrast=\"auto\">a fin de<\/span><span data-contrast=\"auto\"> que realizaran estancias <\/span><span data-contrast=\"auto\">profesionalizantes<\/span> <span data-contrast=\"auto\">breves <\/span><span data-contrast=\"auto\">en el pa\u00eds y en el <\/span><span data-contrast=\"auto\">extranjero, <\/span><span data-contrast=\"auto\">y as\u00ed fortalecer su perfil profesional <\/span><span data-contrast=\"auto\">(concursos, talleres, seminarios, col<\/span><span data-contrast=\"auto\">oquios)<\/span><span data-contrast=\"auto\">.<\/span> <span data-contrast=\"auto\">S\u00f3lo por citar un par de ejemplos: <\/span><span data-contrast=\"auto\">el <\/span><span data-contrast=\"auto\">XXIV Seminario Latinoamericano de <\/span><span data-contrast=\"auto\">Educaci\u00f3n Musical realizado en Per\u00fa<\/span><span data-contrast=\"auto\"> y <\/span><span data-contrast=\"auto\">el <\/span><span data-contrast=\"auto\">Fest<\/span><span data-contrast=\"auto\">ival Internacional <\/span><span data-contrast=\"auto\">Coralifornia<\/span><span data-contrast=\"auto\"> en Baja California.<\/span><span data-ccp-props=\"{&quot;134233279&quot;:true,&quot;201341983&quot;:0,&quot;335559739&quot;:160,&quot;335559740&quot;:240}\">\u00a0<\/span><\/p>\n<p><span data-contrast=\"auto\">\u201c<\/span><span data-contrast=\"auto\">T<\/span><span data-contrast=\"auto\">ambi\u00e9n a<\/span><span data-contrast=\"auto\"> los alumnos que independientemente van a festivales de <\/span><span data-contrast=\"auto\">su<\/span><span data-contrast=\"auto\">s<\/span><span data-contrast=\"auto\"> instrumentos<\/span><span data-contrast=\"auto\"> o de m\u00fasica de c\u00e1mara u orquestales tanto en Irlanda, Espa\u00f1a, como en distintos estados de la Rep\u00fablica<\/span><span data-contrast=\"auto\">;<\/span><span data-contrast=\"auto\"> es decir, nuestros alumnos son una poblaci\u00f3n muy entusiasta y animosa que siempre est\u00e1 buscando espacios para expresarse.\u201d<\/span><span data-ccp-props=\"{&quot;134233279&quot;:true,&quot;201341983&quot;:0,&quot;335559739&quot;:160,&quot;335559740&quot;:240}\">\u00a0<\/span><\/p>\n<p><span data-contrast=\"auto\">Asimismo<\/span><span data-contrast=\"auto\">, gracias a los<\/span><span data-contrast=\"auto\"> convenios de colaboraci\u00f3n que tiene la UV, se realizaron <\/span><span data-contrast=\"auto\">temporadas de <\/span><span data-contrast=\"auto\">recitales de m\u00fasica de c\u00e1mara estudiantiles en el Centro Recreativo <\/span><span data-contrast=\"auto\">Xalape\u00f1o<\/span><span data-contrast=\"auto\">, \u00c1gora de la Ci<\/span><span data-contrast=\"auto\">udad y Jard\u00edn de las Esculturas.<\/span><span data-ccp-props=\"{&quot;134233279&quot;:true,&quot;201341983&quot;:0,&quot;335559739&quot;:160,&quot;335559740&quot;:240}\">\u00a0<\/span><\/p>\n<p><span data-contrast=\"auto\">E<\/span><span data-contrast=\"auto\">nfatiz\u00f3 que en estos cuatro a\u00f1os la planta acad\u00e9mica se fortaleci\u00f3, tan s\u00f3lo a la fecha hay m\u00e1s profesores con maestr\u00eda y doctorado, y una <\/span><span data-contrast=\"auto\">notoria<\/span><span data-contrast=\"auto\"> participaci\u00f3n en el <\/span><span data-contrast=\"auto\">Programa para el<\/span> <span data-contrast=\"auto\">Desarrollo Profesional Docente.<\/span><span data-ccp-props=\"{&quot;134233279&quot;:true,&quot;201341983&quot;:0,&quot;335559739&quot;:160,&quot;335559740&quot;:240}\">\u00a0<\/span><\/p>\n<p><span data-contrast=\"auto\">M\u00e1s all\u00e1 de las estad\u00edsticas, en lo que respecta a los asuntos colegiados, la plantilla acad\u00e9mica tamb<\/span><span data-contrast=\"auto\">i\u00e9n se ha <\/span><span data-contrast=\"auto\">consolidado<\/span><span data-contrast=\"auto\"> y de ello<\/span><span data-contrast=\"auto\"> habla el trabajo colaborativo que desarrolla<\/span><span data-contrast=\"auto\">n<\/span> <span data-contrast=\"auto\">tanto <\/span><span data-contrast=\"auto\">internamente como con pares de otras universidades.<\/span><span data-ccp-props=\"{&quot;134233279&quot;:true,&quot;201341983&quot;:0,&quot;335559739&quot;:160,&quot;335559740&quot;:240}\">\u00a0<\/span><\/p>\n<p><span data-contrast=\"auto\">Tambi\u00e9n cit\u00f3 acciones en cuanto a la sustentabilidad, seminarios virtuales<\/span><span data-contrast=\"auto\"> \u2013lo cual va de la mano con la <\/span><span data-contrast=\"auto\">internacionalizaci\u00f3n<\/span><span data-contrast=\"auto\"> de la Facultad\u2013<\/span><span data-contrast=\"auto\">, el incremento en el uso del <\/span><i><span data-contrast=\"auto\">streaming<\/span><\/i> <span data-contrast=\"auto\">para <\/span><span data-contrast=\"auto\">las actividades que desarrollan<\/span><span data-contrast=\"auto\"> en el a<\/span><span data-contrast=\"auto\">uditorio<\/span> <span data-contrast=\"auto\">\u2013<\/span><span data-contrast=\"auto\">pues<\/span> <span data-contrast=\"auto\">en esta <\/span><span data-contrast=\"auto\">administraci\u00f3n<\/span><span data-contrast=\"auto\"> se adquiri<\/span><span data-contrast=\"auto\">\u00f3 una nueva c\u00e1mara de video\u2013<\/span><span data-contrast=\"auto\">,<\/span><span data-contrast=\"auto\"> lo cual ha tenido una notoria acept<\/span><span data-contrast=\"auto\">aci\u00f3n por los internautas, entre otros temas.<\/span><span data-ccp-props=\"{&quot;134233279&quot;:true,&quot;201341983&quot;:0,&quot;335559739&quot;:160,&quot;335559740&quot;:240}\">\u00a0<\/span><\/p>\n<p><span data-contrast=\"auto\">\u201cFue un gran reto y ha sido un honor. <\/span><span data-contrast=\"auto\">Soy egr<\/span><span data-contrast=\"auto\">esada de esta Facultad,<\/span><span data-contrast=\"auto\"> con casi 76 a\u00f1os de existencia y con egresados que <\/span><span data-contrast=\"auto\">se<\/span><span data-contrast=\"auto\"> desempe\u00f1<\/span><span data-contrast=\"auto\">an <\/span><span data-contrast=\"auto\">en muchos espacios acad\u00e9micos, orquestas, universidades, grupos art\u00edsticos; realmente ha sido un honor para m\u00ed dirigir esta Facultad <\/span><span data-contrast=\"auto\">durante<\/span><span data-contrast=\"auto\"> cuatro a\u00f1os<\/span><span data-contrast=\"auto\">,<\/span><span data-contrast=\"auto\"> y lo que se ha tratado es justamente de brindar y abrir los espacios.\u201d<\/span><span data-ccp-props=\"{&quot;134233279&quot;:true,&quot;201341983&quot;:0,&quot;335559739&quot;:160,&quot;335559740&quot;:240}\">\u00a0<\/span><\/p>\n<p><span data-contrast=\"auto\">En ese sentido, <\/span><span data-contrast=\"auto\">la autora del libro <\/span><i><span data-contrast=\"auto\">La m\u00fasica en Xalapa entre 1824 y 1878<\/span><\/i><span data-contrast=\"auto\">, <\/span><span data-contrast=\"auto\">subray\u00f3 la diversidad de perfiles y repertorios que hay en la Facultad, pues si bien la m\u00fasica llamada acad\u00e9mica sigue siendo el eje principal, se ha brindado espacio a otro tipo de manifestaciones en atenci\u00f3n a la inquietud por par<\/span><span data-contrast=\"auto\">te de acad\u00e9micos y estudiantes.<\/span><span data-ccp-props=\"{&quot;134233279&quot;:true,&quot;201341983&quot;:0,&quot;335559739&quot;:160,&quot;335559740&quot;:240}\">\u00a0<\/span><\/p>\n","protected":false},"excerpt":{"rendered":"<p>La ex directora de esta entidad acad\u00e9mica destac\u00f3 la obtenci\u00f3n de acreditaciones de calidad para tres programas educativos durante su gesti\u00f3n<\/p>\n","protected":false},"author":1508,"featured_media":80749,"comment_status":"closed","ping_status":"closed","sticky":false,"template":"","format":"standard","meta":{"footnotes":""},"categories":[1],"tags":[],"class_list":["post-80748","post","type-post","status-publish","format-standard","has-post-thumbnail","hentry","category-general"],"_links":{"self":[{"href":"https:\/\/www.uv.mx\/prensa\/wp-json\/wp\/v2\/posts\/80748","targetHints":{"allow":["GET"]}}],"collection":[{"href":"https:\/\/www.uv.mx\/prensa\/wp-json\/wp\/v2\/posts"}],"about":[{"href":"https:\/\/www.uv.mx\/prensa\/wp-json\/wp\/v2\/types\/post"}],"author":[{"embeddable":true,"href":"https:\/\/www.uv.mx\/prensa\/wp-json\/wp\/v2\/users\/1508"}],"replies":[{"embeddable":true,"href":"https:\/\/www.uv.mx\/prensa\/wp-json\/wp\/v2\/comments?post=80748"}],"version-history":[{"count":0,"href":"https:\/\/www.uv.mx\/prensa\/wp-json\/wp\/v2\/posts\/80748\/revisions"}],"wp:featuredmedia":[{"embeddable":true,"href":"https:\/\/www.uv.mx\/prensa\/wp-json\/wp\/v2\/media\/80749"}],"wp:attachment":[{"href":"https:\/\/www.uv.mx\/prensa\/wp-json\/wp\/v2\/media?parent=80748"}],"wp:term":[{"taxonomy":"category","embeddable":true,"href":"https:\/\/www.uv.mx\/prensa\/wp-json\/wp\/v2\/categories?post=80748"},{"taxonomy":"post_tag","embeddable":true,"href":"https:\/\/www.uv.mx\/prensa\/wp-json\/wp\/v2\/tags?post=80748"}],"curies":[{"name":"wp","href":"https:\/\/api.w.org\/{rel}","templated":true}]}}