{"id":80732,"date":"2020-02-20T08:00:29","date_gmt":"2020-02-20T14:00:29","guid":{"rendered":"https:\/\/www.uv.mx\/prensa\/?p=80732"},"modified":"2020-02-21T11:40:58","modified_gmt":"2020-02-21T17:40:58","slug":"enrique-salazar-47-anos-de-labor-docente-en-arquitectura","status":"publish","type":"post","link":"https:\/\/www.uv.mx\/prensa\/general\/enrique-salazar-47-anos-de-labor-docente-en-arquitectura\/","title":{"rendered":"Enrique Salazar, 47 a\u00f1os de labor docente en Arquitectura"},"content":{"rendered":"<ul>\n<li data-leveltext=\"\uf0b7\" data-font=\"Symbol\" data-listid=\"1\" data-aria-posinset=\"1\" data-aria-level=\"1\"><i><span data-contrast=\"auto\">E<\/span><\/i><i><span data-contrast=\"auto\">l libro <\/span><\/i><span data-contrast=\"auto\">La iluminaci\u00f3n natural y artificial en edificaciones y espacios abiertos<\/span><span data-ccp-props=\"{&quot;134233279&quot;:true,&quot;201341983&quot;:0,&quot;335559739&quot;:160,&quot;335559740&quot;:240}\"> <i>es parte de su legado<\/i><br \/>\n<\/span><\/li>\n<li data-leveltext=\"\uf0b7\" data-font=\"Symbol\" data-listid=\"1\" data-aria-posinset=\"2\" data-aria-level=\"1\"><i><span data-contrast=\"auto\">Los arquitectos deben ser vers\u00e1tiles<\/span><\/i><i><span data-contrast=\"auto\"> y comprometerse con la disciplina<\/span><\/i><i><span data-contrast=\"auto\">, expres\u00f3<\/span><\/i><span data-ccp-props=\"{&quot;134233279&quot;:true,&quot;201341983&quot;:0,&quot;335559739&quot;:160,&quot;335559740&quot;:240}\">\u00a0<\/span><\/li>\n<\/ul>\n<div id=\"attachment_80733\" style=\"width: 732px\" class=\"wp-caption aligncenter\"><a href=\"https:\/\/www.uv.mx\/prensa\/files\/2020\/02\/180220-Enrique-Salazar.jpg\"><img loading=\"lazy\" decoding=\"async\" aria-describedby=\"caption-attachment-80733\" class=\"size-full wp-image-80733\" src=\"https:\/\/www.uv.mx\/prensa\/files\/2020\/02\/180220-Enrique-Salazar.jpg\" alt=\"\" width=\"722\" height=\"482\" srcset=\"https:\/\/www.uv.mx\/prensa\/files\/2020\/02\/180220-Enrique-Salazar.jpg 722w, https:\/\/www.uv.mx\/prensa\/files\/2020\/02\/180220-Enrique-Salazar-300x200.jpg 300w\" sizes=\"auto, (max-width: 722px) 100vw, 722px\" \/><\/a><p id=\"caption-attachment-80733\" class=\"wp-caption-text\"><span data-contrast=\"auto\">\u201c<\/span><span data-contrast=\"auto\">M<\/span><span data-contrast=\"auto\">i motivo fue trabajar como realmente se hace en el campo profesional<\/span><span data-contrast=\"auto\">\u201d: Enrique Salazar Mart\u00ednez<br \/><\/span><\/p><\/div>\n<p><b><i><span data-contrast=\"auto\">Karina de la Paz Reyes D\u00edaz<\/span><\/i><\/b><span data-ccp-props=\"{&quot;134233279&quot;:true,&quot;201341983&quot;:0,&quot;335559739&quot;:160,&quot;335559740&quot;:240}\">\u00a0<\/span><\/p>\n<p><b><i><span data-contrast=\"auto\">20\/02\/2020, Xalapa, Ver.-<\/span><\/i><\/b><span data-contrast=\"auto\">\u201cSiempre f<\/span><span data-contrast=\"auto\">ui un <\/span><span data-contrast=\"auto\">profesor muy exigente, \u00e9<\/span><span data-contrast=\"auto\">sa ha sido una de mis caracter\u00edsticas, mi motivo fue trabajar como realmente se hace en el campo profesional<\/span><span data-contrast=\"auto\">\u201d, expres\u00f3 Enrique Salazar Mart\u00ednez al hablar sobre sus 47 a\u00f1os como docente de la <a href=\"https:\/\/www.uv.mx\/arquitectura\/\" target=\"_blank\" rel=\"noopener noreferrer\">Facultad de Arquitectura<\/a> de la Universidad Veracruzana (UV).<\/span><span data-ccp-props=\"{&quot;134233279&quot;:true,&quot;201341983&quot;:0,&quot;335559739&quot;:160,&quot;335559740&quot;:240}\">\u00a0<\/span><\/p>\n<p><span data-contrast=\"auto\">En entrevista con <\/span><i><span data-contrast=\"auto\">Universo<\/span><\/i>,<span data-contrast=\"auto\"> a prop\u00f3sito de su jubilaci\u00f3n, record\u00f3 su incorporaci\u00f3n <\/span><span data-contrast=\"auto\">a la <\/span><span data-contrast=\"auto\">Facultad <\/span><span data-contrast=\"auto\">como m<\/span><span data-contrast=\"auto\">aestro adjunto, una suerte de <\/span><span data-contrast=\"auto\">ayudante que hac\u00eda el pase de lista y recog\u00eda<\/span><span data-contrast=\"auto\"> los trabajos de los estudi<\/span><span data-contrast=\"auto\">antes, entre otras actividades.<\/span><span data-ccp-props=\"{&quot;134233279&quot;:true,&quot;201341983&quot;:0,&quot;335559739&quot;:160,&quot;335559740&quot;:240}\">\u00a0<\/span><\/p>\n<p><span data-contrast=\"auto\">Con el tiempo, y de acuerdo a los lineamientos correspondientes<\/span><span data-contrast=\"auto\">,<\/span><span data-contrast=\"auto\"> se convirti\u00f3 en maestro por horas, de medio tiempo y, en 1999<\/span><span data-contrast=\"auto\">, de <\/span><span data-contrast=\"auto\">t<\/span><span data-contrast=\"auto\">iempo <\/span><span data-contrast=\"auto\">c<\/span><span data-contrast=\"auto\">ompleto.<\/span><span data-ccp-props=\"{&quot;134233279&quot;:true,&quot;201341983&quot;:0,&quot;335559739&quot;:160,&quot;335559740&quot;:240}\">\u00a0<\/span><\/p>\n<p><span data-contrast=\"auto\">\u201cPoco a po<\/span><span data-contrast=\"auto\">co <\/span><span data-contrast=\"auto\">fui estudiando otras cosas: diplomado, especializaci\u00f3n y una maestr\u00eda. Eso me<\/span> <span data-contrast=\"auto\">dio la oportunidad de figurar como <\/span><span data-contrast=\"auto\">p<\/span><span data-contrast=\"auto\">rofesor de <\/span><span data-contrast=\"auto\">t<\/span><span data-contrast=\"auto\">iempo <\/span><span data-contrast=\"auto\">c<\/span><span data-contrast=\"auto\">ompleto.\u201d<\/span><span data-ccp-props=\"{&quot;134233279&quot;:true,&quot;201341983&quot;:0,&quot;335559739&quot;:160,&quot;335559740&quot;:240}\">\u00a0<\/span><\/p>\n<p><span data-contrast=\"auto\">Ese grado de exigencia ten\u00eda la finalidad de que las cosas \u00abse hicieran bien y con<\/span><span data-contrast=\"auto\"> el justo compromiso\u00bb, insisti\u00f3.<\/span><span data-ccp-props=\"{&quot;134233279&quot;:true,&quot;201341983&quot;:0,&quot;335559739&quot;:160,&quot;335559740&quot;:240}\">\u00a0<\/span><\/p>\n<p><span data-contrast=\"auto\">Enrique Salazar<\/span><span data-contrast=\"auto\"> envi\u00f3 un mensaje a la comunidad estudiantil de<\/span><span data-contrast=\"auto\"> Arquitectura<\/span><span data-contrast=\"auto\"> y a las generaciones venideras:<\/span> <span data-contrast=\"auto\">\u201cTengan m\u00e1s <\/span><span data-contrast=\"auto\">compromiso consigo mismos y con la sociedad. Hay muchos distractores y algunos j\u00f3venes necesitan ubicarse m\u00e1s<\/span><span data-contrast=\"auto\">.<\/span><span data-ccp-props=\"{&quot;134233279&quot;:true,&quot;201341983&quot;:0,&quot;335559739&quot;:160,&quot;335559740&quot;:240}\"> E<\/span><span data-contrast=\"auto\">sta disciplina <\/span><span data-contrast=\"auto\">es ardua, dif\u00edcil y \u00e1spera, pero al fin <\/span><span data-contrast=\"auto\">y al cabo siempre nos deja una satisfacci\u00f3n\u201d.<\/span><span data-ccp-props=\"{&quot;134233279&quot;:true,&quot;201341983&quot;:0,&quot;335559739&quot;:160,&quot;335559740&quot;:240}\"><br \/>\n<\/span><\/p>\n<p><span data-contrast=\"auto\">De acuerdo con el acad\u00e9mico, el pa\u00eds requiere m\u00e1s estudios <\/span><span data-contrast=\"auto\">respecto al dise\u00f1o arquitect\u00f3nico, toda vez que se hacen construcciones que no son acordes a las necesidades sociales. C<\/span><span data-contrast=\"auto\">omo ejemplo<\/span><span data-contrast=\"auto\"> cit\u00f3 la casa de inter\u00e9s social: <\/span><span data-contrast=\"auto\">\u201cNo est\u00e1 resuelta, es un cobijo nada m\u00e1s, no permite satisfacer ciertas necesidades, como la privacidad. En una casita de 55 metros cuadrados <\/span><span data-contrast=\"auto\">para<\/span> <span data-contrast=\"auto\">una familia de cinco personas, no se logra tener la privacidad que requieren los ni\u00f1os o <\/span><span data-contrast=\"auto\">los <\/span><span data-contrast=\"auto\">adolescentes<\/span><span data-contrast=\"auto\">\u201d.<\/span><span data-ccp-props=\"{&quot;134233279&quot;:true,&quot;201341983&quot;:0,&quot;335559739&quot;:160,&quot;335559740&quot;:240}\"><br \/>\n<\/span><\/p>\n<p><span data-contrast=\"auto\">Quiz\u00e1, dijo, \u201c<\/span><span data-contrast=\"auto\">estamos en la \u00e9poca en que nada m\u00e1s construimos y no hacemos realmente arquitectura<\/span><span data-contrast=\"auto\">\u201d.<\/span><span data-ccp-props=\"{&quot;134233279&quot;:true,&quot;201341983&quot;:0,&quot;335559739&quot;:160,&quot;335559740&quot;:240}\">\u00a0<\/span><\/p>\n<p><span data-contrast=\"auto\">Enrique Salazar<\/span><span data-contrast=\"auto\">\u00a0 ha dedicado cuatro d\u00e9cadas de su vida profesional a las instalaciones hidr\u00e1ulicas, sanitarias, el\u00e9ctricas<\/span><span data-contrast=\"auto\">, de aire acondicionado y gas, <\/span><span data-contrast=\"auto\">lo que le ha merecido un amplio reconocimiento en el gremio arquitect\u00f3nico y le ha permitido<\/span><span data-contrast=\"auto\"> poner en pr\u00e1ctica <\/span><span data-contrast=\"auto\">sus conocimientos en muchos lugares del pa\u00eds.<\/span><span data-ccp-props=\"{&quot;134233279&quot;:true,&quot;201341983&quot;:0,&quot;335559739&quot;:160,&quot;335559740&quot;:240}\">\u00a0<\/span><\/p>\n<p><span data-contrast=\"auto\">En su honor,<\/span> <span data-contrast=\"auto\">el Talle<\/span><span data-contrast=\"auto\">r<\/span><span data-contrast=\"auto\"> D-103 de la Facultad de Arquitectura lleva su nombre y <\/span><span data-contrast=\"auto\">el 12 de febrero <\/span><span data-contrast=\"auto\">se present\u00f3 el libro <\/span><i><span data-contrast=\"auto\">La <\/span><\/i><i><span data-contrast=\"auto\">i<\/span><\/i><i><span data-contrast=\"auto\">luminaci\u00f3n <\/span><\/i><i><span data-contrast=\"auto\">n<\/span><\/i><i><span data-contrast=\"auto\">atural y <\/span><\/i><i><span data-contrast=\"auto\">a<\/span><\/i><i><span data-contrast=\"auto\">rtificial en <\/span><\/i><i><span data-contrast=\"auto\">e<\/span><\/i><i><span data-contrast=\"auto\">dificaciones y <\/span><\/i><i><span data-contrast=\"auto\">e<\/span><\/i><i><span data-contrast=\"auto\">spacios <\/span><\/i><i><span data-contrast=\"auto\">a<\/span><\/i><i><span data-contrast=\"auto\">biertos<\/span><\/i><span data-contrast=\"auto\">,<\/span> <span data-contrast=\"auto\">que el homenajeado realiz\u00f3 en coautor\u00eda con<\/span><span data-contrast=\"auto\"> Bertha Salazar Mart\u00ednez y Luis Arturo V\u00e1zquez Honorato<\/span><span data-contrast=\"auto\">, <\/span><span data-contrast=\"auto\">integrantes del <\/span><span data-contrast=\"auto\">c<\/span><span data-contrast=\"auto\">uerpo <\/span><span data-contrast=\"auto\">a<\/span><span data-contrast=\"auto\">cad\u00e9mico <\/span><span data-contrast=\"auto\">(CA) <\/span><span data-contrast=\"auto\">Cultura del H\u00e1bitat<\/span><span data-contrast=\"auto\">.<\/span><span data-ccp-props=\"{&quot;134233279&quot;:true,&quot;201341983&quot;:0,&quot;335559739&quot;:160,&quot;335559740&quot;:240}\">\u00a0<\/span><\/p>\n<p><span data-contrast=\"auto\">El libro compila una parte de los documentos e informaci\u00f3n que Enrique Salazar posee sobre el tema<\/span><span data-contrast=\"auto\">. \u201cAunque ya estoy fuera de la escuela, seguir\u00e9 trabaj\u00e1ndolo\u201d<\/span><span data-contrast=\"auto\">, adelant<\/span><span data-contrast=\"auto\">\u00f3.<\/span><span data-ccp-props=\"{&quot;134233279&quot;:true,&quot;201341983&quot;:0,&quot;335559739&quot;:160,&quot;335559740&quot;:240}\">\u00a0<\/span><\/p>\n<p><span data-contrast=\"auto\">Sobre el libro, mencion\u00f3 que tiene el prop\u00f3sito de servir <\/span><span data-contrast=\"auto\">como gu\u00eda a los estudiantes de A<\/span><span data-contrast=\"auto\">rquitectura, porque es<\/span><span data-contrast=\"auto\"> acorde al programa de estudios,<\/span><span data-contrast=\"auto\"> pero tambi\u00e9n busca <\/span><span data-contrast=\"auto\">propiciar la autoconstrucci\u00f3n.<\/span><span data-ccp-props=\"{&quot;134233279&quot;:true,&quot;201341983&quot;:0,&quot;335559739&quot;:160,&quot;335559740&quot;:240}\">\u00a0<\/span><\/p>\n<p><span data-contrast=\"auto\">Cabe destacar que <\/span><i><span data-contrast=\"auto\">La <\/span><\/i><i><span data-contrast=\"auto\">i<\/span><\/i><i><span data-contrast=\"auto\">luminaci\u00f3n <\/span><\/i><i><span data-contrast=\"auto\">n<\/span><\/i><i><span data-contrast=\"auto\">atural y <\/span><\/i><i><span data-contrast=\"auto\">a<\/span><\/i><i><span data-contrast=\"auto\">rtificial en <\/span><\/i><i><span data-contrast=\"auto\">e<\/span><\/i><i><span data-contrast=\"auto\">dificaciones y <\/span><\/i><i><span data-contrast=\"auto\">e<\/span><\/i><i><span data-contrast=\"auto\">spacios <\/span><\/i><i><span data-contrast=\"auto\">a<\/span><\/i><i><span data-contrast=\"auto\">biertos<\/span><\/i> <span data-contrast=\"auto\">cuen<\/span><span data-contrast=\"auto\">ta con reconocimiento ISBN y es un apoyo importante para los estudiantes en la comprensi\u00f3n y dise\u00f1o de instalaciones<\/span><span data-contrast=\"auto\">.<\/span><span data-ccp-props=\"{&quot;134233279&quot;:true,&quot;201341983&quot;:0,&quot;335559731&quot;:708,&quot;335559739&quot;:160,&quot;335559740&quot;:240}\">\u00a0<\/span><\/p>\n<p><span data-contrast=\"auto\">\u201cSoy una persona muy t\u00e9cnica, no me olvido nunca de la arquitectura, me gusta mucho el dise\u00f1o arquitect\u00f3nico, siempre he hecho cosas diferentes. No tengo un machote para mis dise\u00f1os, voy cambiando, aprend\u00ed t\u00e9cnicas para dise\u00f1ar y eso es lo que quise <\/span><span data-contrast=\"auto\">transmitir<\/span><span data-contrast=\"auto\"> a los alumnos. Los arquitectos debemos ser vers\u00e1tiles, no siempre hay trabajo de dise\u00f1o o de construcci\u00f3n y hay <\/span><span data-contrast=\"auto\">que<\/span><span data-contrast=\"auto\"> hacer lo necesario en su momento<\/span><span data-contrast=\"auto\">.<\/span><span data-contrast=\"auto\">\u201d<\/span><span data-ccp-props=\"{&quot;134233279&quot;:true,&quot;201341983&quot;:0,&quot;335559739&quot;:160,&quot;335559740&quot;:240}\">\u00a0<\/span><\/p>\n","protected":false},"excerpt":{"rendered":"<p>Los arquitectos deben ser vers\u00e1tiles y comprometerse con la disciplina, se\u00f1al\u00f3 el acad\u00e9mico reci\u00e9n jubilado<\/p>\n","protected":false},"author":1508,"featured_media":80733,"comment_status":"closed","ping_status":"closed","sticky":false,"template":"","format":"standard","meta":{"footnotes":""},"categories":[1],"tags":[],"class_list":["post-80732","post","type-post","status-publish","format-standard","has-post-thumbnail","hentry","category-general"],"_links":{"self":[{"href":"https:\/\/www.uv.mx\/prensa\/wp-json\/wp\/v2\/posts\/80732","targetHints":{"allow":["GET"]}}],"collection":[{"href":"https:\/\/www.uv.mx\/prensa\/wp-json\/wp\/v2\/posts"}],"about":[{"href":"https:\/\/www.uv.mx\/prensa\/wp-json\/wp\/v2\/types\/post"}],"author":[{"embeddable":true,"href":"https:\/\/www.uv.mx\/prensa\/wp-json\/wp\/v2\/users\/1508"}],"replies":[{"embeddable":true,"href":"https:\/\/www.uv.mx\/prensa\/wp-json\/wp\/v2\/comments?post=80732"}],"version-history":[{"count":0,"href":"https:\/\/www.uv.mx\/prensa\/wp-json\/wp\/v2\/posts\/80732\/revisions"}],"wp:featuredmedia":[{"embeddable":true,"href":"https:\/\/www.uv.mx\/prensa\/wp-json\/wp\/v2\/media\/80733"}],"wp:attachment":[{"href":"https:\/\/www.uv.mx\/prensa\/wp-json\/wp\/v2\/media?parent=80732"}],"wp:term":[{"taxonomy":"category","embeddable":true,"href":"https:\/\/www.uv.mx\/prensa\/wp-json\/wp\/v2\/categories?post=80732"},{"taxonomy":"post_tag","embeddable":true,"href":"https:\/\/www.uv.mx\/prensa\/wp-json\/wp\/v2\/tags?post=80732"}],"curies":[{"name":"wp","href":"https:\/\/api.w.org\/{rel}","templated":true}]}}