{"id":80674,"date":"2020-02-19T08:00:16","date_gmt":"2020-02-19T14:00:16","guid":{"rendered":"https:\/\/www.uv.mx\/prensa\/?p=80674"},"modified":"2020-02-19T10:54:29","modified_gmt":"2020-02-19T16:54:29","slug":"halcones-participaran-en-campeonato-nacional-de-judo","status":"publish","type":"post","link":"https:\/\/www.uv.mx\/prensa\/deportes\/halcones-participaran-en-campeonato-nacional-de-judo\/","title":{"rendered":"<em>Halcones<\/em> participar\u00e1n en Campeonato Nacional de Judo"},"content":{"rendered":"<ul>\n<li data-leveltext=\"\uf0b7\" data-font=\"Symbol\" data-listid=\"1\" data-aria-posinset=\"1\" data-aria-level=\"1\"><i><span data-contrast=\"none\">El evento es clasificatorio para\u202fla <\/span><\/i><i><span data-contrast=\"none\">Universiada<\/span><\/i> <i><span data-contrast=\"none\">Nacional Le\u00f3n 2020<\/span><\/i><span data-ccp-props=\"{&quot;134233117&quot;:true,&quot;134233118&quot;:true,&quot;201341983&quot;:0,&quot;335559740&quot;:240}\">\u00a0<\/span><\/li>\n<\/ul>\n<div id=\"attachment_80675\" style=\"width: 732px\" class=\"wp-caption aligncenter\"><a href=\"https:\/\/www.uv.mx\/prensa\/files\/2020\/02\/180220-Judo-2.jpg\"><img loading=\"lazy\" decoding=\"async\" aria-describedby=\"caption-attachment-80675\" class=\"size-full wp-image-80675\" src=\"https:\/\/www.uv.mx\/prensa\/files\/2020\/02\/180220-Judo-2.jpg\" alt=\"\" width=\"722\" height=\"481\" srcset=\"https:\/\/www.uv.mx\/prensa\/files\/2020\/02\/180220-Judo-2.jpg 722w, https:\/\/www.uv.mx\/prensa\/files\/2020\/02\/180220-Judo-2-300x200.jpg 300w\" sizes=\"auto, (max-width: 722px) 100vw, 722px\" \/><\/a><p id=\"caption-attachment-80675\" class=\"wp-caption-text\">Los seleccionados se concentrar\u00e1n el 2 de marzo para afinar detalles y llegar en \u00f3ptimo estado al certamen<\/p><\/div>\n<p><b><i><span data-contrast=\"none\">19\/02\/2020, Xalapa, Ver.- <\/span><\/i><\/b><span data-contrast=\"none\">Un total de 25 elementos <\/span><span data-contrast=\"none\">\u2013<\/span><span data-contrast=\"none\">15 <\/span><span data-contrast=\"none\">hombres<\/span><span data-contrast=\"none\"> y <\/span><span data-contrast=\"none\">10 mujeres\u2013<\/span><span data-contrast=\"none\"> integran la <\/span><span data-contrast=\"none\">S<\/span><span data-contrast=\"none\">elecci\u00f3n <\/span><span data-contrast=\"none\">de Judo <\/span><span data-contrast=\"none\">de la Universidad Veracruzana<\/span><span data-contrast=\"none\"> (UV)<\/span><span data-contrast=\"none\">, <\/span><span data-contrast=\"none\">quienes<\/span><span data-contrast=\"none\"> surgieron de la Primera Copa Halc\u00f3n<\/span> <span data-contrast=\"none\">2020 celebrada el <\/span><span data-contrast=\"none\">pasado <\/span><span data-contrast=\"none\">fin de semana, inform\u00f3 la responsable de la disciplina, <\/span><span data-contrast=\"none\">Juliana Palma Valerio<\/span><span data-contrast=\"none\">, de<\/span> <span data-contrast=\"none\">la <a href=\"https:\/\/www.uv.mx\/daduv\/\" target=\"_blank\" rel=\"noopener noreferrer\">Direcci\u00f3n de Actividades Deportivas<\/a><\/span><span data-contrast=\"none\"> (DADUV)<\/span><span data-contrast=\"none\">.<\/span><span data-ccp-props=\"{&quot;134233117&quot;:true,&quot;134233118&quot;:true,&quot;201341983&quot;:0,&quot;335559740&quot;:240}\">\u00a0<\/span><\/p>\n<p><span data-contrast=\"none\">El evento<\/span> <span data-contrast=\"none\">fue inaugurado por <\/span><span data-contrast=\"none\">Maribel Barradas Landa, <\/span><span data-contrast=\"none\">titular<\/span><span data-contrast=\"none\"> de la DADUV, <\/span><span data-contrast=\"none\">acompa\u00f1ada<\/span><span data-contrast=\"none\"> de Jer\u00f3nimo Manuel Guzm\u00e1n Salda\u00f1a e invitados especiales, en el Gimnasio Universitario \u201cMiguel <\/span><span data-contrast=\"none\">\u00c1ngel<\/span><span data-contrast=\"none\"> R\u00edos\u201d.<\/span><span data-ccp-props=\"{&quot;134233117&quot;:true,&quot;134233118&quot;:true,&quot;201341983&quot;:0,&quot;335559731&quot;:708,&quot;335559740&quot;:240}\">\u00a0<\/span><\/p>\n<p><span data-contrast=\"none\">Los elementos que integrar\u00e1<\/span><span data-contrast=\"none\">n el <\/span><span data-contrast=\"none\">representativo de <\/span><i><span data-contrast=\"none\">Halcones<\/span><\/i> <span data-contrast=\"none\">UV<\/span> <span data-contrast=\"none\">en el Campeonato Clasificatorio<\/span> <span data-contrast=\"none\">para <\/span><span data-contrast=\"none\">la <\/span><span data-contrast=\"none\">Universiada<\/span><span data-contrast=\"none\"> Nacional Le\u00f3n<\/span> <span data-contrast=\"none\">2020, a celebrarse en marzo pr\u00f3ximo en Torre\u00f3n, Coahuila, son<\/span><span data-contrast=\"none\">: <\/span><span data-contrast=\"none\">en 55 kilogramos, Ricardo Cano Valente y No\u00e9 Mart\u00ednez de la Cruz; en 60, Samuel Garc\u00eda Haro y Emmanuel de Jes\u00fas Ju\u00e1rez Rodr\u00edguez; en 66, Orlando Pe\u00f1a Mendoza y Oscar Uriel Soto <\/span><span data-contrast=\"none\">Zapot<\/span><span data-contrast=\"none\">; en menos de 73, Iv\u00e1n Alejandro Contreras de <\/span><span data-contrast=\"none\">l<\/span><span data-contrast=\"none\">a Cruz y Mau<\/span><span data-contrast=\"none\">ricio Garrido <\/span><span data-contrast=\"none\">Nakazona<\/span><span data-contrast=\"none\">; en 81, \u00d3<\/span><span data-contrast=\"none\">scar Olaf <\/span><span data-contrast=\"none\">Rodr\u00edguez<\/span><span data-contrast=\"none\"> Cruz y Michelle Antonio Ju\u00e1rez Rodr\u00edguez.<\/span><span data-ccp-props=\"{&quot;134233117&quot;:true,&quot;134233118&quot;:true,&quot;201341983&quot;:0,&quot;335559731&quot;:708,&quot;335559740&quot;:240}\">\u00a0<\/span><\/p>\n<p><span data-contrast=\"none\">En menos de 90, Luis Fernando Trujillo Pedraza y Erick <\/span><span data-contrast=\"none\">Adal<\/span><span data-contrast=\"none\"> Robles Garc\u00eda; en 100 kilogramos, Sergio Andr\u00e9s V\u00e1squez Soriano y Romario Enrique Sol\u00eds <\/span><span data-contrast=\"none\">Cast\u00e1n<\/span><span data-contrast=\"none\">; en <\/span><span data-contrast=\"none\">m\u00e1s<\/span><span data-contrast=\"none\"> de 10<\/span><span data-contrast=\"none\">0<\/span><span data-contrast=\"none\">, Miguel <\/span><span data-contrast=\"none\">\u00c1ngel<\/span><span data-contrast=\"none\"> Torre Mora.<\/span><span data-ccp-props=\"{&quot;134233117&quot;:true,&quot;134233118&quot;:true,&quot;201341983&quot;:0,&quot;335559731&quot;:708,&quot;335559740&quot;:240}\">\u00a0<\/span><\/p>\n<p><span data-contrast=\"none\">En la rama femenil:<\/span><span data-contrast=\"none\"> menos de 44 kilogramos, Diana Lara <\/span><span data-contrast=\"none\">Uscanga<\/span><span data-contrast=\"none\"> y Ver\u00f3nica Zamora C\u00f3rdoba; en 48, <\/span><span data-contrast=\"none\">Sarahy<\/span><span data-contrast=\"none\"> Albertina Hern\u00e1ndez Mendoza; en 52, <\/span><span data-contrast=\"none\">Arisbet<\/span><span data-contrast=\"none\"> Mart\u00ednez <\/span><span data-contrast=\"none\">Ensaldo<\/span><span data-contrast=\"none\"> y Cecilia Arias Hern\u00e1ndez; en 57, Karen <\/span><span data-contrast=\"none\">Yuritzi<\/span><span data-contrast=\"none\"> Hern\u00e1ndez Butr\u00f3n y Alejandra <\/span><span data-contrast=\"none\">Anai<\/span><span data-contrast=\"none\"> Caldera Madera; en 63, Citlalli Montserrat Medina Rojas y Sonia <\/span><span data-contrast=\"none\">Dairen<\/span><span data-contrast=\"none\"> Amaya Villa.<\/span><span data-ccp-props=\"{&quot;134233117&quot;:true,&quot;134233118&quot;:true,&quot;201341983&quot;:0,&quot;335559731&quot;:708,&quot;335559740&quot;:240}\">\u00a0<\/span><\/p>\n<p><span data-contrast=\"none\">L<\/span><span data-contrast=\"none\">os seleccionados <\/span><span data-contrast=\"none\">se<\/span><span data-contrast=\"none\"> concentra<\/span><span data-contrast=\"none\">r\u00e1n <\/span><span data-contrast=\"none\">el 2 de marzo<\/span><span data-contrast=\"none\"> para afinar algunos detalles<\/span> <span data-contrast=\"none\">y <\/span><span data-contrast=\"none\">llegar en \u00f3<\/span><span data-contrast=\"none\">ptimo estado al certamen y buscar el boleto a <\/span><span data-contrast=\"none\">la <\/span><span data-contrast=\"none\">Universiada<\/span><span data-contrast=\"none\"> Nacional Le\u00f3n <\/span><span data-contrast=\"none\">2020, a celebrarse entre abril y mayo pr\u00f3ximos.<\/span><span data-ccp-props=\"{&quot;134233117&quot;:true,&quot;134233118&quot;:true,&quot;201341983&quot;:0,&quot;335559731&quot;:708,&quot;335559740&quot;:240}\">\u00a0<\/span><\/p>\n<div id=\"attachment_80676\" style=\"width: 732px\" class=\"wp-caption aligncenter\"><a href=\"https:\/\/www.uv.mx\/prensa\/files\/2020\/02\/180220-Judo-1.jpg\"><img loading=\"lazy\" decoding=\"async\" aria-describedby=\"caption-attachment-80676\" class=\"size-full wp-image-80676\" src=\"https:\/\/www.uv.mx\/prensa\/files\/2020\/02\/180220-Judo-1.jpg\" alt=\"\" width=\"722\" height=\"481\" srcset=\"https:\/\/www.uv.mx\/prensa\/files\/2020\/02\/180220-Judo-1.jpg 722w, https:\/\/www.uv.mx\/prensa\/files\/2020\/02\/180220-Judo-1-300x200.jpg 300w\" sizes=\"auto, (max-width: 722px) 100vw, 722px\" \/><\/a><p id=\"caption-attachment-80676\" class=\"wp-caption-text\">La Selecci\u00f3n de Judo est\u00e1 integrada por 15 hombres y 10 mujeres<\/p><\/div>\n","protected":false},"excerpt":{"rendered":"<p>El evento es clasificatorio para\u202fla Universiada Nacional Le\u00f3n 2020 <\/p>\n","protected":false},"author":1508,"featured_media":80675,"comment_status":"closed","ping_status":"closed","sticky":false,"template":"","format":"standard","meta":{"footnotes":""},"categories":[12],"tags":[],"class_list":["post-80674","post","type-post","status-publish","format-standard","has-post-thumbnail","hentry","category-deportes"],"_links":{"self":[{"href":"https:\/\/www.uv.mx\/prensa\/wp-json\/wp\/v2\/posts\/80674","targetHints":{"allow":["GET"]}}],"collection":[{"href":"https:\/\/www.uv.mx\/prensa\/wp-json\/wp\/v2\/posts"}],"about":[{"href":"https:\/\/www.uv.mx\/prensa\/wp-json\/wp\/v2\/types\/post"}],"author":[{"embeddable":true,"href":"https:\/\/www.uv.mx\/prensa\/wp-json\/wp\/v2\/users\/1508"}],"replies":[{"embeddable":true,"href":"https:\/\/www.uv.mx\/prensa\/wp-json\/wp\/v2\/comments?post=80674"}],"version-history":[{"count":0,"href":"https:\/\/www.uv.mx\/prensa\/wp-json\/wp\/v2\/posts\/80674\/revisions"}],"wp:featuredmedia":[{"embeddable":true,"href":"https:\/\/www.uv.mx\/prensa\/wp-json\/wp\/v2\/media\/80675"}],"wp:attachment":[{"href":"https:\/\/www.uv.mx\/prensa\/wp-json\/wp\/v2\/media?parent=80674"}],"wp:term":[{"taxonomy":"category","embeddable":true,"href":"https:\/\/www.uv.mx\/prensa\/wp-json\/wp\/v2\/categories?post=80674"},{"taxonomy":"post_tag","embeddable":true,"href":"https:\/\/www.uv.mx\/prensa\/wp-json\/wp\/v2\/tags?post=80674"}],"curies":[{"name":"wp","href":"https:\/\/api.w.org\/{rel}","templated":true}]}}