{"id":80370,"date":"2020-02-12T14:57:12","date_gmt":"2020-02-12T20:57:12","guid":{"rendered":"https:\/\/www.uv.mx\/prensa\/?p=80370"},"modified":"2020-02-12T14:57:12","modified_gmt":"2020-02-12T20:57:12","slug":"universitario-triunfo-en-concurso-nacional-de-ganaderia","status":"publish","type":"post","link":"https:\/\/www.uv.mx\/prensa\/regiones\/poza-rica\/universitario-triunfo-en-concurso-nacional-de-ganaderia\/","title":{"rendered":"Universitario triunf\u00f3 en Concurso Nacional de Ganader\u00eda"},"content":{"rendered":"<ul>\n<li><em><span class=\"TextRun SCXW172221731 BCX2\" lang=\"ES-MX\" xml:lang=\"ES-MX\" data-contrast=\"auto\"><span class=\"NormalTextRun SCXW172221731 BCX2\">Estudi\u00f3 <\/span><\/span><span class=\"TextRun SCXW172221731 BCX2\" lang=\"ES-MX\" xml:lang=\"ES-MX\" data-contrast=\"auto\"><span class=\"NormalTextRun SCXW172221731 BCX2\">Medicina Ve<\/span><\/span><span class=\"TextRun SCXW172221731 BCX2\" lang=\"ES-MX\" xml:lang=\"ES-MX\" data-contrast=\"auto\"><span class=\"NormalTextRun SCXW172221731 BCX2\">terinaria y Zootecnia en Tuxpan <\/span><\/span><span class=\"TextRun SCXW172221731 BCX2\" lang=\"ES-MX\" xml:lang=\"ES-MX\" data-contrast=\"auto\"><span class=\"NormalTextRun SCXW172221731 BCX2\">y <\/span><\/span><span class=\"TextRun SCXW172221731 BCX2\" lang=\"ES-MX\" xml:lang=\"ES-MX\" data-contrast=\"auto\"><span class=\"NormalTextRun SCXW172221731 BCX2\">en <\/span><\/span><span class=\"TextRun SCXW172221731 BCX2\" lang=\"ES-MX\" xml:lang=\"ES-MX\" data-contrast=\"auto\"><span class=\"NormalTextRun SCXW172221731 BCX2\">su tesis <\/span><\/span><span class=\"TextRun SCXW172221731 BCX2\" lang=\"ES-MX\" xml:lang=\"ES-MX\" data-contrast=\"auto\"><span class=\"NormalTextRun SCXW172221731 BCX2\">propone m\u00e9todo para incrementar<\/span><\/span><span class=\"TextRun SCXW172221731 BCX2\" lang=\"ES-MX\" xml:lang=\"ES-MX\" data-contrast=\"auto\"><span class=\"NormalTextRun SCXW172221731 BCX2\"> la fertilidad <\/span><\/span><span class=\"TextRun SCXW172221731 BCX2\" lang=\"ES-MX\" xml:lang=\"ES-MX\" data-contrast=\"auto\"><span class=\"NormalTextRun SCXW172221731 BCX2\">de las <\/span><\/span><span class=\"TextRun SCXW172221731 BCX2\" lang=\"ES-MX\" xml:lang=\"ES-MX\" data-contrast=\"auto\"><span class=\"NormalTextRun SCXW172221731 BCX2\">vacas<\/span><\/span><\/em><\/li>\n<\/ul>\n<div id=\"attachment_80368\" style=\"width: 732px\" class=\"wp-caption aligncenter\"><a href=\"https:\/\/www.uv.mx\/prensa\/files\/2020\/02\/120220-Tuxpan-2.jpg\"><img loading=\"lazy\" decoding=\"async\" aria-describedby=\"caption-attachment-80368\" class=\"size-full wp-image-80368\" src=\"https:\/\/www.uv.mx\/prensa\/files\/2020\/02\/120220-Tuxpan-2.jpg\" alt=\"\" width=\"722\" height=\"481\" srcset=\"https:\/\/www.uv.mx\/prensa\/files\/2020\/02\/120220-Tuxpan-2.jpg 722w, https:\/\/www.uv.mx\/prensa\/files\/2020\/02\/120220-Tuxpan-2-300x200.jpg 300w\" sizes=\"auto, (max-width: 722px) 100vw, 722px\" \/><\/a><p id=\"caption-attachment-80368\" class=\"wp-caption-text\">Marco Daher Ram\u00edrez Bustos<\/p><\/div>\n<p><b><i><span data-contrast=\"auto\">Alma Celia San Mart\u00edn Cruz\u00a0<\/span><\/i><\/b><\/p>\n<p><b><i><span data-contrast=\"auto\">12\/02\/2<\/span><\/i><\/b><b><i><span data-contrast=\"auto\">02<\/span><\/i><\/b><b><i><span data-contrast=\"auto\">0, <\/span><\/i><\/b><b><i><span data-contrast=\"auto\">Tuxpan, Ver.- <\/span><\/i><\/b><span data-contrast=\"none\">Marco <\/span><span data-contrast=\"none\">Daher<\/span><span data-contrast=\"none\"> Ram\u00edrez Bustos, <\/span><span data-contrast=\"auto\">estudiante del <\/span><span data-contrast=\"auto\">p<\/span><span data-contrast=\"auto\">rograma <\/span><span data-contrast=\"auto\">e<\/span><span data-contrast=\"auto\">ducativo<\/span><span data-contrast=\"auto\"> (PE)<\/span><span data-contrast=\"auto\"> Medicina Veterinaria y Zootecnia de la Facultad de Ciencias Biol\u00f3gicas y Agropecuarias de la Universidad Veracruzana<\/span><span data-contrast=\"auto\"> (UV)<\/span><span data-contrast=\"auto\">,<\/span><span data-contrast=\"auto\"> regi\u00f3n Poza Rica-Tuxpan, obtuvo el segundo lugar en el C<\/span><span data-contrast=\"auto\">oncurso de <\/span><span data-contrast=\"auto\">T<\/span><span data-contrast=\"auto\">rabajos <\/span><span data-contrast=\"auto\">L<\/span><span data-contrast=\"auto\">ibres, convocado por la empresa <\/span><span data-contrast=\"auto\">G<\/span><span data-contrast=\"auto\">anader\u00ed<\/span><span data-contrast=\"auto\">a.com<\/span><span data-contrast=\"auto\">,<\/span> <span data-contrast=\"none\">l\u00edder en la comunicaci\u00f3n electr\u00f3nica del sector pecuario en M\u00e9xico.<\/span><span data-ccp-props=\"{&quot;201341983&quot;:0,&quot;335559739&quot;:160,&quot;335559740&quot;:240}\">\u00a0<\/span><\/p>\n<p><span data-contrast=\"none\">Ram\u00edrez Bustos <\/span><span data-contrast=\"none\">adapt\u00f3 su tesis<\/span> <span data-contrast=\"none\">para dicho<\/span><span data-contrast=\"none\"> c<\/span><span data-contrast=\"none\">ertamen <\/span><span data-contrast=\"none\">y la present\u00f3 <\/span><span data-contrast=\"none\">con el t\u00edtulo \u201cIncremento de la fertilidad utilizando <\/span><span data-contrast=\"none\">propilenglicol<\/span><span data-contrast=\"none\"> al momento del servicio en vacas de doble prop\u00f3sito del tr\u00f3pico veracruzano\u201d, con lo cual propone <\/span><span data-contrast=\"none\">aumentar<\/span> <span data-contrast=\"none\">su <\/span><span data-contrast=\"none\">fertilidad<\/span> <span data-contrast=\"none\">da<\/span><span data-contrast=\"none\">ndo<\/span><span data-contrast=\"none\"> una toma de <\/span><span data-contrast=\"none\">dicho compuesto org\u00e1nico<\/span><span data-contrast=\"none\">.<\/span><span data-ccp-props=\"{&quot;201341983&quot;:0,&quot;335559731&quot;:708,&quot;335559739&quot;:160,&quot;335559740&quot;:240}\">\u00a0<\/span><\/p>\n<p><span data-contrast=\"none\">En su trabajo <\/span><span data-contrast=\"none\">recepcional<\/span><span data-contrast=\"none\">, <\/span><span data-contrast=\"none\">Marco <\/span><span data-contrast=\"none\">Daher<\/span> <span data-contrast=\"none\">busc\u00f3<\/span><span data-contrast=\"none\"> mejorar este importante par<\/span><span data-contrast=\"none\">\u00e1metro, <\/span><span data-contrast=\"none\">pero a la vez<\/span><span data-contrast=\"none\">,<\/span><span data-contrast=\"none\"> y <\/span><span data-contrast=\"none\">saber si es rentable o no.<\/span><span data-ccp-props=\"{&quot;201341983&quot;:0,&quot;335559731&quot;:708,&quot;335559739&quot;:160,&quot;335559740&quot;:240}\">\u00a0<\/span><\/p>\n<p><span data-contrast=\"none\">R<\/span><span data-contrast=\"none\">eport\u00f3 que es posible incrementar la fertilidad en estas vacas con una dosis de <\/span><span data-contrast=\"none\">propilenglicol<\/span><span data-contrast=\"none\">,<\/span><span data-contrast=\"none\"> lo<\/span><span data-contrast=\"none\"> cual resulta f\u00e1cil y pr\u00e1ctico.<\/span><span data-ccp-props=\"{&quot;201341983&quot;:0,&quot;335559731&quot;:708,&quot;335559739&quot;:160,&quot;335559740&quot;:240}\">\u00a0<\/span><\/p>\n<p><span data-contrast=\"none\">Cabe destacar que <\/span><span data-contrast=\"none\">por <\/span><span data-contrast=\"none\">su desempe\u00f1o<\/span>,<span data-contrast=\"none\"> investigaci\u00f3n y demostraci\u00f3n de conocimientos en <\/span><span data-contrast=\"none\">su<\/span><span data-contrast=\"none\"> examen profesional<\/span><span data-contrast=\"none\">,<\/span> <span data-contrast=\"none\">en diciembre de 2019 obtuvo menci\u00f3n honor\u00edfica.<\/span><span data-ccp-props=\"{&quot;201341983&quot;:0,&quot;335559731&quot;:709,&quot;335559739&quot;:160,&quot;335559740&quot;:240}\">\u00a0<\/span><\/p>\n<p><span data-contrast=\"none\">Mientras realizaba <\/span><span data-contrast=\"none\">los<\/span><span data-contrast=\"none\"> tr\u00e1mites para su examen profesional<\/span><span data-contrast=\"none\">,<\/span><span data-contrast=\"none\"> la <\/span><span data-contrast=\"none\">acad\u00e9mica <\/span><span data-contrast=\"none\">Iliana Daniel Renter\u00eda le hizo llegar <\/span><span data-contrast=\"none\">la<\/span><span data-contrast=\"none\"> convocatoria para el <\/span><span data-contrast=\"none\">c<\/span><span data-contrast=\"none\">oncurso, y <\/span><span data-contrast=\"none\">fue <\/span><span data-contrast=\"none\">el <\/span><span data-contrast=\"none\">pasado 24 de enero <\/span><span data-contrast=\"none\">cuando <\/span><span data-contrast=\"none\">le notificaron<\/span><span data-contrast=\"none\"> que hab\u00eda obtenido el segundo lugar a nivel nacional, <\/span><span data-contrast=\"none\">hecho con lo cual puso<\/span><span data-contrast=\"none\"> en alto el nombre de <\/span><span data-contrast=\"none\">la<\/span> <span data-contrast=\"none\">UV<\/span><span data-contrast=\"none\">.<\/span><\/p>\n","protected":false},"excerpt":{"rendered":"<p>Marco Daher Ram\u00edrez Bustos, egresado de Medicina Veterinaria y Zootecnia, <em>campus<\/em> Tuxpan, obtuvo el segundo lugar en el Concurso de Trabajos Libres, convocado por la empresa Ganader\u00eda.com<\/p>\n","protected":false},"author":1508,"featured_media":80369,"comment_status":"closed","ping_status":"closed","sticky":false,"template":"","format":"standard","meta":{"footnotes":""},"categories":[54],"tags":[],"class_list":["post-80370","post","type-post","status-publish","format-standard","has-post-thumbnail","hentry","category-poza-rica"],"_links":{"self":[{"href":"https:\/\/www.uv.mx\/prensa\/wp-json\/wp\/v2\/posts\/80370","targetHints":{"allow":["GET"]}}],"collection":[{"href":"https:\/\/www.uv.mx\/prensa\/wp-json\/wp\/v2\/posts"}],"about":[{"href":"https:\/\/www.uv.mx\/prensa\/wp-json\/wp\/v2\/types\/post"}],"author":[{"embeddable":true,"href":"https:\/\/www.uv.mx\/prensa\/wp-json\/wp\/v2\/users\/1508"}],"replies":[{"embeddable":true,"href":"https:\/\/www.uv.mx\/prensa\/wp-json\/wp\/v2\/comments?post=80370"}],"version-history":[{"count":0,"href":"https:\/\/www.uv.mx\/prensa\/wp-json\/wp\/v2\/posts\/80370\/revisions"}],"wp:featuredmedia":[{"embeddable":true,"href":"https:\/\/www.uv.mx\/prensa\/wp-json\/wp\/v2\/media\/80369"}],"wp:attachment":[{"href":"https:\/\/www.uv.mx\/prensa\/wp-json\/wp\/v2\/media?parent=80370"}],"wp:term":[{"taxonomy":"category","embeddable":true,"href":"https:\/\/www.uv.mx\/prensa\/wp-json\/wp\/v2\/categories?post=80370"},{"taxonomy":"post_tag","embeddable":true,"href":"https:\/\/www.uv.mx\/prensa\/wp-json\/wp\/v2\/tags?post=80370"}],"curies":[{"name":"wp","href":"https:\/\/api.w.org\/{rel}","templated":true}]}}