{"id":80309,"date":"2020-02-12T08:00:13","date_gmt":"2020-02-12T14:00:13","guid":{"rendered":"https:\/\/www.uv.mx\/prensa\/?p=80309"},"modified":"2020-02-12T10:06:30","modified_gmt":"2020-02-12T16:06:30","slug":"estudiante-uv-realizo-movilidad-en-la-universidad-de-birmingham","status":"publish","type":"post","link":"https:\/\/www.uv.mx\/prensa\/banner\/estudiante-uv-realizo-movilidad-en-la-universidad-de-birmingham\/","title":{"rendered":"Estudiante UV realiz\u00f3 movilidad en la Universidad de Birmingham"},"content":{"rendered":"<ul>\n<li data-leveltext=\"\uf0b7\" data-font=\"Symbol\" data-listid=\"1\" data-aria-posinset=\"1\" data-aria-level=\"1\"><i><span data-contrast=\"auto\">\u201cLa m\u00fasica que estudio surge en Europa, entonces lo que buscaba era una universidad que estuviera en ese continente, para nutrirme del arte y la cultura en su lugar de origen\u201d:<\/span><\/i> <i><span data-contrast=\"auto\">Diego Alberto Acosta<\/span><\/i><span data-ccp-props=\"{&quot;134233279&quot;:true,&quot;201341983&quot;:0,&quot;335559739&quot;:160,&quot;335559740&quot;:240}\">\u00a0<\/span><\/li>\n<\/ul>\n<div id=\"attachment_80257\" style=\"width: 732px\" class=\"wp-caption aligncenter\"><a href=\"https:\/\/www.uv.mx\/prensa\/files\/2020\/02\/100220-Movlidad.jpg\"><img loading=\"lazy\" decoding=\"async\" aria-describedby=\"caption-attachment-80257\" class=\"size-full wp-image-80257\" src=\"https:\/\/www.uv.mx\/prensa\/files\/2020\/02\/100220-Movlidad.jpg\" alt=\"\" width=\"722\" height=\"481\" srcset=\"https:\/\/www.uv.mx\/prensa\/files\/2020\/02\/100220-Movlidad.jpg 722w, https:\/\/www.uv.mx\/prensa\/files\/2020\/02\/100220-Movlidad-300x200.jpg 300w\" sizes=\"auto, (max-width: 722px) 100vw, 722px\" \/><\/a><p id=\"caption-attachment-80257\" class=\"wp-caption-text\">El estudiante de la Facultad de M\u00fasica tambi\u00e9n asisti\u00f3 al Royal Birmingham Conservatoire<\/p><\/div>\n<blockquote><p><span class=\"TextRun Highlight SCXW96316180 BCX2\" lang=\"ES-MX\" xml:lang=\"ES-MX\" data-contrast=\"auto\"><span class=\"NormalTextRun SCXW96316180 BCX2\">El universitario se\u00f1al\u00f3 que el trabajo acad\u00e9mico <\/span><\/span><span class=\"TextRun Highlight SCXW96316180 BCX2\" lang=\"ES-MX\" xml:lang=\"ES-MX\" data-contrast=\"auto\"><span class=\"NormalTextRun SCXW96316180 BCX2\">en Inglaterra <\/span><\/span><span class=\"TextRun Highlight SCXW96316180 BCX2\" lang=\"ES-MX\" xml:lang=\"ES-MX\" data-contrast=\"auto\"><span class=\"NormalTextRun SCXW96316180 BCX2\">es\u00a0 m\u00e1s r\u00e1pido:<\/span><\/span> <span class=\"TextRun Highlight SCXW96316180 BCX2\" lang=\"ES-MX\" xml:lang=\"ES-MX\" data-contrast=\"auto\"><span class=\"NormalTextRun SCXW96316180 BCX2\">\u201c<\/span><\/span><span class=\"TextRun Highlight SCXW96316180 BCX2\" lang=\"ES-MX\" xml:lang=\"ES-MX\" data-contrast=\"auto\"><span class=\"NormalTextRun SCXW96316180 BCX2\">El<\/span><\/span><span class=\"TextRun Highlight SCXW96316180 BCX2\" lang=\"ES-MX\" xml:lang=\"ES-MX\" data-contrast=\"auto\"><span class=\"NormalTextRun SCXW96316180 BCX2\"> maestro llega, se para frente al grupo y se dedica a ense\u00f1arte, pero de ti depende si aprendes, porque tienes que llegar preparado, con previas lecturas y si no entiendes algo <\/span><\/span><span class=\"TextRun Highlight SCXW96316180 BCX2\" lang=\"ES-MX\" xml:lang=\"ES-MX\" data-contrast=\"auto\"><span class=\"NormalTextRun SCXW96316180 BCX2\">debes<\/span><\/span><span class=\"TextRun Highlight SCXW96316180 BCX2\" lang=\"ES-MX\" xml:lang=\"ES-MX\" data-contrast=\"auto\"><span class=\"NormalTextRun SCXW96316180 BCX2\"> preguntarle\u201d<\/span><\/span><\/p><\/blockquote>\n<p><b><i><span data-contrast=\"auto\">Karina de la Paz Reyes D\u00edaz<\/span><\/i><\/b><span data-ccp-props=\"{&quot;134233279&quot;:true,&quot;201341983&quot;:0,&quot;335559739&quot;:160,&quot;335559740&quot;:240}\">\u00a0<\/span><\/p>\n<p><b><i><span data-contrast=\"auto\">1<\/span><\/i><\/b><b><i><span data-contrast=\"auto\">2<\/span><\/i><\/b><b><i><span data-contrast=\"auto\">\/02\/2020, Xalapa, Ver.- <\/span><\/i><\/b><span data-contrast=\"auto\">Diego Alberto Acosta D\u00eda<\/span><span data-contrast=\"auto\">z<\/span><span data-contrast=\"auto\">,<\/span><span data-contrast=\"auto\"> estudiante<\/span><span data-contrast=\"auto\"> de la <a href=\"https:\/\/www.uv.mx\/musica\/\" target=\"_blank\" rel=\"noopener noreferrer\">Licenciatura en M\u00fasica<\/a>, opci\u00f3n Flauta<\/span><span data-contrast=\"auto\">, <\/span><span data-contrast=\"auto\">de<\/span><span data-contrast=\"auto\"> la Universidad Veracruzana (UV), realiz\u00f3 una movilidad en la <\/span><span data-contrast=\"auto\">Universidad <\/span><span data-contrast=\"auto\">de Birmingham, <\/span><span data-contrast=\"auto\">en <\/span><span data-contrast=\"auto\">Inglaterra<\/span><span data-contrast=\"auto\">, que le permiti\u00f3 establecer v\u00ednculos para posterio<\/span><span data-contrast=\"auto\">rmente cursar una maestr\u00eda en aqu<\/span><span data-contrast=\"auto\">e<\/span><span data-contrast=\"auto\">l continente.<\/span><span data-ccp-props=\"{&quot;134233279&quot;:true,&quot;201341983&quot;:0,&quot;335559739&quot;:160,&quot;335559740&quot;:240}\">\u00a0<\/span><\/p>\n<p><span data-contrast=\"auto\">\u201cLa m\u00fasica que estudio surge en Europa, <\/span><span data-contrast=\"auto\">entonces lo que buscaba era una universidad que estuviera en <\/span><span data-contrast=\"auto\">ese <\/span><span data-contrast=\"auto\">continente, para <\/span><span data-contrast=\"auto\">nutrirme del <\/span><span data-contrast=\"auto\">arte y la cultura<\/span><span data-contrast=\"auto\"> en su lugar de origen<\/span><span data-contrast=\"auto\">.\u201d<\/span><span data-ccp-props=\"{&quot;134233279&quot;:true,&quot;201341983&quot;:0,&quot;335559739&quot;:160,&quot;335559740&quot;:240}\">\u00a0<\/span><\/p>\n<p><span data-contrast=\"auto\">Diego cursa <\/span><span data-contrast=\"auto\">los \u00faltimos ciclos de la <\/span><span data-contrast=\"auto\">l<\/span><span data-contrast=\"auto\">icenciatura,<\/span> <span data-contrast=\"auto\">su objetivo era establecer v\u00ednculos para m\u00e1s adelante desarrollar all\u00e1 un posgrado, pero ante la exigencia, rigurosidad y disciplina de las materias que curs\u00f3 dej\u00f3 en <\/span><span data-contrast=\"auto\">un segundo plano tal propuesta.<\/span><span data-ccp-props=\"{&quot;134233279&quot;:true,&quot;201341983&quot;:0,&quot;335559739&quot;:160,&quot;335559740&quot;:240}\">\u00a0<\/span><\/p>\n<p><span data-contrast=\"auto\">\u201cAl<\/span><span data-contrast=\"auto\"> principio<\/span><span data-contrast=\"auto\"> no tuve tiempo para ir y tocar puertas, pero al final de mi movilidad lo qu<\/span><span data-contrast=\"auto\">e me gust\u00f3 mucho y<\/span><span data-contrast=\"auto\"> me sorprendi\u00f3 es que la oportunidad se me present\u00f3 sin que la esperar<\/span><span data-contrast=\"auto\">a. Creo que \u00e9<\/span><span data-contrast=\"auto\">sa es<\/span> <span data-contrast=\"auto\">la ventaja de este programa de movilidad<\/span><span data-contrast=\"auto\">: <\/span><span data-contrast=\"auto\">te permite abrir puertas para el futuro.\u201d<\/span><span data-ccp-props=\"{&quot;134233279&quot;:true,&quot;201341983&quot;:0,&quot;335559739&quot;:160,&quot;335559740&quot;:240}\">\u00a0<\/span><\/p>\n<p><span data-contrast=\"auto\">El estudiante de la Facultad de M\u00fasica de la UV, a la par de sus clases en la Universidad de <\/span><span data-contrast=\"auto\">Birmingham<\/span><span data-contrast=\"auto\">, tambi\u00e9n asist\u00eda al <\/span><span data-contrast=\"auto\">Royal Birmingham <\/span><span data-contrast=\"auto\">Conservatoire<\/span><span data-contrast=\"auto\">, instituci\u00f3n que le extendi\u00f3 una invitaci\u00f3n para m\u00e1s adelante cursar ah\u00ed <\/span><span data-contrast=\"auto\">la<\/span><span data-contrast=\"auto\"> Maestr\u00eda en Interpretaci\u00f3n.<\/span><span data-ccp-props=\"{&quot;134233279&quot;:true,&quot;201341983&quot;:0,&quot;335559731&quot;:708,&quot;335559739&quot;:160,&quot;335559740&quot;:240}\">\u00a0<\/span><\/p>\n<p><span data-contrast=\"auto\">\u201cEl lugar lo tengo, ahora es cuesti\u00f3n de buscar el sustento econ\u00f3mico\u201d, explic\u00f3.<\/span><span data-ccp-props=\"{&quot;134233279&quot;:true,&quot;201341983&quot;:0,&quot;335559731&quot;:708,&quot;335559739&quot;:160,&quot;335559740&quot;:240}\">\u00a0<\/span><\/p>\n<p><span data-contrast=\"auto\">El universitario apreci\u00f3 que el ritmo de trabajo acad\u00e9mico <\/span><span data-contrast=\"auto\">en Inglaterra <\/span><span data-contrast=\"auto\">es mucho m\u00e1s r\u00e1pido que el de ac\u00e1:<\/span> <span data-contrast=\"auto\">\u201c<\/span><span data-contrast=\"auto\">El<\/span><span data-contrast=\"auto\"> maestro llega, se para frente al grupo y se dedica a ense\u00f1arte, pero de ti depende si aprendes, porque tienes que llegar preparado, con previas lecturas y si algo no entiendes <\/span><span data-contrast=\"auto\">debes<\/span><span data-contrast=\"auto\"> preguntarle.<\/span><span data-ccp-props=\"{&quot;134233279&quot;:true,&quot;201341983&quot;:0,&quot;335559731&quot;:708,&quot;335559739&quot;:160,&quot;335559740&quot;:240}\">\u00a0<\/span><\/p>\n<p><span data-contrast=\"auto\">\u201dE<\/span><span data-contrast=\"auto\">n la siguiente clase <\/span><span data-contrast=\"auto\">explican<\/span><span data-contrast=\"auto\"> un tema completamente nuevo y dan por hecho que el anterior est\u00e1 entendido<\/span><span data-contrast=\"auto\">,<\/span><span data-contrast=\"auto\"> y en el examen viene todo lo<\/span><span data-contrast=\"auto\"> que viste en todas las clases.\u201d<\/span><span data-ccp-props=\"{&quot;134233279&quot;:true,&quot;201341983&quot;:0,&quot;335559731&quot;:708,&quot;335559739&quot;:160,&quot;335559740&quot;:240}\">\u00a0<\/span><\/p>\n<p><span data-contrast=\"auto\">Algo que tambi\u00e9n llam\u00f3 la atenci\u00f3n del universitario es que t<\/span><span data-contrast=\"auto\">al sistema <\/span><span data-contrast=\"auto\">educativo <\/span><span data-contrast=\"auto\">implica m\u00e1s compromiso y responsabilida<\/span><span data-contrast=\"auto\">d por parte de los estudiantes.<\/span><span data-ccp-props=\"{&quot;134233279&quot;:true,&quot;201341983&quot;:0,&quot;335559731&quot;:708,&quot;335559739&quot;:160,&quot;335559740&quot;:240}\">\u00a0<\/span><\/p>\n<p><span data-contrast=\"auto\">Pero para <\/span><span data-contrast=\"auto\">Diego Alberto<\/span><span data-contrast=\"auto\"> lo m\u00e1s enriquecedor de una movilidad estudiantil es el desarrollo<\/span><span data-contrast=\"auto\"> personal que se experimenta:<\/span><span data-contrast=\"auto\"> \u201cAl estar en una cultura diferente, en un pa\u00eds distinto, donde no conoces a nadie y no tienes familia ni nada, te enfrentas a los problemas peque\u00f1os \u2013como llevar a lavar tu ropa o saber c\u00f3mo funciona el transporte p\u00fablico\u2013 hasta aprende<\/span><span data-contrast=\"auto\">r<\/span><span data-contrast=\"auto\"> a<\/span><span data-contrast=\"auto\"> con<\/span><span data-contrast=\"auto\">ocerte <\/span><span data-contrast=\"auto\">m\u00e1s a ti mismo<\/span><span data-contrast=\"auto\">,<\/span><span data-contrast=\"auto\"> saber qui\u00e9n eres y qu\u00e9 te defi<\/span><span data-contrast=\"auto\">ne como persona<\/span><span data-contrast=\"auto\"> y demostrarlo\u201d.<\/span><span data-ccp-props=\"{&quot;134233279&quot;:true,&quot;201341983&quot;:0,&quot;335559731&quot;:708,&quot;335559739&quot;:160,&quot;335559740&quot;:240}\">\u00a0<\/span><\/p>\n<p><span data-contrast=\"auto\">El <\/span><span data-contrast=\"auto\">universitario su<\/span><span data-contrast=\"auto\">giri\u00f3<\/span><span data-contrast=\"auto\"> a sus compa\u00f1eros de Facultad y a los estudiantes de la UV en general<\/span><span data-contrast=\"auto\">,<\/span><span data-contrast=\"auto\"> perder el miedo a dejar <\/span><span data-contrast=\"auto\">su<\/span> <span data-contrast=\"auto\">comodidad<\/span><span data-contrast=\"auto\"> o poner como pretexto la barrera del idioma, y postularse para hacer una movilidad nacional o internacional, pues la experiencia adquirida es absolutamente enriquecedora.<\/span><span data-ccp-props=\"{&quot;134233279&quot;:true,&quot;201341983&quot;:0,&quot;335559731&quot;:708,&quot;335559739&quot;:160,&quot;335559740&quot;:240}\">\u00a0<\/span><\/p>\n","protected":false},"excerpt":{"rendered":"<p>\u201cEl programa de movilidad de nuestra Universidad te abre las puertas para el futuro\u201d: Diego Alberto Acosta <\/p>\n","protected":false},"author":1508,"featured_media":80310,"comment_status":"closed","ping_status":"closed","sticky":false,"template":"","format":"standard","meta":{"footnotes":""},"categories":[61],"tags":[],"class_list":["post-80309","post","type-post","status-publish","format-standard","has-post-thumbnail","hentry","category-banner"],"_links":{"self":[{"href":"https:\/\/www.uv.mx\/prensa\/wp-json\/wp\/v2\/posts\/80309","targetHints":{"allow":["GET"]}}],"collection":[{"href":"https:\/\/www.uv.mx\/prensa\/wp-json\/wp\/v2\/posts"}],"about":[{"href":"https:\/\/www.uv.mx\/prensa\/wp-json\/wp\/v2\/types\/post"}],"author":[{"embeddable":true,"href":"https:\/\/www.uv.mx\/prensa\/wp-json\/wp\/v2\/users\/1508"}],"replies":[{"embeddable":true,"href":"https:\/\/www.uv.mx\/prensa\/wp-json\/wp\/v2\/comments?post=80309"}],"version-history":[{"count":0,"href":"https:\/\/www.uv.mx\/prensa\/wp-json\/wp\/v2\/posts\/80309\/revisions"}],"wp:featuredmedia":[{"embeddable":true,"href":"https:\/\/www.uv.mx\/prensa\/wp-json\/wp\/v2\/media\/80310"}],"wp:attachment":[{"href":"https:\/\/www.uv.mx\/prensa\/wp-json\/wp\/v2\/media?parent=80309"}],"wp:term":[{"taxonomy":"category","embeddable":true,"href":"https:\/\/www.uv.mx\/prensa\/wp-json\/wp\/v2\/categories?post=80309"},{"taxonomy":"post_tag","embeddable":true,"href":"https:\/\/www.uv.mx\/prensa\/wp-json\/wp\/v2\/tags?post=80309"}],"curies":[{"name":"wp","href":"https:\/\/api.w.org\/{rel}","templated":true}]}}