{"id":80284,"date":"2020-02-11T09:00:13","date_gmt":"2020-02-11T15:00:13","guid":{"rendered":"https:\/\/www.uv.mx\/prensa\/?p=80284"},"modified":"2020-02-12T11:20:32","modified_gmt":"2020-02-12T17:20:32","slug":"la-poesia-companera-inseparable-de-mi-vida-jose-luis-rivas","status":"publish","type":"post","link":"https:\/\/www.uv.mx\/prensa\/cultura\/la-poesia-companera-inseparable-de-mi-vida-jose-luis-rivas\/","title":{"rendered":"La poes\u00eda, compa\u00f1era inseparable de mi vida: Jos\u00e9 Luis Rivas"},"content":{"rendered":"<ul>\n<li data-leveltext=\"\uf0b7\" data-font=\"Symbol\" data-listid=\"5\" data-aria-posinset=\"1\" data-aria-level=\"1\"><i><span data-contrast=\"auto\">\u00a0<\/span><\/i><i><span data-contrast=\"auto\">\u201cMi hermana mayor fue mi primer v\u00ednculo con la literatura\u201d<\/span><\/i><span data-ccp-props=\"{}\">\u00a0<\/span><\/li>\n<\/ul>\n<div id=\"attachment_80250\" style=\"width: 732px\" class=\"wp-caption aligncenter\"><a href=\"https:\/\/www.uv.mx\/prensa\/files\/2020\/02\/100220-Jose-Luis-Rivas.jpg\"><img loading=\"lazy\" decoding=\"async\" aria-describedby=\"caption-attachment-80250\" class=\"size-full wp-image-80250\" src=\"https:\/\/www.uv.mx\/prensa\/files\/2020\/02\/100220-Jose-Luis-Rivas.jpg\" alt=\"\" width=\"722\" height=\"481\" srcset=\"https:\/\/www.uv.mx\/prensa\/files\/2020\/02\/100220-Jose-Luis-Rivas.jpg 722w, https:\/\/www.uv.mx\/prensa\/files\/2020\/02\/100220-Jose-Luis-Rivas-300x200.jpg 300w\" sizes=\"auto, (max-width: 722px) 100vw, 722px\" \/><\/a><p id=\"caption-attachment-80250\" class=\"wp-caption-text\">Jos\u00e9 Luis Rivas V\u00e9lez<\/p><\/div>\n<p><b><i><span data-contrast=\"auto\">Carlos Hugo Hermida Rosales<\/span><\/i><\/b><span data-ccp-props=\"{}\">\u00a0<\/span><\/p>\n<p><b><i><span data-contrast=\"auto\">11\/02\/<\/span><\/i><\/b><b><i><span data-contrast=\"auto\">2020<\/span><\/i><\/b><b><i><span data-contrast=\"auto\">,<\/span><\/i><\/b> <b><i><span data-contrast=\"auto\">Xalapa, Ver.<\/span><\/i><\/b><b><i><span data-contrast=\"auto\">&#8211;<\/span><\/i><\/b> <span data-contrast=\"auto\">Jos\u00e9 Luis Rivas <\/span><span data-contrast=\"auto\">V\u00e9lez, escritor, traductor y poeta adscrito al <\/span><a href=\"https:\/\/www.uv.mx\/inslit\/\" target=\"_blank\" rel=\"noopener noreferrer\"><span data-contrast=\"auto\">Instituto<\/span><span data-contrast=\"auto\"> de Investigaciones Ling\u00fc\u00edstico-<\/span><\/a><span data-contrast=\"auto\">Literarias <\/span><span data-contrast=\"auto\">(IIL-L) de la Universidad Veracruzana (UV), <\/span><span data-contrast=\"auto\">es uno de los literatos nativos del estado de Veracruz con mayor renombre tanto a nivel nacional como internacional.<\/span><span data-ccp-props=\"{}\">\u00a0<\/span><\/p>\n<p><span data-contrast=\"auto\">Su producci\u00f3n como escritor <\/span><span data-contrast=\"auto\">es de gran calidad,<\/span> <span data-contrast=\"auto\">como lo denotan sus<\/span> <span data-contrast=\"auto\">obras<\/span> <i><span data-contrast=\"auto\">Fresca de Risa<\/span><\/i><span data-contrast=\"auto\">, <\/span><i><span data-contrast=\"auto\">La Balada del Capit\u00e1n<\/span><\/i><span data-contrast=\"auto\">,<\/span> <i><span data-contrast=\"auto\">La Transparencia del Deseo<\/span><\/i><span data-contrast=\"auto\"> y <\/span><i><span data-contrast=\"auto\">Brazos de Mar<\/span><\/i><span data-contrast=\"auto\">.<\/span><span data-ccp-props=\"{&quot;335559731&quot;:708}\">\u00a0<\/span><\/p>\n<p><span data-contrast=\"auto\">Ha traducido obras<\/span> <span data-contrast=\"auto\">de<\/span> <span data-contrast=\"auto\">los<\/span><span data-contrast=\"auto\"> poeta<\/span><span data-contrast=\"auto\">s franceses<\/span><span data-contrast=\"auto\"> Saint-John <\/span><span data-contrast=\"auto\">Perse<\/span><span data-contrast=\"auto\"> y Jean <\/span><span data-contrast=\"auto\">Nicolas<\/span><span data-contrast=\"auto\"> Arthur <\/span><span data-contrast=\"auto\">Rimbaud<\/span><span data-contrast=\"auto\">, <\/span><span data-contrast=\"auto\">del dramaturgo<\/span><span data-contrast=\"auto\"> brit\u00e1nico<\/span><span data-contrast=\"auto\"> Thomas <\/span><span data-contrast=\"auto\">Stearns<\/span><span data-contrast=\"auto\"> Eliot, del escritor liban\u00e9s Georges <\/span><span data-contrast=\"auto\">Schehad\u00e9<\/span><span data-contrast=\"auto\">,<\/span><span data-contrast=\"auto\"> del ensayista <\/span><span data-contrast=\"auto\">estadounidense <\/span><span data-contrast=\"auto\">Ezra<\/span> <span data-contrast=\"auto\">Pound<\/span><span data-contrast=\"auto\">, e <\/span><span data-contrast=\"auto\">incluso de William Shakespeare.<\/span><span data-ccp-props=\"{&quot;335559731&quot;:708}\">\u00a0<\/span><\/p>\n<p><span data-contrast=\"auto\">Los d\u00edas 6 y 7 de <\/span><span data-contrast=\"auto\">febrero <\/span><span data-contrast=\"auto\">la UV<\/span><span data-contrast=\"auto\">,<\/span><span data-contrast=\"auto\"> a trav\u00e9s del Instituto de Investigaciones en Educaci\u00f3n y el IIL-L, <\/span><span data-contrast=\"auto\">en conjunto con <\/span><span data-contrast=\"auto\">la C\u00e1tedra Interamericana \u201cCarlos Fuentes\u201d\u202f<\/span><span data-contrast=\"auto\">,<\/span><span data-contrast=\"auto\"> realizaron<\/span><span data-contrast=\"auto\"> el evento <\/span><span data-contrast=\"auto\">acad\u00e9mico \u201cLuz de mar abierto\u201d<\/span><span data-contrast=\"auto\">, en el que investigadores, estudiantes, docentes y escritores rindieron homenaje a este laureado poeta.\u00a0<\/span><span data-ccp-props=\"{&quot;335559731&quot;:708}\">\u00a0<\/span><\/p>\n<p><span data-contrast=\"auto\">Jos\u00e9 Luis Rivas <\/span><span data-contrast=\"auto\">naci\u00f3 en Tuxpan, Veracruz<\/span><span data-contrast=\"auto\">,<\/span> <span data-contrast=\"auto\">en 1950, a\u00f1o en que esta ciudad contaba <\/span><span data-contrast=\"auto\">apenas con unos cuantos miles de habitantes<\/span> <span data-contrast=\"auto\">que comenzaban a experimentar los cambios que tra\u00eda consigo la modernidad como la energ\u00eda el\u00e9ctrica y la radio, y posteriormente la televisi\u00f3n.\u00a0<\/span><span data-ccp-props=\"{&quot;335559731&quot;:708}\">\u00a0<\/span><\/p>\n<p><span data-contrast=\"auto\">En sus alrededores era com\u00fan<\/span> <span data-contrast=\"auto\">la presencia de <\/span><span data-contrast=\"auto\">animales como onza, armadillo y tej\u00f3n, <\/span><span data-contrast=\"auto\">adem\u00e1s<\/span> <span data-contrast=\"auto\">de una amplia variedad de aves y reptiles.\u00a0<\/span><span data-ccp-props=\"{&quot;335559731&quot;:708}\">\u00a0<\/span><\/p>\n<p><span data-contrast=\"auto\">M<\/span><span data-contrast=\"auto\">encion\u00f3 que en buena medida ha<\/span><span data-contrast=\"auto\"> escrito muchas cosas relacionadas <\/span><span data-contrast=\"auto\">con<\/span> <span data-contrast=\"auto\">sus<\/span><span data-contrast=\"auto\"> a\u00f1os de infancia y juventud que <\/span><span data-contrast=\"auto\">pas\u00f3<\/span><span data-contrast=\"auto\"> en esta ciudad. <\/span><span data-contrast=\"auto\">\u201cHace 40 a\u00f1os a\u00fan me toc\u00f3 conocer una Tuxpan muy bella<\/span><span data-contrast=\"auto\">,<\/span><span data-contrast=\"auto\"> con una gran exuberancia, y a trav\u00e9s de la poes\u00eda y escritura doy cuenta de ello\u201d, mencion\u00f3.\u00a0<\/span><span data-ccp-props=\"{&quot;335559731&quot;:708}\">\u00a0<\/span><\/p>\n<p><span data-contrast=\"auto\">Jos\u00e9 Luis Rivas relat\u00f3 que su primer v\u00ednculo con la literatura fue a trav\u00e9s de su hermana, siete a\u00f1os mayor que \u00e9l, quien<\/span> <span data-contrast=\"auto\">frecuentemente le le\u00eda textos que ella apreciaba.<\/span><span data-ccp-props=\"{&quot;335559731&quot;:708}\">\u00a0<\/span><\/p>\n<p><span data-contrast=\"auto\">\u201cCon su experiencia en lectura de libros, mi hermana tom\u00f3 el papel involuntario de mi maestra en el \u00e1mbito de las letras\u201d, declar\u00f3.\u00a0<\/span><span data-ccp-props=\"{&quot;335559731&quot;:708}\">\u00a0<\/span><\/p>\n<p><span data-contrast=\"auto\">A lo largo de su trayectoria, el escritor ha sido galardonado con diversos reconocimientos, y entre ellos sobresale el P<\/span><span data-contrast=\"auto\">re<\/span><span data-contrast=\"auto\">mio Nacional de Periodismo de M\u00e9xico que le fue otorgado <\/span><span data-contrast=\"auto\">en 1987 <\/span><span data-contrast=\"auto\">a la Gaceta <\/span><span data-contrast=\"auto\">del Fondo de Cultura Econ\u00f3mica en el \u00e1rea de Divulgaci\u00f3n Cultural, cuando \u00e9l era coordinador de esta publicaci\u00f3n.\u00a0<\/span><span data-ccp-props=\"{&quot;335559731&quot;:708}\">\u00a0<\/span><\/p>\n<p><span data-contrast=\"auto\">\u201cEste premio produjo mucha alegr\u00eda en todos los colaboradores de esta gaceta; \u00e9ramos un equipo bastante amalgamado que se nutr\u00eda de las ense\u00f1anzas de<\/span><span data-contrast=\"auto\"> Jaime Garc\u00eda <\/span><span data-contrast=\"auto\">Terr\u00e9s<\/span><span data-contrast=\"auto\">, director del Fondo de Cultura Econ\u00f3mica en aquella \u00e9poca\u201d, coment\u00f3.<\/span><span data-contrast=\"auto\">\u00a0<\/span><span data-ccp-props=\"{&quot;335559731&quot;:708}\">\u00a0<\/span><\/p>\n<p><span data-contrast=\"auto\">El literato comparti\u00f3 que dirigir el Departamento de Educaci\u00f3n en el Instituto Veracruzano de la Cultura,<\/span><span data-contrast=\"auto\"> as\u00ed como la E<\/span><span data-contrast=\"auto\">ditorial de la UV<\/span><span data-contrast=\"auto\">,<\/span><span data-contrast=\"auto\"> fue una labor que disfrut\u00f3 en gran medida, <\/span><span data-contrast=\"auto\">que signific\u00f3 una alternancia en su vida, despu\u00e9s de residir 20 a\u00f1os en la <\/span><span data-contrast=\"auto\">C<\/span><span data-contrast=\"auto\">iudad de M\u00e9xico.\u00a0<\/span><span data-ccp-props=\"{&quot;335559731&quot;:708}\">\u00a0<\/span><\/p>\n<p><span data-contrast=\"auto\">Jos\u00e9 Luis Rivas actualmente combina la investigaci\u00f3n con la docencia dentro del IIL-L, pero sin dejar de lado la labor po\u00e9tica, que es su gran pasi\u00f3n.\u00a0<\/span><span data-ccp-props=\"{&quot;335559731&quot;:708}\">\u00a0<\/span><\/p>\n<p><span data-contrast=\"auto\">\u201cLa poes\u00eda es una compa\u00f1era inseparable de mi vida\u201d, <\/span><span data-contrast=\"auto\">afirm<\/span><span data-contrast=\"auto\">\u00f3.<\/span><span data-contrast=\"auto\">\u00a0<\/span><span data-ccp-props=\"{&quot;335559731&quot;:708}\">\u00a0<\/span><\/p>\n","protected":false},"excerpt":{"rendered":"<p>\u201cCon su experiencia en lectura de libros, mi hermana tom\u00f3 el papel involuntario de maestra en el \u00e1mbito de las letras\u201d<\/p>\n","protected":false},"author":1508,"featured_media":80250,"comment_status":"closed","ping_status":"closed","sticky":false,"template":"","format":"standard","meta":{"footnotes":""},"categories":[11],"tags":[],"class_list":["post-80284","post","type-post","status-publish","format-standard","has-post-thumbnail","hentry","category-cultura"],"_links":{"self":[{"href":"https:\/\/www.uv.mx\/prensa\/wp-json\/wp\/v2\/posts\/80284","targetHints":{"allow":["GET"]}}],"collection":[{"href":"https:\/\/www.uv.mx\/prensa\/wp-json\/wp\/v2\/posts"}],"about":[{"href":"https:\/\/www.uv.mx\/prensa\/wp-json\/wp\/v2\/types\/post"}],"author":[{"embeddable":true,"href":"https:\/\/www.uv.mx\/prensa\/wp-json\/wp\/v2\/users\/1508"}],"replies":[{"embeddable":true,"href":"https:\/\/www.uv.mx\/prensa\/wp-json\/wp\/v2\/comments?post=80284"}],"version-history":[{"count":0,"href":"https:\/\/www.uv.mx\/prensa\/wp-json\/wp\/v2\/posts\/80284\/revisions"}],"wp:featuredmedia":[{"embeddable":true,"href":"https:\/\/www.uv.mx\/prensa\/wp-json\/wp\/v2\/media\/80250"}],"wp:attachment":[{"href":"https:\/\/www.uv.mx\/prensa\/wp-json\/wp\/v2\/media?parent=80284"}],"wp:term":[{"taxonomy":"category","embeddable":true,"href":"https:\/\/www.uv.mx\/prensa\/wp-json\/wp\/v2\/categories?post=80284"},{"taxonomy":"post_tag","embeddable":true,"href":"https:\/\/www.uv.mx\/prensa\/wp-json\/wp\/v2\/tags?post=80284"}],"curies":[{"name":"wp","href":"https:\/\/api.w.org\/{rel}","templated":true}]}}