{"id":80273,"date":"2020-02-11T10:40:58","date_gmt":"2020-02-11T16:40:58","guid":{"rendered":"https:\/\/www.uv.mx\/prensa\/?p=80273"},"modified":"2020-02-12T11:13:04","modified_gmt":"2020-02-12T17:13:04","slug":"dgti-impartira-cursos-de-programacion-y-modelado-3d","status":"publish","type":"post","link":"https:\/\/www.uv.mx\/prensa\/eventos\/dgti-impartira-cursos-de-programacion-y-modelado-3d\/","title":{"rendered":"DGTI impartir\u00e1 cursos de Programaci\u00f3n y Modelado 3D"},"content":{"rendered":"<ul>\n<li data-leveltext=\"\uf0b7\" data-font=\"Symbol\" data-listid=\"2\" data-aria-posinset=\"0\" data-aria-level=\"1\"><i><span data-contrast=\"auto\">E<\/span><\/i><i><span data-contrast=\"auto\">st\u00e1n dirigidos a dise\u00f1adores gr\u00e1ficos, arquitectos,<\/span><\/i> <i><span data-contrast=\"auto\">ingenieros, programadores en sistemas de c\u00f3mputo,<\/span><\/i> <i><span data-contrast=\"auto\">estudiante<\/span><\/i><i><span data-contrast=\"auto\">s de carreras afines y p\u00fablico <\/span><\/i><i><span data-contrast=\"auto\">interesado<\/span><\/i><span data-ccp-props=\"{&quot;201341983&quot;:0,&quot;335559739&quot;:0,&quot;335559740&quot;:240}\">\u00a0<\/span><\/li>\n<\/ul>\n<div id=\"attachment_80254\" style=\"width: 732px\" class=\"wp-caption aligncenter\"><a href=\"https:\/\/www.uv.mx\/prensa\/files\/2020\/02\/100220-Cursos-de-la-DGTI-1.jpg\"><img loading=\"lazy\" decoding=\"async\" aria-describedby=\"caption-attachment-80254\" class=\"size-full wp-image-80254\" src=\"https:\/\/www.uv.mx\/prensa\/files\/2020\/02\/100220-Cursos-de-la-DGTI-1.jpg\" alt=\"\" width=\"722\" height=\"481\" srcset=\"https:\/\/www.uv.mx\/prensa\/files\/2020\/02\/100220-Cursos-de-la-DGTI-1.jpg 722w, https:\/\/www.uv.mx\/prensa\/files\/2020\/02\/100220-Cursos-de-la-DGTI-1-300x200.jpg 300w\" sizes=\"auto, (max-width: 722px) 100vw, 722px\" \/><\/a><p id=\"caption-attachment-80254\" class=\"wp-caption-text\">Eduardo Mijangos, Carolina Rinc\u00f3n y Jes\u00fas Efr\u00e9n Mart\u00ednez<\/p><\/div>\n<p><b><i><span data-contrast=\"auto\">Jos\u00e9 Luis <\/span><\/i><\/b><b><i><span data-contrast=\"auto\">Couttolenc<\/span><\/i><\/b><b><i><span data-contrast=\"auto\"> Soto<\/span><\/i><\/b><span data-ccp-props=\"{&quot;201341983&quot;:0,&quot;335559739&quot;:0,&quot;335559740&quot;:240}\">\u00a0<\/span><\/p>\n<p><b><i><span data-contrast=\"auto\">11<\/span><\/i><\/b><b><i><span data-contrast=\"auto\">\/<\/span><\/i><\/b><b><i><span data-contrast=\"auto\">0<\/span><\/i><\/b><b><i><span data-contrast=\"auto\">2<\/span><\/i><\/b><b><i><span data-contrast=\"auto\">\/2020<\/span><\/i><\/b><b><i><span data-contrast=\"auto\">,<\/span><\/i><\/b><b><i><span data-contrast=\"auto\"> Xalapa, Ver.-<\/span><\/i><\/b><span data-contrast=\"auto\"> La <a href=\"https:\/\/www.uv.mx\/dgti\/\" target=\"_blank\" rel=\"noopener noreferrer\">D<\/a><\/span><span data-contrast=\"auto\">irecci\u00f3n <\/span><span data-contrast=\"auto\">G<\/span><span data-contrast=\"auto\">eneral de Tecnolog\u00eda de la Informaci\u00f3n (DGTI) de <\/span><span data-contrast=\"auto\">la Universidad Veracruzana (UV), <\/span><span data-contrast=\"auto\">a trav\u00e9s<\/span><span data-contrast=\"auto\"> de <\/span><span data-contrast=\"auto\">la<\/span> <span data-contrast=\"auto\">D<\/span><span data-contrast=\"auto\">irecci\u00f3n de Extensi\u00f3n de Servicios Tecnol\u00f3gicos, ofrece<\/span> <span data-contrast=\"auto\">los c<\/span><span data-contrast=\"auto\">ursos Programaci\u00f3n con REACT JS<\/span><span data-contrast=\"auto\"> y Modelado 3D con <\/span><span data-contrast=\"auto\">Rhino<\/span><span data-contrast=\"auto\">, dirigidos a ingenieros, programadores en sistemas de c\u00f3mputo, dise\u00f1adores gr\u00e1ficos, arquitectos, alumnos de carreras afines y p\u00fablico en general interesado en el tema.<\/span><span data-ccp-props=\"{&quot;201341983&quot;:0,&quot;335559739&quot;:0,&quot;335559740&quot;:240}\">\u00a0<\/span><\/p>\n<p><span data-contrast=\"auto\">Jes\u00fas Efr<\/span><span data-contrast=\"auto\">\u00e9n Mart\u00ednez Rojas, coordinador c<\/span><span data-contrast=\"auto\">orporativo de la DGTI<\/span><span data-contrast=\"auto\">,<\/span><span data-contrast=\"auto\"> expuso que est<\/span><span data-contrast=\"auto\">os <\/span><span data-contrast=\"auto\">cursos se ofrecen principalmente en ciudades como Monterrey, Guadalajara y Ciudad de M\u00e9xico con un costo cercano a los 10 mil pesos<\/span><span data-contrast=\"auto\">. En contraste<\/span><span data-contrast=\"auto\"> la UV <\/span><span data-contrast=\"auto\">impartir\u00e1 los mismos con un costo de tres mil pesos <\/span><span data-contrast=\"auto\">(cada uno) <\/span><span data-contrast=\"auto\">pagaderos en dos parcialidades<\/span><span data-contrast=\"auto\">; <\/span><span data-contrast=\"auto\">al t\u00e9rmino de ellos se entregar\u00e1 una constancia con valor curricular avalada por el Departamento de Educaci\u00f3n Continua.<\/span><span data-ccp-props=\"{&quot;201341983&quot;:0,&quot;335559739&quot;:0,&quot;335559740&quot;:240}\">\u00a0<\/span><\/p>\n<p><span data-contrast=\"auto\">El curso REACT JS estar\u00e1 a cargo de Carolina Rinc\u00f3n Canseco, ingeniera en sistemas computacionales, docente en programaci\u00f3n, <\/span><i><span data-contrast=\"auto\">Photoshop<\/span><\/i><span data-contrast=\"auto\">, creaci\u00f3n de p\u00e1ginas <\/span><i><span data-contrast=\"auto\">w<\/span><\/i><i><span data-contrast=\"auto\">eb<\/span><\/i><span data-contrast=\"auto\">, paquete<\/span><span data-contrast=\"auto\">r\u00eda y mantenimiento de c\u00f3mputo. E<\/span><span data-contrast=\"auto\">xplic\u00f3 que REACT JS <\/span><span data-contrast=\"auto\">permite la creaci\u00f3n de p\u00e1ginas <\/span><i><span data-contrast=\"auto\">w<\/span><\/i><i><span data-contrast=\"auto\">eb<\/span><\/i><span data-contrast=\"auto\"> interactivas en aplicaciones m\u00f3viles nativas, tanto en <\/span><i><span data-contrast=\"auto\">Android<\/span><\/i><span data-contrast=\"auto\"> como en <\/span><i><span data-contrast=\"auto\">iOS<\/span><\/i><span data-contrast=\"auto\">; \u201ces una herramienta dise\u00f1ada para su f\u00e1cil entendimiento, <\/span><span data-contrast=\"auto\">hace que <\/span><span data-contrast=\"auto\">las <\/span><span data-contrast=\"auto\">p\u00e1ginas <\/span><span data-contrast=\"auto\">\u2013de plataformas como <\/span><i><span data-contrast=\"auto\">Facebook<\/span><\/i><span data-contrast=\"auto\">, <\/span><i><span data-contrast=\"auto\">Instagram<\/span><\/i><span data-contrast=\"auto\"> y <\/span><i><span data-contrast=\"auto\">Netflix<\/span><\/i><span data-contrast=\"auto\">\u2013<\/span> <span data-contrast=\"auto\">sean mucho m\u00e1s din\u00e1micas y f\u00e1ciles de cargar en cualquier tipo de dispositivo\u201d<\/span><span data-contrast=\"auto\">.<\/span><span data-ccp-props=\"{&quot;201341983&quot;:0,&quot;335559739&quot;:0,&quot;335559740&quot;:240}\">\u00a0<\/span><\/p>\n<p><span data-contrast=\"auto\">Los interesados en tomar este curso deben <\/span><span data-contrast=\"auto\">tener<\/span><span data-contrast=\"auto\"> conocimientos b\u00e1sicos en HTML (<\/span><span data-contrast=\"auto\">Hyper<\/span><span data-contrast=\"auto\"> Text <\/span><span data-contrast=\"auto\">Markup<\/span> <span data-contrast=\"auto\">Languaje<\/span><span data-contrast=\"auto\">) y en CSS<\/span><span data-contrast=\"auto\"> (<\/span><span data-contrast=\"auto\">Cascading<\/span><span data-contrast=\"auto\"> Style <\/span><span data-contrast=\"auto\">Cheets<\/span><span data-contrast=\"auto\">)<\/span><span data-contrast=\"auto\">, aunque, precis\u00f3, el curso est\u00e1 dise\u00f1ado para que de manera presencial los asistentes vayan desarrollando habilidades.<\/span><span data-ccp-props=\"{&quot;201341983&quot;:0,&quot;335559739&quot;:0,&quot;335559740&quot;:240}\">\u00a0<\/span><\/p>\n<p><span data-contrast=\"auto\">Por su parte Eduardo Mijangos Mar<\/span><span data-contrast=\"auto\">t\u00ednez, instructor del curso de M<\/span><span data-contrast=\"auto\">odelado 3<\/span><span data-contrast=\"auto\">D con <\/span><span data-contrast=\"auto\">Rhino<\/span><span data-contrast=\"auto\">, dio a conocer que \u00e9<\/span><span data-contrast=\"auto\">ste es un programa dedicado a la modelaci\u00f3n de formas complejas<\/span><span data-contrast=\"auto\">:<\/span><span data-contrast=\"auto\"> \u201c<\/span><span data-contrast=\"auto\">B<\/span><span data-contrast=\"auto\">\u00e1sicamente es un <\/span><span data-contrast=\"auto\">CAD <\/span><span data-contrast=\"auto\">(<\/span><span data-contrast=\"auto\">programa para dibujo asistido<\/span><span data-contrast=\"auto\">)<\/span><span data-contrast=\"auto\"> y la ventaja de <\/span><span data-contrast=\"auto\">Rhino<\/span><span data-contrast=\"auto\"> es que tien<\/span><span data-contrast=\"auto\">e su procesamiento a trav\u00e9s de <\/span><i><span data-contrast=\"auto\">n<\/span><\/i><i><span data-contrast=\"auto\">uts<\/span><\/i><span data-contrast=\"auto\"> que son curvas complejas y utiliza ecuaciones matem\u00e1ticas para realizar sus operaciones<\/span><span data-contrast=\"auto\">; <\/span><span data-contrast=\"auto\">esto no quiere decir que sea un programa complejo, por el contrar<\/span><span data-contrast=\"auto\">io<\/span><span data-contrast=\"auto\"> es muy sencillo, similar a cualquier otro que se use para modelar o <\/span><i><span data-contrast=\"auto\">AutoCad<\/span><\/i><span data-contrast=\"auto\">, se utiliza mucho en arquitectura para idear formas y conceptos de edificios, <\/span><span data-contrast=\"auto\">con<\/span><span data-contrast=\"auto\"> muchas aplicaciones m\u00e1s\u201d.<\/span><span data-ccp-props=\"{&quot;201341983&quot;:0,&quot;335559739&quot;:0,&quot;335559740&quot;:240}\">\u00a0<\/span><\/p>\n<p><span data-contrast=\"auto\">Ambos cursos constar\u00e1n de 40 horas distribuidas en seis sesiones sabatinas de <\/span><span data-contrast=\"auto\">9:00<\/span><span data-contrast=\"auto\"> a 16<\/span><span data-contrast=\"auto\">:00<\/span><span data-contrast=\"auto\"> horas, los d\u00edas 22 y 29 de febrero, y <\/span><span data-contrast=\"auto\">7<\/span><span data-contrast=\"auto\">, 14, 21 y 28 de marzo.<\/span><span data-ccp-props=\"{&quot;201341983&quot;:0,&quot;335559739&quot;:0,&quot;335559740&quot;:240}\">\u00a0<\/span><\/p>\n<p><span data-contrast=\"auto\">Quienes deseen m\u00e1s<\/span><span data-contrast=\"auto\"> informes <\/span><span data-contrast=\"auto\">o inscribirse al curso<\/span><span data-contrast=\"auto\"> de REACT JS<\/span><span data-contrast=\"auto\">, dirigirse<\/span><span data-contrast=\"auto\"> con Karen Garc\u00eda <\/span><span data-contrast=\"auto\">Lagunes<\/span> <span data-contrast=\"auto\">en e<\/span><span data-contrast=\"auto\">l tel\u00e9fono (228) 8421700 extensi\u00f3n 11523 y correo electr\u00f3nico <\/span><a href=\"mailto:coordes11@uv.mx\"><span data-contrast=\"none\">coordes11@uv.mx<\/span><\/a><span data-contrast=\"auto\">;<\/span><span data-contrast=\"auto\"> y Jes\u00fas E. Mart\u00ednez, extensi\u00f3n 11667 con correo <\/span><a href=\"mailto:efmartinez@uv.mx\"><span data-contrast=\"none\">efmartinez@uv.mx<\/span><\/a><span data-contrast=\"auto\">.<\/span> <span data-contrast=\"auto\">P<\/span><span data-contrast=\"auto\">ara el <\/span><span data-contrast=\"auto\">curso de M<\/span><span data-contrast=\"auto\">odelado 3D con <\/span><span data-contrast=\"auto\">Rhino<\/span><span data-contrast=\"auto\"> contactar a Ana Alejandra Ceballos Garc\u00eda, extensi\u00f3n 11526 y correo <\/span><a href=\"mailto:coordest12@uv.mx\"><span data-contrast=\"none\">coordest12@uv.mx<\/span><\/a><span data-contrast=\"auto\">, as\u00ed como a Jes\u00fas E. Mart\u00ednez.<\/span><span data-ccp-props=\"{&quot;201341983&quot;:0,&quot;335559739&quot;:0,&quot;335559740&quot;:240}\">\u00a0<\/span><\/p>\n","protected":false},"excerpt":{"rendered":"<p>Constar\u00e1n de 40 horas, distribuidas en seis sesiones sabatinas de 9:00 a 16:00 horas, los d\u00edas 22 y 29 de febrero, 7, 14, 21 y 28 de marzo<\/p>\n","protected":false},"author":1508,"featured_media":80254,"comment_status":"closed","ping_status":"closed","sticky":false,"template":"","format":"standard","meta":{"footnotes":""},"categories":[47],"tags":[],"class_list":["post-80273","post","type-post","status-publish","format-standard","has-post-thumbnail","hentry","category-eventos"],"_links":{"self":[{"href":"https:\/\/www.uv.mx\/prensa\/wp-json\/wp\/v2\/posts\/80273","targetHints":{"allow":["GET"]}}],"collection":[{"href":"https:\/\/www.uv.mx\/prensa\/wp-json\/wp\/v2\/posts"}],"about":[{"href":"https:\/\/www.uv.mx\/prensa\/wp-json\/wp\/v2\/types\/post"}],"author":[{"embeddable":true,"href":"https:\/\/www.uv.mx\/prensa\/wp-json\/wp\/v2\/users\/1508"}],"replies":[{"embeddable":true,"href":"https:\/\/www.uv.mx\/prensa\/wp-json\/wp\/v2\/comments?post=80273"}],"version-history":[{"count":0,"href":"https:\/\/www.uv.mx\/prensa\/wp-json\/wp\/v2\/posts\/80273\/revisions"}],"wp:featuredmedia":[{"embeddable":true,"href":"https:\/\/www.uv.mx\/prensa\/wp-json\/wp\/v2\/media\/80254"}],"wp:attachment":[{"href":"https:\/\/www.uv.mx\/prensa\/wp-json\/wp\/v2\/media?parent=80273"}],"wp:term":[{"taxonomy":"category","embeddable":true,"href":"https:\/\/www.uv.mx\/prensa\/wp-json\/wp\/v2\/categories?post=80273"},{"taxonomy":"post_tag","embeddable":true,"href":"https:\/\/www.uv.mx\/prensa\/wp-json\/wp\/v2\/tags?post=80273"}],"curies":[{"name":"wp","href":"https:\/\/api.w.org\/{rel}","templated":true}]}}