{"id":80239,"date":"2020-02-10T16:15:50","date_gmt":"2020-02-10T22:15:50","guid":{"rendered":"https:\/\/www.uv.mx\/prensa\/?p=80239"},"modified":"2020-02-12T11:39:40","modified_gmt":"2020-02-12T17:39:40","slug":"programa-musica-y-literatura-dedicado-a-beethoven","status":"publish","type":"post","link":"https:\/\/www.uv.mx\/prensa\/eventos\/programa-musica-y-literatura-dedicado-a-beethoven\/","title":{"rendered":"Programa \u201cM\u00fasica y Literatura\u201d, dedicado a Beethoven"},"content":{"rendered":"<ul>\n<li data-leveltext=\"\uf0b7\" data-font=\"Symbol\" data-listid=\"1\" data-aria-posinset=\"1\" data-aria-level=\"1\"><i><span data-contrast=\"auto\">Inicia <\/span><\/i><i><span data-contrast=\"auto\">el<\/span><\/i><i><span data-contrast=\"auto\"> mi\u00e9rcoles 12 de febrero a las 10<\/span><\/i><i><span data-contrast=\"auto\">:00<\/span><\/i><i><span data-contrast=\"auto\"> horas en la sala de videoconferencias de <\/span><\/i><i><span data-contrast=\"auto\">la <\/span><\/i><i><span data-contrast=\"auto\">USBI<\/span><\/i><span data-ccp-props=\"{&quot;134233279&quot;:true}\">\u00a0<\/span><\/li>\n<li data-leveltext=\"\uf0b7\" data-font=\"Symbol\" data-listid=\"1\" data-aria-posinset=\"2\" data-aria-level=\"1\"><i><span data-contrast=\"auto\">Guillermo Cuevas <\/span><\/i><i><span data-contrast=\"auto\">Mora <\/span><\/i><i><span data-contrast=\"auto\">expondr\u00e1 influencias y hechos hist\u00f3ricos inherentes<\/span><\/i><span data-ccp-props=\"{&quot;134233279&quot;:true}\">\u00a0<\/span><\/li>\n<\/ul>\n<div id=\"attachment_80242\" style=\"width: 732px\" class=\"wp-caption aligncenter\"><a href=\"https:\/\/www.uv.mx\/prensa\/files\/2020\/02\/100220-Musica-y-literatura-2020.jpg\"><img aria-describedby=\"caption-attachment-80242\" decoding=\"async\" loading=\"lazy\" class=\"size-full wp-image-80242\" src=\"https:\/\/www.uv.mx\/prensa\/files\/2020\/02\/100220-Musica-y-literatura-2020.jpg\" alt=\"\" width=\"722\" height=\"481\" srcset=\"https:\/\/www.uv.mx\/prensa\/files\/2020\/02\/100220-Musica-y-literatura-2020.jpg 722w, https:\/\/www.uv.mx\/prensa\/files\/2020\/02\/100220-Musica-y-literatura-2020-300x200.jpg 300w\" sizes=\"(max-width: 722px) 100vw, 722px\" \/><\/a><p id=\"caption-attachment-80242\" class=\"wp-caption-text\">Guillermo Cuevas Mora<\/p><\/div>\n<p><b><i><span data-contrast=\"auto\">Jorge V\u00e1zquez Pacheco<\/span><\/i><\/b><span data-ccp-props=\"{&quot;134233279&quot;:true,&quot;335559685&quot;:720}\">\u00a0<\/span><\/p>\n<p><b><i><span data-contrast=\"auto\">1<\/span><\/i><\/b><b><i><span data-contrast=\"auto\">0<\/span><\/i><\/b><b><i><span data-contrast=\"auto\">\/<\/span><\/i><\/b><b><i><span data-contrast=\"auto\">02<\/span><\/i><\/b><b><i><span data-contrast=\"auto\">\/2020<\/span><\/i><\/b><b><i><span data-contrast=\"auto\">,<\/span><\/i><\/b> <b><i><span data-contrast=\"auto\">Xalapa, <\/span><\/i><\/b><b><i><span data-contrast=\"auto\">Ver<\/span><\/i><\/b><b><i><span data-contrast=\"auto\">.<\/span><\/i><\/b><b><i><span data-contrast=\"auto\">&#8211;<\/span><\/i><\/b> <span data-contrast=\"auto\">Como parte de la conmemoraci\u00f3n que la<a href=\"https:\/\/www.uv.mx\/\" target=\"_blank\" rel=\"noopener noreferrer\"> Universidad Veracruzana<\/a> <\/span><span data-contrast=\"auto\">(UV) <\/span><span data-contrast=\"auto\">dedica al 250 aniversario del natalicio de Ludwig van Beethoven, la Especializaci\u00f3n en Promoci\u00f3n de <\/span><span data-contrast=\"auto\">la Lectura <\/span><span data-contrast=\"auto\">ha <\/span><span data-contrast=\"auto\">dedicado el P<\/span><span data-contrast=\"auto\">rogramado <\/span><span data-contrast=\"auto\">\u201cM\u00fasica y Literatura\u201d<\/span> <span data-contrast=\"auto\">d<\/span><span data-contrast=\"auto\">el presente semestre <\/span><span data-contrast=\"auto\">a<\/span> <span data-contrast=\"auto\">las m\u00e1s variadas facetas <\/span><span data-contrast=\"auto\">en vida y obra del genio <\/span><span data-contrast=\"auto\">creador nacido en Bonn en 1770.<\/span><span data-ccp-props=\"{}\">\u00a0<\/span><\/p>\n<p><span data-contrast=\"auto\">El <\/span><span data-contrast=\"auto\">acad\u00e9mico y m\u00fasico Guillermo Cuevas <\/span><span data-contrast=\"auto\">Mora <\/span><span data-contrast=\"auto\">indic\u00f3<\/span><span data-contrast=\"auto\"> que se abordar\u00e1n tambi\u00e9n los aspectos relacionados con <\/span><span data-contrast=\"auto\">los <\/span><span data-contrast=\"auto\">fundament<\/span><span data-contrast=\"auto\">os <\/span><span data-contrast=\"auto\">de su tiempo: la pol\u00edtica,<\/span> <span data-contrast=\"auto\">la ciencia, la filosof\u00eda, la literatura, el desarro<\/span><span data-contrast=\"auto\">llo tecnol\u00f3gico y los contextos sociohist\u00f3ricos.<\/span><span data-ccp-props=\"{&quot;335559731&quot;:708}\">\u00a0<\/span><\/p>\n<p><span data-contrast=\"auto\">\u201cD<\/span><span data-contrast=\"auto\">e ninguna forma es <\/span><span data-contrast=\"auto\">improcedente <\/span><span data-contrast=\"auto\">reiterar <\/span><span data-contrast=\"auto\">la importancia de<\/span> <span data-contrast=\"auto\">Beethoven en la historia de la h<\/span><span data-contrast=\"auto\">umanidad<\/span><span data-contrast=\"auto\">. <\/span><span data-contrast=\"auto\">Que nos baste con tener en mente que ha sido el primer <\/span><span data-contrast=\"auto\">compositor cuya<\/span> <span data-contrast=\"auto\">permanencia en la conciencia del p\u00fablico no sufri\u00f3 ninguna etapa de olvido <\/span><span data-contrast=\"auto\">a partir de su muerte<\/span><span data-contrast=\"auto\"> en 1827<\/span><span data-contrast=\"auto\">\u201d<\/span><span data-contrast=\"auto\">,<\/span> <span data-contrast=\"auto\">se\u00f1al<\/span><span data-contrast=\"auto\">\u00f3 el entrevistado.<\/span><span data-ccp-props=\"{&quot;335559731&quot;:708}\">\u00a0<\/span><\/p>\n<p><span data-contrast=\"auto\">Puso <\/span><span data-contrast=\"auto\">especial acento en el hecho de que la <\/span><span data-contrast=\"auto\">difusi\u00f3n de su obra conoc<\/span><span data-contrast=\"auto\">e <\/span><span data-contrast=\"auto\">un <\/span><span data-contrast=\"auto\">avasallante incremento <\/span><span data-contrast=\"auto\">a trav\u00e9s de historiadores, bi\u00f3grafos, ex\u00e9getas y, sobre todo,<\/span><span data-contrast=\"auto\"> la larga lista de <\/span><span data-contrast=\"auto\">int\u00e9rpretes de su m\u00fasica: directores, orquestas, soli<\/span><span data-contrast=\"auto\">stas instrumentales, cantantes, <\/span><span data-contrast=\"auto\">coros y conjuntos de c\u00e1mara<\/span><span data-contrast=\"auto\">.<\/span><span data-ccp-props=\"{&quot;335559731&quot;:708}\">\u00a0<\/span><\/p>\n<p><span data-contrast=\"auto\">El tambi\u00e9n investigador <\/span><span data-contrast=\"auto\">apunt\u00f3<\/span> <span data-contrast=\"auto\">la difusi\u00f3n <\/span><span data-contrast=\"auto\">de la obra beethoveniana <\/span><span data-contrast=\"auto\">mediante <\/span><span data-contrast=\"auto\">los avances tecnol\u00f3gicos <\/span><span data-contrast=\"auto\">determinantes en nuestra<\/span><span data-contrast=\"auto\"> c<\/span><span data-contrast=\"auto\">ivilizaci\u00f3n<\/span><span data-contrast=\"auto\"> como la <\/span><span data-contrast=\"auto\">cine<\/span><span data-contrast=\"auto\">matograf\u00eda<\/span><span data-contrast=\"auto\">, <\/span><span data-contrast=\"auto\">el fon\u00f3grafo<\/span><span data-contrast=\"auto\"> y <\/span><span data-contrast=\"auto\">el<\/span><span data-contrast=\"auto\"> Internet<\/span><span data-contrast=\"auto\">: \u201cNunca en la historia de la h<\/span><span data-contrast=\"auto\">umanidad hab\u00eda resultado tan <\/span><span data-contrast=\"auto\">accesible el acercamiento a una obra de arte tan importante, pero tambi\u00e9n cada vez resulta m\u00e1s necesaria la gu\u00eda y la orientaci\u00f3n<\/span> <span data-contrast=\"auto\">adecuadas para la verdadera valoraci\u00f3n y apreciaci\u00f3n de su m\u00fasica<\/span><span data-contrast=\"auto\">\u201d<\/span><span data-contrast=\"auto\">.<\/span><span data-ccp-props=\"{&quot;335559731&quot;:708}\">\u00a0<\/span><\/p>\n<p><span data-contrast=\"auto\">L<\/span><span data-contrast=\"auto\">as sesiones para \u201cM\u00fasica y <\/span><span data-contrast=\"auto\">Li<\/span><span data-contrast=\"auto\">teratura\u201d se centrar<\/span><span data-contrast=\"auto\">\u00e1<\/span><span data-contrast=\"auto\">n en los aspectos m\u00e1s <\/span><span data-contrast=\"auto\">notorios en la creatividad del maestro: sus nu<\/span><span data-contrast=\"auto\">eve <\/span><span data-contrast=\"auto\">sinfon\u00edas, <\/span><span data-contrast=\"auto\">los <\/span><span data-contrast=\"auto\">16<\/span><span data-contrast=\"auto\"> cuartetos de cuerda, las <\/span><span data-contrast=\"auto\">32<\/span><span data-contrast=\"auto\"> sonatas para piano, las <\/span><span data-contrast=\"auto\">10<\/span> <span data-contrast=\"auto\">sonatas para viol\u00edn, los siete tr\u00edos de piano, viol\u00edn y v<\/span><span data-contrast=\"auto\">iolonchelo, as\u00ed como tambi\u00e9n en la <\/span><i><span data-contrast=\"auto\">Misa solemne<\/span><\/i><span data-contrast=\"auto\"> y la \u00f3pera <\/span><span data-contrast=\"auto\">\u201c<\/span><span data-contrast=\"auto\">Fidelio<\/span><span data-contrast=\"auto\">\u201d.<\/span><span data-ccp-props=\"{&quot;335559731&quot;:708}\">\u00a0<\/span><\/p>\n<p><span data-contrast=\"auto\">Se tratar\u00e1 tambi\u00e9n <\/span><span data-contrast=\"auto\">a<\/span><span data-contrast=\"auto\"> las figuras fundamentales de <\/span><span data-contrast=\"auto\">la cultura de su tiempo: <\/span><span data-contrast=\"auto\">los fil\u00f3sofos <\/span><span data-contrast=\"auto\">Diderot, Volta<\/span><span data-contrast=\"auto\">ire, Rousseau, Kant, Schelling y Hegel; escritores como <\/span><span data-contrast=\"auto\">Goethe, Schiller, Novalis,<\/span><span data-contrast=\"auto\"> H\u00f6lderlin, Lichtenberg, Tieck, <\/span><span data-contrast=\"auto\">Brentano, Von Arnim, Heine, Chateaubriand, Stendhal, E.T.A. <\/span><span data-contrast=\"auto\">Hoffmann<\/span><span data-contrast=\"auto\">, <\/span><span data-contrast=\"auto\">Keats<\/span><span data-contrast=\"auto\">,<\/span> <span data-contrast=\"auto\">Shelley, <\/span><span data-contrast=\"auto\">Wordsworth<\/span><span data-contrast=\"auto\"> y Lord Byron; personajes p\u00fablicos como Leopoldo II, Francisco I, el a<\/span><span data-contrast=\"auto\">rchiduque Rodolfo, Napole\u00f3n Bonaparte, <\/span><span data-contrast=\"auto\">el duque de Wellington y Von Humboldt<\/span><span data-contrast=\"auto\">.<\/span><span data-ccp-props=\"{&quot;335559731&quot;:708}\">\u00a0<\/span><\/p>\n<p><span data-contrast=\"auto\">Menci\u00f3n aparte le merecen <\/span><span data-contrast=\"auto\">los compositores m\u00e1s imp<\/span><span data-contrast=\"auto\">ortantes que influyeron en \u00e9l:<\/span><span data-contrast=\"auto\"> Bach, Haendel, Haydn y Mozart<\/span><span data-contrast=\"auto\">;<\/span><span data-contrast=\"auto\"> los que fueron<\/span><span data-contrast=\"auto\"> influidos poderosamente por su arte<\/span><span data-contrast=\"auto\">:<\/span> <span data-contrast=\"auto\">Schubert, Schumann, Mendelssohn, Ber<\/span><span data-contrast=\"auto\">lioz, Brahms, <\/span><span data-contrast=\"auto\">Bruckner<\/span><span data-contrast=\"auto\"> y Wagner<\/span><span data-contrast=\"auto\">.<\/span><span data-ccp-props=\"{&quot;335559731&quot;:708}\">\u00a0<\/span><\/p>\n<p><span data-contrast=\"auto\">E<\/span><span data-contrast=\"auto\">l <\/span><span data-contrast=\"auto\">periplo vital del personaje coincide con el <\/span><span data-contrast=\"auto\">tr\u00e1nsito del siglo XVIII al<\/span> <span data-contrast=\"auto\">XIX<\/span><span data-contrast=\"auto\">, un contexto en que se dieron sucesos tan importantes como el surgimiento de la <\/span><span data-contrast=\"auto\">Revoluci\u00f3n Francesa, la Independencia de E<\/span><span data-contrast=\"auto\">stados Unidos y de las colonias e<\/span><span data-contrast=\"auto\">spa\u00f1olas <\/span><span data-contrast=\"auto\">en Am\u00e9rica, la <\/span><span data-contrast=\"auto\">Declaraci\u00f3n de los Derechos del Hombre y<\/span><span data-contrast=\"auto\"> el <\/span><span data-contrast=\"auto\">inicio del <\/span><span data-contrast=\"auto\">r<\/span><span data-contrast=\"auto\">om<\/span><span data-contrast=\"auto\">anticismo<\/span><span data-contrast=\"auto\">.<\/span><span data-ccp-props=\"{&quot;335559731&quot;:708}\">\u00a0<\/span><\/p>\n<p><span data-contrast=\"auto\">Las sesiones <\/span><span data-contrast=\"auto\">ser\u00e1n de 10<\/span><span data-contrast=\"auto\">:00<\/span><span data-contrast=\"auto\"> a 12:30 horas en la sala<\/span><span data-contrast=\"auto\"> de<\/span><span data-contrast=\"auto\"> videoconferencia de la Unidad <\/span><span data-contrast=\"auto\">de Servicios Biblio<\/span><span data-contrast=\"auto\">tecarios y de Informaci\u00f3n (USBI)<\/span><span data-contrast=\"auto\">,<\/span> <span data-contrast=\"auto\">los <\/span><span data-contrast=\"auto\">mi\u00e9rcoles de febrero, marzo, abril, mayo y junio<\/span><span data-contrast=\"auto\">.<\/span> <span data-contrast=\"auto\">El inicio <\/span><span data-contrast=\"auto\">es <\/span><span data-contrast=\"auto\">este 12 de febrero, <\/span><span data-contrast=\"auto\">con acceso sin costo para todo p\u00fablico.<\/span><span data-ccp-props=\"{&quot;335559731&quot;:708}\">\u00a0<\/span><\/p>\n","protected":false},"excerpt":{"rendered":"<p>Inicia el mi\u00e9rcoles 12 de febrero, a las 10:00 horas, en la sala de videoconferencias de la USBI <\/p>\n","protected":false},"author":1508,"featured_media":80241,"comment_status":"closed","ping_status":"closed","sticky":false,"template":"","format":"standard","meta":[],"categories":[47,61],"tags":[],"_links":{"self":[{"href":"https:\/\/www.uv.mx\/prensa\/wp-json\/wp\/v2\/posts\/80239"}],"collection":[{"href":"https:\/\/www.uv.mx\/prensa\/wp-json\/wp\/v2\/posts"}],"about":[{"href":"https:\/\/www.uv.mx\/prensa\/wp-json\/wp\/v2\/types\/post"}],"author":[{"embeddable":true,"href":"https:\/\/www.uv.mx\/prensa\/wp-json\/wp\/v2\/users\/1508"}],"replies":[{"embeddable":true,"href":"https:\/\/www.uv.mx\/prensa\/wp-json\/wp\/v2\/comments?post=80239"}],"version-history":[{"count":0,"href":"https:\/\/www.uv.mx\/prensa\/wp-json\/wp\/v2\/posts\/80239\/revisions"}],"wp:featuredmedia":[{"embeddable":true,"href":"https:\/\/www.uv.mx\/prensa\/wp-json\/wp\/v2\/media\/80241"}],"wp:attachment":[{"href":"https:\/\/www.uv.mx\/prensa\/wp-json\/wp\/v2\/media?parent=80239"}],"wp:term":[{"taxonomy":"category","embeddable":true,"href":"https:\/\/www.uv.mx\/prensa\/wp-json\/wp\/v2\/categories?post=80239"},{"taxonomy":"post_tag","embeddable":true,"href":"https:\/\/www.uv.mx\/prensa\/wp-json\/wp\/v2\/tags?post=80239"}],"curies":[{"name":"wp","href":"https:\/\/api.w.org\/{rel}","templated":true}]}}