{"id":80231,"date":"2020-02-10T15:53:54","date_gmt":"2020-02-10T21:53:54","guid":{"rendered":"https:\/\/www.uv.mx\/prensa\/?p=80231"},"modified":"2020-02-12T11:41:11","modified_gmt":"2020-02-12T17:41:11","slug":"doctorado-en-innovacion-en-educacion-superior-iniciara-en-agosto","status":"publish","type":"post","link":"https:\/\/www.uv.mx\/prensa\/banner\/doctorado-en-innovacion-en-educacion-superior-iniciara-en-agosto\/","title":{"rendered":"Doctorado en Innovaci\u00f3n en Educaci\u00f3n Superior iniciar\u00e1 en agosto"},"content":{"rendered":"<ul>\n<li data-leveltext=\"\uf0b7\" data-font=\"Symbol\" data-listid=\"1\" data-aria-posinset=\"1\" data-aria-level=\"1\"><i><span data-contrast=\"auto\">Efectuar\u00e1 la 1\u00aa Jornada de Innovaci\u00f3n en Educaci\u00f3n Superior<\/span><\/i><i><span data-contrast=\"auto\">,<\/span><\/i><i><span data-contrast=\"auto\"> el viernes 14 de febrero en el Taller 3 del Campus Sur<\/span><\/i><span data-ccp-props=\"{&quot;134233279&quot;:true}\">\u00a0<\/span><\/li>\n<\/ul>\n<div id=\"attachment_80233\" style=\"width: 732px\" class=\"wp-caption aligncenter\"><a href=\"https:\/\/www.uv.mx\/prensa\/files\/2020\/02\/100220-doctorado-en-innovacion.jpg\"><img loading=\"lazy\" decoding=\"async\" aria-describedby=\"caption-attachment-80233\" class=\"size-full wp-image-80233\" src=\"https:\/\/www.uv.mx\/prensa\/files\/2020\/02\/100220-doctorado-en-innovacion.jpg\" alt=\"\" width=\"722\" height=\"481\" srcset=\"https:\/\/www.uv.mx\/prensa\/files\/2020\/02\/100220-doctorado-en-innovacion.jpg 722w, https:\/\/www.uv.mx\/prensa\/files\/2020\/02\/100220-doctorado-en-innovacion-300x200.jpg 300w\" sizes=\"auto, (max-width: 722px) 100vw, 722px\" \/><\/a><p id=\"caption-attachment-80233\" class=\"wp-caption-text\">Miguel \u00c1ngel Casillas, acad\u00e9mico del Doctorado en Innovaci\u00f3n en Educaci\u00f3n Superior, invit\u00f3 a consultar la convocatoria en su sitio oficial<\/p><\/div>\n<p><b><i><span data-contrast=\"auto\">David Sandoval Rodr\u00edguez<\/span><\/i><\/b><span data-ccp-props=\"{}\">\u00a0<\/span><\/p>\n<p><b><i><span data-contrast=\"auto\">10\/02\/20<\/span><\/i><\/b><b><i><span data-contrast=\"auto\">20,<\/span><\/i><\/b><b><i><span data-contrast=\"auto\"> Xalapa, <\/span><\/i><\/b><b><i><span data-contrast=\"auto\">Ver.-<\/span><\/i><\/b><span data-contrast=\"auto\"> En la pr\u00f3xima convocatoria para estudios de posgrado<\/span><span data-contrast=\"auto\">, <\/span><span data-contrast=\"auto\">la Universidad Veracruzana (UV) ofrecer\u00e1 por primera vez el <\/span><a href=\"https:\/\/www.uv.mx\/deies\/\"><span data-contrast=\"none\">Doctorado en Innovaci\u00f3n en Educaci\u00f3n Superior<\/span><\/a><span data-contrast=\"auto\"> que se impartir\u00e1 en el <\/span><a href=\"https:\/\/www.uv.mx\/ciies\/\" target=\"_blank\" rel=\"noopener noreferrer\"><span data-contrast=\"auto\">Centro de Investigaci\u00f3n e Innovaci\u00f3<\/span><\/a><span data-contrast=\"auto\">n en Educaci\u00f3n Superior (CIIES)<\/span><span data-contrast=\"auto\">.<\/span><span data-ccp-props=\"{}\">\u00a0<\/span><\/p>\n<p><span data-contrast=\"auto\">El prop\u00f3sito <\/span><span data-contrast=\"auto\">es <\/span><span data-contrast=\"auto\">formar acad\u00e9micos capaces de incidir en el dise\u00f1o de pol\u00edticas educativas fundamentadas en diagn\u00f3sticos, en conocimientos y en indicadores, <\/span><span data-contrast=\"auto\">y generen <\/span><span data-contrast=\"auto\">informaci\u00f3n seria que permita tomar decisiones racionales en las instituciones<\/span><span data-contrast=\"auto\">, explic\u00f3 <\/span><span data-contrast=\"auto\">Miguel \u00c1ngel Casillas Alvarado, acad\u00e9mico del <\/span><span data-contrast=\"auto\">CIIES y miembro del <\/span><span data-contrast=\"auto\">n<\/span><span data-contrast=\"auto\">\u00facleo <\/span><span data-contrast=\"auto\">a<\/span><span data-contrast=\"auto\">cad\u00e9mico <\/span><span data-contrast=\"auto\">b<\/span><span data-contrast=\"auto\">\u00e1sico de dicho posgrado.<\/span><span data-ccp-props=\"{}\">\u00a0<\/span><\/p>\n<p><span data-contrast=\"auto\">\u201cLas universidades necesitan cambiar y desarrollar <\/span><span data-contrast=\"auto\">procesos de innovaci\u00f3n;<\/span><span data-contrast=\"auto\"> nuestro doctorado tiene ese prop\u00f3sito, que abarca fundar y apoyar tales procesos con<\/span><span data-contrast=\"auto\"> acad\u00e9micos <\/span><span data-contrast=\"auto\">expertos en el tema del cambio en educaci\u00f3n superior\u201d, se\u00f1al\u00f3 al <\/span><span data-contrast=\"auto\">expresar que en numerosas instituciones de educaci\u00f3n superior se toman decisiones sin conocimiento fundado y por lo tanto los resultados son inciertos, no se realizan evaluaciones y por ende no se resuelven los problemas prioritarios.<\/span><span data-ccp-props=\"{&quot;335559731&quot;:708}\">\u00a0<\/span><\/p>\n<p><span data-contrast=\"auto\">\u201cTenemos que cambiar e innovar en la educaci\u00f3n superior para adecuarnos a los nuevos tiempos y a las nuevas demandas sociales<\/span><span data-contrast=\"auto\">, as\u00ed como<\/span> <span data-contrast=\"auto\">a<\/span><span data-contrast=\"auto\"> las nuevas cond<\/span><span data-contrast=\"auto\">iciones que poseen los alumnos.\u201d<\/span><span data-ccp-props=\"{&quot;335559731&quot;:708}\">\u00a0<\/span><\/p>\n<p><span data-contrast=\"auto\">El doctorado e<\/span><span data-contrast=\"auto\">st\u00e1 compuesto por dos L\u00edneas Generales de Aplicaci\u00f3n del Conocimiento: \u201cProcesos institucionales, pol\u00edticas educativas y sociales\u201d y \u201c<\/span><span data-contrast=\"auto\">TIC y educaci\u00f3n<\/span><span data-contrast=\"auto\">\u201d, en referencia a las Tecnolog\u00edas de Informaci\u00f3n y Comunicaci\u00f3n (TIC).<\/span><span data-ccp-props=\"{}\">\u00a0<\/span><\/p>\n<p><span data-contrast=\"auto\">Su n\u00facleo acad\u00e9mico lo integran especialistas en educaci\u00f3n superior<\/span><span data-contrast=\"auto\">, quienes<\/span><span data-contrast=\"auto\"> adem\u00e1s de tener experiencia de investigaci\u00f3n <\/span><span data-contrast=\"auto\">han ejercido<\/span><span data-contrast=\"auto\"> cargos de gesti\u00f3n y administraci\u00f3n tanto en la UV como e<\/span><span data-contrast=\"auto\">n otras universidades mexicanas.<\/span><span data-ccp-props=\"{&quot;335559731&quot;:708}\">\u00a0<\/span><\/p>\n<p><span data-contrast=\"auto\">\u201c<\/span><span data-contrast=\"auto\">Hacemos investigaci\u00f3n educativa para generar pol\u00edticas de cambio, de dise\u00f1o de instituciones, de procesos de cambio institucional<\/span><span data-contrast=\"auto\">; l<\/span><span data-contrast=\"auto\">a idea es que e<\/span><span data-contrast=\"auto\">l conocimiento cient\u00edfico pueda coadyuvar al dise\u00f1o de las <\/span><span data-contrast=\"auto\">pol\u00edticas en educaci\u00f3n superior<\/span><span data-contrast=\"auto\"> y por ello n<\/span><span data-contrast=\"auto\">o es un doctorado donde se imparta ense\u00f1anza t\u00e9cnica para elaborar cursos en l\u00ednea<\/span><span data-contrast=\"auto\"> o recursos educativos virtuales\u201d, precis\u00f3 Casillas Alvarado.<\/span><span data-ccp-props=\"{&quot;335559731&quot;:708}\">\u00a0<\/span><\/p>\n<p><span data-contrast=\"auto\">Para iniciar actividades formales del posgrado, el pr\u00f3ximo <\/span><span data-contrast=\"auto\">14 de febrero en el aula Taller 3 del Sistema de Ense\u00f1anza Abierta, <\/span><span data-contrast=\"auto\">con sede en<\/span><span data-contrast=\"auto\"> el tercer p<\/span><span data-contrast=\"auto\">iso del edificio del Campus Sur, realizar\u00e1n la <\/span><span data-contrast=\"auto\">1\u00aa Jornada de Innovaci\u00f3n en Educaci\u00f3n Superior<\/span><span data-contrast=\"auto\">.<\/span><span data-ccp-props=\"{}\">\u00a0<\/span><\/p>\n<p><span data-contrast=\"auto\">El<\/span><span data-contrast=\"auto\"> evento contar\u00e1 con la presencia de integrantes del <\/span><span data-contrast=\"auto\">n<\/span><span data-contrast=\"auto\">\u00facleo <\/span><span data-contrast=\"auto\">a<\/span><span data-contrast=\"auto\">cad\u00e9mico <\/span><span data-contrast=\"auto\">b<\/span><span data-contrast=\"auto\">\u00e1sico<\/span><span data-contrast=\"auto\">,<\/span><span data-contrast=\"auto\"> as\u00ed como investigadores y especialistas de la Universidad de Guadalajara Virtual y la Universidad Aut\u00f3noma Metropolitana.<\/span><span data-ccp-props=\"{&quot;335559731&quot;:708}\">\u00a0<\/span><\/p>\n<p><span data-contrast=\"auto\">\u201cNos interesa que el doctorado pueda ser un espacio de formaci\u00f3n para nuestros colegas de la Universidad, de otras universidades y otras instituciones como la Escuela Normal, la Universidad Pedag\u00f3gica Nacional o la Univ<\/span><span data-contrast=\"auto\">ersidad Pedag\u00f3gica Veracruzana <\/span><span data-contrast=\"auto\">porque estamos muy abiertos a recibir estudiantes de distintos lugares, no es exclusivo para la comunidad UV\u201d, apunt\u00f3.<\/span><span data-ccp-props=\"{&quot;335559731&quot;:708}\">\u00a0<\/span><\/p>\n<p><span data-contrast=\"auto\">Existe inter\u00e9s de acad\u00e9micos de Per\u00fa y Costa Rica por <\/span><span data-contrast=\"auto\">cursar el <\/span><span data-contrast=\"auto\">posgrado<\/span><span data-contrast=\"auto\">; <\/span><span data-contrast=\"auto\">en este sentido<\/span><span data-contrast=\"auto\">,<\/span><span data-contrast=\"auto\"> el perfil de ingreso acepta a egresados de maestr\u00eda en cualquier \u00e1rea del conocimiento y tiene el inter\u00e9s de formar acad\u00e9micos desde una perspectiva interdisciplinaria.<\/span><span data-ccp-props=\"{}\">\u00a0<\/span><\/p>\n<p><span data-contrast=\"auto\">\u201cNosotr<\/span><span data-contrast=\"auto\">os mismos, como profesores del n<\/span><span data-contrast=\"auto\">\u00facleo, provenimos de diversas \u00e1reas del conocimiento<\/span><span data-contrast=\"auto\">;<\/span><span data-contrast=\"auto\"> entonces<\/span><span data-contrast=\"auto\">,<\/span><span data-contrast=\"auto\"> no es un doctorado exclusivo orientado en el \u00e1rea de educaci\u00f3n, estamos interesados en ser una oportunidad de formaci\u00f3n propia de la UV y capaz de entender la diversidad d<\/span><span data-contrast=\"auto\">isciplinaria de la instituci\u00f3n.\u201d<\/span><span data-ccp-props=\"{&quot;335559731&quot;:708}\">\u00a0<\/span><\/p>\n<p><span data-contrast=\"auto\">Uno de los retos que enfrenta la educaci\u00f3n superior es i<\/span><span data-contrast=\"auto\">ncrementar su cobertura, agreg\u00f3;<\/span><span data-contrast=\"auto\"> \u201cp<\/span><span data-contrast=\"auto\">or ejemplo, la pol\u00edtica educativa actual, desde la Constituci\u00f3n, donde la define el Art\u00edculo <\/span><span data-contrast=\"auto\">3<\/span><span data-contrast=\"auto\">, dice que tiene que haber educaci\u00f3n superior para todos los ciudadanos que la demanden. El reto en Veracruz es, m\u00e1s o menos, duplicar el total de la matr\u00edcula para llegar a los est\u00e1ndares nacionales<\/span><span data-contrast=\"auto\">.<\/span> <span data-contrast=\"auto\">\u00bfC\u00f3mo lo vamos a hacer? \u00bfCon las mismas pr\u00e1cticas tradicionales? No, necesitamos <\/span><span data-contrast=\"auto\">inventar cosas nuevas para enfrentar estos desaf\u00edos, hacer innovaci\u00f3n para complementar la formaci\u00f3n de los alumnos, entre lo presencial y lo virtual, ampliando con eso las oportunidades de estudio para los j\u00f3venes en Veracruz<\/span><span data-contrast=\"auto\">\u201d.<\/span><span data-ccp-props=\"{&quot;335559731&quot;:708}\">\u00a0<\/span><\/p>\n<p><span data-contrast=\"auto\">Casillas Alvarado recalc\u00f3 que l<\/span><span data-contrast=\"auto\">a idea de la innovaci\u00f3n es <\/span><span data-contrast=\"auto\">proponer<\/span><span data-contrast=\"auto\"> soluciones que no se hab\u00edan explorado, buscar alternativas nuevas que no se hab\u00edan llevado a la pr\u00e1ctica porque los problemas son nuevos.<\/span><span data-ccp-props=\"{&quot;335559731&quot;:708}\">\u00a0<\/span><\/p>\n<p><span data-contrast=\"auto\">\u201c<\/span><span data-contrast=\"auto\">Necesitamos desarrollar nuevos procesos de organizaci\u00f3n, de capacitaci\u00f3n para el profesorado, para los funcionarios, para los trabajadores administrativos<\/span><span data-contrast=\"auto\">, para organizar una transici\u00f3n tecnol\u00f3gica inclusiva, no excluyente, que nos permita a t<\/span><span data-contrast=\"auto\">odos participar de este proceso, esto es un cambio de perspectiva que debemos generar<\/span><span data-contrast=\"auto\">\u201d, afirm\u00f3 el acad\u00e9mico de la UV.<\/span><span data-ccp-props=\"{&quot;335559731&quot;:708}\">\u00a0<\/span><\/p>\n<p><span data-contrast=\"auto\">La informaci\u00f3n <\/span><span data-contrast=\"auto\">sobre los requisitos de ingreso<\/span><span data-contrast=\"auto\"> y las l\u00edneas de investigaci\u00f3n<\/span>\u00a0se puede consultar<span data-contrast=\"auto\">en <\/span><a href=\"https:\/\/www.uv.mx\/deies\/\" target=\"_blank\" rel=\"noopener noreferrer\"><span data-contrast=\"none\">www.uv.mx\/de<\/span><span data-contrast=\"none\">i<\/span><span data-contrast=\"none\">es\/.<\/span><\/a><\/p>\n","protected":false},"excerpt":{"rendered":"<p><span data-contrast=\"auto\">La informaci\u00f3n <\/span><span data-contrast=\"auto\">sobre los requisitos de ingreso<\/span><span data-contrast=\"auto\"> y las l\u00edneas de investigaci\u00f3n<\/span> se puede consultar<span data-contrast=\"auto\">en <\/span><a href=\"https:\/\/www.uv.mx\/deies\/\" target=\"_blank\" rel=\"noopener noreferrer\"><span data-contrast=\"none\">www.uv.mx\/de<\/span><span data-contrast=\"none\">i<\/span><span data-contrast=\"none\">es\/<\/span><\/a><\/p>\n","protected":false},"author":1508,"featured_media":80232,"comment_status":"closed","ping_status":"closed","sticky":false,"template":"","format":"standard","meta":{"footnotes":""},"categories":[61],"tags":[],"class_list":["post-80231","post","type-post","status-publish","format-standard","has-post-thumbnail","hentry","category-banner"],"_links":{"self":[{"href":"https:\/\/www.uv.mx\/prensa\/wp-json\/wp\/v2\/posts\/80231","targetHints":{"allow":["GET"]}}],"collection":[{"href":"https:\/\/www.uv.mx\/prensa\/wp-json\/wp\/v2\/posts"}],"about":[{"href":"https:\/\/www.uv.mx\/prensa\/wp-json\/wp\/v2\/types\/post"}],"author":[{"embeddable":true,"href":"https:\/\/www.uv.mx\/prensa\/wp-json\/wp\/v2\/users\/1508"}],"replies":[{"embeddable":true,"href":"https:\/\/www.uv.mx\/prensa\/wp-json\/wp\/v2\/comments?post=80231"}],"version-history":[{"count":0,"href":"https:\/\/www.uv.mx\/prensa\/wp-json\/wp\/v2\/posts\/80231\/revisions"}],"wp:featuredmedia":[{"embeddable":true,"href":"https:\/\/www.uv.mx\/prensa\/wp-json\/wp\/v2\/media\/80232"}],"wp:attachment":[{"href":"https:\/\/www.uv.mx\/prensa\/wp-json\/wp\/v2\/media?parent=80231"}],"wp:term":[{"taxonomy":"category","embeddable":true,"href":"https:\/\/www.uv.mx\/prensa\/wp-json\/wp\/v2\/categories?post=80231"},{"taxonomy":"post_tag","embeddable":true,"href":"https:\/\/www.uv.mx\/prensa\/wp-json\/wp\/v2\/tags?post=80231"}],"curies":[{"name":"wp","href":"https:\/\/api.w.org\/{rel}","templated":true}]}}